{"id":10188,"date":"2023-11-20T18:11:02","date_gmt":"2023-11-20T17:11:02","guid":{"rendered":"https:\/\/cheminsplestinais.dcea.fr\/?p=10188"},"modified":"2024-07-25T06:53:45","modified_gmt":"2024-07-25T05:53:45","slug":"les-chantiers-de-la-rentree","status":"publish","type":"post","link":"https:\/\/cheminsplestinais.dcea.fr\/?p=10188","title":{"rendered":"Les chantiers de la rentr\u00e9e"},"content":{"rendered":"\n<h2 class=\"wp-block-heading\">Site de Locrenan<\/h2>\n\n\n\n<p>Le chantier de ce nouveau tron\u00e7on, d\u00e9marr\u00e9 en d\u00e9but d\u2019ann\u00e9e, a demand\u00e9 un travail cons\u00e9quent de d\u00e9broussaillage (cf. article pr\u00e9c\u00e9dent). Il entre d\u00e9sormais dans sa phase de finition (dra\u00eenage, pose de remblai) destin\u00e9e \u00e0 le rendre accessible aux randonneurs.<\/p>\n\n\n\n<figure class=\"wp-block-gallery has-nested-images columns-default is-cropped wp-block-gallery-1 is-layout-flex wp-block-gallery-is-layout-flex\">\n<figure class=\"wp-block-image size-large\"><a href=\"https:\/\/cheminsplestinais.dcea.fr\/wp-content\/uploads\/2023\/11\/01.jpg\"><img loading=\"lazy\" decoding=\"async\" width=\"768\" height=\"1024\" data-id=\"10285\" src=\"https:\/\/cheminsplestinais.dcea.fr\/wp-content\/uploads\/2023\/11\/01-768x1024.jpg\" alt=\"\" class=\"wp-image-10285\" srcset=\"https:\/\/cheminsplestinais.dcea.fr\/wp-content\/uploads\/2023\/11\/01-768x1024.jpg 768w, https:\/\/cheminsplestinais.dcea.fr\/wp-content\/uploads\/2023\/11\/01-225x300.jpg 225w, https:\/\/cheminsplestinais.dcea.fr\/wp-content\/uploads\/2023\/11\/01.jpg 968w\" sizes=\"(max-width: 768px) 100vw, 768px\" \/><\/a><figcaption class=\"wp-element-caption\">Dans le dur d\u00e8s la rentr\u00e9e de septembre&nbsp;! Les services municipaux nous ont d\u00e9pos\u00e9 une belle remorque de remblai, histoire de remettre rapidement dans l\u2019ambiance \u00ab&nbsp;chemins plestinais&nbsp;\u00bb ceux qui auraient encore la t\u00eate&nbsp;en vacances&nbsp;!<\/figcaption><\/figure>\n\n\n\n<figure class=\"wp-block-image size-large\"><a href=\"https:\/\/cheminsplestinais.dcea.fr\/wp-content\/uploads\/2023\/11\/02.jpg\"><img loading=\"lazy\" decoding=\"async\" width=\"768\" height=\"1024\" data-id=\"10286\" src=\"https:\/\/cheminsplestinais.dcea.fr\/wp-content\/uploads\/2023\/11\/02-768x1024.jpg\" alt=\"\" class=\"wp-image-10286\" srcset=\"https:\/\/cheminsplestinais.dcea.fr\/wp-content\/uploads\/2023\/11\/02-768x1024.jpg 768w, https:\/\/cheminsplestinais.dcea.fr\/wp-content\/uploads\/2023\/11\/02-225x300.jpg 225w, https:\/\/cheminsplestinais.dcea.fr\/wp-content\/uploads\/2023\/11\/02.jpg 1000w\" sizes=\"(max-width: 768px) 100vw, 768px\" \/><\/a><figcaption class=\"wp-element-caption\">Pas de quoi impressionner une \u00e9quipe bien d\u00e9cid\u00e9e, pr\u00eate \u00e0 appr\u00e9hender cette rentr\u00e9e \u00ab&nbsp;\u00e0 bras-le-corps&nbsp;\u00bb\u2026<\/figcaption><\/figure>\n<\/figure>\n\n\n\n<figure class=\"wp-block-gallery has-nested-images columns-default is-cropped wp-block-gallery-2 is-layout-flex wp-block-gallery-is-layout-flex\">\n<figure class=\"wp-block-image size-large\"><a href=\"https:\/\/cheminsplestinais.dcea.fr\/wp-content\/uploads\/2023\/11\/03.jpg\"><img loading=\"lazy\" decoding=\"async\" width=\"768\" height=\"1024\" data-id=\"10287\" src=\"https:\/\/cheminsplestinais.dcea.fr\/wp-content\/uploads\/2023\/11\/03-768x1024.jpg\" alt=\"\" class=\"wp-image-10287\" srcset=\"https:\/\/cheminsplestinais.dcea.fr\/wp-content\/uploads\/2023\/11\/03-768x1024.jpg 768w, https:\/\/cheminsplestinais.dcea.fr\/wp-content\/uploads\/2023\/11\/03-225x300.jpg 225w, https:\/\/cheminsplestinais.dcea.fr\/wp-content\/uploads\/2023\/11\/03.jpg 1000w\" sizes=\"(max-width: 768px) 100vw, 768px\" \/><\/a><figcaption class=\"wp-element-caption\">Claude et Anne ne m\u00e9nagent pas leurs efforts pour alimenter les brouettes des \u00ab&nbsp;transporteurs&nbsp;\u00bb.&nbsp; <\/figcaption><\/figure>\n\n\n\n<figure class=\"wp-block-image size-large\"><a href=\"https:\/\/cheminsplestinais.dcea.fr\/wp-content\/uploads\/2023\/11\/04.jpg\"><img loading=\"lazy\" decoding=\"async\" width=\"1000\" height=\"564\" data-id=\"10288\" src=\"https:\/\/cheminsplestinais.dcea.fr\/wp-content\/uploads\/2023\/11\/04.jpg\" alt=\"\" class=\"wp-image-10288\" srcset=\"https:\/\/cheminsplestinais.dcea.fr\/wp-content\/uploads\/2023\/11\/04.jpg 1000w, https:\/\/cheminsplestinais.dcea.fr\/wp-content\/uploads\/2023\/11\/04-300x169.jpg 300w, https:\/\/cheminsplestinais.dcea.fr\/wp-content\/uploads\/2023\/11\/04-768x433.jpg 768w\" sizes=\"(max-width: 1000px) 100vw, 1000px\" \/><\/a><figcaption class=\"wp-element-caption\">Les pierres serviront de drains dans les zones o\u00f9 l\u2019eau stagne en hiver.<\/figcaption><\/figure>\n<\/figure>\n\n\n\n<figure class=\"wp-block-image size-large\"><a href=\"https:\/\/cheminsplestinais.dcea.fr\/wp-content\/uploads\/2023\/11\/05.jpg\"><img loading=\"lazy\" decoding=\"async\" width=\"1000\" height=\"564\" src=\"https:\/\/cheminsplestinais.dcea.fr\/wp-content\/uploads\/2023\/11\/05.jpg\" alt=\"\" class=\"wp-image-10289\" srcset=\"https:\/\/cheminsplestinais.dcea.fr\/wp-content\/uploads\/2023\/11\/05.jpg 1000w, https:\/\/cheminsplestinais.dcea.fr\/wp-content\/uploads\/2023\/11\/05-300x169.jpg 300w, https:\/\/cheminsplestinais.dcea.fr\/wp-content\/uploads\/2023\/11\/05-768x433.jpg 768w\" sizes=\"(max-width: 1000px) 100vw, 1000px\" \/><\/a><figcaption class=\"wp-element-caption\">Daniel et Thomas r\u00e9alisent la pose dans la bonne humeur.<\/figcaption><\/figure>\n\n\n\n<figure class=\"wp-block-image size-large\"><a href=\"https:\/\/cheminsplestinais.dcea.fr\/wp-content\/uploads\/2023\/11\/06.jpg\"><img loading=\"lazy\" decoding=\"async\" width=\"1000\" height=\"564\" src=\"https:\/\/cheminsplestinais.dcea.fr\/wp-content\/uploads\/2023\/11\/06.jpg\" alt=\"\" class=\"wp-image-10290\" srcset=\"https:\/\/cheminsplestinais.dcea.fr\/wp-content\/uploads\/2023\/11\/06.jpg 1000w, https:\/\/cheminsplestinais.dcea.fr\/wp-content\/uploads\/2023\/11\/06-300x169.jpg 300w, https:\/\/cheminsplestinais.dcea.fr\/wp-content\/uploads\/2023\/11\/06-768x433.jpg 768w\" sizes=\"(max-width: 1000px) 100vw, 1000px\" \/><\/a><figcaption class=\"wp-element-caption\">Nos formatrices expliquent \u00e0 un jeune stagiaire l\u2019art et la mani\u00e8re de se servir  convenablement d\u2019une pelle. Visiblement, ce n\u2019est pas gagn\u00e9&nbsp;!! Anne et Alain, qui observent la sc\u00e8ne, sont constern\u00e9s\u2026<\/figcaption><\/figure>\n\n\n\n<figure class=\"wp-block-image size-large\"><a href=\"https:\/\/cheminsplestinais.dcea.fr\/wp-content\/uploads\/2023\/11\/07.jpg\"><img loading=\"lazy\" decoding=\"async\" width=\"1000\" height=\"564\" src=\"https:\/\/cheminsplestinais.dcea.fr\/wp-content\/uploads\/2023\/11\/07.jpg\" alt=\"\" class=\"wp-image-10291\" srcset=\"https:\/\/cheminsplestinais.dcea.fr\/wp-content\/uploads\/2023\/11\/07.jpg 1000w, https:\/\/cheminsplestinais.dcea.fr\/wp-content\/uploads\/2023\/11\/07-300x169.jpg 300w, https:\/\/cheminsplestinais.dcea.fr\/wp-content\/uploads\/2023\/11\/07-768x433.jpg 768w\" sizes=\"(max-width: 1000px) 100vw, 1000px\" \/><\/a><figcaption class=\"wp-element-caption\">Le premier chargement a \u00e9t\u00e9 \u00e9vacu\u00e9 rapidement. Il ne reste que ce petit caillou\u2026<\/figcaption><\/figure>\n\n\n\n<figure class=\"wp-block-gallery has-nested-images columns-default is-cropped wp-block-gallery-3 is-layout-flex wp-block-gallery-is-layout-flex\">\n<figure class=\"wp-block-image size-large\"><a href=\"https:\/\/cheminsplestinais.dcea.fr\/wp-content\/uploads\/2023\/11\/08.jpg\"><img loading=\"lazy\" decoding=\"async\" width=\"768\" height=\"1024\" data-id=\"10292\" src=\"https:\/\/cheminsplestinais.dcea.fr\/wp-content\/uploads\/2023\/11\/08-768x1024.jpg\" alt=\"\" class=\"wp-image-10292\" srcset=\"https:\/\/cheminsplestinais.dcea.fr\/wp-content\/uploads\/2023\/11\/08-768x1024.jpg 768w, https:\/\/cheminsplestinais.dcea.fr\/wp-content\/uploads\/2023\/11\/08-225x300.jpg 225w, https:\/\/cheminsplestinais.dcea.fr\/wp-content\/uploads\/2023\/11\/08.jpg 825w\" sizes=\"(max-width: 768px) 100vw, 768px\" \/><\/a><figcaption class=\"wp-element-caption\">Christopher, l\u2019une de nos nouvelles recrues, s\u2019est rapidement mis dans le bain.<\/figcaption><\/figure>\n\n\n\n<figure class=\"wp-block-image size-large\"><a href=\"https:\/\/cheminsplestinais.dcea.fr\/wp-content\/uploads\/2023\/11\/09.jpg\"><img loading=\"lazy\" decoding=\"async\" width=\"768\" height=\"1024\" data-id=\"10293\" src=\"https:\/\/cheminsplestinais.dcea.fr\/wp-content\/uploads\/2023\/11\/09-768x1024.jpg\" alt=\"\" class=\"wp-image-10293\" srcset=\"https:\/\/cheminsplestinais.dcea.fr\/wp-content\/uploads\/2023\/11\/09-768x1024.jpg 768w, https:\/\/cheminsplestinais.dcea.fr\/wp-content\/uploads\/2023\/11\/09-225x300.jpg 225w, https:\/\/cheminsplestinais.dcea.fr\/wp-content\/uploads\/2023\/11\/09.jpg 1000w\" sizes=\"(max-width: 768px) 100vw, 768px\" \/><\/a><figcaption class=\"wp-element-caption\">Puis les services municipaux nous ont livr\u00e9 du remblai fin\u2026 <\/figcaption><\/figure>\n<\/figure>\n\n\n\n<p><\/p>\n\n\n\n<figure class=\"wp-block-gallery has-nested-images columns-default is-cropped wp-block-gallery-4 is-layout-flex wp-block-gallery-is-layout-flex\">\n<figure class=\"wp-block-image size-large\"><a href=\"https:\/\/cheminsplestinais.dcea.fr\/wp-content\/uploads\/2023\/11\/10.jpg\"><img loading=\"lazy\" decoding=\"async\" width=\"768\" height=\"1024\" data-id=\"10294\" src=\"https:\/\/cheminsplestinais.dcea.fr\/wp-content\/uploads\/2023\/11\/10-768x1024.jpg\" alt=\"\" class=\"wp-image-10294\" srcset=\"https:\/\/cheminsplestinais.dcea.fr\/wp-content\/uploads\/2023\/11\/10-768x1024.jpg 768w, https:\/\/cheminsplestinais.dcea.fr\/wp-content\/uploads\/2023\/11\/10-225x300.jpg 225w, https:\/\/cheminsplestinais.dcea.fr\/wp-content\/uploads\/2023\/11\/10.jpg 1100w\" sizes=\"(max-width: 768px) 100vw, 768px\" \/><\/a><figcaption class=\"wp-element-caption\">\u2026destin\u00e9 \u00e0 recouvrir les pierres, pour assurer aux randonneurs un cheminement confortable.<\/figcaption><\/figure>\n\n\n\n<figure class=\"wp-block-image size-large\"><a href=\"https:\/\/cheminsplestinais.dcea.fr\/wp-content\/uploads\/2023\/11\/11.jpg\"><img loading=\"lazy\" decoding=\"async\" width=\"768\" height=\"1024\" data-id=\"10295\" src=\"https:\/\/cheminsplestinais.dcea.fr\/wp-content\/uploads\/2023\/11\/11-768x1024.jpg\" alt=\"\" class=\"wp-image-10295\" srcset=\"https:\/\/cheminsplestinais.dcea.fr\/wp-content\/uploads\/2023\/11\/11-768x1024.jpg 768w, https:\/\/cheminsplestinais.dcea.fr\/wp-content\/uploads\/2023\/11\/11-225x300.jpg 225w, https:\/\/cheminsplestinais.dcea.fr\/wp-content\/uploads\/2023\/11\/11.jpg 1050w\" sizes=\"(max-width: 768px) 100vw, 768px\" \/><\/a><figcaption class=\"wp-element-caption\">D\u00e9j\u00e0 les premiers embouteillages sur le sentier de Locrenan<\/figcaption><\/figure>\n<\/figure>\n\n\n\n<figure class=\"wp-block-gallery has-nested-images columns-default is-cropped wp-block-gallery-5 is-layout-flex wp-block-gallery-is-layout-flex\">\n<figure class=\"wp-block-image size-large\"><a href=\"https:\/\/cheminsplestinais.dcea.fr\/wp-content\/uploads\/2023\/11\/12-scaled.jpg\"><img loading=\"lazy\" decoding=\"async\" width=\"768\" height=\"1024\" data-id=\"10296\" src=\"https:\/\/cheminsplestinais.dcea.fr\/wp-content\/uploads\/2023\/11\/12-768x1024.jpg\" alt=\"\" class=\"wp-image-10296\" srcset=\"https:\/\/cheminsplestinais.dcea.fr\/wp-content\/uploads\/2023\/11\/12-768x1024.jpg 768w, https:\/\/cheminsplestinais.dcea.fr\/wp-content\/uploads\/2023\/11\/12-225x300.jpg 225w, https:\/\/cheminsplestinais.dcea.fr\/wp-content\/uploads\/2023\/11\/12-1152x1536.jpg 1152w, https:\/\/cheminsplestinais.dcea.fr\/wp-content\/uploads\/2023\/11\/12-1536x2048.jpg 1536w, https:\/\/cheminsplestinais.dcea.fr\/wp-content\/uploads\/2023\/11\/12-scaled.jpg 1920w\" sizes=\"(max-width: 768px) 100vw, 768px\" \/><\/a><figcaption class=\"wp-element-caption\">Une des livraisons, assur\u00e9e par Bernard\u2026<\/figcaption><\/figure>\n<\/figure>\n\n\n\n<figure class=\"wp-block-gallery has-nested-images columns-default is-cropped wp-block-gallery-6 is-layout-flex wp-block-gallery-is-layout-flex\">\n<figure class=\"wp-block-image size-large\"><a href=\"https:\/\/cheminsplestinais.dcea.fr\/wp-content\/uploads\/2023\/11\/13.jpg\"><img loading=\"lazy\" decoding=\"async\" width=\"768\" height=\"1024\" data-id=\"10297\" src=\"https:\/\/cheminsplestinais.dcea.fr\/wp-content\/uploads\/2023\/11\/13-768x1024.jpg\" alt=\"\" class=\"wp-image-10297\" srcset=\"https:\/\/cheminsplestinais.dcea.fr\/wp-content\/uploads\/2023\/11\/13-768x1024.jpg 768w, https:\/\/cheminsplestinais.dcea.fr\/wp-content\/uploads\/2023\/11\/13-225x300.jpg 225w, https:\/\/cheminsplestinais.dcea.fr\/wp-content\/uploads\/2023\/11\/13.jpg 1100w\" sizes=\"(max-width: 768px) 100vw, 768px\" \/><\/a><figcaption class=\"wp-element-caption\">Laquelle est imm\u00e9diatement \u00e9tal\u00e9e par Christian <\/figcaption><\/figure>\n\n\n\n<figure class=\"wp-block-image size-large\"><a href=\"https:\/\/cheminsplestinais.dcea.fr\/wp-content\/uploads\/2023\/11\/14.jpg\"><img loading=\"lazy\" decoding=\"async\" width=\"768\" height=\"1024\" data-id=\"10379\" src=\"https:\/\/cheminsplestinais.dcea.fr\/wp-content\/uploads\/2023\/11\/14-768x1024.jpg\" alt=\"\" class=\"wp-image-10379\" srcset=\"https:\/\/cheminsplestinais.dcea.fr\/wp-content\/uploads\/2023\/11\/14-768x1024.jpg 768w, https:\/\/cheminsplestinais.dcea.fr\/wp-content\/uploads\/2023\/11\/14-225x300.jpg 225w, https:\/\/cheminsplestinais.dcea.fr\/wp-content\/uploads\/2023\/11\/14.jpg 1000w\" sizes=\"(max-width: 768px) 100vw, 768px\" \/><\/a><figcaption class=\"wp-element-caption\">et Claude, qui n\u2019ont pas leur \u00e9gal pour assurer une finition soign\u00e9e.<\/figcaption><\/figure>\n<\/figure>\n\n\n\n<figure class=\"wp-block-gallery has-nested-images columns-default is-cropped wp-block-gallery-7 is-layout-flex wp-block-gallery-is-layout-flex\">\n<figure class=\"wp-block-image size-large\"><a href=\"https:\/\/cheminsplestinais.dcea.fr\/wp-content\/uploads\/2023\/11\/15-scaled.jpg\"><img loading=\"lazy\" decoding=\"async\" width=\"768\" height=\"1024\" data-id=\"10298\" src=\"https:\/\/cheminsplestinais.dcea.fr\/wp-content\/uploads\/2023\/11\/15-768x1024.jpg\" alt=\"\" class=\"wp-image-10298\" srcset=\"https:\/\/cheminsplestinais.dcea.fr\/wp-content\/uploads\/2023\/11\/15-768x1024.jpg 768w, https:\/\/cheminsplestinais.dcea.fr\/wp-content\/uploads\/2023\/11\/15-225x300.jpg 225w, https:\/\/cheminsplestinais.dcea.fr\/wp-content\/uploads\/2023\/11\/15-1152x1536.jpg 1152w, https:\/\/cheminsplestinais.dcea.fr\/wp-content\/uploads\/2023\/11\/15-1536x2048.jpg 1536w, https:\/\/cheminsplestinais.dcea.fr\/wp-content\/uploads\/2023\/11\/15-scaled.jpg 1920w\" sizes=\"(max-width: 768px) 100vw, 768px\" \/><\/a><figcaption class=\"wp-element-caption\">Ce nouveau sentier, entre Locrenan et Poulou Du, commence \u00e0 avoir une allure sympathique.<\/figcaption><\/figure>\n\n\n\n<figure class=\"wp-block-image size-large\"><a href=\"https:\/\/cheminsplestinais.dcea.fr\/wp-content\/uploads\/2023\/11\/16-min-scaled.jpg\"><img loading=\"lazy\" decoding=\"async\" width=\"768\" height=\"1024\" data-id=\"10299\" src=\"https:\/\/cheminsplestinais.dcea.fr\/wp-content\/uploads\/2023\/11\/16-min-768x1024.jpg\" alt=\"\" class=\"wp-image-10299\" srcset=\"https:\/\/cheminsplestinais.dcea.fr\/wp-content\/uploads\/2023\/11\/16-min-768x1024.jpg 768w, https:\/\/cheminsplestinais.dcea.fr\/wp-content\/uploads\/2023\/11\/16-min-225x300.jpg 225w, https:\/\/cheminsplestinais.dcea.fr\/wp-content\/uploads\/2023\/11\/16-min-1152x1536.jpg 1152w, https:\/\/cheminsplestinais.dcea.fr\/wp-content\/uploads\/2023\/11\/16-min-1536x2048.jpg 1536w, https:\/\/cheminsplestinais.dcea.fr\/wp-content\/uploads\/2023\/11\/16-min-scaled.jpg 1920w\" sizes=\"(max-width: 768px) 100vw, 768px\" \/><\/a><figcaption class=\"wp-element-caption\">Encore un peu de patience, et les randonneurs pourront le d\u00e9couvrir.<\/figcaption><\/figure>\n<\/figure>\n\n\n\n<figure class=\"wp-block-gallery has-nested-images columns-default is-cropped wp-block-gallery-8 is-layout-flex wp-block-gallery-is-layout-flex\">\n<figure class=\"wp-block-image size-large\"><a href=\"https:\/\/cheminsplestinais.dcea.fr\/wp-content\/uploads\/2023\/11\/17.jpg\"><img loading=\"lazy\" decoding=\"async\" width=\"1000\" height=\"564\" data-id=\"10300\" src=\"https:\/\/cheminsplestinais.dcea.fr\/wp-content\/uploads\/2023\/11\/17.jpg\" alt=\"\" class=\"wp-image-10300\" srcset=\"https:\/\/cheminsplestinais.dcea.fr\/wp-content\/uploads\/2023\/11\/17.jpg 1000w, https:\/\/cheminsplestinais.dcea.fr\/wp-content\/uploads\/2023\/11\/17-300x169.jpg 300w, https:\/\/cheminsplestinais.dcea.fr\/wp-content\/uploads\/2023\/11\/17-768x433.jpg 768w\" sizes=\"(max-width: 1000px) 100vw, 1000px\" \/><\/a><figcaption class=\"wp-element-caption\">Retour au local, apr\u00e8s une matin\u00e9e bien remplie.<\/figcaption><\/figure>\n\n\n\n<figure class=\"wp-block-image size-large\"><a href=\"https:\/\/cheminsplestinais.dcea.fr\/wp-content\/uploads\/2023\/11\/18-scaled-e1700475296457.jpg\"><img loading=\"lazy\" decoding=\"async\" width=\"1024\" height=\"842\" data-id=\"10301\" src=\"https:\/\/cheminsplestinais.dcea.fr\/wp-content\/uploads\/2023\/11\/18-scaled-e1700475296457-1024x842.jpg\" alt=\"\" class=\"wp-image-10301\" srcset=\"https:\/\/cheminsplestinais.dcea.fr\/wp-content\/uploads\/2023\/11\/18-scaled-e1700475296457-1024x842.jpg 1024w, https:\/\/cheminsplestinais.dcea.fr\/wp-content\/uploads\/2023\/11\/18-scaled-e1700475296457-300x247.jpg 300w, https:\/\/cheminsplestinais.dcea.fr\/wp-content\/uploads\/2023\/11\/18-scaled-e1700475296457-768x631.jpg 768w, https:\/\/cheminsplestinais.dcea.fr\/wp-content\/uploads\/2023\/11\/18-scaled-e1700475296457-1536x1262.jpg 1536w, https:\/\/cheminsplestinais.dcea.fr\/wp-content\/uploads\/2023\/11\/18-scaled-e1700475296457.jpg 1920w\" sizes=\"(max-width: 1024px) 100vw, 1024px\" \/><\/a><figcaption class=\"wp-element-caption\">Chacun range son mat\u00e9riel. A droite sur la photo&nbsp;: Philippe, autre nouvelle recrue ayant rejoint notre association. Les Chemins Plestinais se portent d\u00e9cid\u00e9ment bien&nbsp;!<\/figcaption><\/figure>\n<\/figure>\n\n\n\n<h2 class=\"wp-block-heading\"><strong>Site du Yar<\/strong><\/h2>\n\n\n\n<p>\u00c7a y est&nbsp;! apr\u00e8s avoir re\u00e7u les autorisations n\u00e9cessaires, le projet de passerelle sur le Yar, reliant Plestin et Plufur, voit le jour. Sa construction sera l\u2019\u0153uvre conjointe des associations Chemins Plestinais et Patrimoine et Hentou Treuz, son homologue de Plufur.<\/p>\n\n\n\n<figure class=\"wp-block-image size-large\"><a href=\"https:\/\/cheminsplestinais.dcea.fr\/wp-content\/uploads\/2023\/11\/19.jpg\"><img loading=\"lazy\" decoding=\"async\" width=\"1024\" height=\"485\" src=\"https:\/\/cheminsplestinais.dcea.fr\/wp-content\/uploads\/2023\/11\/19-1024x485.jpg\" alt=\"\" class=\"wp-image-10302\" srcset=\"https:\/\/cheminsplestinais.dcea.fr\/wp-content\/uploads\/2023\/11\/19-1024x485.jpg 1024w, https:\/\/cheminsplestinais.dcea.fr\/wp-content\/uploads\/2023\/11\/19-300x142.jpg 300w, https:\/\/cheminsplestinais.dcea.fr\/wp-content\/uploads\/2023\/11\/19-768x364.jpg 768w, https:\/\/cheminsplestinais.dcea.fr\/wp-content\/uploads\/2023\/11\/19-1536x728.jpg 1536w, https:\/\/cheminsplestinais.dcea.fr\/wp-content\/uploads\/2023\/11\/19.jpg 1600w\" sizes=\"(max-width: 1024px) 100vw, 1024px\" \/><\/a><figcaption class=\"wp-element-caption\">Tout commence dans l\u2019entrep\u00f4t de LTC, \u00e0 Buhulien. Ga\u00ebl Le Fustec, conseiller en d\u00e9veloppement durable, d\u00e9signe les pi\u00e8ces destin\u00e9es \u00e0 la fabrication de la passerelle.<\/figcaption><\/figure>\n\n\n\n<figure class=\"wp-block-image size-large\"><img loading=\"lazy\" decoding=\"async\" width=\"1024\" height=\"485\" src=\"https:\/\/cheminsplestinais.dcea.fr\/wp-content\/uploads\/2023\/11\/20-1024x485.jpg\" alt=\"\" class=\"wp-image-10303\" srcset=\"https:\/\/cheminsplestinais.dcea.fr\/wp-content\/uploads\/2023\/11\/20-1024x485.jpg 1024w, https:\/\/cheminsplestinais.dcea.fr\/wp-content\/uploads\/2023\/11\/20-300x142.jpg 300w, https:\/\/cheminsplestinais.dcea.fr\/wp-content\/uploads\/2023\/11\/20-768x364.jpg 768w, https:\/\/cheminsplestinais.dcea.fr\/wp-content\/uploads\/2023\/11\/20-1536x728.jpg 1536w, https:\/\/cheminsplestinais.dcea.fr\/wp-content\/uploads\/2023\/11\/20.jpg 1600w\" sizes=\"(max-width: 1024px) 100vw, 1024px\" \/><figcaption class=\"wp-element-caption\">\u2026Lesquelles sont charg\u00e9es sur un camion, \u00e0 destination de Plufur.<\/figcaption><\/figure>\n\n\n\n<figure class=\"wp-block-gallery has-nested-images columns-default is-cropped wp-block-gallery-9 is-layout-flex wp-block-gallery-is-layout-flex\">\n<figure class=\"wp-block-image size-large\"><a href=\"https:\/\/cheminsplestinais.dcea.fr\/wp-content\/uploads\/2023\/11\/21.jpg\"><img loading=\"lazy\" decoding=\"async\" width=\"1024\" height=\"485\" data-id=\"10304\" src=\"https:\/\/cheminsplestinais.dcea.fr\/wp-content\/uploads\/2023\/11\/21-1024x485.jpg\" alt=\"\" class=\"wp-image-10304\" srcset=\"https:\/\/cheminsplestinais.dcea.fr\/wp-content\/uploads\/2023\/11\/21-1024x485.jpg 1024w, https:\/\/cheminsplestinais.dcea.fr\/wp-content\/uploads\/2023\/11\/21-300x142.jpg 300w, https:\/\/cheminsplestinais.dcea.fr\/wp-content\/uploads\/2023\/11\/21-768x364.jpg 768w, https:\/\/cheminsplestinais.dcea.fr\/wp-content\/uploads\/2023\/11\/21-1536x728.jpg 1536w, https:\/\/cheminsplestinais.dcea.fr\/wp-content\/uploads\/2023\/11\/21.jpg 1600w\" sizes=\"(max-width: 1024px) 100vw, 1024px\" \/><\/a><figcaption class=\"wp-element-caption\">Le camion ne pouvant acc\u00e9der au site du Yar, les \u00e9l\u00e9ments de la passerelle sont transf\u00e9r\u00e9s sur une remorque agricole.<\/figcaption><\/figure>\n\n\n\n<figure class=\"wp-block-image size-large\"><a href=\"https:\/\/cheminsplestinais.dcea.fr\/wp-content\/uploads\/2023\/11\/22.jpg\"><img loading=\"lazy\" decoding=\"async\" width=\"485\" height=\"1024\" data-id=\"10305\" src=\"https:\/\/cheminsplestinais.dcea.fr\/wp-content\/uploads\/2023\/11\/22-485x1024.jpg\" alt=\"\" class=\"wp-image-10305\" srcset=\"https:\/\/cheminsplestinais.dcea.fr\/wp-content\/uploads\/2023\/11\/22-485x1024.jpg 485w, https:\/\/cheminsplestinais.dcea.fr\/wp-content\/uploads\/2023\/11\/22-142x300.jpg 142w, https:\/\/cheminsplestinais.dcea.fr\/wp-content\/uploads\/2023\/11\/22-728x1536.jpg 728w, https:\/\/cheminsplestinais.dcea.fr\/wp-content\/uploads\/2023\/11\/22.jpg 758w\" sizes=\"(max-width: 485px) 100vw, 485px\" \/><\/a><figcaption class=\"wp-element-caption\">Compte-tenu des dimensions des madriers destin\u00e9s \u00e0 la base de la passerelle, leur chargement est\u2026d\u00e9licat<\/figcaption><\/figure>\n<\/figure>\n\n\n\n<figure class=\"wp-block-gallery has-nested-images columns-default is-cropped wp-block-gallery-10 is-layout-flex wp-block-gallery-is-layout-flex\">\n<figure class=\"wp-block-image size-large\"><a href=\"https:\/\/cheminsplestinais.dcea.fr\/wp-content\/uploads\/2023\/11\/23.jpg\"><img loading=\"lazy\" decoding=\"async\" width=\"1024\" height=\"768\" data-id=\"10306\" src=\"https:\/\/cheminsplestinais.dcea.fr\/wp-content\/uploads\/2023\/11\/23-1024x768.jpg\" alt=\"\" class=\"wp-image-10306\" srcset=\"https:\/\/cheminsplestinais.dcea.fr\/wp-content\/uploads\/2023\/11\/23-1024x768.jpg 1024w, https:\/\/cheminsplestinais.dcea.fr\/wp-content\/uploads\/2023\/11\/23-300x225.jpg 300w, https:\/\/cheminsplestinais.dcea.fr\/wp-content\/uploads\/2023\/11\/23-768x576.jpg 768w, https:\/\/cheminsplestinais.dcea.fr\/wp-content\/uploads\/2023\/11\/23-1536x1152.jpg 1536w, https:\/\/cheminsplestinais.dcea.fr\/wp-content\/uploads\/2023\/11\/23.jpg 1600w\" sizes=\"(max-width: 1024px) 100vw, 1024px\" \/><\/a><figcaption class=\"wp-element-caption\">Pendant ce temps, les deux \u00e9quipes de Plestin et de Plufur s\u2019activent pour parachever l\u2019assise de la passerelle.<\/figcaption><\/figure>\n\n\n\n<figure class=\"wp-block-image size-large\"><a href=\"https:\/\/cheminsplestinais.dcea.fr\/wp-content\/uploads\/2023\/11\/24.jpg\"><img loading=\"lazy\" decoding=\"async\" width=\"1024\" height=\"576\" data-id=\"10307\" src=\"https:\/\/cheminsplestinais.dcea.fr\/wp-content\/uploads\/2023\/11\/24-1024x576.jpg\" alt=\"\" class=\"wp-image-10307\" srcset=\"https:\/\/cheminsplestinais.dcea.fr\/wp-content\/uploads\/2023\/11\/24-1024x576.jpg 1024w, https:\/\/cheminsplestinais.dcea.fr\/wp-content\/uploads\/2023\/11\/24-300x169.jpg 300w, https:\/\/cheminsplestinais.dcea.fr\/wp-content\/uploads\/2023\/11\/24-768x432.jpg 768w, https:\/\/cheminsplestinais.dcea.fr\/wp-content\/uploads\/2023\/11\/24.jpg 1280w\" sizes=\"(max-width: 1024px) 100vw, 1024px\" \/><\/a><\/figure>\n<\/figure>\n\n\n\n<figure class=\"wp-block-gallery has-nested-images columns-default is-cropped wp-block-gallery-11 is-layout-flex wp-block-gallery-is-layout-flex\">\n<figure class=\"wp-block-image size-large\"><a href=\"https:\/\/cheminsplestinais.dcea.fr\/wp-content\/uploads\/2023\/11\/25.jpg\"><img loading=\"lazy\" decoding=\"async\" width=\"485\" height=\"1024\" data-id=\"10308\" src=\"https:\/\/cheminsplestinais.dcea.fr\/wp-content\/uploads\/2023\/11\/25-485x1024.jpg\" alt=\"\" class=\"wp-image-10308\" srcset=\"https:\/\/cheminsplestinais.dcea.fr\/wp-content\/uploads\/2023\/11\/25-485x1024.jpg 485w, https:\/\/cheminsplestinais.dcea.fr\/wp-content\/uploads\/2023\/11\/25-142x300.jpg 142w, https:\/\/cheminsplestinais.dcea.fr\/wp-content\/uploads\/2023\/11\/25-728x1536.jpg 728w, https:\/\/cheminsplestinais.dcea.fr\/wp-content\/uploads\/2023\/11\/25.jpg 758w\" sizes=\"(max-width: 485px) 100vw, 485px\" \/><\/a><figcaption class=\"wp-element-caption\">C\u2019est parti en direction du Yar&nbsp;! Deux contrepoids volontaires ne sont pas de trop pour maintenir le chargement, lequel d\u00e9passe \u00ab&nbsp;l\u00e9g\u00e8rement&nbsp;\u00bb des limites de la remorque&nbsp;!<\/figcaption><\/figure>\n\n\n\n<figure class=\"wp-block-image size-large\"><a href=\"https:\/\/cheminsplestinais.dcea.fr\/wp-content\/uploads\/2023\/11\/26.jpg\"><img loading=\"lazy\" decoding=\"async\" width=\"768\" height=\"1024\" data-id=\"10309\" src=\"https:\/\/cheminsplestinais.dcea.fr\/wp-content\/uploads\/2023\/11\/26-768x1024.jpg\" alt=\"\" class=\"wp-image-10309\" srcset=\"https:\/\/cheminsplestinais.dcea.fr\/wp-content\/uploads\/2023\/11\/26-768x1024.jpg 768w, https:\/\/cheminsplestinais.dcea.fr\/wp-content\/uploads\/2023\/11\/26-225x300.jpg 225w, https:\/\/cheminsplestinais.dcea.fr\/wp-content\/uploads\/2023\/11\/26-1152x1536.jpg 1152w, https:\/\/cheminsplestinais.dcea.fr\/wp-content\/uploads\/2023\/11\/26.jpg 1200w\" sizes=\"(max-width: 768px) 100vw, 768px\" \/><\/a><figcaption class=\"wp-element-caption\">Le chemin creux est juste assez large pour permettre le passage du tracteur, lequel devra s\u2019arr\u00eater \u00e0 100 m de la rivi\u00e8re.<\/figcaption><\/figure>\n<\/figure>\n\n\n\n<figure class=\"wp-block-gallery has-nested-images columns-default is-cropped wp-block-gallery-12 is-layout-flex wp-block-gallery-is-layout-flex\">\n<figure class=\"wp-block-image size-large\"><a href=\"https:\/\/cheminsplestinais.dcea.fr\/wp-content\/uploads\/2023\/11\/27.jpg\"><img loading=\"lazy\" decoding=\"async\" width=\"1024\" height=\"485\" data-id=\"10310\" src=\"https:\/\/cheminsplestinais.dcea.fr\/wp-content\/uploads\/2023\/11\/27-1024x485.jpg\" alt=\"\" class=\"wp-image-10310\" srcset=\"https:\/\/cheminsplestinais.dcea.fr\/wp-content\/uploads\/2023\/11\/27-1024x485.jpg 1024w, https:\/\/cheminsplestinais.dcea.fr\/wp-content\/uploads\/2023\/11\/27-300x142.jpg 300w, https:\/\/cheminsplestinais.dcea.fr\/wp-content\/uploads\/2023\/11\/27-768x364.jpg 768w, https:\/\/cheminsplestinais.dcea.fr\/wp-content\/uploads\/2023\/11\/27-1536x728.jpg 1536w, https:\/\/cheminsplestinais.dcea.fr\/wp-content\/uploads\/2023\/11\/27.jpg 1600w\" sizes=\"(max-width: 1024px) 100vw, 1024px\" \/><\/a><figcaption class=\"wp-element-caption\">C\u2019est donc \u00e0 la force des bras que le chargement atteindra sa destination finale&nbsp;!<\/figcaption><\/figure>\n\n\n\n<figure class=\"wp-block-image size-large\"><a href=\"https:\/\/cheminsplestinais.dcea.fr\/wp-content\/uploads\/2023\/11\/28.jpg\"><img loading=\"lazy\" decoding=\"async\" width=\"485\" height=\"1024\" data-id=\"10311\" src=\"https:\/\/cheminsplestinais.dcea.fr\/wp-content\/uploads\/2023\/11\/28-485x1024.jpg\" alt=\"\" class=\"wp-image-10311\" srcset=\"https:\/\/cheminsplestinais.dcea.fr\/wp-content\/uploads\/2023\/11\/28-485x1024.jpg 485w, https:\/\/cheminsplestinais.dcea.fr\/wp-content\/uploads\/2023\/11\/28-142x300.jpg 142w, https:\/\/cheminsplestinais.dcea.fr\/wp-content\/uploads\/2023\/11\/28-728x1536.jpg 728w, https:\/\/cheminsplestinais.dcea.fr\/wp-content\/uploads\/2023\/11\/28.jpg 758w\" sizes=\"(max-width: 485px) 100vw, 485px\" \/><\/a><figcaption class=\"wp-element-caption\">Les madriers sont positionn\u00e9s sur leur assise.<\/figcaption><\/figure>\n<\/figure>\n\n\n\n<figure class=\"wp-block-gallery has-nested-images columns-default is-cropped wp-block-gallery-13 is-layout-flex wp-block-gallery-is-layout-flex\">\n<figure class=\"wp-block-image size-large\"><a href=\"https:\/\/cheminsplestinais.dcea.fr\/wp-content\/uploads\/2023\/11\/29.jpg\"><img loading=\"lazy\" decoding=\"async\" width=\"1024\" height=\"485\" data-id=\"10312\" src=\"https:\/\/cheminsplestinais.dcea.fr\/wp-content\/uploads\/2023\/11\/29-1024x485.jpg\" alt=\"\" class=\"wp-image-10312\" srcset=\"https:\/\/cheminsplestinais.dcea.fr\/wp-content\/uploads\/2023\/11\/29-1024x485.jpg 1024w, https:\/\/cheminsplestinais.dcea.fr\/wp-content\/uploads\/2023\/11\/29-300x142.jpg 300w, https:\/\/cheminsplestinais.dcea.fr\/wp-content\/uploads\/2023\/11\/29-768x364.jpg 768w, https:\/\/cheminsplestinais.dcea.fr\/wp-content\/uploads\/2023\/11\/29-1536x728.jpg 1536w, https:\/\/cheminsplestinais.dcea.fr\/wp-content\/uploads\/2023\/11\/29.jpg 1600w\" sizes=\"(max-width: 1024px) 100vw, 1024px\" \/><\/a><figcaption class=\"wp-element-caption\">Pour une passerelle de 8 m\u00e8tres, il faut du solide&nbsp;!<\/figcaption><\/figure>\n\n\n\n<figure class=\"wp-block-image size-large\"><a href=\"https:\/\/cheminsplestinais.dcea.fr\/wp-content\/uploads\/2023\/11\/30.jpg\"><img loading=\"lazy\" decoding=\"async\" width=\"1024\" height=\"485\" data-id=\"10313\" src=\"https:\/\/cheminsplestinais.dcea.fr\/wp-content\/uploads\/2023\/11\/30-1024x485.jpg\" alt=\"\" class=\"wp-image-10313\" srcset=\"https:\/\/cheminsplestinais.dcea.fr\/wp-content\/uploads\/2023\/11\/30-1024x485.jpg 1024w, https:\/\/cheminsplestinais.dcea.fr\/wp-content\/uploads\/2023\/11\/30-300x142.jpg 300w, https:\/\/cheminsplestinais.dcea.fr\/wp-content\/uploads\/2023\/11\/30-768x364.jpg 768w, https:\/\/cheminsplestinais.dcea.fr\/wp-content\/uploads\/2023\/11\/30-1536x728.jpg 1536w, https:\/\/cheminsplestinais.dcea.fr\/wp-content\/uploads\/2023\/11\/30.jpg 1600w\" sizes=\"(max-width: 1024px) 100vw, 1024px\" \/><\/a><figcaption class=\"wp-element-caption\">On passe \u00e0 la pose des premi\u00e8res traverses<\/figcaption><\/figure>\n<\/figure>\n\n\n\n<figure class=\"wp-block-gallery has-nested-images columns-default is-cropped wp-block-gallery-14 is-layout-flex wp-block-gallery-is-layout-flex\">\n<figure class=\"wp-block-image size-large\"><a href=\"https:\/\/cheminsplestinais.dcea.fr\/wp-content\/uploads\/2023\/11\/31.jpg\"><img loading=\"lazy\" decoding=\"async\" width=\"485\" height=\"1024\" data-id=\"10314\" src=\"https:\/\/cheminsplestinais.dcea.fr\/wp-content\/uploads\/2023\/11\/31-485x1024.jpg\" alt=\"\" class=\"wp-image-10314\" srcset=\"https:\/\/cheminsplestinais.dcea.fr\/wp-content\/uploads\/2023\/11\/31-485x1024.jpg 485w, https:\/\/cheminsplestinais.dcea.fr\/wp-content\/uploads\/2023\/11\/31-142x300.jpg 142w, https:\/\/cheminsplestinais.dcea.fr\/wp-content\/uploads\/2023\/11\/31-728x1536.jpg 728w, https:\/\/cheminsplestinais.dcea.fr\/wp-content\/uploads\/2023\/11\/31.jpg 758w\" sizes=\"(max-width: 485px) 100vw, 485px\" \/><\/a><figcaption class=\"wp-element-caption\">Le g\u00e9n\u00e9rateur permet de faire fonctionner le mat\u00e9riel sur tous les terrain<\/figcaption><\/figure>\n\n\n\n<figure class=\"wp-block-image size-large\"><a href=\"https:\/\/cheminsplestinais.dcea.fr\/wp-content\/uploads\/2023\/11\/32.jpg\"><img loading=\"lazy\" decoding=\"async\" width=\"1024\" height=\"768\" data-id=\"10315\" src=\"https:\/\/cheminsplestinais.dcea.fr\/wp-content\/uploads\/2023\/11\/32-1024x768.jpg\" alt=\"\" class=\"wp-image-10315\" srcset=\"https:\/\/cheminsplestinais.dcea.fr\/wp-content\/uploads\/2023\/11\/32-1024x768.jpg 1024w, https:\/\/cheminsplestinais.dcea.fr\/wp-content\/uploads\/2023\/11\/32-300x225.jpg 300w, https:\/\/cheminsplestinais.dcea.fr\/wp-content\/uploads\/2023\/11\/32-768x576.jpg 768w, https:\/\/cheminsplestinais.dcea.fr\/wp-content\/uploads\/2023\/11\/32-1536x1152.jpg 1536w, https:\/\/cheminsplestinais.dcea.fr\/wp-content\/uploads\/2023\/11\/32.jpg 1600w\" sizes=\"(max-width: 1024px) 100vw, 1024px\" \/><\/a><figcaption class=\"wp-element-caption\">Le chantier avance\u2026<\/figcaption><\/figure>\n<\/figure>\n\n\n\n<figure class=\"wp-block-gallery has-nested-images columns-default is-cropped wp-block-gallery-15 is-layout-flex wp-block-gallery-is-layout-flex\">\n<figure class=\"wp-block-image size-large\"><a href=\"https:\/\/cheminsplestinais.dcea.fr\/wp-content\/uploads\/2023\/11\/33.jpg\"><img loading=\"lazy\" decoding=\"async\" width=\"1024\" height=\"768\" data-id=\"10316\" src=\"https:\/\/cheminsplestinais.dcea.fr\/wp-content\/uploads\/2023\/11\/33-1024x768.jpg\" alt=\"\" class=\"wp-image-10316\" srcset=\"https:\/\/cheminsplestinais.dcea.fr\/wp-content\/uploads\/2023\/11\/33-1024x768.jpg 1024w, https:\/\/cheminsplestinais.dcea.fr\/wp-content\/uploads\/2023\/11\/33-300x225.jpg 300w, https:\/\/cheminsplestinais.dcea.fr\/wp-content\/uploads\/2023\/11\/33-768x576.jpg 768w, https:\/\/cheminsplestinais.dcea.fr\/wp-content\/uploads\/2023\/11\/33-1536x1152.jpg 1536w, https:\/\/cheminsplestinais.dcea.fr\/wp-content\/uploads\/2023\/11\/33.jpg 1600w\" sizes=\"(max-width: 1024px) 100vw, 1024px\" \/><\/a><figcaption class=\"wp-element-caption\">A midi, tout est pr\u00e9vu pour la pause pique-nique.<\/figcaption><\/figure>\n\n\n\n<figure class=\"wp-block-image size-large\"><a href=\"https:\/\/cheminsplestinais.dcea.fr\/wp-content\/uploads\/2023\/11\/34.jpg\"><img loading=\"lazy\" decoding=\"async\" width=\"1024\" height=\"768\" data-id=\"10317\" src=\"https:\/\/cheminsplestinais.dcea.fr\/wp-content\/uploads\/2023\/11\/34-1024x768.jpg\" alt=\"\" class=\"wp-image-10317\" srcset=\"https:\/\/cheminsplestinais.dcea.fr\/wp-content\/uploads\/2023\/11\/34-1024x768.jpg 1024w, https:\/\/cheminsplestinais.dcea.fr\/wp-content\/uploads\/2023\/11\/34-300x225.jpg 300w, https:\/\/cheminsplestinais.dcea.fr\/wp-content\/uploads\/2023\/11\/34-768x576.jpg 768w, https:\/\/cheminsplestinais.dcea.fr\/wp-content\/uploads\/2023\/11\/34-1536x1152.jpg 1536w, https:\/\/cheminsplestinais.dcea.fr\/wp-content\/uploads\/2023\/11\/34.jpg 1600w\" sizes=\"(max-width: 1024px) 100vw, 1024px\" \/><\/a><figcaption class=\"wp-element-caption\">Le p\u2019tit caf\u00e9 est \u00e9galement le bienvenu\u2026<\/figcaption><\/figure>\n<\/figure>\n\n\n\n<figure class=\"wp-block-gallery has-nested-images columns-default is-cropped wp-block-gallery-16 is-layout-flex wp-block-gallery-is-layout-flex\">\n<figure class=\"wp-block-image size-large\"><a href=\"https:\/\/cheminsplestinais.dcea.fr\/wp-content\/uploads\/2023\/11\/35.jpg\"><img loading=\"lazy\" decoding=\"async\" width=\"1024\" height=\"485\" data-id=\"10318\" src=\"https:\/\/cheminsplestinais.dcea.fr\/wp-content\/uploads\/2023\/11\/35-1024x485.jpg\" alt=\"\" class=\"wp-image-10318\" srcset=\"https:\/\/cheminsplestinais.dcea.fr\/wp-content\/uploads\/2023\/11\/35-1024x485.jpg 1024w, https:\/\/cheminsplestinais.dcea.fr\/wp-content\/uploads\/2023\/11\/35-300x142.jpg 300w, https:\/\/cheminsplestinais.dcea.fr\/wp-content\/uploads\/2023\/11\/35-768x364.jpg 768w, https:\/\/cheminsplestinais.dcea.fr\/wp-content\/uploads\/2023\/11\/35-1536x728.jpg 1536w, https:\/\/cheminsplestinais.dcea.fr\/wp-content\/uploads\/2023\/11\/35.jpg 1600w\" sizes=\"(max-width: 1024px) 100vw, 1024px\" \/><\/a><figcaption class=\"wp-element-caption\">On passe \u00e0 la pose des chandelles.<\/figcaption><\/figure>\n\n\n\n<figure class=\"wp-block-image size-large\"><a href=\"https:\/\/cheminsplestinais.dcea.fr\/wp-content\/uploads\/2023\/11\/36.jpg\"><img loading=\"lazy\" decoding=\"async\" width=\"1024\" height=\"768\" data-id=\"10319\" src=\"https:\/\/cheminsplestinais.dcea.fr\/wp-content\/uploads\/2023\/11\/36-1024x768.jpg\" alt=\"\" class=\"wp-image-10319\" srcset=\"https:\/\/cheminsplestinais.dcea.fr\/wp-content\/uploads\/2023\/11\/36-1024x768.jpg 1024w, https:\/\/cheminsplestinais.dcea.fr\/wp-content\/uploads\/2023\/11\/36-300x225.jpg 300w, https:\/\/cheminsplestinais.dcea.fr\/wp-content\/uploads\/2023\/11\/36-768x576.jpg 768w, https:\/\/cheminsplestinais.dcea.fr\/wp-content\/uploads\/2023\/11\/36-1536x1152.jpg 1536w, https:\/\/cheminsplestinais.dcea.fr\/wp-content\/uploads\/2023\/11\/36.jpg 1600w\" sizes=\"(max-width: 1024px) 100vw, 1024px\" \/><\/a><figcaption class=\"wp-element-caption\">\u2026puis des garde-corps.<\/figcaption><\/figure>\n<\/figure>\n\n\n\n<figure class=\"wp-block-gallery has-nested-images columns-default is-cropped wp-block-gallery-17 is-layout-flex wp-block-gallery-is-layout-flex\">\n<figure class=\"wp-block-image size-large\"><a href=\"https:\/\/cheminsplestinais.dcea.fr\/wp-content\/uploads\/2023\/11\/37.jpg\"><img loading=\"lazy\" decoding=\"async\" width=\"1024\" height=\"768\" data-id=\"10320\" src=\"https:\/\/cheminsplestinais.dcea.fr\/wp-content\/uploads\/2023\/11\/37-1024x768.jpg\" alt=\"\" class=\"wp-image-10320\" srcset=\"https:\/\/cheminsplestinais.dcea.fr\/wp-content\/uploads\/2023\/11\/37-1024x768.jpg 1024w, https:\/\/cheminsplestinais.dcea.fr\/wp-content\/uploads\/2023\/11\/37-300x225.jpg 300w, https:\/\/cheminsplestinais.dcea.fr\/wp-content\/uploads\/2023\/11\/37-768x576.jpg 768w, https:\/\/cheminsplestinais.dcea.fr\/wp-content\/uploads\/2023\/11\/37-1536x1152.jpg 1536w, https:\/\/cheminsplestinais.dcea.fr\/wp-content\/uploads\/2023\/11\/37.jpg 1600w\" sizes=\"(max-width: 1024px) 100vw, 1024px\" \/><\/a><figcaption class=\"wp-element-caption\">La passerelle commence \u00e0 avoir de l\u2019allure<\/figcaption><\/figure>\n\n\n\n<figure class=\"wp-block-image size-large\"><a href=\"https:\/\/cheminsplestinais.dcea.fr\/wp-content\/uploads\/2023\/11\/38-scaled.jpg\"><img loading=\"lazy\" decoding=\"async\" width=\"768\" height=\"1024\" data-id=\"10321\" src=\"https:\/\/cheminsplestinais.dcea.fr\/wp-content\/uploads\/2023\/11\/38-768x1024.jpg\" alt=\"\" class=\"wp-image-10321\" srcset=\"https:\/\/cheminsplestinais.dcea.fr\/wp-content\/uploads\/2023\/11\/38-768x1024.jpg 768w, https:\/\/cheminsplestinais.dcea.fr\/wp-content\/uploads\/2023\/11\/38-225x300.jpg 225w, https:\/\/cheminsplestinais.dcea.fr\/wp-content\/uploads\/2023\/11\/38-1152x1536.jpg 1152w, https:\/\/cheminsplestinais.dcea.fr\/wp-content\/uploads\/2023\/11\/38-1536x2048.jpg 1536w, https:\/\/cheminsplestinais.dcea.fr\/wp-content\/uploads\/2023\/11\/38-scaled.jpg 1920w\" sizes=\"(max-width: 768px) 100vw, 768px\" \/><\/a><figcaption class=\"wp-element-caption\">Ce tronc \u00e9quarri va servir de support au plan inclin\u00e9 facilitant l\u2019acc\u00e8s \u00e0 la passerelle&nbsp;: c\u2019est un \u00e9l\u00e9ment de poids&nbsp;!<\/figcaption><\/figure>\n<\/figure>\n\n\n\n<figure class=\"wp-block-gallery has-nested-images columns-default is-cropped wp-block-gallery-18 is-layout-flex wp-block-gallery-is-layout-flex\">\n<figure class=\"wp-block-image size-large\"><a href=\"https:\/\/cheminsplestinais.dcea.fr\/wp-content\/uploads\/2023\/11\/39-scaled.jpg\"><img loading=\"lazy\" decoding=\"async\" width=\"768\" height=\"1024\" data-id=\"10322\" src=\"https:\/\/cheminsplestinais.dcea.fr\/wp-content\/uploads\/2023\/11\/39-768x1024.jpg\" alt=\"\" class=\"wp-image-10322\" srcset=\"https:\/\/cheminsplestinais.dcea.fr\/wp-content\/uploads\/2023\/11\/39-768x1024.jpg 768w, https:\/\/cheminsplestinais.dcea.fr\/wp-content\/uploads\/2023\/11\/39-225x300.jpg 225w, https:\/\/cheminsplestinais.dcea.fr\/wp-content\/uploads\/2023\/11\/39-1152x1536.jpg 1152w, https:\/\/cheminsplestinais.dcea.fr\/wp-content\/uploads\/2023\/11\/39-1536x2048.jpg 1536w, https:\/\/cheminsplestinais.dcea.fr\/wp-content\/uploads\/2023\/11\/39-scaled.jpg 1920w\" sizes=\"(max-width: 768px) 100vw, 768px\" \/><\/a><figcaption class=\"wp-element-caption\">La travers\u00e9e de la passerelle est assez d\u00e9licate<\/figcaption><\/figure>\n\n\n\n<figure class=\"wp-block-image size-large\"><a href=\"https:\/\/cheminsplestinais.dcea.fr\/wp-content\/uploads\/2023\/11\/40-scaled.jpg\"><img loading=\"lazy\" decoding=\"async\" width=\"768\" height=\"1024\" data-id=\"10323\" src=\"https:\/\/cheminsplestinais.dcea.fr\/wp-content\/uploads\/2023\/11\/40-768x1024.jpg\" alt=\"\" class=\"wp-image-10323\" srcset=\"https:\/\/cheminsplestinais.dcea.fr\/wp-content\/uploads\/2023\/11\/40-768x1024.jpg 768w, https:\/\/cheminsplestinais.dcea.fr\/wp-content\/uploads\/2023\/11\/40-225x300.jpg 225w, https:\/\/cheminsplestinais.dcea.fr\/wp-content\/uploads\/2023\/11\/40-1152x1536.jpg 1152w, https:\/\/cheminsplestinais.dcea.fr\/wp-content\/uploads\/2023\/11\/40-1536x2048.jpg 1536w, https:\/\/cheminsplestinais.dcea.fr\/wp-content\/uploads\/2023\/11\/40-scaled.jpg 1920w\" sizes=\"(max-width: 768px) 100vw, 768px\" \/><\/a><figcaption class=\"wp-element-caption\">\u00c7a y est&nbsp;! le plan inclin\u00e9 va pouvoir \u00eatre mis en \u0153uvre.<\/figcaption><\/figure>\n<\/figure>\n\n\n\n<figure class=\"wp-block-gallery has-nested-images columns-default is-cropped wp-block-gallery-19 is-layout-flex wp-block-gallery-is-layout-flex\">\n<figure class=\"wp-block-image size-large\"><a href=\"https:\/\/cheminsplestinais.dcea.fr\/wp-content\/uploads\/2023\/11\/41-scaled.jpg\"><img loading=\"lazy\" decoding=\"async\" width=\"768\" height=\"1024\" data-id=\"10324\" src=\"https:\/\/cheminsplestinais.dcea.fr\/wp-content\/uploads\/2023\/11\/41-768x1024.jpg\" alt=\"\" class=\"wp-image-10324\" srcset=\"https:\/\/cheminsplestinais.dcea.fr\/wp-content\/uploads\/2023\/11\/41-768x1024.jpg 768w, https:\/\/cheminsplestinais.dcea.fr\/wp-content\/uploads\/2023\/11\/41-225x300.jpg 225w, https:\/\/cheminsplestinais.dcea.fr\/wp-content\/uploads\/2023\/11\/41-1152x1536.jpg 1152w, https:\/\/cheminsplestinais.dcea.fr\/wp-content\/uploads\/2023\/11\/41-1536x2048.jpg 1536w, https:\/\/cheminsplestinais.dcea.fr\/wp-content\/uploads\/2023\/11\/41-scaled.jpg 1920w\" sizes=\"(max-width: 768px) 100vw, 768px\" \/><\/a><figcaption class=\"wp-element-caption\">Il prend rapidement forme<\/figcaption><\/figure>\n\n\n\n<figure class=\"wp-block-image size-large\"><a href=\"https:\/\/cheminsplestinais.dcea.fr\/wp-content\/uploads\/2023\/11\/42-scaled.jpg\"><img loading=\"lazy\" decoding=\"async\" width=\"768\" height=\"1024\" data-id=\"10325\" src=\"https:\/\/cheminsplestinais.dcea.fr\/wp-content\/uploads\/2023\/11\/42-768x1024.jpg\" alt=\"\" class=\"wp-image-10325\" srcset=\"https:\/\/cheminsplestinais.dcea.fr\/wp-content\/uploads\/2023\/11\/42-768x1024.jpg 768w, https:\/\/cheminsplestinais.dcea.fr\/wp-content\/uploads\/2023\/11\/42-225x300.jpg 225w, https:\/\/cheminsplestinais.dcea.fr\/wp-content\/uploads\/2023\/11\/42-1152x1536.jpg 1152w, https:\/\/cheminsplestinais.dcea.fr\/wp-content\/uploads\/2023\/11\/42-1536x2048.jpg 1536w, https:\/\/cheminsplestinais.dcea.fr\/wp-content\/uploads\/2023\/11\/42-scaled.jpg 1920w\" sizes=\"(max-width: 768px) 100vw, 768px\" \/><\/a><figcaption class=\"wp-element-caption\">\u2026Et voil\u00e0 le travail&nbsp;!<\/figcaption><\/figure>\n<\/figure>\n\n\n\n<figure class=\"wp-block-gallery has-nested-images columns-default is-cropped wp-block-gallery-20 is-layout-flex wp-block-gallery-is-layout-flex\">\n<figure class=\"wp-block-image size-large\"><a href=\"https:\/\/cheminsplestinais.dcea.fr\/wp-content\/uploads\/2023\/11\/43.jpg\"><img loading=\"lazy\" decoding=\"async\" width=\"1024\" height=\"768\" data-id=\"10326\" src=\"https:\/\/cheminsplestinais.dcea.fr\/wp-content\/uploads\/2023\/11\/43-1024x768.jpg\" alt=\"\" class=\"wp-image-10326\" srcset=\"https:\/\/cheminsplestinais.dcea.fr\/wp-content\/uploads\/2023\/11\/43-1024x768.jpg 1024w, https:\/\/cheminsplestinais.dcea.fr\/wp-content\/uploads\/2023\/11\/43-300x225.jpg 300w, https:\/\/cheminsplestinais.dcea.fr\/wp-content\/uploads\/2023\/11\/43-768x576.jpg 768w, https:\/\/cheminsplestinais.dcea.fr\/wp-content\/uploads\/2023\/11\/43-1536x1152.jpg 1536w, https:\/\/cheminsplestinais.dcea.fr\/wp-content\/uploads\/2023\/11\/43.jpg 1600w\" sizes=\"(max-width: 1024px) 100vw, 1024px\" \/><\/a><figcaption class=\"wp-element-caption\">Elle a plut\u00f4t fi\u00e8re allure, notre passerelle, non&nbsp;?<\/figcaption><\/figure>\n\n\n\n<figure class=\"wp-block-image size-large\"><a href=\"https:\/\/cheminsplestinais.dcea.fr\/wp-content\/uploads\/2023\/11\/44.jpg\"><img loading=\"lazy\" decoding=\"async\" width=\"768\" height=\"1024\" data-id=\"10327\" src=\"https:\/\/cheminsplestinais.dcea.fr\/wp-content\/uploads\/2023\/11\/44-768x1024.jpg\" alt=\"\" class=\"wp-image-10327\" srcset=\"https:\/\/cheminsplestinais.dcea.fr\/wp-content\/uploads\/2023\/11\/44-768x1024.jpg 768w, https:\/\/cheminsplestinais.dcea.fr\/wp-content\/uploads\/2023\/11\/44-225x300.jpg 225w, https:\/\/cheminsplestinais.dcea.fr\/wp-content\/uploads\/2023\/11\/44.jpg 1100w\" sizes=\"(max-width: 768px) 100vw, 768px\" \/><\/a><figcaption class=\"wp-element-caption\">Un tapis antid\u00e9rapant a \u00e9t\u00e9 fix\u00e9 sur la passerelle, permettant le passage de chevaux en toute s\u00e9curit\u00e9. Ce chantier, men\u00e9 en commun avec nos amis de Plufur, a sans conteste abouti \u00e0 un beau r\u00e9sultat.<\/figcaption><\/figure>\n<\/figure>\n\n\n\n<figure class=\"wp-block-gallery has-nested-images columns-default is-cropped wp-block-gallery-21 is-layout-flex wp-block-gallery-is-layout-flex\">\n<figure class=\"wp-block-image size-large\"><a href=\"https:\/\/cheminsplestinais.dcea.fr\/wp-content\/uploads\/2023\/11\/45-scaled.jpg\"><img loading=\"lazy\" decoding=\"async\" width=\"768\" height=\"1024\" data-id=\"10328\" src=\"https:\/\/cheminsplestinais.dcea.fr\/wp-content\/uploads\/2023\/11\/45-768x1024.jpg\" alt=\"\" class=\"wp-image-10328\" srcset=\"https:\/\/cheminsplestinais.dcea.fr\/wp-content\/uploads\/2023\/11\/45-768x1024.jpg 768w, https:\/\/cheminsplestinais.dcea.fr\/wp-content\/uploads\/2023\/11\/45-225x300.jpg 225w, https:\/\/cheminsplestinais.dcea.fr\/wp-content\/uploads\/2023\/11\/45-1152x1536.jpg 1152w, https:\/\/cheminsplestinais.dcea.fr\/wp-content\/uploads\/2023\/11\/45-1536x2048.jpg 1536w, https:\/\/cheminsplestinais.dcea.fr\/wp-content\/uploads\/2023\/11\/45-scaled.jpg 1920w\" sizes=\"(max-width: 768px) 100vw, 768px\" \/><\/a><figcaption class=\"wp-element-caption\">Les cavaliers pourront emprunter ce chemin creux, afin d\u2019\u00e9viter d\u2019endommager le sentier de randonn\u00e9e.<\/figcaption><\/figure>\n\n\n\n<figure class=\"wp-block-image size-large\"><a href=\"https:\/\/cheminsplestinais.dcea.fr\/wp-content\/uploads\/2023\/11\/46-scaled.jpg\"><img loading=\"lazy\" decoding=\"async\" width=\"768\" height=\"1024\" data-id=\"10329\" src=\"https:\/\/cheminsplestinais.dcea.fr\/wp-content\/uploads\/2023\/11\/46-768x1024.jpg\" alt=\"\" class=\"wp-image-10329\" srcset=\"https:\/\/cheminsplestinais.dcea.fr\/wp-content\/uploads\/2023\/11\/46-768x1024.jpg 768w, https:\/\/cheminsplestinais.dcea.fr\/wp-content\/uploads\/2023\/11\/46-225x300.jpg 225w, https:\/\/cheminsplestinais.dcea.fr\/wp-content\/uploads\/2023\/11\/46-1152x1536.jpg 1152w, https:\/\/cheminsplestinais.dcea.fr\/wp-content\/uploads\/2023\/11\/46-1536x2048.jpg 1536w, https:\/\/cheminsplestinais.dcea.fr\/wp-content\/uploads\/2023\/11\/46-scaled.jpg 1920w\" sizes=\"(max-width: 768px) 100vw, 768px\" \/><\/a><figcaption class=\"wp-element-caption\">Empierr\u00e9, mais plus emprunt\u00e9 depuis fort longtemps, il avait besoin d\u2019un s\u00e9rieux nettoyage en raison de l\u2019importante couche de boue qui s\u2019y est accumul\u00e9e au fil des ans.<\/figcaption><\/figure>\n<\/figure>\n\n\n\n<p>Il se murmure qu\u2019une inauguration de la passerelle \u00ab&nbsp;en grande pompe&nbsp;\u00bb devrait avoir lieu prochainement\u2026Ce sera l\u2019occasion pour ceux qui ont particip\u00e9 \u00e0 sa construction et \u00e0 tous les membres actifs des Chemins Plestinais et de Hentou Treuz de se retrouver et de conforter les liens entre nos deux associations.<\/p>\n\n\n\n<h2 class=\"wp-block-heading\"><strong>Nuit du 1<\/strong><sup><strong>er<\/strong><\/sup><strong> au 2 novembre 2023&nbsp;: Une temp\u00eate destructrice<\/strong><\/h2>\n\n\n\n<figure class=\"wp-block-gallery has-nested-images columns-default is-cropped wp-block-gallery-22 is-layout-flex wp-block-gallery-is-layout-flex\">\n<figure class=\"wp-block-image size-large\"><a href=\"https:\/\/cheminsplestinais.dcea.fr\/wp-content\/uploads\/2023\/11\/47-scaled.jpg\"><img loading=\"lazy\" decoding=\"async\" width=\"768\" height=\"1024\" data-id=\"10330\" src=\"https:\/\/cheminsplestinais.dcea.fr\/wp-content\/uploads\/2023\/11\/47-768x1024.jpg\" alt=\"\" class=\"wp-image-10330\" srcset=\"https:\/\/cheminsplestinais.dcea.fr\/wp-content\/uploads\/2023\/11\/47-768x1024.jpg 768w, https:\/\/cheminsplestinais.dcea.fr\/wp-content\/uploads\/2023\/11\/47-225x300.jpg 225w, https:\/\/cheminsplestinais.dcea.fr\/wp-content\/uploads\/2023\/11\/47-1152x1536.jpg 1152w, https:\/\/cheminsplestinais.dcea.fr\/wp-content\/uploads\/2023\/11\/47-1536x2048.jpg 1536w, https:\/\/cheminsplestinais.dcea.fr\/wp-content\/uploads\/2023\/11\/47-scaled.jpg 1920w\" sizes=\"(max-width: 768px) 100vw, 768px\" \/><\/a><figcaption class=\"wp-element-caption\">Les mines sont graves en ce 6 novembre au matin\u2026En effet, une temp\u00eate d\u2019une rare violence a une fois de plus frapp\u00e9 durement tout l\u2019ouest du pays, et plus particuli\u00e8rement la pointe bretonne. Aux Chemins Plestinais, chacun se doute qu\u2019un gros travail de d\u00e9blaiement des sentiers nous attend.<\/figcaption><\/figure>\n\n\n\n<figure class=\"wp-block-image size-large\"><a href=\"https:\/\/cheminsplestinais.dcea.fr\/wp-content\/uploads\/2023\/11\/48-scaled.jpg\"><img loading=\"lazy\" decoding=\"async\" width=\"768\" height=\"1024\" data-id=\"10331\" src=\"https:\/\/cheminsplestinais.dcea.fr\/wp-content\/uploads\/2023\/11\/48-768x1024.jpg\" alt=\"\" class=\"wp-image-10331\" srcset=\"https:\/\/cheminsplestinais.dcea.fr\/wp-content\/uploads\/2023\/11\/48-768x1024.jpg 768w, https:\/\/cheminsplestinais.dcea.fr\/wp-content\/uploads\/2023\/11\/48-225x300.jpg 225w, https:\/\/cheminsplestinais.dcea.fr\/wp-content\/uploads\/2023\/11\/48-1152x1536.jpg 1152w, https:\/\/cheminsplestinais.dcea.fr\/wp-content\/uploads\/2023\/11\/48-1536x2048.jpg 1536w, https:\/\/cheminsplestinais.dcea.fr\/wp-content\/uploads\/2023\/11\/48-scaled.jpg 1920w\" sizes=\"(max-width: 768px) 100vw, 768px\" \/><\/a><figcaption class=\"wp-element-caption\">Gildas, notre pr\u00e9sident, donne les consignes. Plusieurs \u00e9quipes sont constitu\u00e9es. La priorit\u00e9 est donn\u00e9e \u00e0 la remise en \u00e9tat des chemins les plus fr\u00e9quent\u00e9s&nbsp;: GR 34, sentier de Sainte Barbe, Sentier de Saint Haran\u2026 La chute de nombreux arbres et branchages a \u00e9t\u00e9 constat\u00e9e sur l\u2019ensemble de ces secteurs. <\/figcaption><\/figure>\n<\/figure>\n\n\n\n<figure class=\"wp-block-gallery has-nested-images columns-default is-cropped wp-block-gallery-23 is-layout-flex wp-block-gallery-is-layout-flex\">\n<figure class=\"wp-block-image size-large\"><a href=\"https:\/\/cheminsplestinais.dcea.fr\/wp-content\/uploads\/2023\/11\/49-scaled.jpg\"><img loading=\"lazy\" decoding=\"async\" width=\"768\" height=\"1024\" data-id=\"10332\" src=\"https:\/\/cheminsplestinais.dcea.fr\/wp-content\/uploads\/2023\/11\/49-768x1024.jpg\" alt=\"\" class=\"wp-image-10332\" srcset=\"https:\/\/cheminsplestinais.dcea.fr\/wp-content\/uploads\/2023\/11\/49-768x1024.jpg 768w, https:\/\/cheminsplestinais.dcea.fr\/wp-content\/uploads\/2023\/11\/49-225x300.jpg 225w, https:\/\/cheminsplestinais.dcea.fr\/wp-content\/uploads\/2023\/11\/49-1152x1536.jpg 1152w, https:\/\/cheminsplestinais.dcea.fr\/wp-content\/uploads\/2023\/11\/49-1536x2048.jpg 1536w, https:\/\/cheminsplestinais.dcea.fr\/wp-content\/uploads\/2023\/11\/49-scaled.jpg 1920w\" sizes=\"(max-width: 768px) 100vw, 768px\" \/><\/a><figcaption class=\"wp-element-caption\">Le moins que l\u2019on puisse dire, c\u2019est que nous n\u2019avons pas \u00e9t\u00e9 d\u00e9\u00e7us&nbsp;! Sur ce clich\u00e9, le sentier de Sainte Barbe, totalement obstru\u00e9 par un \u00e9norme ch\u00eane d\u00e9racin\u00e9 par la temp\u00eate.<\/figcaption><\/figure>\n\n\n\n<figure class=\"wp-block-image size-large\"><a href=\"https:\/\/cheminsplestinais.dcea.fr\/wp-content\/uploads\/2023\/11\/50.jpg\"><img loading=\"lazy\" decoding=\"async\" width=\"768\" height=\"1024\" data-id=\"10333\" src=\"https:\/\/cheminsplestinais.dcea.fr\/wp-content\/uploads\/2023\/11\/50-768x1024.jpg\" alt=\"\" class=\"wp-image-10333\" srcset=\"https:\/\/cheminsplestinais.dcea.fr\/wp-content\/uploads\/2023\/11\/50-768x1024.jpg 768w, https:\/\/cheminsplestinais.dcea.fr\/wp-content\/uploads\/2023\/11\/50-225x300.jpg 225w, https:\/\/cheminsplestinais.dcea.fr\/wp-content\/uploads\/2023\/11\/50.jpg 1100w\" sizes=\"(max-width: 768px) 100vw, 768px\" \/><\/a><figcaption class=\"wp-element-caption\">La t\u00e2che s\u2019annonce ardue, la configuration du terrain ne facilitant pas l\u2019acc\u00e8s de nos b\u00fbcherons aux grosses branches qui surplombent le sentier.<\/figcaption><\/figure>\n<\/figure>\n\n\n\n<figure class=\"wp-block-gallery has-nested-images columns-default is-cropped wp-block-gallery-24 is-layout-flex wp-block-gallery-is-layout-flex\">\n<figure class=\"wp-block-image size-large\"><a href=\"https:\/\/cheminsplestinais.dcea.fr\/wp-content\/uploads\/2023\/11\/51.jpg\"><img loading=\"lazy\" decoding=\"async\" width=\"768\" height=\"1024\" data-id=\"10334\" src=\"https:\/\/cheminsplestinais.dcea.fr\/wp-content\/uploads\/2023\/11\/51-768x1024.jpg\" alt=\"\" class=\"wp-image-10334\" srcset=\"https:\/\/cheminsplestinais.dcea.fr\/wp-content\/uploads\/2023\/11\/51-768x1024.jpg 768w, https:\/\/cheminsplestinais.dcea.fr\/wp-content\/uploads\/2023\/11\/51-225x300.jpg 225w, https:\/\/cheminsplestinais.dcea.fr\/wp-content\/uploads\/2023\/11\/51.jpg 1100w\" sizes=\"(max-width: 768px) 100vw, 768px\" \/><\/a><figcaption class=\"wp-element-caption\">Cette \u00e9norme branche, au-dessus du sentier, n\u2019inspire pas confiance&nbsp;!<\/figcaption><\/figure>\n\n\n\n<figure class=\"wp-block-image size-large\"><a href=\"https:\/\/cheminsplestinais.dcea.fr\/wp-content\/uploads\/2023\/11\/52-scaled.jpg\"><img loading=\"lazy\" decoding=\"async\" width=\"768\" height=\"1024\" data-id=\"10335\" src=\"https:\/\/cheminsplestinais.dcea.fr\/wp-content\/uploads\/2023\/11\/52-768x1024.jpg\" alt=\"\" class=\"wp-image-10335\" srcset=\"https:\/\/cheminsplestinais.dcea.fr\/wp-content\/uploads\/2023\/11\/52-768x1024.jpg 768w, https:\/\/cheminsplestinais.dcea.fr\/wp-content\/uploads\/2023\/11\/52-225x300.jpg 225w, https:\/\/cheminsplestinais.dcea.fr\/wp-content\/uploads\/2023\/11\/52-1152x1536.jpg 1152w, https:\/\/cheminsplestinais.dcea.fr\/wp-content\/uploads\/2023\/11\/52-1536x2048.jpg 1536w, https:\/\/cheminsplestinais.dcea.fr\/wp-content\/uploads\/2023\/11\/52-scaled.jpg 1920w\" sizes=\"(max-width: 768px) 100vw, 768px\" \/><\/a><figcaption class=\"wp-element-caption\">Peu \u00e0 peu, nos b\u00fbcherons s\u2019emploient \u00e0 d\u00e9biter le gros ch\u00eane\u2026<\/figcaption><\/figure>\n<\/figure>\n\n\n\n<figure class=\"wp-block-gallery has-nested-images columns-default is-cropped wp-block-gallery-25 is-layout-flex wp-block-gallery-is-layout-flex\">\n<figure class=\"wp-block-image size-large\"><a href=\"https:\/\/cheminsplestinais.dcea.fr\/wp-content\/uploads\/2023\/11\/53-scaled.jpg\"><img loading=\"lazy\" decoding=\"async\" width=\"768\" height=\"1024\" data-id=\"10336\" src=\"https:\/\/cheminsplestinais.dcea.fr\/wp-content\/uploads\/2023\/11\/53-768x1024.jpg\" alt=\"\" class=\"wp-image-10336\" srcset=\"https:\/\/cheminsplestinais.dcea.fr\/wp-content\/uploads\/2023\/11\/53-768x1024.jpg 768w, https:\/\/cheminsplestinais.dcea.fr\/wp-content\/uploads\/2023\/11\/53-225x300.jpg 225w, https:\/\/cheminsplestinais.dcea.fr\/wp-content\/uploads\/2023\/11\/53-1152x1536.jpg 1152w, https:\/\/cheminsplestinais.dcea.fr\/wp-content\/uploads\/2023\/11\/53-1536x2048.jpg 1536w, https:\/\/cheminsplestinais.dcea.fr\/wp-content\/uploads\/2023\/11\/53-scaled.jpg 1920w\" sizes=\"(max-width: 768px) 100vw, 768px\" \/><\/a><figcaption class=\"wp-element-caption\">Et peu avant midi, le sentier est enti\u00e8rement d\u00e9gag\u00e9&nbsp;!<\/figcaption><\/figure>\n\n\n\n<figure class=\"wp-block-image size-large\"><a href=\"https:\/\/cheminsplestinais.dcea.fr\/wp-content\/uploads\/2023\/11\/53A-scaled.jpg\"><img loading=\"lazy\" decoding=\"async\" width=\"768\" height=\"1024\" data-id=\"10337\" src=\"https:\/\/cheminsplestinais.dcea.fr\/wp-content\/uploads\/2023\/11\/53A-768x1024.jpg\" alt=\"\" class=\"wp-image-10337\" srcset=\"https:\/\/cheminsplestinais.dcea.fr\/wp-content\/uploads\/2023\/11\/53A-768x1024.jpg 768w, https:\/\/cheminsplestinais.dcea.fr\/wp-content\/uploads\/2023\/11\/53A-225x300.jpg 225w, https:\/\/cheminsplestinais.dcea.fr\/wp-content\/uploads\/2023\/11\/53A-1152x1536.jpg 1152w, https:\/\/cheminsplestinais.dcea.fr\/wp-content\/uploads\/2023\/11\/53A-1536x2048.jpg 1536w, https:\/\/cheminsplestinais.dcea.fr\/wp-content\/uploads\/2023\/11\/53A-scaled.jpg 1920w\" sizes=\"(max-width: 768px) 100vw, 768px\" \/><\/a><figcaption class=\"wp-element-caption\">Deuxi\u00e8me lundi consacr\u00e9 aux d\u00e9g\u00e2ts de la temp\u00eate&nbsp;: le GR 34 est \u00e9galement bien obstru\u00e9 du c\u00f4t\u00e9 de Pors Mellec\u2026<\/figcaption><\/figure>\n<\/figure>\n\n\n\n<figure class=\"wp-block-gallery has-nested-images columns-default is-cropped wp-block-gallery-26 is-layout-flex wp-block-gallery-is-layout-flex\">\n<figure class=\"wp-block-image size-large\"><a href=\"https:\/\/cheminsplestinais.dcea.fr\/wp-content\/uploads\/2023\/11\/53B-scaled.jpg\"><img loading=\"lazy\" decoding=\"async\" width=\"768\" height=\"1024\" data-id=\"10338\" src=\"https:\/\/cheminsplestinais.dcea.fr\/wp-content\/uploads\/2023\/11\/53B-768x1024.jpg\" alt=\"\" class=\"wp-image-10338\" srcset=\"https:\/\/cheminsplestinais.dcea.fr\/wp-content\/uploads\/2023\/11\/53B-768x1024.jpg 768w, https:\/\/cheminsplestinais.dcea.fr\/wp-content\/uploads\/2023\/11\/53B-225x300.jpg 225w, https:\/\/cheminsplestinais.dcea.fr\/wp-content\/uploads\/2023\/11\/53B-1152x1536.jpg 1152w, https:\/\/cheminsplestinais.dcea.fr\/wp-content\/uploads\/2023\/11\/53B-1536x2048.jpg 1536w, https:\/\/cheminsplestinais.dcea.fr\/wp-content\/uploads\/2023\/11\/53B-scaled.jpg 1920w\" sizes=\"(max-width: 768px) 100vw, 768px\" \/><\/a><figcaption class=\"wp-element-caption\">M\u00eame chose entre Beg Douar et Saint Efflam\u2026 Bonne nouvelle lors de notre retour au local&nbsp;: les sentiers entre Pont Menou et Saint Efflam (boucle de Saint Haran + GR 34) sont \u00e0 nouveau praticables!<\/figcaption><\/figure>\n<\/figure>\n\n\n\n<p>Il reste beaucoup \u00e0 faire, notamment sur les sentiers de l\u2019int\u00e9rieur. Mais au rythme o\u00f9 travaillent les \u00e9quipes, nous pouvons esp\u00e9rer un rapide retour \u00e0 la normale sur l\u2019ensemble de nos parcours.<\/p>\n\n\n\n<h2 class=\"wp-block-heading\"><strong>Heureusement, il y aussi de bon moments\u2026<\/strong><\/h2>\n\n\n\n<p>Aux Chemins PLestinais, chacun aime retrouver l\u2019ambiance des chantiers du lundi matin, qu\u2019il neige, qu\u2019il pleuve, qu\u2019il vente (mais pas en temp\u00eate&nbsp;: priorit\u00e9 \u00e0 la s\u00e9curit\u00e9&nbsp;!).<\/p>\n\n\n\n<p>Et puis, il y a ces moments o\u00f9 certains tiennent \u00e0 marquer l\u2019acquisition d\u2019une \u00ab&nbsp;ann\u00e9e d\u2019exp\u00e9rience suppl\u00e9mentaire&nbsp;\u00bb, ce qui a la vertu d\u2019ajouter de sympathiques \u00e9pisodes de convivialit\u00e9 au sein du groupe.<\/p>\n\n\n\n<figure class=\"wp-block-gallery has-nested-images columns-default is-cropped wp-block-gallery-27 is-layout-flex wp-block-gallery-is-layout-flex\"><\/figure>\n\n\n\n<figure class=\"wp-block-gallery has-nested-images columns-default is-cropped wp-block-gallery-28 is-layout-flex wp-block-gallery-is-layout-flex\"><\/figure>\n\n\n\n<p>\u2026Et comme le groupe est devenu cons\u00e9quent, la meilleure solution, qui s\u2019est peu \u00e0 peu impos\u00e9e, consiste \u00e0 se regrouper. C\u2019est ainsi que Michel et Christian, accompagn\u00e9s de leurs \u00e9pouses, nous ont r\u00e9serv\u00e9 le 20 octobre dernier une agr\u00e9able surprise \u00e0 notre retour des chantiers du matin. La nappe \u00e9tait mise, les plateaux \u00e9taient bien garnis, et chacun a lev\u00e9 son verre \u00e0 la sant\u00e9 de trois jeunes actifs des Chemins Plestinais. Ne vous fiez pas \u00e0 leur cheveux blancs ou grisonnants\u00a0: ces trois-l\u00e0 ont de la ressource\u00a0\u2026 Merci \u00e0 eux pour cet agr\u00e9able moment\u00a0!<\/p>\n\n\n\n<figure class=\"wp-block-gallery has-nested-images columns-default is-cropped wp-block-gallery-29 is-layout-flex wp-block-gallery-is-layout-flex\">\n<figure class=\"wp-block-image size-large\"><a href=\"https:\/\/cheminsplestinais.dcea.fr\/wp-content\/uploads\/2023\/11\/57A-scaled.jpg\"><img loading=\"lazy\" decoding=\"async\" width=\"768\" height=\"1024\" data-id=\"10343\" src=\"https:\/\/cheminsplestinais.dcea.fr\/wp-content\/uploads\/2023\/11\/57A-768x1024.jpg\" alt=\"\" class=\"wp-image-10343\" srcset=\"https:\/\/cheminsplestinais.dcea.fr\/wp-content\/uploads\/2023\/11\/57A-768x1024.jpg 768w, https:\/\/cheminsplestinais.dcea.fr\/wp-content\/uploads\/2023\/11\/57A-225x300.jpg 225w, https:\/\/cheminsplestinais.dcea.fr\/wp-content\/uploads\/2023\/11\/57A-1152x1536.jpg 1152w, https:\/\/cheminsplestinais.dcea.fr\/wp-content\/uploads\/2023\/11\/57A-1536x2048.jpg 1536w, https:\/\/cheminsplestinais.dcea.fr\/wp-content\/uploads\/2023\/11\/57A-scaled.jpg 1920w\" sizes=\"(max-width: 768px) 100vw, 768px\" \/><\/a><\/figure>\n\n\n\n<figure class=\"wp-block-image size-large\"><a href=\"https:\/\/cheminsplestinais.dcea.fr\/wp-content\/uploads\/2023\/11\/57B-scaled.jpg\"><img loading=\"lazy\" decoding=\"async\" width=\"768\" height=\"1024\" data-id=\"10344\" src=\"https:\/\/cheminsplestinais.dcea.fr\/wp-content\/uploads\/2023\/11\/57B-768x1024.jpg\" alt=\"\" class=\"wp-image-10344\" srcset=\"https:\/\/cheminsplestinais.dcea.fr\/wp-content\/uploads\/2023\/11\/57B-768x1024.jpg 768w, https:\/\/cheminsplestinais.dcea.fr\/wp-content\/uploads\/2023\/11\/57B-225x300.jpg 225w, https:\/\/cheminsplestinais.dcea.fr\/wp-content\/uploads\/2023\/11\/57B-1152x1536.jpg 1152w, https:\/\/cheminsplestinais.dcea.fr\/wp-content\/uploads\/2023\/11\/57B-1536x2048.jpg 1536w, https:\/\/cheminsplestinais.dcea.fr\/wp-content\/uploads\/2023\/11\/57B-scaled.jpg 1920w\" sizes=\"(max-width: 768px) 100vw, 768px\" \/><\/a><\/figure>\n<\/figure>\n\n\n\n<figure class=\"wp-block-gallery has-nested-images columns-default is-cropped wp-block-gallery-30 is-layout-flex wp-block-gallery-is-layout-flex\">\n<figure class=\"wp-block-image size-large\"><img loading=\"lazy\" decoding=\"async\" width=\"768\" height=\"1024\" data-id=\"10345\" src=\"https:\/\/cheminsplestinais.dcea.fr\/wp-content\/uploads\/2023\/11\/57C-768x1024.jpg\" alt=\"\" class=\"wp-image-10345\" srcset=\"https:\/\/cheminsplestinais.dcea.fr\/wp-content\/uploads\/2023\/11\/57C-768x1024.jpg 768w, https:\/\/cheminsplestinais.dcea.fr\/wp-content\/uploads\/2023\/11\/57C-225x300.jpg 225w, https:\/\/cheminsplestinais.dcea.fr\/wp-content\/uploads\/2023\/11\/57C-1152x1536.jpg 1152w, https:\/\/cheminsplestinais.dcea.fr\/wp-content\/uploads\/2023\/11\/57C-1536x2048.jpg 1536w, https:\/\/cheminsplestinais.dcea.fr\/wp-content\/uploads\/2023\/11\/57C-scaled.jpg 1920w\" sizes=\"(max-width: 768px) 100vw, 768px\" \/><\/figure>\n\n\n\n<figure class=\"wp-block-image size-large\"><a href=\"https:\/\/cheminsplestinais.dcea.fr\/wp-content\/uploads\/2023\/11\/57D-scaled.jpg\"><img loading=\"lazy\" decoding=\"async\" width=\"768\" height=\"1024\" data-id=\"10346\" src=\"https:\/\/cheminsplestinais.dcea.fr\/wp-content\/uploads\/2023\/11\/57D-768x1024.jpg\" alt=\"\" class=\"wp-image-10346\" srcset=\"https:\/\/cheminsplestinais.dcea.fr\/wp-content\/uploads\/2023\/11\/57D-768x1024.jpg 768w, https:\/\/cheminsplestinais.dcea.fr\/wp-content\/uploads\/2023\/11\/57D-225x300.jpg 225w, https:\/\/cheminsplestinais.dcea.fr\/wp-content\/uploads\/2023\/11\/57D-1152x1536.jpg 1152w, https:\/\/cheminsplestinais.dcea.fr\/wp-content\/uploads\/2023\/11\/57D-1536x2048.jpg 1536w, https:\/\/cheminsplestinais.dcea.fr\/wp-content\/uploads\/2023\/11\/57D-scaled.jpg 1920w\" sizes=\"(max-width: 768px) 100vw, 768px\" \/><\/a><\/figure>\n<\/figure>\n\n\n\n<p>Bis repetita le 13 novembre&nbsp;! Cette fois, ce sont Jean-Yves et Eric qui nous invitent \u00e0 lever notre verre pour f\u00eater le point de plus \u00e0 leur compteur personnel, en compagnie de leurs \u00e9pouses. Heureusement, cet automne n\u2019est pas marqu\u00e9 que par la temp\u00eate&nbsp;: il y a une \u00ab&nbsp;\u00e9pid\u00e9mie&nbsp;\u00bb d\u2019anniversaires aux Chemins Plestinais&nbsp;.<\/p>\n\n\n\n<h2 class=\"wp-block-heading\">Le Tro Plistin<\/h2>\n\n\n\n<figure class=\"wp-block-gallery has-nested-images columns-default is-cropped wp-block-gallery-31 is-layout-flex wp-block-gallery-is-layout-flex\">\n<figure class=\"wp-block-image size-large\"><a href=\"https:\/\/cheminsplestinais.dcea.fr\/wp-content\/uploads\/2023\/11\/58-scaled.jpg\"><img loading=\"lazy\" decoding=\"async\" width=\"768\" height=\"1024\" data-id=\"10347\" src=\"https:\/\/cheminsplestinais.dcea.fr\/wp-content\/uploads\/2023\/11\/58-768x1024.jpg\" alt=\"\" class=\"wp-image-10347\" srcset=\"https:\/\/cheminsplestinais.dcea.fr\/wp-content\/uploads\/2023\/11\/58-768x1024.jpg 768w, https:\/\/cheminsplestinais.dcea.fr\/wp-content\/uploads\/2023\/11\/58-225x300.jpg 225w, https:\/\/cheminsplestinais.dcea.fr\/wp-content\/uploads\/2023\/11\/58-1152x1536.jpg 1152w, https:\/\/cheminsplestinais.dcea.fr\/wp-content\/uploads\/2023\/11\/58-1536x2048.jpg 1536w, https:\/\/cheminsplestinais.dcea.fr\/wp-content\/uploads\/2023\/11\/58-scaled.jpg 1920w\" sizes=\"(max-width: 768px) 100vw, 768px\" \/><\/a><figcaption class=\"wp-element-caption\">Comme tous les ans, les participants au Tro Plistin se retrouvent d\u00e8s l\u2019aube sur le quai de Toul an Herry, par\u00e9s pour un p\u00e9riple de 31 km autour de PLestin.<\/figcaption><\/figure>\n\n\n\n<figure class=\"wp-block-image size-large\"><a href=\"https:\/\/cheminsplestinais.dcea.fr\/wp-content\/uploads\/2023\/11\/59-scaled.jpg\"><img loading=\"lazy\" decoding=\"async\" width=\"768\" height=\"1024\" data-id=\"10348\" src=\"https:\/\/cheminsplestinais.dcea.fr\/wp-content\/uploads\/2023\/11\/59-768x1024.jpg\" alt=\"\" class=\"wp-image-10348\" srcset=\"https:\/\/cheminsplestinais.dcea.fr\/wp-content\/uploads\/2023\/11\/59-768x1024.jpg 768w, https:\/\/cheminsplestinais.dcea.fr\/wp-content\/uploads\/2023\/11\/59-225x300.jpg 225w, https:\/\/cheminsplestinais.dcea.fr\/wp-content\/uploads\/2023\/11\/59-1152x1536.jpg 1152w, https:\/\/cheminsplestinais.dcea.fr\/wp-content\/uploads\/2023\/11\/59-1536x2048.jpg 1536w, https:\/\/cheminsplestinais.dcea.fr\/wp-content\/uploads\/2023\/11\/59-scaled.jpg 1920w\" sizes=\"(max-width: 768px) 100vw, 768px\" \/><\/a><figcaption class=\"wp-element-caption\">La mar\u00e9e haute a permis \u00e0 chacun d\u2019admirer cette carte postale, avec l\u2019Ile Blanche en toile de fond.<\/figcaption><\/figure>\n\n\n\n<figure class=\"wp-block-image size-large\"><a href=\"https:\/\/cheminsplestinais.dcea.fr\/wp-content\/uploads\/2023\/11\/60-scaled.jpg\"><img loading=\"lazy\" decoding=\"async\" width=\"768\" height=\"1024\" data-id=\"10349\" src=\"https:\/\/cheminsplestinais.dcea.fr\/wp-content\/uploads\/2023\/11\/60-768x1024.jpg\" alt=\"\" class=\"wp-image-10349\" srcset=\"https:\/\/cheminsplestinais.dcea.fr\/wp-content\/uploads\/2023\/11\/60-768x1024.jpg 768w, https:\/\/cheminsplestinais.dcea.fr\/wp-content\/uploads\/2023\/11\/60-225x300.jpg 225w, https:\/\/cheminsplestinais.dcea.fr\/wp-content\/uploads\/2023\/11\/60-1152x1536.jpg 1152w, https:\/\/cheminsplestinais.dcea.fr\/wp-content\/uploads\/2023\/11\/60-1536x2048.jpg 1536w, https:\/\/cheminsplestinais.dcea.fr\/wp-content\/uploads\/2023\/11\/60-scaled.jpg 1920w\" sizes=\"(max-width: 768px) 100vw, 768px\" \/><\/a><figcaption class=\"wp-element-caption\">Le jour est d\u00e9j\u00e0 bien lev\u00e9 lorsque le groupe passe devant le Hogolo.\n<\/figcaption><\/figure>\n\n\n\n<figure class=\"wp-block-image size-large\"><a href=\"https:\/\/cheminsplestinais.dcea.fr\/wp-content\/uploads\/2023\/11\/61-scaled.jpg\"><img loading=\"lazy\" decoding=\"async\" width=\"768\" height=\"1024\" data-id=\"10350\" src=\"https:\/\/cheminsplestinais.dcea.fr\/wp-content\/uploads\/2023\/11\/61-768x1024.jpg\" alt=\"\" class=\"wp-image-10350\" srcset=\"https:\/\/cheminsplestinais.dcea.fr\/wp-content\/uploads\/2023\/11\/61-768x1024.jpg 768w, https:\/\/cheminsplestinais.dcea.fr\/wp-content\/uploads\/2023\/11\/61-225x300.jpg 225w, https:\/\/cheminsplestinais.dcea.fr\/wp-content\/uploads\/2023\/11\/61-1152x1536.jpg 1152w, https:\/\/cheminsplestinais.dcea.fr\/wp-content\/uploads\/2023\/11\/61-1536x2048.jpg 1536w, https:\/\/cheminsplestinais.dcea.fr\/wp-content\/uploads\/2023\/11\/61-scaled.jpg 1920w\" sizes=\"(max-width: 768px) 100vw, 768px\" \/><\/a><figcaption class=\"wp-element-caption\">Petite halte incontournable devant la table d\u2019orientation con\u00e7ue et pos\u00e9e par les chemins plestinais sur un vestige de la seconde guerre.<\/figcaption><\/figure>\n<\/figure>\n\n\n\n<figure class=\"wp-block-gallery has-nested-images columns-default is-cropped wp-block-gallery-32 is-layout-flex wp-block-gallery-is-layout-flex\">\n<figure class=\"wp-block-image size-large\"><a href=\"https:\/\/cheminsplestinais.dcea.fr\/wp-content\/uploads\/2023\/11\/62-scaled-e1700489837479.jpg\"><img loading=\"lazy\" decoding=\"async\" width=\"1024\" height=\"876\" data-id=\"10351\" src=\"https:\/\/cheminsplestinais.dcea.fr\/wp-content\/uploads\/2023\/11\/62-scaled-e1700489837479-1024x876.jpg\" alt=\"\" class=\"wp-image-10351\" srcset=\"https:\/\/cheminsplestinais.dcea.fr\/wp-content\/uploads\/2023\/11\/62-scaled-e1700489837479-1024x876.jpg 1024w, https:\/\/cheminsplestinais.dcea.fr\/wp-content\/uploads\/2023\/11\/62-scaled-e1700489837479-300x257.jpg 300w, https:\/\/cheminsplestinais.dcea.fr\/wp-content\/uploads\/2023\/11\/62-scaled-e1700489837479-768x657.jpg 768w, https:\/\/cheminsplestinais.dcea.fr\/wp-content\/uploads\/2023\/11\/62-scaled-e1700489837479-1536x1314.jpg 1536w, https:\/\/cheminsplestinais.dcea.fr\/wp-content\/uploads\/2023\/11\/62-scaled-e1700489837479.jpg 1920w\" sizes=\"(max-width: 1024px) 100vw, 1024px\" \/><\/a><figcaption class=\"wp-element-caption\">Le GR34 entre la plage des cur\u00e9s et la pointe de Beg Douar met les mollets \u00e0 rude \u00e9preuve&nbsp;: les petits arr\u00eats, \u00e0 Pors Mellec comme \u00e0 Beg Douar, ne se refusent pas&nbsp;!\n<\/figcaption><\/figure>\n\n\n\n<figure class=\"wp-block-image size-large\"><a href=\"https:\/\/cheminsplestinais.dcea.fr\/wp-content\/uploads\/2023\/11\/63-scaled.jpg\"><img loading=\"lazy\" decoding=\"async\" width=\"768\" height=\"1024\" data-id=\"10352\" src=\"https:\/\/cheminsplestinais.dcea.fr\/wp-content\/uploads\/2023\/11\/63-768x1024.jpg\" alt=\"\" class=\"wp-image-10352\" srcset=\"https:\/\/cheminsplestinais.dcea.fr\/wp-content\/uploads\/2023\/11\/63-768x1024.jpg 768w, https:\/\/cheminsplestinais.dcea.fr\/wp-content\/uploads\/2023\/11\/63-225x300.jpg 225w, https:\/\/cheminsplestinais.dcea.fr\/wp-content\/uploads\/2023\/11\/63-1152x1536.jpg 1152w, https:\/\/cheminsplestinais.dcea.fr\/wp-content\/uploads\/2023\/11\/63-1536x2048.jpg 1536w, https:\/\/cheminsplestinais.dcea.fr\/wp-content\/uploads\/2023\/11\/63-scaled.jpg 1920w\" sizes=\"(max-width: 768px) 100vw, 768px\" \/><\/a><\/figure>\n\n\n\n<figure class=\"wp-block-image size-large\"><a href=\"https:\/\/cheminsplestinais.dcea.fr\/wp-content\/uploads\/2023\/11\/64-scaled.jpg\"><img loading=\"lazy\" decoding=\"async\" width=\"768\" height=\"1024\" data-id=\"10353\" src=\"https:\/\/cheminsplestinais.dcea.fr\/wp-content\/uploads\/2023\/11\/64-768x1024.jpg\" alt=\"\" class=\"wp-image-10353\" srcset=\"https:\/\/cheminsplestinais.dcea.fr\/wp-content\/uploads\/2023\/11\/64-768x1024.jpg 768w, https:\/\/cheminsplestinais.dcea.fr\/wp-content\/uploads\/2023\/11\/64-225x300.jpg 225w, https:\/\/cheminsplestinais.dcea.fr\/wp-content\/uploads\/2023\/11\/64-1152x1536.jpg 1152w, https:\/\/cheminsplestinais.dcea.fr\/wp-content\/uploads\/2023\/11\/64-1536x2048.jpg 1536w, https:\/\/cheminsplestinais.dcea.fr\/wp-content\/uploads\/2023\/11\/64-scaled.jpg 1920w\" sizes=\"(max-width: 768px) 100vw, 768px\" \/><\/a><figcaption class=\"wp-element-caption\">En route vers Saint Efflam\u2026<\/figcaption><\/figure>\n<\/figure>\n\n\n\n<figure class=\"wp-block-gallery has-nested-images columns-default is-cropped wp-block-gallery-33 is-layout-flex wp-block-gallery-is-layout-flex\">\n<figure class=\"wp-block-image size-large\"><a href=\"https:\/\/cheminsplestinais.dcea.fr\/wp-content\/uploads\/2023\/11\/65-scaled.jpg\"><img loading=\"lazy\" decoding=\"async\" width=\"768\" height=\"1024\" data-id=\"10354\" src=\"https:\/\/cheminsplestinais.dcea.fr\/wp-content\/uploads\/2023\/11\/65-768x1024.jpg\" alt=\"\" class=\"wp-image-10354\" srcset=\"https:\/\/cheminsplestinais.dcea.fr\/wp-content\/uploads\/2023\/11\/65-768x1024.jpg 768w, https:\/\/cheminsplestinais.dcea.fr\/wp-content\/uploads\/2023\/11\/65-225x300.jpg 225w, https:\/\/cheminsplestinais.dcea.fr\/wp-content\/uploads\/2023\/11\/65-1152x1536.jpg 1152w, https:\/\/cheminsplestinais.dcea.fr\/wp-content\/uploads\/2023\/11\/65-1536x2048.jpg 1536w, https:\/\/cheminsplestinais.dcea.fr\/wp-content\/uploads\/2023\/11\/65-scaled.jpg 1920w\" sizes=\"(max-width: 768px) 100vw, 768px\" \/><\/a><figcaption class=\"wp-element-caption\">\u2026o\u00f9 le groupe sacrifie \u00e0 un autre arr\u00eat, tout aussi indispensable&nbsp;!<\/figcaption><\/figure>\n\n\n\n<figure class=\"wp-block-image size-large\"><a href=\"https:\/\/cheminsplestinais.dcea.fr\/wp-content\/uploads\/2023\/11\/66-scaled.jpg\"><img loading=\"lazy\" decoding=\"async\" width=\"768\" height=\"1024\" data-id=\"10355\" src=\"https:\/\/cheminsplestinais.dcea.fr\/wp-content\/uploads\/2023\/11\/66-768x1024.jpg\" alt=\"\" class=\"wp-image-10355\" srcset=\"https:\/\/cheminsplestinais.dcea.fr\/wp-content\/uploads\/2023\/11\/66-768x1024.jpg 768w, https:\/\/cheminsplestinais.dcea.fr\/wp-content\/uploads\/2023\/11\/66-225x300.jpg 225w, https:\/\/cheminsplestinais.dcea.fr\/wp-content\/uploads\/2023\/11\/66-1152x1536.jpg 1152w, https:\/\/cheminsplestinais.dcea.fr\/wp-content\/uploads\/2023\/11\/66-1536x2048.jpg 1536w, https:\/\/cheminsplestinais.dcea.fr\/wp-content\/uploads\/2023\/11\/66-scaled.jpg 1920w\" sizes=\"(max-width: 768px) 100vw, 768px\" \/><\/a><figcaption class=\"wp-element-caption\">A l\u2019attaque du sentier contournant le Grand Rocher.<\/figcaption><\/figure>\n\n\n\n<figure class=\"wp-block-image size-large\"><a href=\"https:\/\/cheminsplestinais.dcea.fr\/wp-content\/uploads\/2023\/11\/67-scaled.jpg\"><img loading=\"lazy\" decoding=\"async\" width=\"768\" height=\"1024\" data-id=\"10356\" src=\"https:\/\/cheminsplestinais.dcea.fr\/wp-content\/uploads\/2023\/11\/67-768x1024.jpg\" alt=\"\" class=\"wp-image-10356\" srcset=\"https:\/\/cheminsplestinais.dcea.fr\/wp-content\/uploads\/2023\/11\/67-768x1024.jpg 768w, https:\/\/cheminsplestinais.dcea.fr\/wp-content\/uploads\/2023\/11\/67-225x300.jpg 225w, https:\/\/cheminsplestinais.dcea.fr\/wp-content\/uploads\/2023\/11\/67-1152x1536.jpg 1152w, https:\/\/cheminsplestinais.dcea.fr\/wp-content\/uploads\/2023\/11\/67-1536x2048.jpg 1536w, https:\/\/cheminsplestinais.dcea.fr\/wp-content\/uploads\/2023\/11\/67-scaled.jpg 1920w\" sizes=\"(max-width: 768px) 100vw, 768px\" \/><\/a><figcaption class=\"wp-element-caption\">Il faut bien regarder o\u00f9 l\u2019on pose le pied&nbsp;: <\/figcaption><\/figure>\n<\/figure>\n\n\n\n<figure class=\"wp-block-gallery has-nested-images columns-default is-cropped wp-block-gallery-34 is-layout-flex wp-block-gallery-is-layout-flex\">\n<figure class=\"wp-block-image size-large\"><a href=\"https:\/\/cheminsplestinais.dcea.fr\/wp-content\/uploads\/2023\/11\/68-scaled.jpg\"><img loading=\"lazy\" decoding=\"async\" width=\"768\" height=\"1024\" data-id=\"10357\" src=\"https:\/\/cheminsplestinais.dcea.fr\/wp-content\/uploads\/2023\/11\/68-768x1024.jpg\" alt=\"\" class=\"wp-image-10357\" srcset=\"https:\/\/cheminsplestinais.dcea.fr\/wp-content\/uploads\/2023\/11\/68-768x1024.jpg 768w, https:\/\/cheminsplestinais.dcea.fr\/wp-content\/uploads\/2023\/11\/68-225x300.jpg 225w, https:\/\/cheminsplestinais.dcea.fr\/wp-content\/uploads\/2023\/11\/68-1152x1536.jpg 1152w, https:\/\/cheminsplestinais.dcea.fr\/wp-content\/uploads\/2023\/11\/68-1536x2048.jpg 1536w, https:\/\/cheminsplestinais.dcea.fr\/wp-content\/uploads\/2023\/11\/68-scaled.jpg 1920w\" sizes=\"(max-width: 768px) 100vw, 768px\" \/><\/a><figcaption class=\"wp-element-caption\">l\u2019endroit peut r\u00e9server quelques tra\u00eetrises&nbsp;\u2026<\/figcaption><\/figure>\n\n\n\n<figure class=\"wp-block-image size-large\"><a href=\"https:\/\/cheminsplestinais.dcea.fr\/wp-content\/uploads\/2023\/11\/69-scaled.jpg\"><img loading=\"lazy\" decoding=\"async\" width=\"768\" height=\"1024\" data-id=\"10358\" src=\"https:\/\/cheminsplestinais.dcea.fr\/wp-content\/uploads\/2023\/11\/69-768x1024.jpg\" alt=\"\" class=\"wp-image-10358\" srcset=\"https:\/\/cheminsplestinais.dcea.fr\/wp-content\/uploads\/2023\/11\/69-768x1024.jpg 768w, https:\/\/cheminsplestinais.dcea.fr\/wp-content\/uploads\/2023\/11\/69-225x300.jpg 225w, https:\/\/cheminsplestinais.dcea.fr\/wp-content\/uploads\/2023\/11\/69-1152x1536.jpg 1152w, https:\/\/cheminsplestinais.dcea.fr\/wp-content\/uploads\/2023\/11\/69-1536x2048.jpg 1536w, https:\/\/cheminsplestinais.dcea.fr\/wp-content\/uploads\/2023\/11\/69-scaled.jpg 1920w\" sizes=\"(max-width: 768px) 100vw, 768px\" \/><\/a><figcaption class=\"wp-element-caption\">Enfin un endroit plus \u00ab&nbsp;carrossable&nbsp;\u00bb&nbsp;!<\/figcaption><\/figure>\n\n\n\n<figure class=\"wp-block-image size-large\"><a href=\"https:\/\/cheminsplestinais.dcea.fr\/wp-content\/uploads\/2023\/11\/70-scaled.jpg\"><img loading=\"lazy\" decoding=\"async\" width=\"768\" height=\"1024\" data-id=\"10359\" src=\"https:\/\/cheminsplestinais.dcea.fr\/wp-content\/uploads\/2023\/11\/70-768x1024.jpg\" alt=\"\" class=\"wp-image-10359\" srcset=\"https:\/\/cheminsplestinais.dcea.fr\/wp-content\/uploads\/2023\/11\/70-768x1024.jpg 768w, https:\/\/cheminsplestinais.dcea.fr\/wp-content\/uploads\/2023\/11\/70-225x300.jpg 225w, https:\/\/cheminsplestinais.dcea.fr\/wp-content\/uploads\/2023\/11\/70-1152x1536.jpg 1152w, https:\/\/cheminsplestinais.dcea.fr\/wp-content\/uploads\/2023\/11\/70-1536x2048.jpg 1536w, https:\/\/cheminsplestinais.dcea.fr\/wp-content\/uploads\/2023\/11\/70-scaled.jpg 1920w\" sizes=\"(max-width: 768px) 100vw, 768px\" \/><\/a><\/figure>\n<\/figure>\n\n\n\n<figure class=\"wp-block-gallery has-nested-images columns-default is-cropped wp-block-gallery-35 is-layout-flex wp-block-gallery-is-layout-flex\">\n<figure class=\"wp-block-image size-large\"><a href=\"https:\/\/cheminsplestinais.dcea.fr\/wp-content\/uploads\/2023\/11\/71-scaled.jpg\"><img loading=\"lazy\" decoding=\"async\" width=\"768\" height=\"1024\" data-id=\"10360\" src=\"https:\/\/cheminsplestinais.dcea.fr\/wp-content\/uploads\/2023\/11\/71-768x1024.jpg\" alt=\"\" class=\"wp-image-10360\" srcset=\"https:\/\/cheminsplestinais.dcea.fr\/wp-content\/uploads\/2023\/11\/71-768x1024.jpg 768w, https:\/\/cheminsplestinais.dcea.fr\/wp-content\/uploads\/2023\/11\/71-225x300.jpg 225w, https:\/\/cheminsplestinais.dcea.fr\/wp-content\/uploads\/2023\/11\/71-1152x1536.jpg 1152w, https:\/\/cheminsplestinais.dcea.fr\/wp-content\/uploads\/2023\/11\/71-1536x2048.jpg 1536w, https:\/\/cheminsplestinais.dcea.fr\/wp-content\/uploads\/2023\/11\/71-scaled.jpg 1920w\" sizes=\"(max-width: 768px) 100vw, 768px\" \/><\/a><figcaption class=\"wp-element-caption\">Un petit moment en \u00ab&nbsp;solo&nbsp;\u00bb permet aussi de profiter du calme de l\u2019endroit.\n<\/figcaption><\/figure>\n\n\n\n<figure class=\"wp-block-image size-large\"><a href=\"https:\/\/cheminsplestinais.dcea.fr\/wp-content\/uploads\/2023\/11\/72-scaled.jpg\"><img loading=\"lazy\" decoding=\"async\" width=\"768\" height=\"1024\" data-id=\"10361\" src=\"https:\/\/cheminsplestinais.dcea.fr\/wp-content\/uploads\/2023\/11\/72-768x1024.jpg\" alt=\"\" class=\"wp-image-10361\" srcset=\"https:\/\/cheminsplestinais.dcea.fr\/wp-content\/uploads\/2023\/11\/72-768x1024.jpg 768w, https:\/\/cheminsplestinais.dcea.fr\/wp-content\/uploads\/2023\/11\/72-225x300.jpg 225w, https:\/\/cheminsplestinais.dcea.fr\/wp-content\/uploads\/2023\/11\/72-1152x1536.jpg 1152w, https:\/\/cheminsplestinais.dcea.fr\/wp-content\/uploads\/2023\/11\/72-1536x2048.jpg 1536w, https:\/\/cheminsplestinais.dcea.fr\/wp-content\/uploads\/2023\/11\/72-scaled.jpg 1920w\" sizes=\"(max-width: 768px) 100vw, 768px\" \/><\/a><figcaption class=\"wp-element-caption\">D\u00e9j\u00e0 quelques Kms sous les semelles\u2026et le rythme ne faiblit pas,\n<\/figcaption><\/figure>\n<\/figure>\n\n\n\n<figure class=\"wp-block-gallery has-nested-images columns-default is-cropped wp-block-gallery-36 is-layout-flex wp-block-gallery-is-layout-flex\">\n<figure class=\"wp-block-image size-large\"><a href=\"https:\/\/cheminsplestinais.dcea.fr\/wp-content\/uploads\/2023\/11\/73-scaled.jpg\"><img loading=\"lazy\" decoding=\"async\" width=\"768\" height=\"1024\" data-id=\"10362\" src=\"https:\/\/cheminsplestinais.dcea.fr\/wp-content\/uploads\/2023\/11\/73-768x1024.jpg\" alt=\"\" class=\"wp-image-10362\" srcset=\"https:\/\/cheminsplestinais.dcea.fr\/wp-content\/uploads\/2023\/11\/73-768x1024.jpg 768w, https:\/\/cheminsplestinais.dcea.fr\/wp-content\/uploads\/2023\/11\/73-225x300.jpg 225w, https:\/\/cheminsplestinais.dcea.fr\/wp-content\/uploads\/2023\/11\/73-1152x1536.jpg 1152w, https:\/\/cheminsplestinais.dcea.fr\/wp-content\/uploads\/2023\/11\/73-1536x2048.jpg 1536w, https:\/\/cheminsplestinais.dcea.fr\/wp-content\/uploads\/2023\/11\/73-scaled.jpg 1920w\" sizes=\"(max-width: 768px) 100vw, 768px\" \/><\/a><\/figure>\n\n\n\n<figure class=\"wp-block-image size-large\"><a href=\"https:\/\/cheminsplestinais.dcea.fr\/wp-content\/uploads\/2023\/11\/74-scaled.jpg\"><img loading=\"lazy\" decoding=\"async\" width=\"768\" height=\"1024\" data-id=\"10363\" src=\"https:\/\/cheminsplestinais.dcea.fr\/wp-content\/uploads\/2023\/11\/74-768x1024.jpg\" alt=\"\" class=\"wp-image-10363\" srcset=\"https:\/\/cheminsplestinais.dcea.fr\/wp-content\/uploads\/2023\/11\/74-768x1024.jpg 768w, https:\/\/cheminsplestinais.dcea.fr\/wp-content\/uploads\/2023\/11\/74-225x300.jpg 225w, https:\/\/cheminsplestinais.dcea.fr\/wp-content\/uploads\/2023\/11\/74-1152x1536.jpg 1152w, https:\/\/cheminsplestinais.dcea.fr\/wp-content\/uploads\/2023\/11\/74-1536x2048.jpg 1536w, https:\/\/cheminsplestinais.dcea.fr\/wp-content\/uploads\/2023\/11\/74-scaled.jpg 1920w\" sizes=\"(max-width: 768px) 100vw, 768px\" \/><\/a><figcaption class=\"wp-element-caption\">On peut m\u00eame faire la causette \u00ab&nbsp;fa\u00e7on marseillaise&nbsp;\u00bb.<\/figcaption><\/figure>\n<\/figure>\n\n\n\n<figure class=\"wp-block-gallery has-nested-images columns-default is-cropped wp-block-gallery-37 is-layout-flex wp-block-gallery-is-layout-flex\">\n<figure class=\"wp-block-image size-large\"><a href=\"https:\/\/cheminsplestinais.dcea.fr\/wp-content\/uploads\/2023\/11\/75-scaled.jpg\"><img loading=\"lazy\" decoding=\"async\" width=\"768\" height=\"1024\" data-id=\"10364\" src=\"https:\/\/cheminsplestinais.dcea.fr\/wp-content\/uploads\/2023\/11\/75-768x1024.jpg\" alt=\"\" class=\"wp-image-10364\" srcset=\"https:\/\/cheminsplestinais.dcea.fr\/wp-content\/uploads\/2023\/11\/75-768x1024.jpg 768w, https:\/\/cheminsplestinais.dcea.fr\/wp-content\/uploads\/2023\/11\/75-225x300.jpg 225w, https:\/\/cheminsplestinais.dcea.fr\/wp-content\/uploads\/2023\/11\/75-1152x1536.jpg 1152w, https:\/\/cheminsplestinais.dcea.fr\/wp-content\/uploads\/2023\/11\/75-1536x2048.jpg 1536w, https:\/\/cheminsplestinais.dcea.fr\/wp-content\/uploads\/2023\/11\/75-scaled.jpg 1920w\" sizes=\"(max-width: 768px) 100vw, 768px\" \/><\/a><figcaption class=\"wp-element-caption\">A mi-parcours&nbsp;, la r\u00e9compense&nbsp;: pique-nique chez Michel et Christine, lesquels ont tous les ans la gentillesse de nous mettre leur local \u00e0 disposition.<\/figcaption><\/figure>\n\n\n\n<figure class=\"wp-block-image size-large\"><a href=\"https:\/\/cheminsplestinais.dcea.fr\/wp-content\/uploads\/2023\/11\/76-scaled.jpg\"><img loading=\"lazy\" decoding=\"async\" width=\"768\" height=\"1024\" data-id=\"10365\" src=\"https:\/\/cheminsplestinais.dcea.fr\/wp-content\/uploads\/2023\/11\/76-768x1024.jpg\" alt=\"\" class=\"wp-image-10365\" srcset=\"https:\/\/cheminsplestinais.dcea.fr\/wp-content\/uploads\/2023\/11\/76-768x1024.jpg 768w, https:\/\/cheminsplestinais.dcea.fr\/wp-content\/uploads\/2023\/11\/76-225x300.jpg 225w, https:\/\/cheminsplestinais.dcea.fr\/wp-content\/uploads\/2023\/11\/76-1152x1536.jpg 1152w, https:\/\/cheminsplestinais.dcea.fr\/wp-content\/uploads\/2023\/11\/76-1536x2048.jpg 1536w, https:\/\/cheminsplestinais.dcea.fr\/wp-content\/uploads\/2023\/11\/76-scaled.jpg 1920w\" sizes=\"(max-width: 768px) 100vw, 768px\" \/><\/a><figcaption class=\"wp-element-caption\">Toujours une aussi belle tabl\u00e9e\u2026\n<\/figcaption><\/figure>\n\n\n\n<figure class=\"wp-block-image size-large\"><a href=\"https:\/\/cheminsplestinais.dcea.fr\/wp-content\/uploads\/2023\/11\/76A-scaled.jpg\"><img loading=\"lazy\" decoding=\"async\" width=\"1024\" height=\"576\" data-id=\"10366\" src=\"https:\/\/cheminsplestinais.dcea.fr\/wp-content\/uploads\/2023\/11\/76A-1024x576.jpg\" alt=\"\" class=\"wp-image-10366\" srcset=\"https:\/\/cheminsplestinais.dcea.fr\/wp-content\/uploads\/2023\/11\/76A-1024x576.jpg 1024w, https:\/\/cheminsplestinais.dcea.fr\/wp-content\/uploads\/2023\/11\/76A-300x169.jpg 300w, https:\/\/cheminsplestinais.dcea.fr\/wp-content\/uploads\/2023\/11\/76A-768x432.jpg 768w, https:\/\/cheminsplestinais.dcea.fr\/wp-content\/uploads\/2023\/11\/76A-1536x863.jpg 1536w, https:\/\/cheminsplestinais.dcea.fr\/wp-content\/uploads\/2023\/11\/76A-2048x1151.jpg 2048w\" sizes=\"(max-width: 1024px) 100vw, 1024px\" \/><\/a><\/figure>\n<\/figure>\n\n\n\n<figure class=\"wp-block-gallery has-nested-images columns-default is-cropped wp-block-gallery-38 is-layout-flex wp-block-gallery-is-layout-flex\">\n<figure class=\"wp-block-image size-large\"><a href=\"https:\/\/cheminsplestinais.dcea.fr\/wp-content\/uploads\/2023\/11\/76B-scaled.jpg\"><img loading=\"lazy\" decoding=\"async\" width=\"1024\" height=\"576\" data-id=\"10367\" src=\"https:\/\/cheminsplestinais.dcea.fr\/wp-content\/uploads\/2023\/11\/76B-1024x576.jpg\" alt=\"\" class=\"wp-image-10367\" srcset=\"https:\/\/cheminsplestinais.dcea.fr\/wp-content\/uploads\/2023\/11\/76B-1024x576.jpg 1024w, https:\/\/cheminsplestinais.dcea.fr\/wp-content\/uploads\/2023\/11\/76B-300x169.jpg 300w, https:\/\/cheminsplestinais.dcea.fr\/wp-content\/uploads\/2023\/11\/76B-768x432.jpg 768w, https:\/\/cheminsplestinais.dcea.fr\/wp-content\/uploads\/2023\/11\/76B-1536x863.jpg 1536w, https:\/\/cheminsplestinais.dcea.fr\/wp-content\/uploads\/2023\/11\/76B-2048x1151.jpg 2048w\" sizes=\"(max-width: 1024px) 100vw, 1024px\" \/><\/a><\/figure>\n\n\n\n<figure class=\"wp-block-image size-large\"><a href=\"https:\/\/cheminsplestinais.dcea.fr\/wp-content\/uploads\/2023\/11\/77-scaled.jpg\"><img loading=\"lazy\" decoding=\"async\" width=\"768\" height=\"1024\" data-id=\"10368\" src=\"https:\/\/cheminsplestinais.dcea.fr\/wp-content\/uploads\/2023\/11\/77-768x1024.jpg\" alt=\"\" class=\"wp-image-10368\" srcset=\"https:\/\/cheminsplestinais.dcea.fr\/wp-content\/uploads\/2023\/11\/77-768x1024.jpg 768w, https:\/\/cheminsplestinais.dcea.fr\/wp-content\/uploads\/2023\/11\/77-225x300.jpg 225w, https:\/\/cheminsplestinais.dcea.fr\/wp-content\/uploads\/2023\/11\/77-1152x1536.jpg 1152w, https:\/\/cheminsplestinais.dcea.fr\/wp-content\/uploads\/2023\/11\/77-1536x2048.jpg 1536w, https:\/\/cheminsplestinais.dcea.fr\/wp-content\/uploads\/2023\/11\/77-scaled.jpg 1920w\" sizes=\"(max-width: 768px) 100vw, 768px\" \/><\/a><figcaption class=\"wp-element-caption\">Une quinzaine de Km, \u00e7a ouvre l\u2019app\u00e9tit&nbsp;!<\/figcaption><\/figure>\n<\/figure>\n\n\n\n<figure class=\"wp-block-gallery has-nested-images columns-default is-cropped wp-block-gallery-39 is-layout-flex wp-block-gallery-is-layout-flex\">\n<figure class=\"wp-block-image size-large\"><a href=\"https:\/\/cheminsplestinais.dcea.fr\/wp-content\/uploads\/2023\/11\/78-scaled.jpg\"><img loading=\"lazy\" decoding=\"async\" width=\"768\" height=\"1024\" data-id=\"10369\" src=\"https:\/\/cheminsplestinais.dcea.fr\/wp-content\/uploads\/2023\/11\/78-768x1024.jpg\" alt=\"\" class=\"wp-image-10369\" srcset=\"https:\/\/cheminsplestinais.dcea.fr\/wp-content\/uploads\/2023\/11\/78-768x1024.jpg 768w, https:\/\/cheminsplestinais.dcea.fr\/wp-content\/uploads\/2023\/11\/78-225x300.jpg 225w, https:\/\/cheminsplestinais.dcea.fr\/wp-content\/uploads\/2023\/11\/78-1152x1536.jpg 1152w, https:\/\/cheminsplestinais.dcea.fr\/wp-content\/uploads\/2023\/11\/78-1536x2048.jpg 1536w, https:\/\/cheminsplestinais.dcea.fr\/wp-content\/uploads\/2023\/11\/78-scaled.jpg 1920w\" sizes=\"(max-width: 768px) 100vw, 768px\" \/><\/a><figcaption class=\"wp-element-caption\">Bernard a son mot \u00e0 dire&nbsp;!\n<\/figcaption><\/figure>\n\n\n\n<figure class=\"wp-block-image size-large\"><a href=\"https:\/\/cheminsplestinais.dcea.fr\/wp-content\/uploads\/2023\/11\/79-scaled.jpg\"><img loading=\"lazy\" decoding=\"async\" width=\"768\" height=\"1024\" data-id=\"10370\" src=\"https:\/\/cheminsplestinais.dcea.fr\/wp-content\/uploads\/2023\/11\/79-768x1024.jpg\" alt=\"\" class=\"wp-image-10370\" srcset=\"https:\/\/cheminsplestinais.dcea.fr\/wp-content\/uploads\/2023\/11\/79-768x1024.jpg 768w, https:\/\/cheminsplestinais.dcea.fr\/wp-content\/uploads\/2023\/11\/79-225x300.jpg 225w, https:\/\/cheminsplestinais.dcea.fr\/wp-content\/uploads\/2023\/11\/79-1152x1536.jpg 1152w, https:\/\/cheminsplestinais.dcea.fr\/wp-content\/uploads\/2023\/11\/79-1536x2048.jpg 1536w, https:\/\/cheminsplestinais.dcea.fr\/wp-content\/uploads\/2023\/11\/79-scaled.jpg 1920w\" sizes=\"(max-width: 768px) 100vw, 768px\" \/><\/a><figcaption class=\"wp-element-caption\">Gildas re\u00e7oit le message 5\/5.\n<\/figcaption><\/figure>\n\n\n\n<figure class=\"wp-block-image size-large\"><a href=\"https:\/\/cheminsplestinais.dcea.fr\/wp-content\/uploads\/2023\/11\/80-scaled.jpg\"><img loading=\"lazy\" decoding=\"async\" width=\"768\" height=\"1024\" data-id=\"10371\" src=\"https:\/\/cheminsplestinais.dcea.fr\/wp-content\/uploads\/2023\/11\/80-768x1024.jpg\" alt=\"\" class=\"wp-image-10371\" srcset=\"https:\/\/cheminsplestinais.dcea.fr\/wp-content\/uploads\/2023\/11\/80-768x1024.jpg 768w, https:\/\/cheminsplestinais.dcea.fr\/wp-content\/uploads\/2023\/11\/80-225x300.jpg 225w, https:\/\/cheminsplestinais.dcea.fr\/wp-content\/uploads\/2023\/11\/80-1152x1536.jpg 1152w, https:\/\/cheminsplestinais.dcea.fr\/wp-content\/uploads\/2023\/11\/80-1536x2048.jpg 1536w, https:\/\/cheminsplestinais.dcea.fr\/wp-content\/uploads\/2023\/11\/80-scaled.jpg 1920w\" sizes=\"(max-width: 768px) 100vw, 768px\" \/><\/a><figcaption class=\"wp-element-caption\">L\u2019heure de la remise des petits cadeaux \u00e0 Michel et Christine, pour les remercier de leur hospitalit\u00e9.<\/figcaption><\/figure>\n<\/figure>\n\n\n\n<figure class=\"wp-block-gallery has-nested-images columns-default is-cropped wp-block-gallery-40 is-layout-flex wp-block-gallery-is-layout-flex\">\n<figure class=\"wp-block-image size-large\"><img loading=\"lazy\" decoding=\"async\" width=\"768\" height=\"1024\" data-id=\"10372\" src=\"https:\/\/cheminsplestinais.dcea.fr\/wp-content\/uploads\/2023\/11\/81-768x1024.jpg\" alt=\"\" class=\"wp-image-10372\" srcset=\"https:\/\/cheminsplestinais.dcea.fr\/wp-content\/uploads\/2023\/11\/81-768x1024.jpg 768w, https:\/\/cheminsplestinais.dcea.fr\/wp-content\/uploads\/2023\/11\/81-225x300.jpg 225w, https:\/\/cheminsplestinais.dcea.fr\/wp-content\/uploads\/2023\/11\/81.jpg 1100w\" sizes=\"(max-width: 768px) 100vw, 768px\" \/><figcaption class=\"wp-element-caption\">La photo de groupe incontournable, avant la reprise de la randonn\u00e9e.\n<\/figcaption><\/figure>\n<\/figure>\n\n\n\n<figure class=\"wp-block-gallery has-nested-images columns-default is-cropped wp-block-gallery-41 is-layout-flex wp-block-gallery-is-layout-flex\">\n<figure class=\"wp-block-image size-large\"><a href=\"https:\/\/cheminsplestinais.dcea.fr\/wp-content\/uploads\/2023\/11\/83-scaled.jpg\"><img loading=\"lazy\" decoding=\"async\" width=\"768\" height=\"1024\" data-id=\"10373\" src=\"https:\/\/cheminsplestinais.dcea.fr\/wp-content\/uploads\/2023\/11\/83-768x1024.jpg\" alt=\"\" class=\"wp-image-10373\" srcset=\"https:\/\/cheminsplestinais.dcea.fr\/wp-content\/uploads\/2023\/11\/83-768x1024.jpg 768w, https:\/\/cheminsplestinais.dcea.fr\/wp-content\/uploads\/2023\/11\/83-225x300.jpg 225w, https:\/\/cheminsplestinais.dcea.fr\/wp-content\/uploads\/2023\/11\/83-1152x1536.jpg 1152w, https:\/\/cheminsplestinais.dcea.fr\/wp-content\/uploads\/2023\/11\/83-1536x2048.jpg 1536w, https:\/\/cheminsplestinais.dcea.fr\/wp-content\/uploads\/2023\/11\/83-scaled.jpg 1920w\" sizes=\"(max-width: 768px) 100vw, 768px\" \/><\/a><figcaption class=\"wp-element-caption\">L\u2019arriv\u00e9e \u00e0 Toul an Herry&nbsp;: avec le sourire\u2026<\/figcaption><\/figure>\n\n\n\n<figure class=\"wp-block-image size-large\"><a href=\"https:\/\/cheminsplestinais.dcea.fr\/wp-content\/uploads\/2023\/11\/82-scaled.jpg\"><img loading=\"lazy\" decoding=\"async\" width=\"768\" height=\"1024\" data-id=\"10398\" src=\"https:\/\/cheminsplestinais.dcea.fr\/wp-content\/uploads\/2023\/11\/82-768x1024.jpg\" alt=\"\" class=\"wp-image-10398\" srcset=\"https:\/\/cheminsplestinais.dcea.fr\/wp-content\/uploads\/2023\/11\/82-768x1024.jpg 768w, https:\/\/cheminsplestinais.dcea.fr\/wp-content\/uploads\/2023\/11\/82-225x300.jpg 225w, https:\/\/cheminsplestinais.dcea.fr\/wp-content\/uploads\/2023\/11\/82-1152x1536.jpg 1152w, https:\/\/cheminsplestinais.dcea.fr\/wp-content\/uploads\/2023\/11\/82-1536x2048.jpg 1536w, https:\/\/cheminsplestinais.dcea.fr\/wp-content\/uploads\/2023\/11\/82-scaled.jpg 1920w\" sizes=\"(max-width: 768px) 100vw, 768px\" \/><\/a><figcaption class=\"wp-element-caption\">\u2026m\u00eame pas la moindre trace de fatigue&nbsp;!<\/figcaption><\/figure>\n<\/figure>\n\n\n\n<figure class=\"wp-block-gallery has-nested-images columns-default is-cropped wp-block-gallery-42 is-layout-flex wp-block-gallery-is-layout-flex\">\n<figure class=\"wp-block-image size-large\"><a href=\"https:\/\/cheminsplestinais.dcea.fr\/wp-content\/uploads\/2023\/11\/84-scaled.jpg\"><img loading=\"lazy\" decoding=\"async\" width=\"768\" height=\"1024\" data-id=\"10374\" src=\"https:\/\/cheminsplestinais.dcea.fr\/wp-content\/uploads\/2023\/11\/84-768x1024.jpg\" alt=\"\" class=\"wp-image-10374\" srcset=\"https:\/\/cheminsplestinais.dcea.fr\/wp-content\/uploads\/2023\/11\/84-768x1024.jpg 768w, https:\/\/cheminsplestinais.dcea.fr\/wp-content\/uploads\/2023\/11\/84-225x300.jpg 225w, https:\/\/cheminsplestinais.dcea.fr\/wp-content\/uploads\/2023\/11\/84-1152x1536.jpg 1152w, https:\/\/cheminsplestinais.dcea.fr\/wp-content\/uploads\/2023\/11\/84-1536x2048.jpg 1536w, https:\/\/cheminsplestinais.dcea.fr\/wp-content\/uploads\/2023\/11\/84-scaled.jpg 1920w\" sizes=\"(max-width: 768px) 100vw, 768px\" \/><\/a><figcaption class=\"wp-element-caption\">Un ou deux b\u00e2tons\u2026chacun sa m\u00e9thode, mais \u00e9galit\u00e9 parfaite \u00e0 l\u2019arriv\u00e9e\u2026<\/figcaption><\/figure>\n\n\n\n<figure class=\"wp-block-image size-large\"><a href=\"https:\/\/cheminsplestinais.dcea.fr\/wp-content\/uploads\/2023\/11\/85-scaled.jpg\"><img loading=\"lazy\" decoding=\"async\" width=\"768\" height=\"1024\" data-id=\"10375\" src=\"https:\/\/cheminsplestinais.dcea.fr\/wp-content\/uploads\/2023\/11\/85-768x1024.jpg\" alt=\"\" class=\"wp-image-10375\" srcset=\"https:\/\/cheminsplestinais.dcea.fr\/wp-content\/uploads\/2023\/11\/85-768x1024.jpg 768w, https:\/\/cheminsplestinais.dcea.fr\/wp-content\/uploads\/2023\/11\/85-225x300.jpg 225w, https:\/\/cheminsplestinais.dcea.fr\/wp-content\/uploads\/2023\/11\/85-1152x1536.jpg 1152w, https:\/\/cheminsplestinais.dcea.fr\/wp-content\/uploads\/2023\/11\/85-1536x2048.jpg 1536w, https:\/\/cheminsplestinais.dcea.fr\/wp-content\/uploads\/2023\/11\/85-scaled.jpg 1920w\" sizes=\"(max-width: 768px) 100vw, 768px\" \/><\/a><figcaption class=\"wp-element-caption\">Une arriv\u00e9e toute pr\u00e9sidentielle\u2026<\/figcaption><\/figure>\n<\/figure>\n\n\n\n<figure class=\"wp-block-gallery has-nested-images columns-default is-cropped wp-block-gallery-43 is-layout-flex wp-block-gallery-is-layout-flex\">\n<figure class=\"wp-block-image size-large\"><a href=\"https:\/\/cheminsplestinais.dcea.fr\/wp-content\/uploads\/2023\/11\/86-scaled.jpg\"><img loading=\"lazy\" decoding=\"async\" width=\"768\" height=\"1024\" data-id=\"10376\" src=\"https:\/\/cheminsplestinais.dcea.fr\/wp-content\/uploads\/2023\/11\/86-768x1024.jpg\" alt=\"\" class=\"wp-image-10376\" srcset=\"https:\/\/cheminsplestinais.dcea.fr\/wp-content\/uploads\/2023\/11\/86-768x1024.jpg 768w, https:\/\/cheminsplestinais.dcea.fr\/wp-content\/uploads\/2023\/11\/86-225x300.jpg 225w, https:\/\/cheminsplestinais.dcea.fr\/wp-content\/uploads\/2023\/11\/86-1152x1536.jpg 1152w, https:\/\/cheminsplestinais.dcea.fr\/wp-content\/uploads\/2023\/11\/86-1536x2048.jpg 1536w, https:\/\/cheminsplestinais.dcea.fr\/wp-content\/uploads\/2023\/11\/86-scaled.jpg 1920w\" sizes=\"(max-width: 768px) 100vw, 768px\" \/><\/a><figcaption class=\"wp-element-caption\">\u2026Cela m\u00e9rite bien un p\u2019tit verre de cidre\u2026\u00e9lys\u00e9en&nbsp;!\n<\/figcaption><\/figure>\n\n\n\n<figure class=\"wp-block-image size-large\"><a href=\"https:\/\/cheminsplestinais.dcea.fr\/wp-content\/uploads\/2023\/11\/87-scaled.jpg\"><img loading=\"lazy\" decoding=\"async\" width=\"768\" height=\"1024\" data-id=\"10377\" src=\"https:\/\/cheminsplestinais.dcea.fr\/wp-content\/uploads\/2023\/11\/87-768x1024.jpg\" alt=\"\" class=\"wp-image-10377\" srcset=\"https:\/\/cheminsplestinais.dcea.fr\/wp-content\/uploads\/2023\/11\/87-768x1024.jpg 768w, https:\/\/cheminsplestinais.dcea.fr\/wp-content\/uploads\/2023\/11\/87-225x300.jpg 225w, https:\/\/cheminsplestinais.dcea.fr\/wp-content\/uploads\/2023\/11\/87-1152x1536.jpg 1152w, https:\/\/cheminsplestinais.dcea.fr\/wp-content\/uploads\/2023\/11\/87-1536x2048.jpg 1536w, https:\/\/cheminsplestinais.dcea.fr\/wp-content\/uploads\/2023\/11\/87-scaled.jpg 1920w\" sizes=\"(max-width: 768px) 100vw, 768px\" \/><\/a><figcaption class=\"wp-element-caption\">Lancement r\u00e9ussi&nbsp;! Elon Musk n\u2019a qu\u2019\u00e0 bien se tenir\u2026<\/figcaption><\/figure>\n\n\n\n<figure class=\"wp-block-image size-large\"><a href=\"https:\/\/cheminsplestinais.dcea.fr\/wp-content\/uploads\/2023\/11\/88-scaled.jpg\"><img loading=\"lazy\" decoding=\"async\" width=\"768\" height=\"1024\" data-id=\"10378\" src=\"https:\/\/cheminsplestinais.dcea.fr\/wp-content\/uploads\/2023\/11\/88-768x1024.jpg\" alt=\"\" class=\"wp-image-10378\" srcset=\"https:\/\/cheminsplestinais.dcea.fr\/wp-content\/uploads\/2023\/11\/88-768x1024.jpg 768w, https:\/\/cheminsplestinais.dcea.fr\/wp-content\/uploads\/2023\/11\/88-225x300.jpg 225w, https:\/\/cheminsplestinais.dcea.fr\/wp-content\/uploads\/2023\/11\/88-1152x1536.jpg 1152w, https:\/\/cheminsplestinais.dcea.fr\/wp-content\/uploads\/2023\/11\/88-1536x2048.jpg 1536w, https:\/\/cheminsplestinais.dcea.fr\/wp-content\/uploads\/2023\/11\/88-scaled.jpg 1920w\" sizes=\"(max-width: 768px) 100vw, 768px\" \/><\/a><figcaption class=\"wp-element-caption\">Ce n\u2019est pas Dominique qui dira le contraire&nbsp;!<\/figcaption><\/figure>\n<\/figure>\n\n\n\n<p>Ainsi s\u2019ach\u00e8ve le Tro Plistin, \u00e9dition 2023. Rendez-vous est pris pour 2024. D\u2019ici l\u00e0, les b\u00e9n\u00e9voles de l\u2019association auront, tous les lundis (ou presque) \u0153uvr\u00e9 au maintien en \u00e9tat des sentiers existants, ouvert de nouveaux parcours et \u2013pourquoi pas \u2013 d\u00e9couvert ici ou l\u00e0 quelque beau chemin creux tomb\u00e9 dans l\u2019oubli depuis de longues ann\u00e9es\u2026<\/p>\n\n\n\n<p><\/p>\n\n\n\n<h2 class=\"wp-block-heading\">Rencontre avec nos amis de Plouezoc&rsquo;h<\/h2>\n\n\n\n<p><strong>Une naissance dans la baie de Morlaix !<\/strong><\/p>\n\n\n\n<p>Le 7 Septembre dernier Servane, Georges et Gildas se sont rendus \u00e0 Plou\u00e9zoc\u2019h pour y rencontrer les membres de l\u2019association \u00ab&nbsp; <em>Patrimoine et Chemins de Plou\u00e9zoc\u2019h&nbsp;<\/em>\u00bb \u00e0 la demande de Christian Corson, tr\u00e9sorier, qui souhaitait avoir un \u00e9change concernant notre fonctionnement, le balisage de nos chemins, notre topo-guide des circuits, etc&#8230; Les membres pr\u00e9sents ont manifest\u00e9 un vif int\u00e9r\u00eat pour les renseignements que nous avons pu leur communiquer lors de notre rencontre.<\/p>\n\n\n\n<p>Christian Corson nous a pr\u00e9sent\u00e9 la toute jeune association et d\u00e9crit son activit\u00e9 sur cette belle commune de la baie de Morlaix.<\/p>\n\n\n\n<p>L\u2019association <em>\u00ab&nbsp; Patrimoine et Chemins&nbsp; de Plou\u00e9zoc\u2019h<\/em>\u00bb&nbsp; a \u00e9t\u00e9 cr\u00e9\u00e9e en f\u00e9vrier 2023, s&rsquo;appuyant sur une volont\u00e9 commune de la municipalit\u00e9 et de b\u00e9n\u00e9voles soucieux de s&rsquo;investir dans la sauvegarde des sentiers existants, mais aussi dans leur mise en r\u00e9seau, par la r\u00e9ouverture de nombreux chemins du domaine public laiss\u00e9s \u00e0 l&rsquo;abandon depuis de nombreuses ann\u00e9es.<\/p>\n\n\n\n<p>l&rsquo;association <em>Patrimoine et Chemins de Plou\u00e9zoc&rsquo;h <\/em>compte \u00e0 ce jour 51 membres avec 2 Co-pr\u00e9sidents en charge pour l&rsquo;un du patrimoine, pour l&rsquo;autre des sentiers de randonn\u00e9e.<\/p>\n\n\n\n<p>Plou\u00e9zoc&rsquo;h pr\u00e9sente un potentiel tr\u00e8s attractif, tant en mati\u00e8re de sentiers existants qu&rsquo;en mati\u00e8re de patrimoine&nbsp;<\/p>\n\n\n\n<p>( GR 34 bien s\u00fbr, mais aussi chemins d&rsquo;acc\u00e8s au cairn de Barnenez, \u00e0 la vall\u00e9e du Dourduff, ces deux derniers \u00e9tant r\u00e9f\u00e9renc\u00e9s FFRP).&nbsp;<\/p>\n\n\n\n<p>L&rsquo;un des objectifs de l&rsquo;association consiste \u00e0 cr\u00e9er un maillage entre parcours c\u00f4tier et parcours int\u00e9rieurs de la commune, qui permette aux randonneurs de d\u00e9couvrir les magnifiques panoramas qu&rsquo;offre la baie de Morlaix, mais aussi les charmes d&rsquo;une campagne parsem\u00e9e de chapelles, manoirs, fontaines etc&#8230;&nbsp;<\/p>\n\n\n\n<p>L&rsquo;association a eu le privil\u00e8ge d&rsquo;\u00eatre retenue dans les \u00ab\u00a0cinquante coups de coeur \u00a0\u00bb de la r\u00e9gion Bretagne \u00e0 l&rsquo;occasion des journ\u00e9es du patrimoine 2023.<\/p>\n\n\n\n<p>C&rsquo;est toujours un r\u00e9el plaisir de voir \u00e9merger des initiatives autour de projets destin\u00e9s \u00e0 favoriser la d\u00e9couverte de nos \u00ab\u00a0tr\u00e9sors cach\u00e9s\u00a0\u00bb, parfois si proches et (trop) souvent ignor\u00e9s, par une r\u00e9habilitation de chemins tomb\u00e9s dans l&rsquo;oubli et de petit patrimoine qui faisait autrefois pleinement partie de la vie des bourgs et des campagnes.<\/p>\n\n\n\n<p>Nous souhaitons donc \u00e0 l&rsquo;association \u00ab\u00a0<em>Patrimoine et Chemins de PLou\u00e9zoc&rsquo;h\u00a0\u00bb <\/em>de belles r\u00e9alisations permettant d&rsquo;attirer des randonneurs de plus en plus nombreux sur une commune disposant d&rsquo;un potentiel d&rsquo;une grande richesse.&nbsp;<\/p>\n\n\n\n<p>Bravo \u00e0 eux!<\/p>\n","protected":false},"excerpt":{"rendered":"<p>Site de Locrenan Le chantier de ce nouveau tron\u00e7on, d\u00e9marr\u00e9 en d\u00e9but d\u2019ann\u00e9e, a demand\u00e9 un travail cons\u00e9quent de d\u00e9broussaillage (cf. article pr\u00e9c\u00e9dent). Il entre d\u00e9sormais dans sa phase de finition (dra\u00eenage, pose de remblai) destin\u00e9e \u00e0 le rendre accessible aux randonneurs. Site du Yar \u00c7a y est&nbsp;! apr\u00e8s avoir re\u00e7u les autorisations n\u00e9cessaires, le [&hellip;]<\/p>\n","protected":false},"author":5,"featured_media":0,"comment_status":"open","ping_status":"closed","sticky":false,"template":"","format":"standard","meta":{"footnotes":""},"categories":[2],"tags":[],"_links":{"self":[{"href":"https:\/\/cheminsplestinais.dcea.fr\/index.php?rest_route=\/wp\/v2\/posts\/10188"}],"collection":[{"href":"https:\/\/cheminsplestinais.dcea.fr\/index.php?rest_route=\/wp\/v2\/posts"}],"about":[{"href":"https:\/\/cheminsplestinais.dcea.fr\/index.php?rest_route=\/wp\/v2\/types\/post"}],"author":[{"embeddable":true,"href":"https:\/\/cheminsplestinais.dcea.fr\/index.php?rest_route=\/wp\/v2\/users\/5"}],"replies":[{"embeddable":true,"href":"https:\/\/cheminsplestinais.dcea.fr\/index.php?rest_route=%2Fwp%2Fv2%2Fcomments&post=10188"}],"version-history":[{"count":30,"href":"https:\/\/cheminsplestinais.dcea.fr\/index.php?rest_route=\/wp\/v2\/posts\/10188\/revisions"}],"predecessor-version":[{"id":10849,"href":"https:\/\/cheminsplestinais.dcea.fr\/index.php?rest_route=\/wp\/v2\/posts\/10188\/revisions\/10849"}],"wp:attachment":[{"href":"https:\/\/cheminsplestinais.dcea.fr\/index.php?rest_route=%2Fwp%2Fv2%2Fmedia&parent=10188"}],"wp:term":[{"taxonomy":"category","embeddable":true,"href":"https:\/\/cheminsplestinais.dcea.fr\/index.php?rest_route=%2Fwp%2Fv2%2Fcategories&post=10188"},{"taxonomy":"post_tag","embeddable":true,"href":"https:\/\/cheminsplestinais.dcea.fr\/index.php?rest_route=%2Fwp%2Fv2%2Ftags&post=10188"}],"curies":[{"name":"wp","href":"https:\/\/api.w.org\/{rel}","templated":true}]}}