{"id":1043,"date":"2015-04-12T21:14:50","date_gmt":"2015-04-12T20:14:50","guid":{"rendered":"http:\/\/www.cheminsplestinais.dcea.fr\/?p=1043"},"modified":"2015-05-14T09:19:09","modified_gmt":"2015-05-14T08:19:09","slug":"un-chantier-se-termine-un-autre-commence","status":"publish","type":"post","link":"https:\/\/cheminsplestinais.dcea.fr\/?p=1043","title":{"rendered":"Un chantier se termine, un autre commence"},"content":{"rendered":"<p>Pas de r\u00e9pit dans le secteur de Coz Ilis !<\/p>\n<p>Le 30 mars, 11\u00e8me et derni\u00e8re s\u00e9quence de l&rsquo;am\u00e9nagement du sentier entrepris le 19 janvier.<br \/>\n<em>Voir article pr\u00e9c\u00e9dent : La descente de Coz Ilis<\/em>.<\/p>\n<p><a href=\"https:\/\/cheminsplestinais.dcea.fr\/wp-content\/uploads\/2015\/04\/vlcsnap-2015-04-12-09h31m36s27.jpg\"><img loading=\"lazy\" decoding=\"async\" class=\"alignright size-full wp-image-1064\" src=\"https:\/\/cheminsplestinais.dcea.fr\/wp-content\/uploads\/2015\/04\/vlcsnap-2015-04-12-09h31m36s27.jpg\" alt=\"vlcsnap-2015-04-12-09h31m36s27\" width=\"680\" height=\"383\" srcset=\"https:\/\/cheminsplestinais.dcea.fr\/wp-content\/uploads\/2015\/04\/vlcsnap-2015-04-12-09h31m36s27.jpg 680w, https:\/\/cheminsplestinais.dcea.fr\/wp-content\/uploads\/2015\/04\/vlcsnap-2015-04-12-09h31m36s27-300x168.jpg 300w\" sizes=\"(max-width: 680px) 100vw, 680px\" \/><\/a><\/p>\n<p>&nbsp;<\/p>\n<p>Derni\u00e8re valse<br \/>\ndes brouett\u00e9es.<\/p>\n<p><a href=\"https:\/\/cheminsplestinais.dcea.fr\/wp-content\/uploads\/2015\/04\/2015.03.30-08.42.431.jpg\"><img loading=\"lazy\" decoding=\"async\" class=\"alignleft size-full wp-image-1047\" src=\"https:\/\/cheminsplestinais.dcea.fr\/wp-content\/uploads\/2015\/04\/2015.03.30-08.42.431.jpg\" alt=\"SONY DSC\" width=\"872\" height=\"584\" srcset=\"https:\/\/cheminsplestinais.dcea.fr\/wp-content\/uploads\/2015\/04\/2015.03.30-08.42.431.jpg 872w, https:\/\/cheminsplestinais.dcea.fr\/wp-content\/uploads\/2015\/04\/2015.03.30-08.42.431-300x200.jpg 300w\" sizes=\"(max-width: 872px) 100vw, 872px\" \/><\/a><\/p>\n<p>&nbsp;<\/p>\n<p>&nbsp;<\/p>\n<p>&nbsp;<\/p>\n<p>&nbsp;<\/p>\n<p>&nbsp;<\/p>\n<p>Derniers relais.<\/p>\n<p>&nbsp;<\/p>\n<p>Nous rentrons au bercail, fiers de nos 500 m de nouveau sentier.<\/p>\n<p><img loading=\"lazy\" decoding=\"async\" class=\"CtreTexte\" src=\"http:\/\/img.over-blog.com\/500x334\/3\/88\/85\/99\/j-Coz-Ilis\/2015.03.30-09.09.59.jpg\" alt=\"2015.03.30-09.09.59\" width=\"500\" height=\"334\" \/><\/p>\n<p>&nbsp;<\/p>\n<p><a href=\"https:\/\/cheminsplestinais.dcea.fr\/wp-content\/uploads\/2015\/04\/16-02-2015-044.jpg\"><img loading=\"lazy\" decoding=\"async\" class=\"alignright size-medium wp-image-1046\" src=\"https:\/\/cheminsplestinais.dcea.fr\/wp-content\/uploads\/2015\/04\/16-02-2015-044-300x225.jpg\" alt=\"16 02 2015 044\" width=\"300\" height=\"225\" srcset=\"https:\/\/cheminsplestinais.dcea.fr\/wp-content\/uploads\/2015\/04\/16-02-2015-044-300x225.jpg 300w, https:\/\/cheminsplestinais.dcea.fr\/wp-content\/uploads\/2015\/04\/16-02-2015-044.jpg 800w\" sizes=\"(max-width: 300px) 100vw, 300px\" \/><\/a><\/p>\n<p>Hommes et mat\u00e9riels sont bien fatigu\u00e9s !<\/p>\n<p><a href=\"https:\/\/cheminsplestinais.dcea.fr\/wp-content\/uploads\/2015\/04\/IMG_03981.jpg\"><img loading=\"lazy\" decoding=\"async\" class=\"alignleft size-medium wp-image-1054\" src=\"https:\/\/cheminsplestinais.dcea.fr\/wp-content\/uploads\/2015\/04\/IMG_03981-300x225.jpg\" alt=\"IMG_0398\" width=\"300\" height=\"225\" srcset=\"https:\/\/cheminsplestinais.dcea.fr\/wp-content\/uploads\/2015\/04\/IMG_03981-300x225.jpg 300w, https:\/\/cheminsplestinais.dcea.fr\/wp-content\/uploads\/2015\/04\/IMG_03981-1024x768.jpg 1024w, https:\/\/cheminsplestinais.dcea.fr\/wp-content\/uploads\/2015\/04\/IMG_03981.jpg 1280w\" sizes=\"(max-width: 300px) 100vw, 300px\" \/><\/a><\/p>\n<p><a href=\"https:\/\/cheminsplestinais.dcea.fr\/wp-content\/uploads\/2015\/04\/P10505331.jpg\"><img loading=\"lazy\" decoding=\"async\" class=\"alignleft wp-image-1058\" src=\"https:\/\/cheminsplestinais.dcea.fr\/wp-content\/uploads\/2015\/04\/P10505331.jpg\" alt=\"P1050533\" width=\"600\" height=\"450\" srcset=\"https:\/\/cheminsplestinais.dcea.fr\/wp-content\/uploads\/2015\/04\/P10505331.jpg 800w, https:\/\/cheminsplestinais.dcea.fr\/wp-content\/uploads\/2015\/04\/P10505331-300x225.jpg 300w\" sizes=\"(max-width: 600px) 100vw, 600px\" \/><\/a><\/p>\n<p>&nbsp;<\/p>\n<p>&nbsp;<\/p>\n<p>&nbsp;<\/p>\n<p>&nbsp;<\/p>\n<p>&nbsp;<\/p>\n<p>Nous posons une chicane\u00a0aux 2 extr\u00e9mit\u00e9s\u00a0du sentier,\u00a0\u00a0pour \u00e9viter \u00a0les usagers\u00a0ind\u00e9sirables.<\/p>\n<p><a href=\"https:\/\/cheminsplestinais.dcea.fr\/wp-content\/uploads\/2015\/04\/2015.03.30-09.22.021.jpg\"><img loading=\"lazy\" decoding=\"async\" class=\"alignright size-medium wp-image-1049\" src=\"https:\/\/cheminsplestinais.dcea.fr\/wp-content\/uploads\/2015\/04\/2015.03.30-09.22.021-300x200.jpg\" alt=\"SONY DSC\" width=\"300\" height=\"200\" srcset=\"https:\/\/cheminsplestinais.dcea.fr\/wp-content\/uploads\/2015\/04\/2015.03.30-09.22.021-300x200.jpg 300w, https:\/\/cheminsplestinais.dcea.fr\/wp-content\/uploads\/2015\/04\/2015.03.30-09.22.021.jpg 872w\" sizes=\"(max-width: 300px) 100vw, 300px\" \/><\/a><\/p>\n<p>&nbsp;<\/p>\n<p>&nbsp;<\/p>\n<p>Un dernier caf\u00e9 &#8230;<\/p>\n<p>avant que nous ne f\u00eations\u00a0la fin du chantier sous la forme d&rsquo;un barbecue<br \/>\nau camping municipal voisin.<\/p>\n<p>&nbsp;<\/p>\n<p><a href=\"https:\/\/cheminsplestinais.dcea.fr\/wp-content\/uploads\/2015\/04\/2015.03.30-12.04.011.jpg\"><img loading=\"lazy\" decoding=\"async\" class=\"alignleft size-medium wp-image-1050\" src=\"https:\/\/cheminsplestinais.dcea.fr\/wp-content\/uploads\/2015\/04\/2015.03.30-12.04.011-300x200.jpg\" alt=\"SONY DSC\" width=\"300\" height=\"200\" srcset=\"https:\/\/cheminsplestinais.dcea.fr\/wp-content\/uploads\/2015\/04\/2015.03.30-12.04.011-300x200.jpg 300w, https:\/\/cheminsplestinais.dcea.fr\/wp-content\/uploads\/2015\/04\/2015.03.30-12.04.011.jpg 872w\" sizes=\"(max-width: 300px) 100vw, 300px\" \/><\/a><\/p>\n<p>Ambiance tr\u00e8s conviviale sous un franc soleil &#8230;<\/p>\n<p><a href=\"https:\/\/cheminsplestinais.dcea.fr\/wp-content\/uploads\/2015\/04\/andr\u00e9211.jpg\"><img loading=\"lazy\" decoding=\"async\" class=\"alignright size-medium wp-image-1053\" src=\"https:\/\/cheminsplestinais.dcea.fr\/wp-content\/uploads\/2015\/04\/andr\u00e9211-300x225.jpg\" alt=\"andr\u00e921\" width=\"300\" height=\"225\" srcset=\"https:\/\/cheminsplestinais.dcea.fr\/wp-content\/uploads\/2015\/04\/andr\u00e9211-300x225.jpg 300w, https:\/\/cheminsplestinais.dcea.fr\/wp-content\/uploads\/2015\/04\/andr\u00e9211.jpg 597w\" sizes=\"(max-width: 300px) 100vw, 300px\" \/><\/a><\/p>\n<p>&nbsp;<\/p>\n<p>&nbsp;<\/p>\n<p>&nbsp;<\/p>\n<p><a href=\"https:\/\/cheminsplestinais.dcea.fr\/wp-content\/uploads\/2015\/04\/andr\u00e901.jpg\"><img loading=\"lazy\" decoding=\"async\" class=\"alignleft size-medium wp-image-1052\" src=\"https:\/\/cheminsplestinais.dcea.fr\/wp-content\/uploads\/2015\/04\/andr\u00e901-300x225.jpg\" alt=\"andr\u00e90\" width=\"300\" height=\"225\" srcset=\"https:\/\/cheminsplestinais.dcea.fr\/wp-content\/uploads\/2015\/04\/andr\u00e901-300x225.jpg 300w, https:\/\/cheminsplestinais.dcea.fr\/wp-content\/uploads\/2015\/04\/andr\u00e901.jpg 597w\" sizes=\"(max-width: 300px) 100vw, 300px\" \/><br \/>\n<\/a><\/p>\n<p>&nbsp;<\/p>\n<p>&nbsp;<\/p>\n<p>&nbsp;<\/p>\n<p>&nbsp;<\/p>\n<p>et il n&rsquo;est<br \/>\nrien rest\u00e9 !<\/p>\n<p><img loading=\"lazy\" decoding=\"async\" class=\"noAlign\" src=\"http:\/\/img.over-blog.com\/260x174\/3\/88\/85\/99\/j-Coz-Ilis\/2015.03.30-12.42.07.jpg\" alt=\"2015.03.30-12.42.07\" width=\"260\" height=\"174\" \/><\/p>\n<p>&nbsp;<\/p>\n<p><strong>\u00a0 \u00a0<\/strong> <strong>N.B.<\/strong> : vous pouvez acc\u00e9der \u00e0 l&rsquo;album photo de ce chantier en cliquant sur\u00a0\u00a0<a title=\"Sentier de Coz Ilis\" href=\"https:\/\/cheminsplestinais.dcea.fr\/?p=873\">Coz-Ilis<\/a><\/p>\n<p>&nbsp;<\/p>\n<p><em>\u00a0 \u00a0Apr\u00e8s un repos bien m\u00e9rit\u00e9 le lundi de P\u00e2ques, nous prenons la route \u00a0de Run Colvez pour un nouveau chantier tr\u00e8s proche du pr\u00e9c\u00e9dent.<\/em><\/p>\n<p>&nbsp;<\/p>\n<p><em><img loading=\"lazy\" decoding=\"async\" class=\"CtreTexte\" src=\"http:\/\/img.over-blog.com\/500x422\/3\/88\/85\/99\/i-Run-Colvez\/Run-Colvez.jpg\" alt=\"Run Colvez\" width=\"500\" height=\"422\" \/><\/em><\/p>\n<p>&nbsp;<\/p>\n<p><em>\u00a0 \u00a0 \u00a0 \u00a0 \u00a0 \u00a0 \u00a0 \u00a0 \u00a0 \u00a0En bleu, chemin de Coz Ilis termin\u00e9<\/em><\/p>\n<p><em>\u00a0 \u00a0 \u00a0 \u00a0 \u00a0 \u00a0 \u00a0 \u00a0 \u00a0 \u00a0En pointill\u00e9 bleu, le nouveau chemin en chantier<\/em><\/p>\n<p><em>\u00a0 \u00a0 \u00a0 \u00a0 \u00a0 \u00a0 \u00a0 \u00a0 \u00a0 \u00a0En violet, la boucle de Saint-S\u00e9bastien<\/em><\/p>\n<p><em>\u00a0 \u00a0 \u00a0 \u00a0 \u00a0 \u00a0 \u00a0 \u00a0 \u00a0 \u00a0En mauve, la boucle de Saint-Efflam.<\/em><\/p>\n<p>&nbsp;<\/p>\n<p><em>On comprend l&rsquo;int\u00e9r\u00eat de ce nouveau tron\u00e7on pour combiner de multiples boucles de randonn\u00e9e.<\/em><\/p>\n<p>&nbsp;<\/p>\n<p><img loading=\"lazy\" decoding=\"async\" class=\" GcheTexte\" src=\"http:\/\/img.over-blog.com\/380x285\/3\/88\/85\/99\/i-Run-Colvez\/i-Run-Colvez-0421.jpg\" alt=\"i-Run-Colvez 0421\" width=\"280\" height=\"210\" \/><\/p>\n<p>Par un beau matin de printemps,<\/p>\n<p>le tas de remblais habituel<br \/>\nnous attend.<\/p>\n<p>&nbsp;<\/p>\n<p><img loading=\"lazy\" decoding=\"async\" class=\"DrteTexte\" src=\"http:\/\/img.over-blog.com\/285x213\/3\/88\/85\/99\/i-Run-Colvez\/i-Run-Colvez-0424.jpg\" alt=\"i-Run-Colvez 0424\" width=\"285\" height=\"213\" \/><\/p>\n<p>&nbsp;<\/p>\n<p>ce qui ne refroidit pas notre enthousiasme !<\/p>\n<p>&nbsp;<\/p>\n<p><em>\u00a0\u00a0<\/em><\/p>\n<p><img loading=\"lazy\" decoding=\"async\" class=\"GcheTexte alignleft\" src=\"http:\/\/img.over-blog.com\/225x300\/3\/88\/85\/99\/i-Run-Colvez\/P1050599.JPG\" alt=\"P1050599\" width=\"225\" height=\"300\" \/><\/p>\n<p>&nbsp;<\/p>\n<p><em>\u00a0\u00a0<img loading=\"lazy\" decoding=\"async\" class=\" noAlign alignright\" src=\"http:\/\/img.over-blog.com\/330x247\/3\/88\/85\/99\/i-Run-Colvez\/i-Run-Colvez-0427.jpg\" alt=\"i-Run-Colvez 0427\" width=\"310\" height=\"232\" \/><\/em><\/p>\n<p><em>\u00a0 \u00a0<\/em><\/p>\n<p>Travail harassant, pourtant !<\/p>\n<p>&nbsp;<\/p>\n<p>&nbsp;<\/p>\n<p><img loading=\"lazy\" decoding=\"async\" class=\"noAlign alignleft\" src=\"http:\/\/img.over-blog.com\/250x333\/3\/88\/85\/99\/i-Run-Colvez\/P1050603.JPG\" alt=\"P1050603\" width=\"211\" height=\"282\" \/><a href=\"https:\/\/cheminsplestinais.dcea.fr\/wp-content\/uploads\/2015\/04\/P1050607.jpg\"><img loading=\"lazy\" decoding=\"async\" class=\"alignnone  wp-image-1062\" src=\"https:\/\/cheminsplestinais.dcea.fr\/wp-content\/uploads\/2015\/04\/P1050607-225x300.jpg\" alt=\"P1050607\" width=\"216\" height=\"288\" srcset=\"https:\/\/cheminsplestinais.dcea.fr\/wp-content\/uploads\/2015\/04\/P1050607-225x300.jpg 225w, https:\/\/cheminsplestinais.dcea.fr\/wp-content\/uploads\/2015\/04\/P1050607.jpg 600w\" sizes=\"(max-width: 216px) 100vw, 216px\" \/><\/a><\/p>\n<p>Mais quelques efforts plus tard &#8230;. \u00a0 \u00a0 \u00a0 \u00a0 \u00a0 \u00a0 \u00a0 \u00a0 \u00a0 \u00a0 \u00a0 \u00a0le r\u00e9sultat est l\u00e0 !<\/p>\n<p>&nbsp;<\/p>\n<p>Encore un lundi de travail et vous pourrez l&#8217;emprunter \u00e0 pied sec.<\/p>\n","protected":false},"excerpt":{"rendered":"<p>Pas de r\u00e9pit dans le secteur de Coz Ilis ! Le 30 mars, 11\u00e8me et derni\u00e8re s\u00e9quence de l&rsquo;am\u00e9nagement du sentier entrepris le 19 janvier. Voir article pr\u00e9c\u00e9dent : La descente de Coz Ilis. &nbsp; Derni\u00e8re valse des brouett\u00e9es. &nbsp; &nbsp; &nbsp; &nbsp; &nbsp; Derniers relais. &nbsp; Nous rentrons au bercail, fiers de nos 500 [&hellip;]<\/p>\n","protected":false},"author":1,"featured_media":0,"comment_status":"open","ping_status":"open","sticky":false,"template":"","format":"standard","meta":{"footnotes":""},"categories":[2],"tags":[],"_links":{"self":[{"href":"https:\/\/cheminsplestinais.dcea.fr\/index.php?rest_route=\/wp\/v2\/posts\/1043"}],"collection":[{"href":"https:\/\/cheminsplestinais.dcea.fr\/index.php?rest_route=\/wp\/v2\/posts"}],"about":[{"href":"https:\/\/cheminsplestinais.dcea.fr\/index.php?rest_route=\/wp\/v2\/types\/post"}],"author":[{"embeddable":true,"href":"https:\/\/cheminsplestinais.dcea.fr\/index.php?rest_route=\/wp\/v2\/users\/1"}],"replies":[{"embeddable":true,"href":"https:\/\/cheminsplestinais.dcea.fr\/index.php?rest_route=%2Fwp%2Fv2%2Fcomments&post=1043"}],"version-history":[{"count":38,"href":"https:\/\/cheminsplestinais.dcea.fr\/index.php?rest_route=\/wp\/v2\/posts\/1043\/revisions"}],"predecessor-version":[{"id":1119,"href":"https:\/\/cheminsplestinais.dcea.fr\/index.php?rest_route=\/wp\/v2\/posts\/1043\/revisions\/1119"}],"wp:attachment":[{"href":"https:\/\/cheminsplestinais.dcea.fr\/index.php?rest_route=%2Fwp%2Fv2%2Fmedia&parent=1043"}],"wp:term":[{"taxonomy":"category","embeddable":true,"href":"https:\/\/cheminsplestinais.dcea.fr\/index.php?rest_route=%2Fwp%2Fv2%2Fcategories&post=1043"},{"taxonomy":"post_tag","embeddable":true,"href":"https:\/\/cheminsplestinais.dcea.fr\/index.php?rest_route=%2Fwp%2Fv2%2Ftags&post=1043"}],"curies":[{"name":"wp","href":"https:\/\/api.w.org\/{rel}","templated":true}]}}