{"id":10598,"date":"2024-04-10T13:51:19","date_gmt":"2024-04-10T12:51:19","guid":{"rendered":"https:\/\/cheminsplestinais.dcea.fr\/?p=10598"},"modified":"2024-04-10T13:51:20","modified_gmt":"2024-04-10T12:51:20","slug":"2024-demarre-fort","status":"publish","type":"post","link":"https:\/\/cheminsplestinais.dcea.fr\/?p=10598","title":{"rendered":"2024 d\u00e9marre fort !"},"content":{"rendered":"\n<p class=\"has-text-align-center\" style=\"font-size:24px\"><strong>Les chantiers du trimestre<\/strong><\/p>\n\n\n\n<p id=\"E179\">Nous abordons l\u2019ann\u00e9e 2024 comme nous avons termin\u00e9 l\u2019ann\u00e9e 2023, \u00e0 savoir la poursuite de la r\u00e9paration des d\u00e9g\u00e2ts de la temp\u00eate Ciaran.<\/p>\n\n\n\n<p id=\"E179\">Les clich\u00e9s qui suivent d\u00e9montrent qu\u2019aucun de nos sentiers n\u2019a \u00e9t\u00e9 \u00e9pargn\u00e9, et que quelques (mauvaises) surprises nous attendent, de nature \u00e0 nous compliquer la t\u00e2che.<\/p>\n\n\n\n<div class=\"wp-block-media-text is-stacked-on-mobile\" style=\"grid-template-columns:62% auto\"><figure class=\"wp-block-media-text__media\"><a href=\"https:\/\/cheminsplestinais.dcea.fr\/wp-content\/uploads\/2024\/04\/1-.jpg\"><img loading=\"lazy\" decoding=\"async\" width=\"1024\" height=\"768\" src=\"https:\/\/cheminsplestinais.dcea.fr\/wp-content\/uploads\/2024\/04\/1--1024x768.jpg\" alt=\"\" class=\"wp-image-10602 size-full\" srcset=\"https:\/\/cheminsplestinais.dcea.fr\/wp-content\/uploads\/2024\/04\/1--1024x768.jpg 1024w, https:\/\/cheminsplestinais.dcea.fr\/wp-content\/uploads\/2024\/04\/1--300x225.jpg 300w, https:\/\/cheminsplestinais.dcea.fr\/wp-content\/uploads\/2024\/04\/1--768x576.jpg 768w, https:\/\/cheminsplestinais.dcea.fr\/wp-content\/uploads\/2024\/04\/1--1536x1152.jpg 1536w, https:\/\/cheminsplestinais.dcea.fr\/wp-content\/uploads\/2024\/04\/1-.jpg 1600w\" sizes=\"(max-width: 1024px) 100vw, 1024px\" \/><\/a><\/figure><div class=\"wp-block-media-text__content\">\n<p style=\"font-size:16px\">Au pied de la mont\u00e9e de Coz Iliz, les choses se compliquent\u2026Cette portion de sentier a \u00e9t\u00e9 particuli\u00e8rement touch\u00e9e, comme en t\u00e9moignent ces clich\u00e9s.<\/p>\n<\/div><\/div>\n\n\n\n<p><\/p>\n\n\n\n<div class=\"wp-block-media-text has-media-on-the-right is-stacked-on-mobile\" style=\"grid-template-columns:auto 53%\"><div class=\"wp-block-media-text__content\">\n<p>L\u2019\u00e9quipe qui s\u2019est rendue sur place se met aussit\u00f4t au travail.<\/p>\n<\/div><figure class=\"wp-block-media-text__media\"><a href=\"https:\/\/cheminsplestinais.dcea.fr\/wp-content\/uploads\/2024\/04\/2-.jpg\"><img loading=\"lazy\" decoding=\"async\" width=\"768\" height=\"1024\" src=\"https:\/\/cheminsplestinais.dcea.fr\/wp-content\/uploads\/2024\/04\/2--768x1024.jpg\" alt=\"\" class=\"wp-image-10605 size-full\" srcset=\"https:\/\/cheminsplestinais.dcea.fr\/wp-content\/uploads\/2024\/04\/2--768x1024.jpg 768w, https:\/\/cheminsplestinais.dcea.fr\/wp-content\/uploads\/2024\/04\/2--225x300.jpg 225w, https:\/\/cheminsplestinais.dcea.fr\/wp-content\/uploads\/2024\/04\/2--1152x1536.jpg 1152w, https:\/\/cheminsplestinais.dcea.fr\/wp-content\/uploads\/2024\/04\/2-.jpg 1200w\" sizes=\"(max-width: 768px) 100vw, 768px\" \/><\/a><\/figure><\/div>\n\n\n\n<p><\/p>\n\n\n\n<figure class=\"wp-block-gallery has-nested-images columns-default is-cropped wp-block-gallery-1 is-layout-flex wp-block-gallery-is-layout-flex\">\n<figure class=\"wp-block-image size-large\"><a href=\"https:\/\/cheminsplestinais.dcea.fr\/wp-content\/uploads\/2024\/04\/3-.jpg\"><img loading=\"lazy\" decoding=\"async\" width=\"768\" height=\"1024\" data-id=\"10607\" src=\"https:\/\/cheminsplestinais.dcea.fr\/wp-content\/uploads\/2024\/04\/3--768x1024.jpg\" alt=\"\" class=\"wp-image-10607\" srcset=\"https:\/\/cheminsplestinais.dcea.fr\/wp-content\/uploads\/2024\/04\/3--768x1024.jpg 768w, https:\/\/cheminsplestinais.dcea.fr\/wp-content\/uploads\/2024\/04\/3--225x300.jpg 225w, https:\/\/cheminsplestinais.dcea.fr\/wp-content\/uploads\/2024\/04\/3--1152x1536.jpg 1152w, https:\/\/cheminsplestinais.dcea.fr\/wp-content\/uploads\/2024\/04\/3-.jpg 1200w\" sizes=\"(max-width: 768px) 100vw, 768px\" \/><\/a><\/figure>\n\n\n\n<figure class=\"wp-block-image size-large\"><a href=\"https:\/\/cheminsplestinais.dcea.fr\/wp-content\/uploads\/2024\/04\/420-scaled.jpg\"><img loading=\"lazy\" decoding=\"async\" width=\"768\" height=\"1024\" data-id=\"10608\" src=\"https:\/\/cheminsplestinais.dcea.fr\/wp-content\/uploads\/2024\/04\/420-768x1024.jpg\" alt=\"\" class=\"wp-image-10608\" srcset=\"https:\/\/cheminsplestinais.dcea.fr\/wp-content\/uploads\/2024\/04\/420-768x1024.jpg 768w, https:\/\/cheminsplestinais.dcea.fr\/wp-content\/uploads\/2024\/04\/420-225x300.jpg 225w, https:\/\/cheminsplestinais.dcea.fr\/wp-content\/uploads\/2024\/04\/420-1152x1536.jpg 1152w, https:\/\/cheminsplestinais.dcea.fr\/wp-content\/uploads\/2024\/04\/420-1536x2048.jpg 1536w, https:\/\/cheminsplestinais.dcea.fr\/wp-content\/uploads\/2024\/04\/420-scaled.jpg 1920w\" sizes=\"(max-width: 768px) 100vw, 768px\" \/><\/a><\/figure>\n<\/figure>\n\n\n\n<p>Cet arbre qui se trouvait \u00e0 flanc de talus a litt\u00e9ralement gliss\u00e9 sur le sentier. La souche a entra\u00een\u00e9 une masse de terre et de cailloux, obstruant le foss\u00e9 et barrant partiellement le passage.<\/p>\n\n\n\n<p><\/p>\n\n\n\n<div class=\"wp-block-media-text is-stacked-on-mobile\" style=\"grid-template-columns:51% auto\"><figure class=\"wp-block-media-text__media\"><a href=\"https:\/\/cheminsplestinais.dcea.fr\/wp-content\/uploads\/2024\/04\/5-scaled.jpg\"><img loading=\"lazy\" decoding=\"async\" width=\"768\" height=\"1024\" src=\"https:\/\/cheminsplestinais.dcea.fr\/wp-content\/uploads\/2024\/04\/5-768x1024.jpg\" alt=\"\" class=\"wp-image-10610 size-full\" srcset=\"https:\/\/cheminsplestinais.dcea.fr\/wp-content\/uploads\/2024\/04\/5-768x1024.jpg 768w, https:\/\/cheminsplestinais.dcea.fr\/wp-content\/uploads\/2024\/04\/5-225x300.jpg 225w, https:\/\/cheminsplestinais.dcea.fr\/wp-content\/uploads\/2024\/04\/5-1152x1536.jpg 1152w, https:\/\/cheminsplestinais.dcea.fr\/wp-content\/uploads\/2024\/04\/5-1536x2048.jpg 1536w, https:\/\/cheminsplestinais.dcea.fr\/wp-content\/uploads\/2024\/04\/5-scaled.jpg 1920w\" sizes=\"(max-width: 768px) 100vw, 768px\" \/><\/a><\/figure><div class=\"wp-block-media-text__content\">\n<p>Le site constitue un vrai chemin creux, interdisant l\u2019acc\u00e8s aux engins. La hauteur des talus ne facilite pas le d\u00e9gagement du tronc de l\u2019arbre tomb\u00e9. Heureusement, l\u2019association dispose de quelques &nbsp;d\u00e9bardeurs \u00ab&nbsp;maous costauds&nbsp;\u00bb \u00e0 qui les gros rondins ne font pas peur&nbsp;!<\/p>\n<\/div><\/div>\n\n\n\n<p><\/p>\n\n\n\n<div class=\"wp-block-media-text has-media-on-the-right is-stacked-on-mobile\"><div class=\"wp-block-media-text__content\">\n<p>La souche de ce gros arbre se trouve litt\u00e9ralement suspendue au-dessus du sentier&nbsp;! En l\u2019\u00e9tat, elle ne pr\u00e9sente pas de danger pour les promeneurs. Il faudra tracter l\u2019arbre par l\u2019ext\u00e9rieur pour le sortir de sa f\u00e2cheuse position.<\/p>\n<\/div><figure class=\"wp-block-media-text__media\"><a href=\"https:\/\/cheminsplestinais.dcea.fr\/wp-content\/uploads\/2024\/04\/6.jpg\"><img loading=\"lazy\" decoding=\"async\" width=\"768\" height=\"1024\" src=\"https:\/\/cheminsplestinais.dcea.fr\/wp-content\/uploads\/2024\/04\/6-768x1024.jpg\" alt=\"\" class=\"wp-image-10611 size-full\" srcset=\"https:\/\/cheminsplestinais.dcea.fr\/wp-content\/uploads\/2024\/04\/6-768x1024.jpg 768w, https:\/\/cheminsplestinais.dcea.fr\/wp-content\/uploads\/2024\/04\/6-225x300.jpg 225w, https:\/\/cheminsplestinais.dcea.fr\/wp-content\/uploads\/2024\/04\/6-1152x1536.jpg 1152w, https:\/\/cheminsplestinais.dcea.fr\/wp-content\/uploads\/2024\/04\/6.jpg 1200w\" sizes=\"(max-width: 768px) 100vw, 768px\" \/><\/a><\/figure><\/div>\n\n\n\n<p><\/p>\n\n\n\n<div class=\"wp-block-media-text is-stacked-on-mobile\" style=\"grid-template-columns:62% auto\"><figure class=\"wp-block-media-text__media\"><a href=\"https:\/\/cheminsplestinais.dcea.fr\/wp-content\/uploads\/2024\/04\/7.jpg\"><img loading=\"lazy\" decoding=\"async\" width=\"768\" height=\"1024\" src=\"https:\/\/cheminsplestinais.dcea.fr\/wp-content\/uploads\/2024\/04\/7-768x1024.jpg\" alt=\"\" class=\"wp-image-10613 size-full\" srcset=\"https:\/\/cheminsplestinais.dcea.fr\/wp-content\/uploads\/2024\/04\/7-768x1024.jpg 768w, https:\/\/cheminsplestinais.dcea.fr\/wp-content\/uploads\/2024\/04\/7-225x300.jpg 225w, https:\/\/cheminsplestinais.dcea.fr\/wp-content\/uploads\/2024\/04\/7-1152x1536.jpg 1152w, https:\/\/cheminsplestinais.dcea.fr\/wp-content\/uploads\/2024\/04\/7.jpg 1200w\" sizes=\"(max-width: 768px) 100vw, 768px\" \/><\/a><\/figure><div class=\"wp-block-media-text__content\">\n<p>Plus haut sur le m\u00eame parcours, les d\u00e9g\u00e2ts sont \u00e9galement cons\u00e9quents.<\/p>\n<\/div><\/div>\n\n\n\n<p><\/p>\n\n\n\n<div class=\"wp-block-media-text has-media-on-the-right is-stacked-on-mobile\" style=\"grid-template-columns:auto 67%\"><div class=\"wp-block-media-text__content\">\n<p>Il en faut plus pour entamer la bonne humeur d\u2019Annie et Malou&nbsp;!<\/p>\n<\/div><figure class=\"wp-block-media-text__media\"><a href=\"https:\/\/cheminsplestinais.dcea.fr\/wp-content\/uploads\/2024\/04\/8.jpg\"><img loading=\"lazy\" decoding=\"async\" width=\"1600\" height=\"1200\" src=\"https:\/\/cheminsplestinais.dcea.fr\/wp-content\/uploads\/2024\/04\/8-1024x768.jpg\" alt=\"\" class=\"wp-image-10614 size-full\" srcset=\"https:\/\/cheminsplestinais.dcea.fr\/wp-content\/uploads\/2024\/04\/8-1024x768.jpg 1024w, https:\/\/cheminsplestinais.dcea.fr\/wp-content\/uploads\/2024\/04\/8-300x225.jpg 300w, https:\/\/cheminsplestinais.dcea.fr\/wp-content\/uploads\/2024\/04\/8-768x576.jpg 768w, https:\/\/cheminsplestinais.dcea.fr\/wp-content\/uploads\/2024\/04\/8-1536x1152.jpg 1536w, https:\/\/cheminsplestinais.dcea.fr\/wp-content\/uploads\/2024\/04\/8.jpg 1600w\" sizes=\"(max-width: 1600px) 100vw, 1600px\" \/><\/a><\/figure><\/div>\n\n\n\n<p><\/p>\n\n\n\n<div class=\"wp-block-media-text is-stacked-on-mobile\" style=\"grid-template-columns:62% auto\"><figure class=\"wp-block-media-text__media\"><a href=\"https:\/\/cheminsplestinais.dcea.fr\/wp-content\/uploads\/2024\/04\/9-.jpg\"><img loading=\"lazy\" decoding=\"async\" width=\"768\" height=\"1024\" src=\"https:\/\/cheminsplestinais.dcea.fr\/wp-content\/uploads\/2024\/04\/9--768x1024.jpg\" alt=\"\" class=\"wp-image-10615 size-full\" srcset=\"https:\/\/cheminsplestinais.dcea.fr\/wp-content\/uploads\/2024\/04\/9--768x1024.jpg 768w, https:\/\/cheminsplestinais.dcea.fr\/wp-content\/uploads\/2024\/04\/9--225x300.jpg 225w, https:\/\/cheminsplestinais.dcea.fr\/wp-content\/uploads\/2024\/04\/9--1152x1536.jpg 1152w, https:\/\/cheminsplestinais.dcea.fr\/wp-content\/uploads\/2024\/04\/9-.jpg 1200w\" sizes=\"(max-width: 768px) 100vw, 768px\" \/><\/a><\/figure><div class=\"wp-block-media-text__content\">\n<p>La boucle de Saint Haran, le long du Douron, n\u2019a pas \u00e9t\u00e9 \u00e9pargn\u00e9e.<\/p>\n<\/div><\/div>\n\n\n\n<p><\/p>\n\n\n\n<div class=\"wp-block-media-text has-media-on-the-right is-stacked-on-mobile\" style=\"grid-template-columns:auto 59%\"><div class=\"wp-block-media-text__content\">\n<p>Nous sommes \u00e9galement intervenus sur le chemin du Roscoat, en Tr\u00e9duder, o\u00f9 moins de d\u00e9g\u00e2ts sont \u00e0 d\u00e9plorer. Cet arbre a \u00e9t\u00e9 rapidement d\u00e9bit\u00e9\u2026<\/p>\n<\/div><figure class=\"wp-block-media-text__media\"><a href=\"https:\/\/cheminsplestinais.dcea.fr\/wp-content\/uploads\/2024\/04\/1020-scaled.jpg\"><img loading=\"lazy\" decoding=\"async\" width=\"768\" height=\"1024\" src=\"https:\/\/cheminsplestinais.dcea.fr\/wp-content\/uploads\/2024\/04\/1020-768x1024.jpg\" alt=\"\" class=\"wp-image-10617 size-full\" srcset=\"https:\/\/cheminsplestinais.dcea.fr\/wp-content\/uploads\/2024\/04\/1020-768x1024.jpg 768w, https:\/\/cheminsplestinais.dcea.fr\/wp-content\/uploads\/2024\/04\/1020-225x300.jpg 225w, https:\/\/cheminsplestinais.dcea.fr\/wp-content\/uploads\/2024\/04\/1020-1152x1536.jpg 1152w, https:\/\/cheminsplestinais.dcea.fr\/wp-content\/uploads\/2024\/04\/1020-1536x2048.jpg 1536w, https:\/\/cheminsplestinais.dcea.fr\/wp-content\/uploads\/2024\/04\/1020-scaled.jpg 1920w\" sizes=\"(max-width: 768px) 100vw, 768px\" \/><\/a><\/figure><\/div>\n\n\n\n<p><\/p>\n\n\n\n<div class=\"wp-block-media-text is-stacked-on-mobile\" style=\"grid-template-columns:56% auto\"><figure class=\"wp-block-media-text__media\"><a href=\"https:\/\/cheminsplestinais.dcea.fr\/wp-content\/uploads\/2024\/04\/11-scaled.jpg\"><img loading=\"lazy\" decoding=\"async\" width=\"768\" height=\"1024\" src=\"https:\/\/cheminsplestinais.dcea.fr\/wp-content\/uploads\/2024\/04\/11-768x1024.jpg\" alt=\"\" class=\"wp-image-10619 size-full\" srcset=\"https:\/\/cheminsplestinais.dcea.fr\/wp-content\/uploads\/2024\/04\/11-768x1024.jpg 768w, https:\/\/cheminsplestinais.dcea.fr\/wp-content\/uploads\/2024\/04\/11-225x300.jpg 225w, https:\/\/cheminsplestinais.dcea.fr\/wp-content\/uploads\/2024\/04\/11-1152x1536.jpg 1152w, https:\/\/cheminsplestinais.dcea.fr\/wp-content\/uploads\/2024\/04\/11-1536x2048.jpg 1536w, https:\/\/cheminsplestinais.dcea.fr\/wp-content\/uploads\/2024\/04\/11-scaled.jpg 1920w\" sizes=\"(max-width: 768px) 100vw, 768px\" \/><\/a><\/figure><div class=\"wp-block-media-text__content\">\n<p>\u2026ainsi que les grosses branches, non loin de la route de Saint Michel. Il y en a partout\u2026de quoi en perdre la t\u00eate&nbsp;!<\/p>\n<\/div><\/div>\n\n\n\n<p><\/p>\n\n\n\n<div class=\"wp-block-media-text has-media-on-the-right is-stacked-on-mobile\" style=\"grid-template-columns:auto 59%\"><div class=\"wp-block-media-text__content\">\n<p>Jean-Pierre se bat litt\u00e9ralement avec cette liane de plusieurs m\u00e8tres&nbsp;!<\/p>\n<\/div><figure class=\"wp-block-media-text__media\"><a href=\"https:\/\/cheminsplestinais.dcea.fr\/wp-content\/uploads\/2024\/04\/12-scaled.jpg\"><img loading=\"lazy\" decoding=\"async\" width=\"768\" height=\"1024\" src=\"https:\/\/cheminsplestinais.dcea.fr\/wp-content\/uploads\/2024\/04\/12-768x1024.jpg\" alt=\"\" class=\"wp-image-10620 size-full\" srcset=\"https:\/\/cheminsplestinais.dcea.fr\/wp-content\/uploads\/2024\/04\/12-768x1024.jpg 768w, https:\/\/cheminsplestinais.dcea.fr\/wp-content\/uploads\/2024\/04\/12-225x300.jpg 225w, https:\/\/cheminsplestinais.dcea.fr\/wp-content\/uploads\/2024\/04\/12-1152x1536.jpg 1152w, https:\/\/cheminsplestinais.dcea.fr\/wp-content\/uploads\/2024\/04\/12-1536x2048.jpg 1536w, https:\/\/cheminsplestinais.dcea.fr\/wp-content\/uploads\/2024\/04\/12-scaled.jpg 1920w\" sizes=\"(max-width: 768px) 100vw, 768px\" \/><\/a><\/figure><\/div>\n\n\n\n<p><\/p>\n\n\n\n<div class=\"wp-block-media-text is-stacked-on-mobile\" style=\"grid-template-columns:52% auto\"><figure class=\"wp-block-media-text__media\"><a href=\"https:\/\/cheminsplestinais.dcea.fr\/wp-content\/uploads\/2024\/04\/12A-scaled.jpg\"><img loading=\"lazy\" decoding=\"async\" width=\"768\" height=\"1024\" src=\"https:\/\/cheminsplestinais.dcea.fr\/wp-content\/uploads\/2024\/04\/12A-768x1024.jpg\" alt=\"\" class=\"wp-image-10621 size-full\" srcset=\"https:\/\/cheminsplestinais.dcea.fr\/wp-content\/uploads\/2024\/04\/12A-768x1024.jpg 768w, https:\/\/cheminsplestinais.dcea.fr\/wp-content\/uploads\/2024\/04\/12A-225x300.jpg 225w, https:\/\/cheminsplestinais.dcea.fr\/wp-content\/uploads\/2024\/04\/12A-1152x1536.jpg 1152w, https:\/\/cheminsplestinais.dcea.fr\/wp-content\/uploads\/2024\/04\/12A-1536x2048.jpg 1536w, https:\/\/cheminsplestinais.dcea.fr\/wp-content\/uploads\/2024\/04\/12A-scaled.jpg 1920w\" sizes=\"(max-width: 768px) 100vw, 768px\" \/><\/a><\/figure><div class=\"wp-block-media-text__content\">\n<p>Cet autre exemplaire, remarquable, ressemble \u00e0 un gros serpent grimpant le long des branches\u2026<\/p>\n<\/div><\/div>\n\n\n\n<p><\/p>\n\n\n\n<div class=\"wp-block-media-text has-media-on-the-right is-stacked-on-mobile\" style=\"grid-template-columns:auto 54%\"><div class=\"wp-block-media-text__content\">\n<p>Le sentier, bord\u00e9 par un parterre d\u2019ail des ours, a fait l\u2019objet d\u2019un grand nettoyage.<\/p>\n<\/div><figure class=\"wp-block-media-text__media\"><a href=\"https:\/\/cheminsplestinais.dcea.fr\/wp-content\/uploads\/2024\/04\/12B-scaled.jpg\"><img loading=\"lazy\" decoding=\"async\" width=\"768\" height=\"1024\" src=\"https:\/\/cheminsplestinais.dcea.fr\/wp-content\/uploads\/2024\/04\/12B-768x1024.jpg\" alt=\"\" class=\"wp-image-10622 size-full\" srcset=\"https:\/\/cheminsplestinais.dcea.fr\/wp-content\/uploads\/2024\/04\/12B-768x1024.jpg 768w, https:\/\/cheminsplestinais.dcea.fr\/wp-content\/uploads\/2024\/04\/12B-225x300.jpg 225w, https:\/\/cheminsplestinais.dcea.fr\/wp-content\/uploads\/2024\/04\/12B-1152x1536.jpg 1152w, https:\/\/cheminsplestinais.dcea.fr\/wp-content\/uploads\/2024\/04\/12B-1536x2048.jpg 1536w, https:\/\/cheminsplestinais.dcea.fr\/wp-content\/uploads\/2024\/04\/12B-scaled.jpg 1920w\" sizes=\"(max-width: 768px) 100vw, 768px\" \/><\/a><\/figure><\/div>\n\n\n\n<p><\/p>\n\n\n\n<div class=\"wp-block-media-text is-stacked-on-mobile\" style=\"grid-template-columns:55% auto\"><figure class=\"wp-block-media-text__media\"><a href=\"https:\/\/cheminsplestinais.dcea.fr\/wp-content\/uploads\/2024\/04\/13-scaled.jpg\"><img loading=\"lazy\" decoding=\"async\" width=\"768\" height=\"1024\" src=\"https:\/\/cheminsplestinais.dcea.fr\/wp-content\/uploads\/2024\/04\/13-768x1024.jpg\" alt=\"\" class=\"wp-image-10623 size-full\" srcset=\"https:\/\/cheminsplestinais.dcea.fr\/wp-content\/uploads\/2024\/04\/13-768x1024.jpg 768w, https:\/\/cheminsplestinais.dcea.fr\/wp-content\/uploads\/2024\/04\/13-225x300.jpg 225w, https:\/\/cheminsplestinais.dcea.fr\/wp-content\/uploads\/2024\/04\/13-1152x1536.jpg 1152w, https:\/\/cheminsplestinais.dcea.fr\/wp-content\/uploads\/2024\/04\/13-1536x2048.jpg 1536w, https:\/\/cheminsplestinais.dcea.fr\/wp-content\/uploads\/2024\/04\/13-scaled.jpg 1920w\" sizes=\"(max-width: 768px) 100vw, 768px\" \/><\/a><\/figure><div class=\"wp-block-media-text__content\">\n<p>Une petite pause est la bienvenue.<\/p>\n<\/div><\/div>\n\n\n\n<p><\/p>\n\n\n\n<div class=\"wp-block-media-text has-media-on-the-right is-stacked-on-mobile\" style=\"grid-template-columns:auto 55%\"><div class=\"wp-block-media-text__content\">\n<p>Apr\u00e8s une longue p\u00e9riode toute consacr\u00e9e \u00e0 d\u00e9gager les sentiers, nous reprenons peu \u00e0 peu notre activit\u00e9 d\u2019entretien habituelle. Il y a urgence sur bon nombre de secteurs, comme ici, sur la boucle de Saint Gestin, au niveau du Porjou.<\/p>\n<\/div><figure class=\"wp-block-media-text__media\"><a href=\"https:\/\/cheminsplestinais.dcea.fr\/wp-content\/uploads\/2024\/04\/14-scaled.jpg\"><img loading=\"lazy\" decoding=\"async\" width=\"768\" height=\"1024\" src=\"https:\/\/cheminsplestinais.dcea.fr\/wp-content\/uploads\/2024\/04\/14-768x1024.jpg\" alt=\"\" class=\"wp-image-10624 size-full\" srcset=\"https:\/\/cheminsplestinais.dcea.fr\/wp-content\/uploads\/2024\/04\/14-768x1024.jpg 768w, https:\/\/cheminsplestinais.dcea.fr\/wp-content\/uploads\/2024\/04\/14-225x300.jpg 225w, https:\/\/cheminsplestinais.dcea.fr\/wp-content\/uploads\/2024\/04\/14-1152x1536.jpg 1152w, https:\/\/cheminsplestinais.dcea.fr\/wp-content\/uploads\/2024\/04\/14-1536x2048.jpg 1536w, https:\/\/cheminsplestinais.dcea.fr\/wp-content\/uploads\/2024\/04\/14-scaled.jpg 1920w\" sizes=\"(max-width: 768px) 100vw, 768px\" \/><\/a><\/figure><\/div>\n\n\n\n<p><\/p>\n\n\n\n<div class=\"wp-block-media-text is-stacked-on-mobile\" style=\"grid-template-columns:52% auto\"><figure class=\"wp-block-media-text__media\"><a href=\"https:\/\/cheminsplestinais.dcea.fr\/wp-content\/uploads\/2024\/04\/14A-scaled.jpg\"><img loading=\"lazy\" decoding=\"async\" width=\"768\" height=\"1024\" src=\"https:\/\/cheminsplestinais.dcea.fr\/wp-content\/uploads\/2024\/04\/14A-768x1024.jpg\" alt=\"\" class=\"wp-image-10625 size-full\" srcset=\"https:\/\/cheminsplestinais.dcea.fr\/wp-content\/uploads\/2024\/04\/14A-768x1024.jpg 768w, https:\/\/cheminsplestinais.dcea.fr\/wp-content\/uploads\/2024\/04\/14A-225x300.jpg 225w, https:\/\/cheminsplestinais.dcea.fr\/wp-content\/uploads\/2024\/04\/14A-1152x1536.jpg 1152w, https:\/\/cheminsplestinais.dcea.fr\/wp-content\/uploads\/2024\/04\/14A-1536x2048.jpg 1536w, https:\/\/cheminsplestinais.dcea.fr\/wp-content\/uploads\/2024\/04\/14A-scaled.jpg 1920w\" sizes=\"(max-width: 768px) 100vw, 768px\" \/><\/a><\/figure><div class=\"wp-block-media-text__content\">\n<p>Au m\u00eame endroit, la passerelle sur le Dourmeur avait besoin d\u2019une petite r\u00e9paration.<\/p>\n<\/div><\/div>\n\n\n\n<p><\/p>\n\n\n\n<div class=\"wp-block-media-text has-media-on-the-right is-stacked-on-mobile\" style=\"grid-template-columns:auto 52%\"><div class=\"wp-block-media-text__content\">\n<p>Non loin du Hogolo, une partie du GR 34 s\u2019est effondr\u00e9e, \u00e0 la suite des fortes pluies des derniers mois.<\/p>\n<\/div><figure class=\"wp-block-media-text__media\"><a href=\"https:\/\/cheminsplestinais.dcea.fr\/wp-content\/uploads\/2024\/04\/15-scaled.jpg\"><img loading=\"lazy\" decoding=\"async\" width=\"768\" height=\"1024\" src=\"https:\/\/cheminsplestinais.dcea.fr\/wp-content\/uploads\/2024\/04\/15-768x1024.jpg\" alt=\"\" class=\"wp-image-10626 size-full\" srcset=\"https:\/\/cheminsplestinais.dcea.fr\/wp-content\/uploads\/2024\/04\/15-768x1024.jpg 768w, https:\/\/cheminsplestinais.dcea.fr\/wp-content\/uploads\/2024\/04\/15-225x300.jpg 225w, https:\/\/cheminsplestinais.dcea.fr\/wp-content\/uploads\/2024\/04\/15-1152x1536.jpg 1152w, https:\/\/cheminsplestinais.dcea.fr\/wp-content\/uploads\/2024\/04\/15-1536x2048.jpg 1536w, https:\/\/cheminsplestinais.dcea.fr\/wp-content\/uploads\/2024\/04\/15-scaled.jpg 1920w\" sizes=\"(max-width: 768px) 100vw, 768px\" \/><\/a><\/figure><\/div>\n\n\n\n<p><\/p>\n\n\n\n<figure class=\"wp-block-gallery has-nested-images columns-default is-cropped wp-block-gallery-2 is-layout-flex wp-block-gallery-is-layout-flex\">\n<figure class=\"wp-block-image size-large\"><a href=\"https:\/\/cheminsplestinais.dcea.fr\/wp-content\/uploads\/2024\/04\/16-1-scaled.jpg\"><img loading=\"lazy\" decoding=\"async\" width=\"768\" height=\"1024\" data-id=\"10630\" src=\"https:\/\/cheminsplestinais.dcea.fr\/wp-content\/uploads\/2024\/04\/16-1-768x1024.jpg\" alt=\"\" class=\"wp-image-10630\" srcset=\"https:\/\/cheminsplestinais.dcea.fr\/wp-content\/uploads\/2024\/04\/16-1-768x1024.jpg 768w, https:\/\/cheminsplestinais.dcea.fr\/wp-content\/uploads\/2024\/04\/16-1-225x300.jpg 225w, https:\/\/cheminsplestinais.dcea.fr\/wp-content\/uploads\/2024\/04\/16-1-1152x1536.jpg 1152w, https:\/\/cheminsplestinais.dcea.fr\/wp-content\/uploads\/2024\/04\/16-1-1536x2048.jpg 1536w, https:\/\/cheminsplestinais.dcea.fr\/wp-content\/uploads\/2024\/04\/16-1-scaled.jpg 1920w\" sizes=\"(max-width: 768px) 100vw, 768px\" \/><\/a><\/figure>\n\n\n\n<figure class=\"wp-block-image size-large\"><a href=\"https:\/\/cheminsplestinais.dcea.fr\/wp-content\/uploads\/2024\/04\/17-1-scaled.jpg\"><img loading=\"lazy\" decoding=\"async\" width=\"768\" height=\"1024\" data-id=\"10629\" src=\"https:\/\/cheminsplestinais.dcea.fr\/wp-content\/uploads\/2024\/04\/17-1-768x1024.jpg\" alt=\"\" class=\"wp-image-10629\" srcset=\"https:\/\/cheminsplestinais.dcea.fr\/wp-content\/uploads\/2024\/04\/17-1-768x1024.jpg 768w, https:\/\/cheminsplestinais.dcea.fr\/wp-content\/uploads\/2024\/04\/17-1-225x300.jpg 225w, https:\/\/cheminsplestinais.dcea.fr\/wp-content\/uploads\/2024\/04\/17-1-1152x1536.jpg 1152w, https:\/\/cheminsplestinais.dcea.fr\/wp-content\/uploads\/2024\/04\/17-1-1536x2048.jpg 1536w, https:\/\/cheminsplestinais.dcea.fr\/wp-content\/uploads\/2024\/04\/17-1-scaled.jpg 1920w\" sizes=\"(max-width: 768px) 100vw, 768px\" \/><\/a><\/figure>\n<\/figure>\n\n\n\n<p>Une barri\u00e8re en interdit l\u2019acc\u00e8s et un arr\u00eat\u00e9 municipal confirme l\u2019interdiction de passage.<\/p>\n\n\n\n<p><\/p>\n\n\n\n<figure class=\"wp-block-gallery has-nested-images columns-default is-cropped wp-block-gallery-3 is-layout-flex wp-block-gallery-is-layout-flex\">\n<figure class=\"wp-block-image size-large\"><a href=\"https:\/\/cheminsplestinais.dcea.fr\/wp-content\/uploads\/2024\/04\/18-scaled.jpg\"><img loading=\"lazy\" decoding=\"async\" width=\"768\" height=\"1024\" data-id=\"10632\" src=\"https:\/\/cheminsplestinais.dcea.fr\/wp-content\/uploads\/2024\/04\/18-768x1024.jpg\" alt=\"\" class=\"wp-image-10632\" srcset=\"https:\/\/cheminsplestinais.dcea.fr\/wp-content\/uploads\/2024\/04\/18-768x1024.jpg 768w, https:\/\/cheminsplestinais.dcea.fr\/wp-content\/uploads\/2024\/04\/18-225x300.jpg 225w, https:\/\/cheminsplestinais.dcea.fr\/wp-content\/uploads\/2024\/04\/18-1152x1536.jpg 1152w, https:\/\/cheminsplestinais.dcea.fr\/wp-content\/uploads\/2024\/04\/18-1536x2048.jpg 1536w, https:\/\/cheminsplestinais.dcea.fr\/wp-content\/uploads\/2024\/04\/18-scaled.jpg 1920w\" sizes=\"(max-width: 768px) 100vw, 768px\" \/><\/a><\/figure>\n\n\n\n<figure class=\"wp-block-image size-large\"><a href=\"https:\/\/cheminsplestinais.dcea.fr\/wp-content\/uploads\/2024\/04\/19-scaled.jpg\"><img loading=\"lazy\" decoding=\"async\" width=\"768\" height=\"1024\" data-id=\"10631\" src=\"https:\/\/cheminsplestinais.dcea.fr\/wp-content\/uploads\/2024\/04\/19-768x1024.jpg\" alt=\"\" class=\"wp-image-10631\" srcset=\"https:\/\/cheminsplestinais.dcea.fr\/wp-content\/uploads\/2024\/04\/19-768x1024.jpg 768w, https:\/\/cheminsplestinais.dcea.fr\/wp-content\/uploads\/2024\/04\/19-225x300.jpg 225w, https:\/\/cheminsplestinais.dcea.fr\/wp-content\/uploads\/2024\/04\/19-1152x1536.jpg 1152w, https:\/\/cheminsplestinais.dcea.fr\/wp-content\/uploads\/2024\/04\/19-1536x2048.jpg 1536w, https:\/\/cheminsplestinais.dcea.fr\/wp-content\/uploads\/2024\/04\/19-scaled.jpg 1920w\" sizes=\"(max-width: 768px) 100vw, 768px\" \/><\/a><\/figure>\n<\/figure>\n\n\n\n<p id=\"E338\">Les promeneurs ayant pris l\u2019habitude de joindre le Hogolo en longeant le Douron, nous avons pos\u00e9 des pierres plates en guise de pav\u00e9s le long de cet \u00ab&nbsp; itin\u00e9raire bis&nbsp;\u00bb, afin de faciliter le passage et d\u2019\u00e9viter le pi\u00e9tinement de la v\u00e9g\u00e9tation . <\/p>\n\n\n\n<p id=\"E338\">Il est en effet d\u00e9conseill\u00e9 d\u2019emprunter la route de la corniche entre Toul an Herry et le Hogolo, cette portion pouvant s\u2019av\u00e9rer dangereuse. <\/p>\n\n\n\n<p id=\"E338\">Inconv\u00e9nient de cette solution&nbsp;: le sentier est submersible d\u00e8s que les coefficients de mar\u00e9e augmentent.&nbsp;<\/p>\n\n\n\n<p><\/p>\n\n\n\n<div class=\"wp-block-media-text is-stacked-on-mobile\" style=\"grid-template-columns:59% auto\"><figure class=\"wp-block-media-text__media\"><a href=\"https:\/\/cheminsplestinais.dcea.fr\/wp-content\/uploads\/2024\/04\/20-scaled.jpg\"><img loading=\"lazy\" decoding=\"async\" width=\"768\" height=\"1024\" src=\"https:\/\/cheminsplestinais.dcea.fr\/wp-content\/uploads\/2024\/04\/20-768x1024.jpg\" alt=\"\" class=\"wp-image-10634 size-full\" srcset=\"https:\/\/cheminsplestinais.dcea.fr\/wp-content\/uploads\/2024\/04\/20-768x1024.jpg 768w, https:\/\/cheminsplestinais.dcea.fr\/wp-content\/uploads\/2024\/04\/20-225x300.jpg 225w, https:\/\/cheminsplestinais.dcea.fr\/wp-content\/uploads\/2024\/04\/20-1152x1536.jpg 1152w, https:\/\/cheminsplestinais.dcea.fr\/wp-content\/uploads\/2024\/04\/20-1536x2048.jpg 1536w, https:\/\/cheminsplestinais.dcea.fr\/wp-content\/uploads\/2024\/04\/20-scaled.jpg 1920w\" sizes=\"(max-width: 768px) 100vw, 768px\" \/><\/a><\/figure><div class=\"wp-block-media-text__content\">\n<p>L\u2019heure de la pause-caf\u00e9 devant la bou\u00e9e du chenal<\/p>\n<\/div><\/div>\n\n\n\n<p><\/p>\n\n\n\n<div class=\"wp-block-media-text has-media-on-the-right is-stacked-on-mobile\" style=\"grid-template-columns:auto 54%\"><div class=\"wp-block-media-text__content\">\n<p>Le secteur des lavoirs du Rest a b\u00e9n\u00e9fici\u00e9 d\u2019un nettoyage de printemps.<\/p>\n<\/div><figure class=\"wp-block-media-text__media\"><a href=\"https:\/\/cheminsplestinais.dcea.fr\/wp-content\/uploads\/2024\/04\/21-scaled.jpg\"><img loading=\"lazy\" decoding=\"async\" width=\"768\" height=\"1024\" src=\"https:\/\/cheminsplestinais.dcea.fr\/wp-content\/uploads\/2024\/04\/21-768x1024.jpg\" alt=\"\" class=\"wp-image-10635 size-full\" srcset=\"https:\/\/cheminsplestinais.dcea.fr\/wp-content\/uploads\/2024\/04\/21-768x1024.jpg 768w, https:\/\/cheminsplestinais.dcea.fr\/wp-content\/uploads\/2024\/04\/21-225x300.jpg 225w, https:\/\/cheminsplestinais.dcea.fr\/wp-content\/uploads\/2024\/04\/21-1152x1536.jpg 1152w, https:\/\/cheminsplestinais.dcea.fr\/wp-content\/uploads\/2024\/04\/21-1536x2048.jpg 1536w, https:\/\/cheminsplestinais.dcea.fr\/wp-content\/uploads\/2024\/04\/21-scaled.jpg 1920w\" sizes=\"(max-width: 768px) 100vw, 768px\" \/><\/a><\/figure><\/div>\n\n\n\n<p><\/p>\n\n\n\n<div class=\"wp-block-media-text is-stacked-on-mobile\" style=\"grid-template-columns:56% auto\"><figure class=\"wp-block-media-text__media\"><a href=\"https:\/\/cheminsplestinais.dcea.fr\/wp-content\/uploads\/2024\/04\/22-scaled.jpg\"><img loading=\"lazy\" decoding=\"async\" width=\"768\" height=\"1024\" src=\"https:\/\/cheminsplestinais.dcea.fr\/wp-content\/uploads\/2024\/04\/22-768x1024.jpg\" alt=\"\" class=\"wp-image-10636 size-full\" srcset=\"https:\/\/cheminsplestinais.dcea.fr\/wp-content\/uploads\/2024\/04\/22-768x1024.jpg 768w, https:\/\/cheminsplestinais.dcea.fr\/wp-content\/uploads\/2024\/04\/22-225x300.jpg 225w, https:\/\/cheminsplestinais.dcea.fr\/wp-content\/uploads\/2024\/04\/22-1152x1536.jpg 1152w, https:\/\/cheminsplestinais.dcea.fr\/wp-content\/uploads\/2024\/04\/22-1536x2048.jpg 1536w, https:\/\/cheminsplestinais.dcea.fr\/wp-content\/uploads\/2024\/04\/22-scaled.jpg 1920w\" sizes=\"(max-width: 768px) 100vw, 768px\" \/><\/a><\/figure><div class=\"wp-block-media-text__content\">\n<p>A Coat ar Bescond, la passerelle enjambant le ruisseau a \u00e9t\u00e9 refaite. Nous lui avons conserv\u00e9 son caract\u00e8re rustique \u2026et solide&nbsp;!<\/p>\n<\/div><\/div>\n\n\n\n<p><\/p>\n\n\n\n<div class=\"wp-block-media-text has-media-on-the-right is-stacked-on-mobile\" style=\"grid-template-columns:auto 55%\"><div class=\"wp-block-media-text__content\">\n<p>Nous avons \u00e9galement nettoy\u00e9 le sentier le long du Yar. Ce parcours promet d\u2019\u00eatre magnifique au printemps&nbsp;!<\/p>\n<\/div><figure class=\"wp-block-media-text__media\"><a href=\"https:\/\/cheminsplestinais.dcea.fr\/wp-content\/uploads\/2024\/04\/23-scaled.jpg\"><img loading=\"lazy\" decoding=\"async\" width=\"768\" height=\"1024\" src=\"https:\/\/cheminsplestinais.dcea.fr\/wp-content\/uploads\/2024\/04\/23-768x1024.jpg\" alt=\"\" class=\"wp-image-10637 size-full\" srcset=\"https:\/\/cheminsplestinais.dcea.fr\/wp-content\/uploads\/2024\/04\/23-768x1024.jpg 768w, https:\/\/cheminsplestinais.dcea.fr\/wp-content\/uploads\/2024\/04\/23-225x300.jpg 225w, https:\/\/cheminsplestinais.dcea.fr\/wp-content\/uploads\/2024\/04\/23-1152x1536.jpg 1152w, https:\/\/cheminsplestinais.dcea.fr\/wp-content\/uploads\/2024\/04\/23-1536x2048.jpg 1536w, https:\/\/cheminsplestinais.dcea.fr\/wp-content\/uploads\/2024\/04\/23-scaled.jpg 1920w\" sizes=\"(max-width: 768px) 100vw, 768px\" \/><\/a><\/figure><\/div>\n\n\n\n<p><\/p>\n\n\n\n<div class=\"wp-block-media-text is-stacked-on-mobile\" style=\"grid-template-columns:53% auto\"><figure class=\"wp-block-media-text__media\"><a href=\"https:\/\/cheminsplestinais.dcea.fr\/wp-content\/uploads\/2024\/04\/24-scaled.jpg\"><img loading=\"lazy\" decoding=\"async\" width=\"768\" height=\"1024\" src=\"https:\/\/cheminsplestinais.dcea.fr\/wp-content\/uploads\/2024\/04\/24-768x1024.jpg\" alt=\"\" class=\"wp-image-10638 size-full\" srcset=\"https:\/\/cheminsplestinais.dcea.fr\/wp-content\/uploads\/2024\/04\/24-768x1024.jpg 768w, https:\/\/cheminsplestinais.dcea.fr\/wp-content\/uploads\/2024\/04\/24-225x300.jpg 225w, https:\/\/cheminsplestinais.dcea.fr\/wp-content\/uploads\/2024\/04\/24-1152x1536.jpg 1152w, https:\/\/cheminsplestinais.dcea.fr\/wp-content\/uploads\/2024\/04\/24-1536x2048.jpg 1536w, https:\/\/cheminsplestinais.dcea.fr\/wp-content\/uploads\/2024\/04\/24-scaled.jpg 1920w\" sizes=\"(max-width: 768px) 100vw, 768px\" \/><\/a><\/figure><div class=\"wp-block-media-text__content\">\n<p>Pendant ce temps, dans notre local, notre \u00e9quipe de menuisiers a entrepris la fabrication d\u2019une nouvelle passerelle<\/p>\n<\/div><\/div>\n\n\n\n<p><\/p>\n\n\n\n<div class=\"wp-block-media-text has-media-on-the-right is-stacked-on-mobile\" style=\"grid-template-columns:auto 54%\"><div class=\"wp-block-media-text__content\">\n<p>Elle sera pos\u00e9e sur le ruisseau du Poul. Celle-ci permettra peut-\u00eatre d&rsquo;envisager une variante \u00e0 la boucle de Saint S\u00e9bastien.<\/p>\n<\/div><figure class=\"wp-block-media-text__media\"><a href=\"https:\/\/cheminsplestinais.dcea.fr\/wp-content\/uploads\/2024\/04\/25-scaled.jpg\"><img loading=\"lazy\" decoding=\"async\" width=\"768\" height=\"1024\" src=\"https:\/\/cheminsplestinais.dcea.fr\/wp-content\/uploads\/2024\/04\/25-768x1024.jpg\" alt=\"\" class=\"wp-image-10639 size-full\" srcset=\"https:\/\/cheminsplestinais.dcea.fr\/wp-content\/uploads\/2024\/04\/25-768x1024.jpg 768w, https:\/\/cheminsplestinais.dcea.fr\/wp-content\/uploads\/2024\/04\/25-225x300.jpg 225w, https:\/\/cheminsplestinais.dcea.fr\/wp-content\/uploads\/2024\/04\/25-1152x1536.jpg 1152w, https:\/\/cheminsplestinais.dcea.fr\/wp-content\/uploads\/2024\/04\/25-1536x2048.jpg 1536w, https:\/\/cheminsplestinais.dcea.fr\/wp-content\/uploads\/2024\/04\/25-scaled.jpg 1920w\" sizes=\"(max-width: 768px) 100vw, 768px\" \/><\/a><\/figure><\/div>\n\n\n\n<p><\/p>\n\n\n\n<div class=\"wp-block-media-text is-stacked-on-mobile\" style=\"grid-template-columns:55% auto\"><figure class=\"wp-block-media-text__media\"><a href=\"https:\/\/cheminsplestinais.dcea.fr\/wp-content\/uploads\/2024\/04\/26-scaled.jpg\"><img loading=\"lazy\" decoding=\"async\" width=\"768\" height=\"1024\" src=\"https:\/\/cheminsplestinais.dcea.fr\/wp-content\/uploads\/2024\/04\/26-768x1024.jpg\" alt=\"\" class=\"wp-image-10641 size-full\" srcset=\"https:\/\/cheminsplestinais.dcea.fr\/wp-content\/uploads\/2024\/04\/26-768x1024.jpg 768w, https:\/\/cheminsplestinais.dcea.fr\/wp-content\/uploads\/2024\/04\/26-225x300.jpg 225w, https:\/\/cheminsplestinais.dcea.fr\/wp-content\/uploads\/2024\/04\/26-1152x1536.jpg 1152w, https:\/\/cheminsplestinais.dcea.fr\/wp-content\/uploads\/2024\/04\/26-1536x2048.jpg 1536w, https:\/\/cheminsplestinais.dcea.fr\/wp-content\/uploads\/2024\/04\/26-scaled.jpg 1920w\" sizes=\"(max-width: 768px) 100vw, 768px\" \/><\/a><\/figure><div class=\"wp-block-media-text__content\">\n<p>Avec un peu de retard, le P\u00e8re No\u00ebl est pass\u00e9 \u00e0 notre local. Dans sa hotte, une s\u00e9rie de tenues de s\u00e9curit\u00e9 toutes neuves. Tenues indispensables, notamment pour les membres de l\u2019association amen\u00e9s \u00e0 manier la tron\u00e7onneuse.<\/p>\n<\/div><\/div>\n\n\n\n<p><\/p>\n\n\n\n<div class=\"wp-block-media-text has-media-on-the-right is-stacked-on-mobile\" style=\"grid-template-columns:auto 56%\"><div class=\"wp-block-media-text__content\">\n<p>Lors de l\u2019essayage, l\u2019effet des r\u00e9veillons se fait manifestement sentir&nbsp;!<\/p>\n<\/div><figure class=\"wp-block-media-text__media\"><a href=\"https:\/\/cheminsplestinais.dcea.fr\/wp-content\/uploads\/2024\/04\/27-scaled.jpg\"><img loading=\"lazy\" decoding=\"async\" width=\"768\" height=\"1024\" src=\"https:\/\/cheminsplestinais.dcea.fr\/wp-content\/uploads\/2024\/04\/27-768x1024.jpg\" alt=\"\" class=\"wp-image-10642 size-full\" srcset=\"https:\/\/cheminsplestinais.dcea.fr\/wp-content\/uploads\/2024\/04\/27-768x1024.jpg 768w, https:\/\/cheminsplestinais.dcea.fr\/wp-content\/uploads\/2024\/04\/27-225x300.jpg 225w, https:\/\/cheminsplestinais.dcea.fr\/wp-content\/uploads\/2024\/04\/27-1152x1536.jpg 1152w, https:\/\/cheminsplestinais.dcea.fr\/wp-content\/uploads\/2024\/04\/27-1536x2048.jpg 1536w, https:\/\/cheminsplestinais.dcea.fr\/wp-content\/uploads\/2024\/04\/27-scaled.jpg 1920w\" sizes=\"(max-width: 768px) 100vw, 768px\" \/><\/a><\/figure><\/div>\n\n\n\n<p><\/p>\n\n\n\n<p><\/p>\n\n\n\n<p class=\"has-text-align-center\" style=\"font-size:24px\"><strong>Les meilleurs moments<\/strong><\/p>\n\n\n\n<p>Au cours du trimestre (voire un peu plus ), nous avons eu l\u2019occasion de f\u00eater plusieurs anniversaires. Autant de sympathiques moments de convivialit\u00e9, partag\u00e9s au sein de notre local associatif.<\/p>\n\n\n\n<p><\/p>\n\n\n\n<figure class=\"wp-block-gallery has-nested-images columns-default is-cropped wp-block-gallery-4 is-layout-flex wp-block-gallery-is-layout-flex\">\n<figure class=\"wp-block-image size-large\"><a href=\"https:\/\/cheminsplestinais.dcea.fr\/wp-content\/uploads\/2024\/04\/28.jpg\"><img loading=\"lazy\" decoding=\"async\" width=\"1024\" height=\"461\" data-id=\"10643\" src=\"https:\/\/cheminsplestinais.dcea.fr\/wp-content\/uploads\/2024\/04\/28-1024x461.jpg\" alt=\"\" class=\"wp-image-10643\" srcset=\"https:\/\/cheminsplestinais.dcea.fr\/wp-content\/uploads\/2024\/04\/28-1024x461.jpg 1024w, https:\/\/cheminsplestinais.dcea.fr\/wp-content\/uploads\/2024\/04\/28-300x135.jpg 300w, https:\/\/cheminsplestinais.dcea.fr\/wp-content\/uploads\/2024\/04\/28-768x346.jpg 768w, https:\/\/cheminsplestinais.dcea.fr\/wp-content\/uploads\/2024\/04\/28-1536x691.jpg 1536w, https:\/\/cheminsplestinais.dcea.fr\/wp-content\/uploads\/2024\/04\/28.jpg 2000w\" sizes=\"(max-width: 1024px) 100vw, 1024px\" \/><\/a><\/figure>\n<\/figure>\n\n\n\n<p><\/p>\n\n\n\n<div class=\"wp-block-media-text is-stacked-on-mobile\"><figure class=\"wp-block-media-text__media\"><a href=\"https:\/\/cheminsplestinais.dcea.fr\/wp-content\/uploads\/2024\/04\/29-1-scaled.jpg\"><img loading=\"lazy\" decoding=\"async\" width=\"768\" height=\"1024\" src=\"https:\/\/cheminsplestinais.dcea.fr\/wp-content\/uploads\/2024\/04\/29-1-768x1024.jpg\" alt=\"\" class=\"wp-image-10646 size-full\" srcset=\"https:\/\/cheminsplestinais.dcea.fr\/wp-content\/uploads\/2024\/04\/29-1-768x1024.jpg 768w, https:\/\/cheminsplestinais.dcea.fr\/wp-content\/uploads\/2024\/04\/29-1-225x300.jpg 225w, https:\/\/cheminsplestinais.dcea.fr\/wp-content\/uploads\/2024\/04\/29-1-1152x1536.jpg 1152w, https:\/\/cheminsplestinais.dcea.fr\/wp-content\/uploads\/2024\/04\/29-1-1536x2048.jpg 1536w, https:\/\/cheminsplestinais.dcea.fr\/wp-content\/uploads\/2024\/04\/29-1-scaled.jpg 1920w\" sizes=\"(max-width: 768px) 100vw, 768px\" \/><\/a><\/figure><div class=\"wp-block-media-text__content\">\n<p>Au mois de d\u00e9cembre, c\u2019\u00e9tait le tour d\u2019Annie et Marcel\u2026<\/p>\n<\/div><\/div>\n\n\n\n<p><\/p>\n\n\n\n<div class=\"wp-block-media-text has-media-on-the-right is-stacked-on-mobile\" style=\"grid-template-columns:auto 54%\"><div class=\"wp-block-media-text__content\">\n<p>\u2026suivis d\u2019Annick, Ren\u00e9 et Jean-Luc, lesquels ont anticip\u00e9 l\u2019inauguration de la passerelle.<\/p>\n<\/div><figure class=\"wp-block-media-text__media\"><a href=\"https:\/\/cheminsplestinais.dcea.fr\/wp-content\/uploads\/2024\/04\/30-scaled.jpg\"><img loading=\"lazy\" decoding=\"async\" width=\"768\" height=\"1024\" src=\"https:\/\/cheminsplestinais.dcea.fr\/wp-content\/uploads\/2024\/04\/30-768x1024.jpg\" alt=\"\" class=\"wp-image-10647 size-full\" srcset=\"https:\/\/cheminsplestinais.dcea.fr\/wp-content\/uploads\/2024\/04\/30-768x1024.jpg 768w, https:\/\/cheminsplestinais.dcea.fr\/wp-content\/uploads\/2024\/04\/30-225x300.jpg 225w, https:\/\/cheminsplestinais.dcea.fr\/wp-content\/uploads\/2024\/04\/30-1152x1536.jpg 1152w, https:\/\/cheminsplestinais.dcea.fr\/wp-content\/uploads\/2024\/04\/30-1536x2048.jpg 1536w, https:\/\/cheminsplestinais.dcea.fr\/wp-content\/uploads\/2024\/04\/30-scaled.jpg 1920w\" sizes=\"(max-width: 768px) 100vw, 768px\" \/><\/a><\/figure><\/div>\n\n\n\n<p><\/p>\n\n\n\n<div class=\"wp-block-media-text is-stacked-on-mobile\" style=\"grid-template-columns:54% auto\"><figure class=\"wp-block-media-text__media\"><a href=\"https:\/\/cheminsplestinais.dcea.fr\/wp-content\/uploads\/2024\/04\/31-scaled.jpg\"><img loading=\"lazy\" decoding=\"async\" width=\"768\" height=\"1024\" src=\"https:\/\/cheminsplestinais.dcea.fr\/wp-content\/uploads\/2024\/04\/31-768x1024.jpg\" alt=\"\" class=\"wp-image-10648 size-full\" srcset=\"https:\/\/cheminsplestinais.dcea.fr\/wp-content\/uploads\/2024\/04\/31-768x1024.jpg 768w, https:\/\/cheminsplestinais.dcea.fr\/wp-content\/uploads\/2024\/04\/31-225x300.jpg 225w, https:\/\/cheminsplestinais.dcea.fr\/wp-content\/uploads\/2024\/04\/31-1152x1536.jpg 1152w, https:\/\/cheminsplestinais.dcea.fr\/wp-content\/uploads\/2024\/04\/31-1536x2048.jpg 1536w, https:\/\/cheminsplestinais.dcea.fr\/wp-content\/uploads\/2024\/04\/31-scaled.jpg 1920w\" sizes=\"(max-width: 768px) 100vw, 768px\" \/><\/a><\/figure><div class=\"wp-block-media-text__content\">\n<p>\u2026et de Philippe, Michel et Thierry. Ce sont donc pas moins de huit anniversaires qui ont \u00e9t\u00e9 f\u00eat\u00e9s entre le mois de d\u00e9cembre et le mois de mars&nbsp;!<\/p>\n<\/div><\/div>\n\n\n\n<p><\/p>\n\n\n\n<p class=\"has-text-align-center\" style=\"font-size:24px\"><strong>Sourions un peu\u2026<\/strong><\/p>\n\n\n\n<p><\/p>\n\n\n\n<div class=\"wp-block-media-text has-media-on-the-right is-stacked-on-mobile\" style=\"grid-template-columns:auto 55%\"><div class=\"wp-block-media-text__content\">\n<p>Deux \u00ab&nbsp;maous costauds&nbsp;\u00bb ne sont pas de trop pour transporter cet imposant madrier&nbsp;!<\/p>\n<\/div><figure class=\"wp-block-media-text__media\"><a href=\"https:\/\/cheminsplestinais.dcea.fr\/wp-content\/uploads\/2024\/04\/32.jpg\"><img loading=\"lazy\" decoding=\"async\" width=\"576\" height=\"1024\" src=\"https:\/\/cheminsplestinais.dcea.fr\/wp-content\/uploads\/2024\/04\/32-576x1024.jpg\" alt=\"\" class=\"wp-image-10649 size-full\" srcset=\"https:\/\/cheminsplestinais.dcea.fr\/wp-content\/uploads\/2024\/04\/32-576x1024.jpg 576w, https:\/\/cheminsplestinais.dcea.fr\/wp-content\/uploads\/2024\/04\/32-169x300.jpg 169w, https:\/\/cheminsplestinais.dcea.fr\/wp-content\/uploads\/2024\/04\/32.jpg 720w\" sizes=\"(max-width: 576px) 100vw, 576px\" \/><\/a><\/figure><\/div>\n\n\n\n<p><\/p>\n\n\n\n<div class=\"wp-block-media-text is-stacked-on-mobile\" style=\"grid-template-columns:53% auto\"><figure class=\"wp-block-media-text__media\"><a href=\"https:\/\/cheminsplestinais.dcea.fr\/wp-content\/uploads\/2024\/04\/33.jpg\"><img loading=\"lazy\" decoding=\"async\" width=\"768\" height=\"1024\" src=\"https:\/\/cheminsplestinais.dcea.fr\/wp-content\/uploads\/2024\/04\/33-768x1024.jpg\" alt=\"\" class=\"wp-image-10650 size-full\" srcset=\"https:\/\/cheminsplestinais.dcea.fr\/wp-content\/uploads\/2024\/04\/33-768x1024.jpg 768w, https:\/\/cheminsplestinais.dcea.fr\/wp-content\/uploads\/2024\/04\/33-225x300.jpg 225w, https:\/\/cheminsplestinais.dcea.fr\/wp-content\/uploads\/2024\/04\/33-1152x1536.jpg 1152w, https:\/\/cheminsplestinais.dcea.fr\/wp-content\/uploads\/2024\/04\/33.jpg 1200w\" sizes=\"(max-width: 768px) 100vw, 768px\" \/><\/a><\/figure><div class=\"wp-block-media-text__content\">\n<p>N\u2019oublions pas que nous sommes en p\u00e9riode pascale\u2026A chacun son Golgotha&nbsp;!<\/p>\n<\/div><\/div>\n\n\n\n<p><\/p>\n\n\n\n<p><\/p>\n\n\n\n<p class=\"has-text-align-center\" style=\"font-size:24px\"><strong>Assembl\u00e9e g\u00e9n\u00e9rale de l\u2019association<\/strong><\/p>\n\n\n\n<p><\/p>\n\n\n\n<figure class=\"wp-block-image size-large\"><a href=\"https:\/\/cheminsplestinais.dcea.fr\/wp-content\/uploads\/2024\/04\/36.jpg\"><img loading=\"lazy\" decoding=\"async\" width=\"1024\" height=\"479\" src=\"https:\/\/cheminsplestinais.dcea.fr\/wp-content\/uploads\/2024\/04\/36-1024x479.jpg\" alt=\"\" class=\"wp-image-10651\" srcset=\"https:\/\/cheminsplestinais.dcea.fr\/wp-content\/uploads\/2024\/04\/36-1024x479.jpg 1024w, https:\/\/cheminsplestinais.dcea.fr\/wp-content\/uploads\/2024\/04\/36-300x140.jpg 300w, https:\/\/cheminsplestinais.dcea.fr\/wp-content\/uploads\/2024\/04\/36-768x359.jpg 768w, https:\/\/cheminsplestinais.dcea.fr\/wp-content\/uploads\/2024\/04\/36-1536x718.jpg 1536w, https:\/\/cheminsplestinais.dcea.fr\/wp-content\/uploads\/2024\/04\/36.jpg 1963w\" sizes=\"(max-width: 1024px) 100vw, 1024px\" \/><\/a><\/figure>\n\n\n\n<p><\/p>\n\n\n\n<figure class=\"wp-block-gallery has-nested-images columns-default is-cropped wp-block-gallery-5 is-layout-flex wp-block-gallery-is-layout-flex\">\n<figure class=\"wp-block-image size-large\"><a href=\"https:\/\/cheminsplestinais.dcea.fr\/wp-content\/uploads\/2024\/04\/34-scaled.jpg\"><img loading=\"lazy\" decoding=\"async\" width=\"768\" height=\"1024\" data-id=\"10653\" src=\"https:\/\/cheminsplestinais.dcea.fr\/wp-content\/uploads\/2024\/04\/34-768x1024.jpg\" alt=\"\" class=\"wp-image-10653\" srcset=\"https:\/\/cheminsplestinais.dcea.fr\/wp-content\/uploads\/2024\/04\/34-768x1024.jpg 768w, https:\/\/cheminsplestinais.dcea.fr\/wp-content\/uploads\/2024\/04\/34-225x300.jpg 225w, https:\/\/cheminsplestinais.dcea.fr\/wp-content\/uploads\/2024\/04\/34-1152x1536.jpg 1152w, https:\/\/cheminsplestinais.dcea.fr\/wp-content\/uploads\/2024\/04\/34-1536x2048.jpg 1536w, https:\/\/cheminsplestinais.dcea.fr\/wp-content\/uploads\/2024\/04\/34-scaled.jpg 1920w\" sizes=\"(max-width: 768px) 100vw, 768px\" \/><\/a><\/figure>\n\n\n\n<figure class=\"wp-block-image size-large\"><a href=\"https:\/\/cheminsplestinais.dcea.fr\/wp-content\/uploads\/2024\/04\/35-scaled.jpg\"><img loading=\"lazy\" decoding=\"async\" width=\"768\" height=\"1024\" data-id=\"10652\" src=\"https:\/\/cheminsplestinais.dcea.fr\/wp-content\/uploads\/2024\/04\/35-768x1024.jpg\" alt=\"\" class=\"wp-image-10652\" srcset=\"https:\/\/cheminsplestinais.dcea.fr\/wp-content\/uploads\/2024\/04\/35-768x1024.jpg 768w, https:\/\/cheminsplestinais.dcea.fr\/wp-content\/uploads\/2024\/04\/35-225x300.jpg 225w, https:\/\/cheminsplestinais.dcea.fr\/wp-content\/uploads\/2024\/04\/35-1152x1536.jpg 1152w, https:\/\/cheminsplestinais.dcea.fr\/wp-content\/uploads\/2024\/04\/35-1536x2048.jpg 1536w, https:\/\/cheminsplestinais.dcea.fr\/wp-content\/uploads\/2024\/04\/35-scaled.jpg 1920w\" sizes=\"(max-width: 768px) 100vw, 768px\" \/><\/a><\/figure>\n<\/figure>\n\n\n\n<p id=\"E471\">Le 18 mars dernier s\u2019est tenue l\u2019assembl\u00e9e g\u00e9n\u00e9rale des Chemins Plestinais, dans l\u2019ancienne salle des f\u00eates, sous la pr\u00e9sidence de Gildas Le Troadec lequel, entour\u00e9 du bureau, a ouvert la s\u00e9ance devant une belle assembl\u00e9e, \u00e9toff\u00e9e de cinq nouveaux adh\u00e9rents au cours de l\u2019ann\u00e9e \u00e9coul\u00e9e. La municipalit\u00e9 \u00e9tait repr\u00e9sent\u00e9e par Jacques Le Glas et Aurore Fournis.<\/p>\n\n\n\n<p id=\"E476\">Au cours de cette assembl\u00e9e, Alain et Jocelyne Nobili, respectivement tr\u00e9sorier et secr\u00e9taire adjointe des Chemins Plestinais, ont souhait\u00e9 passer la main, apr\u00e8s plusieurs ann\u00e9es pass\u00e9es au sein du bureau. Nous leur adressons \u00e0 tous les deux nos remerciements pour leur contribution \u00e0 la bonne marche de l\u2019association.<\/p>\n\n\n\n<p><\/p>\n\n\n\n<div class=\"wp-block-media-text has-media-on-the-right is-stacked-on-mobile\" style=\"grid-template-columns:auto 55%\"><div class=\"wp-block-media-text__content\">\n<p>Le poste de Pr\u00e9sident des Chemins Plestinais est tr\u00e8s convoit\u00e9. Nous croyons savoir pourquoi\u2026<\/p>\n<\/div><figure class=\"wp-block-media-text__media\"><a href=\"https:\/\/cheminsplestinais.dcea.fr\/wp-content\/uploads\/2024\/04\/37-scaled.jpg\"><img loading=\"lazy\" decoding=\"async\" width=\"768\" height=\"1024\" src=\"https:\/\/cheminsplestinais.dcea.fr\/wp-content\/uploads\/2024\/04\/37-768x1024.jpg\" alt=\"\" class=\"wp-image-10654 size-full\" srcset=\"https:\/\/cheminsplestinais.dcea.fr\/wp-content\/uploads\/2024\/04\/37-768x1024.jpg 768w, https:\/\/cheminsplestinais.dcea.fr\/wp-content\/uploads\/2024\/04\/37-225x300.jpg 225w, https:\/\/cheminsplestinais.dcea.fr\/wp-content\/uploads\/2024\/04\/37-1152x1536.jpg 1152w, https:\/\/cheminsplestinais.dcea.fr\/wp-content\/uploads\/2024\/04\/37-1536x2048.jpg 1536w, https:\/\/cheminsplestinais.dcea.fr\/wp-content\/uploads\/2024\/04\/37-scaled.jpg 1920w\" sizes=\"(max-width: 768px) 100vw, 768px\" \/><\/a><\/figure><\/div>\n\n\n\n<p><\/p>\n\n\n\n<figure class=\"wp-block-gallery has-nested-images columns-default is-cropped wp-block-gallery-6 is-layout-flex wp-block-gallery-is-layout-flex\">\n<figure class=\"wp-block-image size-large\"><a href=\"https:\/\/cheminsplestinais.dcea.fr\/wp-content\/uploads\/2024\/04\/38-scaled.jpg\"><img loading=\"lazy\" decoding=\"async\" width=\"768\" height=\"1024\" data-id=\"10655\" src=\"https:\/\/cheminsplestinais.dcea.fr\/wp-content\/uploads\/2024\/04\/38-768x1024.jpg\" alt=\"\" class=\"wp-image-10655\" srcset=\"https:\/\/cheminsplestinais.dcea.fr\/wp-content\/uploads\/2024\/04\/38-768x1024.jpg 768w, https:\/\/cheminsplestinais.dcea.fr\/wp-content\/uploads\/2024\/04\/38-225x300.jpg 225w, https:\/\/cheminsplestinais.dcea.fr\/wp-content\/uploads\/2024\/04\/38-1152x1536.jpg 1152w, https:\/\/cheminsplestinais.dcea.fr\/wp-content\/uploads\/2024\/04\/38-1536x2048.jpg 1536w, https:\/\/cheminsplestinais.dcea.fr\/wp-content\/uploads\/2024\/04\/38-scaled.jpg 1920w\" sizes=\"(max-width: 768px) 100vw, 768px\" \/><\/a><\/figure>\n\n\n\n<figure class=\"wp-block-image size-large\"><a href=\"https:\/\/cheminsplestinais.dcea.fr\/wp-content\/uploads\/2024\/04\/39-scaled.jpg\"><img loading=\"lazy\" decoding=\"async\" width=\"768\" height=\"1024\" data-id=\"10656\" src=\"https:\/\/cheminsplestinais.dcea.fr\/wp-content\/uploads\/2024\/04\/39-768x1024.jpg\" alt=\"\" class=\"wp-image-10656\" srcset=\"https:\/\/cheminsplestinais.dcea.fr\/wp-content\/uploads\/2024\/04\/39-768x1024.jpg 768w, https:\/\/cheminsplestinais.dcea.fr\/wp-content\/uploads\/2024\/04\/39-225x300.jpg 225w, https:\/\/cheminsplestinais.dcea.fr\/wp-content\/uploads\/2024\/04\/39-1152x1536.jpg 1152w, https:\/\/cheminsplestinais.dcea.fr\/wp-content\/uploads\/2024\/04\/39-1536x2048.jpg 1536w, https:\/\/cheminsplestinais.dcea.fr\/wp-content\/uploads\/2024\/04\/39-scaled.jpg 1920w\" sizes=\"(max-width: 768px) 100vw, 768px\" \/><\/a><\/figure>\n<\/figure>\n\n\n\n<p><\/p>\n\n\n\n<div class=\"wp-block-media-text is-stacked-on-mobile\" style=\"grid-template-columns:57% auto\"><figure class=\"wp-block-media-text__media\"><a href=\"https:\/\/cheminsplestinais.dcea.fr\/wp-content\/uploads\/2024\/04\/40.jpg\"><img loading=\"lazy\" decoding=\"async\" width=\"1024\" height=\"986\" src=\"https:\/\/cheminsplestinais.dcea.fr\/wp-content\/uploads\/2024\/04\/40-1024x986.jpg\" alt=\"\" class=\"wp-image-10657 size-full\" srcset=\"https:\/\/cheminsplestinais.dcea.fr\/wp-content\/uploads\/2024\/04\/40-1024x986.jpg 1024w, https:\/\/cheminsplestinais.dcea.fr\/wp-content\/uploads\/2024\/04\/40-300x289.jpg 300w, https:\/\/cheminsplestinais.dcea.fr\/wp-content\/uploads\/2024\/04\/40-768x740.jpg 768w, https:\/\/cheminsplestinais.dcea.fr\/wp-content\/uploads\/2024\/04\/40-1536x1479.jpg 1536w, https:\/\/cheminsplestinais.dcea.fr\/wp-content\/uploads\/2024\/04\/40.jpg 2000w\" sizes=\"(max-width: 1024px) 100vw, 1024px\" \/><\/a><\/figure><div class=\"wp-block-media-text__content\">\n<p>L\u2019assembl\u00e9e g\u00e9n\u00e9rale est \u00e9galement tr\u00e8s attendue par notre tr\u00e9sorier et son \u00e9quipe&nbsp;: c\u2019est le moment de faire entrer les cotisations&nbsp;! Alors, le sourire est de rigueur\u2026<\/p>\n<\/div><\/div>\n\n\n\n<p><\/p>\n\n\n\n<figure class=\"wp-block-image size-large\"><a href=\"https:\/\/cheminsplestinais.dcea.fr\/wp-content\/uploads\/2024\/04\/41-1.jpg\"><img loading=\"lazy\" decoding=\"async\" width=\"1024\" height=\"520\" src=\"https:\/\/cheminsplestinais.dcea.fr\/wp-content\/uploads\/2024\/04\/41-1-1024x520.jpg\" alt=\"\" class=\"wp-image-10660\" srcset=\"https:\/\/cheminsplestinais.dcea.fr\/wp-content\/uploads\/2024\/04\/41-1-1024x520.jpg 1024w, https:\/\/cheminsplestinais.dcea.fr\/wp-content\/uploads\/2024\/04\/41-1-300x152.jpg 300w, https:\/\/cheminsplestinais.dcea.fr\/wp-content\/uploads\/2024\/04\/41-1-768x390.jpg 768w, https:\/\/cheminsplestinais.dcea.fr\/wp-content\/uploads\/2024\/04\/41-1-1536x780.jpg 1536w, https:\/\/cheminsplestinais.dcea.fr\/wp-content\/uploads\/2024\/04\/41-1.jpg 2000w\" sizes=\"(max-width: 1024px) 100vw, 1024px\" \/><\/a><\/figure>\n\n\n\n<p>Le repas de cl\u00f4ture de l\u2019assembl\u00e9e g\u00e9n\u00e9rale, sous la forme d\u2019auberge espagnole, est toujours aussi appr\u00e9ci\u00e9.<\/p>\n\n\n\n<p><\/p>\n\n\n\n<div class=\"wp-block-media-text has-media-on-the-right is-stacked-on-mobile\" style=\"grid-template-columns:auto 57%\"><div class=\"wp-block-media-text__content\">\n<p>Bon app\u00e9tit, messieurs-dames&nbsp;!<\/p>\n<\/div><figure class=\"wp-block-media-text__media\"><a href=\"https:\/\/cheminsplestinais.dcea.fr\/wp-content\/uploads\/2024\/04\/42-scaled.jpg\"><img loading=\"lazy\" decoding=\"async\" width=\"768\" height=\"1024\" src=\"https:\/\/cheminsplestinais.dcea.fr\/wp-content\/uploads\/2024\/04\/42-768x1024.jpg\" alt=\"\" class=\"wp-image-10662 size-full\" srcset=\"https:\/\/cheminsplestinais.dcea.fr\/wp-content\/uploads\/2024\/04\/42-768x1024.jpg 768w, https:\/\/cheminsplestinais.dcea.fr\/wp-content\/uploads\/2024\/04\/42-225x300.jpg 225w, https:\/\/cheminsplestinais.dcea.fr\/wp-content\/uploads\/2024\/04\/42-1152x1536.jpg 1152w, https:\/\/cheminsplestinais.dcea.fr\/wp-content\/uploads\/2024\/04\/42-1536x2048.jpg 1536w, https:\/\/cheminsplestinais.dcea.fr\/wp-content\/uploads\/2024\/04\/42-scaled.jpg 1920w\" sizes=\"(max-width: 768px) 100vw, 768px\" \/><\/a><\/figure><\/div>\n\n\n\n<p><\/p>\n\n\n\n<div class=\"wp-block-media-text is-stacked-on-mobile\" style=\"grid-template-columns:58% auto\"><figure class=\"wp-block-media-text__media\"><a href=\"https:\/\/cheminsplestinais.dcea.fr\/wp-content\/uploads\/2024\/04\/43-1.jpg\"><img loading=\"lazy\" decoding=\"async\" width=\"1024\" height=\"705\" src=\"https:\/\/cheminsplestinais.dcea.fr\/wp-content\/uploads\/2024\/04\/43-1-1024x705.jpg\" alt=\"\" class=\"wp-image-10664 size-full\" srcset=\"https:\/\/cheminsplestinais.dcea.fr\/wp-content\/uploads\/2024\/04\/43-1-1024x705.jpg 1024w, https:\/\/cheminsplestinais.dcea.fr\/wp-content\/uploads\/2024\/04\/43-1-300x207.jpg 300w, https:\/\/cheminsplestinais.dcea.fr\/wp-content\/uploads\/2024\/04\/43-1-768x529.jpg 768w, https:\/\/cheminsplestinais.dcea.fr\/wp-content\/uploads\/2024\/04\/43-1-1536x1058.jpg 1536w, https:\/\/cheminsplestinais.dcea.fr\/wp-content\/uploads\/2024\/04\/43-1.jpg 2000w\" sizes=\"(max-width: 1024px) 100vw, 1024px\" \/><\/a><\/figure><div class=\"wp-block-media-text__content\">\n<p>Un pr\u00e9sident bien entour\u00e9 est un pr\u00e9sident heureux\u2026<\/p>\n<\/div><\/div>\n\n\n\n<p><\/p>\n\n\n\n<figure class=\"wp-block-gallery has-nested-images columns-default is-cropped wp-block-gallery-7 is-layout-flex wp-block-gallery-is-layout-flex\">\n<figure class=\"wp-block-image size-large\"><a href=\"https:\/\/cheminsplestinais.dcea.fr\/wp-content\/uploads\/2024\/04\/44-scaled.jpg\"><img loading=\"lazy\" decoding=\"async\" width=\"768\" height=\"1024\" data-id=\"10666\" src=\"https:\/\/cheminsplestinais.dcea.fr\/wp-content\/uploads\/2024\/04\/44-768x1024.jpg\" alt=\"\" class=\"wp-image-10666\" srcset=\"https:\/\/cheminsplestinais.dcea.fr\/wp-content\/uploads\/2024\/04\/44-768x1024.jpg 768w, https:\/\/cheminsplestinais.dcea.fr\/wp-content\/uploads\/2024\/04\/44-225x300.jpg 225w, https:\/\/cheminsplestinais.dcea.fr\/wp-content\/uploads\/2024\/04\/44-1152x1536.jpg 1152w, https:\/\/cheminsplestinais.dcea.fr\/wp-content\/uploads\/2024\/04\/44-1536x2048.jpg 1536w, https:\/\/cheminsplestinais.dcea.fr\/wp-content\/uploads\/2024\/04\/44-scaled.jpg 1920w\" sizes=\"(max-width: 768px) 100vw, 768px\" \/><\/a><\/figure>\n\n\n\n<figure class=\"wp-block-image size-large\"><a href=\"https:\/\/cheminsplestinais.dcea.fr\/wp-content\/uploads\/2024\/04\/45-scaled.jpg\"><img loading=\"lazy\" decoding=\"async\" width=\"768\" height=\"1024\" data-id=\"10665\" src=\"https:\/\/cheminsplestinais.dcea.fr\/wp-content\/uploads\/2024\/04\/45-768x1024.jpg\" alt=\"\" class=\"wp-image-10665\" srcset=\"https:\/\/cheminsplestinais.dcea.fr\/wp-content\/uploads\/2024\/04\/45-768x1024.jpg 768w, https:\/\/cheminsplestinais.dcea.fr\/wp-content\/uploads\/2024\/04\/45-225x300.jpg 225w, https:\/\/cheminsplestinais.dcea.fr\/wp-content\/uploads\/2024\/04\/45-1152x1536.jpg 1152w, https:\/\/cheminsplestinais.dcea.fr\/wp-content\/uploads\/2024\/04\/45-1536x2048.jpg 1536w, https:\/\/cheminsplestinais.dcea.fr\/wp-content\/uploads\/2024\/04\/45-scaled.jpg 1920w\" sizes=\"(max-width: 768px) 100vw, 768px\" \/><\/a><\/figure>\n<\/figure>\n\n\n\n<p>Apr\u00e8s le repas vient le temps du rangement\u2026et du nettoyage. Pour cela aussi, nous avons des sp\u00e9cialistes&nbsp;!<\/p>\n\n\n\n<p>Pour lire le compte-rendu de l&rsquo;Assembl\u00e9e G\u00e9n\u00e9rale :<\/p>\n\n\n\n<p><a href=\"https:\/\/drive.google.com\/file\/d\/1-2uVWzdxupE-NVMjPmGZtxxTOzTsfupc\/view?usp=sharing\" data-type=\"link\" data-id=\"https:\/\/drive.google.com\/file\/d\/1-2uVWzdxupE-NVMjPmGZtxxTOzTsfupc\/view?usp=sharing\">https:\/\/drive.google.com\/file\/d\/1-2uVWzdxupE-NVMjPmGZtxxTOzTsfupc\/view?usp=sharing<\/a><\/p>\n\n\n\n<p>Pour visionner le diaporama de nos activit\u00e9s 2023 : <\/p>\n\n\n\n<p><a href=\"https:\/\/drive.google.com\/file\/d\/1vVynjv_zKAt6BdXTTnS3VHHiHLo23tzL\/view?usp=sharing\" data-type=\"link\" data-id=\"https:\/\/drive.google.com\/file\/d\/1vVynjv_zKAt6BdXTTnS3VHHiHLo23tzL\/view?usp=sharing\">https:\/\/drive.google.com\/file\/d\/1vVynjv_zKAt6BdXTTnS3VHHiHLo23tzL\/view?usp=sharing<\/a><\/p>\n\n\n\n<p class=\"has-text-align-center\" style=\"font-size:24px\"><strong>Un membre de l\u2019association \u00e0 l\u2019honneur&nbsp;!<\/strong><\/p>\n\n\n\n<p><\/p>\n\n\n\n<p><\/p>\n\n\n\n<p id=\"E539\">Nous ne saurions clore ce trimestre sans \u00e9voquer une tr\u00e8s bonne nouvelle&nbsp;: lors de la soir\u00e9e de d\u00e9signation des laur\u00e9ats du printemps des po\u00e8tes, le 22 mars dernier, \u00e0 l\u2019espace culturel An Dour Meur, Dominique Le No\u00ebl, membre de l\u2019association, s\u2019est vu d\u00e9cerner le premier prix dans la cat\u00e9gorie \u00ab&nbsp;<em>adultes \u2013 po\u00e8mes en langue fran\u00e7aise&nbsp;\u00bb<\/em><em>,<\/em>pour son po\u00e8me intitul\u00e9 \u00ab&nbsp;Gazelle&nbsp;\u00bb.<\/p>\n\n\n\n<p id=\"E545\">Nous adressons nos f\u00e9licitations \u00e0 Dominique, pour cette po\u00e9sie \u00e9mouvante, laquelle fait briller une petite flamme d\u2019espoir dans une actualit\u00e9 sombre et d\u00e9sesp\u00e9rante. Puisse cette r\u00e9compense donner des id\u00e9es \u00e0 d\u2019autres membres des chemins plestinais pour l\u2019\u00e9dition 2025 du <em>printemps des po\u00e8tes&nbsp;<\/em>!<\/p>\n\n\n\n<p>Vous pouvez d\u00e9couvrir ce po\u00e8me :<\/p>\n\n\n\n<p><a href=\"https:\/\/drive.google.com\/file\/d\/1isibXfrIX3QYO0hVFGlkG99_H9V7x1Tq\/view?usp=sharing\" data-type=\"link\" data-id=\"https:\/\/drive.google.com\/file\/d\/1isibXfrIX3QYO0hVFGlkG99_H9V7x1Tq\/view?usp=sharing\">https:\/\/drive.google.com\/file\/d\/1isibXfrIX3QYO0hVFGlkG99_H9V7x1Tq\/view?usp=sharing<\/a><\/p>\n","protected":false},"excerpt":{"rendered":"<p>Les chantiers du trimestre Nous abordons l\u2019ann\u00e9e 2024 comme nous avons termin\u00e9 l\u2019ann\u00e9e 2023, \u00e0 savoir la poursuite de la r\u00e9paration des d\u00e9g\u00e2ts de la temp\u00eate Ciaran. Les clich\u00e9s qui suivent d\u00e9montrent qu\u2019aucun de nos sentiers n\u2019a \u00e9t\u00e9 \u00e9pargn\u00e9, et que quelques (mauvaises) surprises nous attendent, de nature \u00e0 nous compliquer la t\u00e2che. Au pied [&hellip;]<\/p>\n","protected":false},"author":6,"featured_media":0,"comment_status":"open","ping_status":"closed","sticky":false,"template":"","format":"standard","meta":{"footnotes":""},"categories":[2,7],"tags":[],"_links":{"self":[{"href":"https:\/\/cheminsplestinais.dcea.fr\/index.php?rest_route=\/wp\/v2\/posts\/10598"}],"collection":[{"href":"https:\/\/cheminsplestinais.dcea.fr\/index.php?rest_route=\/wp\/v2\/posts"}],"about":[{"href":"https:\/\/cheminsplestinais.dcea.fr\/index.php?rest_route=\/wp\/v2\/types\/post"}],"author":[{"embeddable":true,"href":"https:\/\/cheminsplestinais.dcea.fr\/index.php?rest_route=\/wp\/v2\/users\/6"}],"replies":[{"embeddable":true,"href":"https:\/\/cheminsplestinais.dcea.fr\/index.php?rest_route=%2Fwp%2Fv2%2Fcomments&post=10598"}],"version-history":[{"count":20,"href":"https:\/\/cheminsplestinais.dcea.fr\/index.php?rest_route=\/wp\/v2\/posts\/10598\/revisions"}],"predecessor-version":[{"id":10673,"href":"https:\/\/cheminsplestinais.dcea.fr\/index.php?rest_route=\/wp\/v2\/posts\/10598\/revisions\/10673"}],"wp:attachment":[{"href":"https:\/\/cheminsplestinais.dcea.fr\/index.php?rest_route=%2Fwp%2Fv2%2Fmedia&parent=10598"}],"wp:term":[{"taxonomy":"category","embeddable":true,"href":"https:\/\/cheminsplestinais.dcea.fr\/index.php?rest_route=%2Fwp%2Fv2%2Fcategories&post=10598"},{"taxonomy":"post_tag","embeddable":true,"href":"https:\/\/cheminsplestinais.dcea.fr\/index.php?rest_route=%2Fwp%2Fv2%2Ftags&post=10598"}],"curies":[{"name":"wp","href":"https:\/\/api.w.org\/{rel}","templated":true}]}}