{"id":10980,"date":"2025-01-08T11:00:24","date_gmt":"2025-01-08T10:00:24","guid":{"rendered":"https:\/\/cheminsplestinais.dcea.fr\/?p=10980"},"modified":"2025-01-08T11:00:26","modified_gmt":"2025-01-08T10:00:26","slug":"contents-de-se-retrouver","status":"publish","type":"post","link":"https:\/\/cheminsplestinais.dcea.fr\/?p=10980","title":{"rendered":"CONTENTS DE SE RETROUVER !"},"content":{"rendered":"\n<p>C\u2019est dans la bonne humeur que les membres de l\u2019association se sont retrouv\u00e9s au mois de septembre, en souhaitant que l\u2019hiver les dispense d\u2019un \u00e9pisode comme celui qu\u2019ils ont connu l\u2019an dernier. Le groupe, renforc\u00e9 de nouvelles recrues (cf. le trombinoscope), a donc pu repartir sur les diff\u00e9rentes boucles, pour un entretien classique, mais aussi pour quelques am\u00e9liorations notables, notamment sur le GR 34, et le projet d\u2019ouverture d\u2019un nouveau parcours, dont nous vous tiendrons inform\u00e9s dans les prochaines semaines\u2026<\/p>\n\n\n\n<p><\/p>\n\n\n\n<p class=\"has-medium-font-size\"><strong>Les chantiers du trimestre<\/strong><\/p>\n\n\n\n<p class=\"has-medium-font-size\"><em><strong>Beg Douar (niveau de l\u2019h\u00f4tel Les Panoramas)<\/strong><\/em><\/p>\n\n\n\n<div class=\"wp-block-media-text is-stacked-on-mobile\"><figure class=\"wp-block-media-text__media\"><a href=\"https:\/\/cheminsplestinais.dcea.fr\/wp-content\/uploads\/2025\/01\/1-scaled-e1736243456447.jpg\"><img loading=\"lazy\" decoding=\"async\" width=\"768\" height=\"1024\" src=\"https:\/\/cheminsplestinais.dcea.fr\/wp-content\/uploads\/2025\/01\/1-scaled-e1736243456447-768x1024.jpg\" alt=\"\" class=\"wp-image-10914 size-full\" srcset=\"https:\/\/cheminsplestinais.dcea.fr\/wp-content\/uploads\/2025\/01\/1-scaled-e1736243456447-768x1024.jpg 768w, https:\/\/cheminsplestinais.dcea.fr\/wp-content\/uploads\/2025\/01\/1-scaled-e1736243456447-225x300.jpg 225w, https:\/\/cheminsplestinais.dcea.fr\/wp-content\/uploads\/2025\/01\/1-scaled-e1736243456447-1152x1536.jpg 1152w, https:\/\/cheminsplestinais.dcea.fr\/wp-content\/uploads\/2025\/01\/1-scaled-e1736243456447-1536x2048.jpg 1536w, https:\/\/cheminsplestinais.dcea.fr\/wp-content\/uploads\/2025\/01\/1-scaled-e1736243456447.jpg 1920w\" sizes=\"(max-width: 768px) 100vw, 768px\" \/><\/a><\/figure><div class=\"wp-block-media-text__content\">\n<p>Cette portion de sentier \u00e9tait particuli\u00e8rement envahie par la v\u00e9g\u00e9tation. Un grillage ancien et d\u00e9grad\u00e9 \u00e9tait litt\u00e9ralement \u00ab perdu \u00bb dans les hautes herbes et les branchages. Nous l\u2019avons donc enlev\u00e9, ce qui a facilit\u00e9 l\u2019entretien du site.<\/p>\n<\/div><\/div>\n\n\n\n<p><\/p>\n\n\n\n<div class=\"wp-block-media-text has-media-on-the-right is-stacked-on-mobile\"><div class=\"wp-block-media-text__content\">\n<p>Le sentier est \u00e0 nouveau praticable.<\/p>\n<\/div><figure class=\"wp-block-media-text__media\"><a href=\"https:\/\/cheminsplestinais.dcea.fr\/wp-content\/uploads\/2025\/01\/2-scaled-e1736239358656.jpg\"><img loading=\"lazy\" decoding=\"async\" width=\"768\" height=\"1024\" src=\"https:\/\/cheminsplestinais.dcea.fr\/wp-content\/uploads\/2025\/01\/2-scaled-e1736239358656-768x1024.jpg\" alt=\"\" class=\"wp-image-10915 size-full\" srcset=\"https:\/\/cheminsplestinais.dcea.fr\/wp-content\/uploads\/2025\/01\/2-scaled-e1736239358656-768x1024.jpg 768w, https:\/\/cheminsplestinais.dcea.fr\/wp-content\/uploads\/2025\/01\/2-scaled-e1736239358656-225x300.jpg 225w, https:\/\/cheminsplestinais.dcea.fr\/wp-content\/uploads\/2025\/01\/2-scaled-e1736239358656-1152x1536.jpg 1152w, https:\/\/cheminsplestinais.dcea.fr\/wp-content\/uploads\/2025\/01\/2-scaled-e1736239358656-1536x2048.jpg 1536w, https:\/\/cheminsplestinais.dcea.fr\/wp-content\/uploads\/2025\/01\/2-scaled-e1736239358656.jpg 1920w\" sizes=\"(max-width: 768px) 100vw, 768px\" \/><\/a><\/figure><\/div>\n\n\n\n<p><\/p>\n\n\n\n<div class=\"wp-block-media-text is-stacked-on-mobile\"><figure class=\"wp-block-media-text__media\"><a href=\"https:\/\/cheminsplestinais.dcea.fr\/wp-content\/uploads\/2025\/01\/3-scaled-e1736243582437.jpg\"><img loading=\"lazy\" decoding=\"async\" width=\"768\" height=\"1024\" src=\"https:\/\/cheminsplestinais.dcea.fr\/wp-content\/uploads\/2025\/01\/3-scaled-e1736243582437-768x1024.jpg\" alt=\"\" class=\"wp-image-10916 size-full\" srcset=\"https:\/\/cheminsplestinais.dcea.fr\/wp-content\/uploads\/2025\/01\/3-scaled-e1736243582437-768x1024.jpg 768w, https:\/\/cheminsplestinais.dcea.fr\/wp-content\/uploads\/2025\/01\/3-scaled-e1736243582437-225x300.jpg 225w, https:\/\/cheminsplestinais.dcea.fr\/wp-content\/uploads\/2025\/01\/3-scaled-e1736243582437-1152x1536.jpg 1152w, https:\/\/cheminsplestinais.dcea.fr\/wp-content\/uploads\/2025\/01\/3-scaled-e1736243582437-1536x2048.jpg 1536w, https:\/\/cheminsplestinais.dcea.fr\/wp-content\/uploads\/2025\/01\/3-scaled-e1736243582437.jpg 1920w\" sizes=\"(max-width: 768px) 100vw, 768px\" \/><\/a><\/figure><div class=\"wp-block-media-text__content\">\n<p>Mission accomplie ! L\u2019\u00e9quipe rentre au bercail.<\/p>\n<\/div><\/div>\n\n\n\n<p><\/p>\n\n\n\n<p class=\"has-medium-font-size\"><strong><em>Sainte Barbe<\/em><\/strong><\/p>\n\n\n\n<div class=\"wp-block-media-text is-stacked-on-mobile is-vertically-aligned-top\" style=\"grid-template-columns:55% auto\"><figure class=\"wp-block-media-text__media\"><a href=\"https:\/\/cheminsplestinais.dcea.fr\/wp-content\/uploads\/2025\/01\/4-scaled-e1736243602931.jpg\"><img loading=\"lazy\" decoding=\"async\" width=\"768\" height=\"1024\" src=\"https:\/\/cheminsplestinais.dcea.fr\/wp-content\/uploads\/2025\/01\/4-scaled-e1736243602931-768x1024.jpg\" alt=\"\" class=\"wp-image-10917 size-full\" srcset=\"https:\/\/cheminsplestinais.dcea.fr\/wp-content\/uploads\/2025\/01\/4-scaled-e1736243602931-768x1024.jpg 768w, https:\/\/cheminsplestinais.dcea.fr\/wp-content\/uploads\/2025\/01\/4-scaled-e1736243602931-225x300.jpg 225w, https:\/\/cheminsplestinais.dcea.fr\/wp-content\/uploads\/2025\/01\/4-scaled-e1736243602931-1152x1536.jpg 1152w, https:\/\/cheminsplestinais.dcea.fr\/wp-content\/uploads\/2025\/01\/4-scaled-e1736243602931-1536x2048.jpg 1536w, https:\/\/cheminsplestinais.dcea.fr\/wp-content\/uploads\/2025\/01\/4-scaled-e1736243602931.jpg 1920w\" sizes=\"(max-width: 768px) 100vw, 768px\" \/><\/a><\/figure><div class=\"wp-block-media-text__content\">\n<p>Le muret longeant une portion du sentier \u00e9tait s\u00e9rieusement d\u00e9grad\u00e9, \u00e0 un point tel que les randonneurs pouvaient ne plus en soup\u00e7onner l\u2019existence ! Une \u00e9quipe s\u2019est donc employ\u00e9e \u00e0 le r\u00e9habiliter. <\/p>\n<\/div><\/div>\n\n\n\n<p><\/p>\n\n\n\n<div class=\"wp-block-media-text has-media-on-the-right is-stacked-on-mobile\"><div class=\"wp-block-media-text__content\">\n<p>Le chantier, engag\u00e9 au deuxi\u00e8me trimestre, a repris d\u00e8s le mois de septembre et a demand\u00e9 un s\u00e9rieux travail pr\u00e9alable de terrassement, afin de r\u00e9cup\u00e9rer les pierres enfouies sous la terre et les broussailles.\u2026Puis nos ma\u00e7ons maison ont reconstruit le muret, que chacun pourra donc retrouver dans sa configuration d\u2019origine.<\/p>\n<\/div><figure class=\"wp-block-media-text__media\"><a href=\"https:\/\/cheminsplestinais.dcea.fr\/wp-content\/uploads\/2025\/01\/5-scaled-e1736243619457.jpg\"><img loading=\"lazy\" decoding=\"async\" width=\"768\" height=\"1024\" src=\"https:\/\/cheminsplestinais.dcea.fr\/wp-content\/uploads\/2025\/01\/5-scaled-e1736243619457-768x1024.jpg\" alt=\"\" class=\"wp-image-10918 size-full\" srcset=\"https:\/\/cheminsplestinais.dcea.fr\/wp-content\/uploads\/2025\/01\/5-scaled-e1736243619457-768x1024.jpg 768w, https:\/\/cheminsplestinais.dcea.fr\/wp-content\/uploads\/2025\/01\/5-scaled-e1736243619457-225x300.jpg 225w, https:\/\/cheminsplestinais.dcea.fr\/wp-content\/uploads\/2025\/01\/5-scaled-e1736243619457-1152x1536.jpg 1152w, https:\/\/cheminsplestinais.dcea.fr\/wp-content\/uploads\/2025\/01\/5-scaled-e1736243619457-1536x2048.jpg 1536w, https:\/\/cheminsplestinais.dcea.fr\/wp-content\/uploads\/2025\/01\/5-scaled-e1736243619457.jpg 1920w\" sizes=\"(max-width: 768px) 100vw, 768px\" \/><\/a><\/figure><\/div>\n\n\n\n<p><\/p>\n\n\n\n<div class=\"wp-block-media-text is-stacked-on-mobile\"><figure class=\"wp-block-media-text__media\"><a href=\"https:\/\/cheminsplestinais.dcea.fr\/wp-content\/uploads\/2025\/01\/6-scaled-e1736243636633.jpg\"><img loading=\"lazy\" decoding=\"async\" width=\"768\" height=\"1024\" src=\"https:\/\/cheminsplestinais.dcea.fr\/wp-content\/uploads\/2025\/01\/6-scaled-e1736243636633-768x1024.jpg\" alt=\"\" class=\"wp-image-10919 size-full\" srcset=\"https:\/\/cheminsplestinais.dcea.fr\/wp-content\/uploads\/2025\/01\/6-scaled-e1736243636633-768x1024.jpg 768w, https:\/\/cheminsplestinais.dcea.fr\/wp-content\/uploads\/2025\/01\/6-scaled-e1736243636633-225x300.jpg 225w, https:\/\/cheminsplestinais.dcea.fr\/wp-content\/uploads\/2025\/01\/6-scaled-e1736243636633-1152x1536.jpg 1152w, https:\/\/cheminsplestinais.dcea.fr\/wp-content\/uploads\/2025\/01\/6-scaled-e1736243636633-1536x2048.jpg 1536w, https:\/\/cheminsplestinais.dcea.fr\/wp-content\/uploads\/2025\/01\/6-scaled-e1736243636633.jpg 1920w\" sizes=\"(max-width: 768px) 100vw, 768px\" \/><\/a><\/figure><div class=\"wp-block-media-text__content\">\n<p>\u2026Sans oublier de sacrifier \u00e0 la pause-caf\u00e9 bien m\u00e9rit\u00e9e !<\/p>\n<\/div><\/div>\n\n\n\n<p><\/p>\n\n\n\n<p class=\"has-medium-font-size\"><strong><em>Le Rest<\/em><\/strong><\/p>\n\n\n\n<p><\/p>\n\n\n\n<div class=\"wp-block-media-text has-media-on-the-right is-stacked-on-mobile\" style=\"grid-template-columns:auto 64%\"><div class=\"wp-block-media-text__content\">\n<p>L\u2019environnement des lavoirs du Rest a r\u00e9guli\u00e8rement besoin d\u2019une toilette.<\/p>\n<\/div><figure class=\"wp-block-media-text__media\"><a href=\"https:\/\/cheminsplestinais.dcea.fr\/wp-content\/uploads\/2025\/01\/7-scaled-e1736243653242.jpg\"><img loading=\"lazy\" decoding=\"async\" width=\"768\" height=\"1024\" src=\"https:\/\/cheminsplestinais.dcea.fr\/wp-content\/uploads\/2025\/01\/7-scaled-e1736243653242-768x1024.jpg\" alt=\"\" class=\"wp-image-10920 size-full\" srcset=\"https:\/\/cheminsplestinais.dcea.fr\/wp-content\/uploads\/2025\/01\/7-scaled-e1736243653242-768x1024.jpg 768w, https:\/\/cheminsplestinais.dcea.fr\/wp-content\/uploads\/2025\/01\/7-scaled-e1736243653242-225x300.jpg 225w, https:\/\/cheminsplestinais.dcea.fr\/wp-content\/uploads\/2025\/01\/7-scaled-e1736243653242-1152x1536.jpg 1152w, https:\/\/cheminsplestinais.dcea.fr\/wp-content\/uploads\/2025\/01\/7-scaled-e1736243653242-1536x2048.jpg 1536w, https:\/\/cheminsplestinais.dcea.fr\/wp-content\/uploads\/2025\/01\/7-scaled-e1736243653242.jpg 1920w\" sizes=\"(max-width: 768px) 100vw, 768px\" \/><\/a><\/figure><\/div>\n\n\n\n<p><\/p>\n\n\n\n<p class=\"has-medium-font-size\"><em><strong>Chantier de Kermalhouezan<\/strong><\/em><\/p>\n\n\n\n<p>La consultation de la carte nous a permis de d\u00e9couvrir l\u2019existence d\u2019une portion de chemin public partant de Kermalhouezan vers le Yar. Portion int\u00e9ressante, \u00e9tant donn\u00e9 qu\u2019elle permettra dans un proche avenir de rejoindre la commune de Tr\u00e9duder, moyennant la pose d\u2019une passerelle sur la rivi\u00e8re. Ce chemin desservait autrefois le moulin de Leslac\u2019h , situ\u00e9 pr\u00e8s du cours d\u2019eau.<\/p>\n\n\n\n<figure class=\"wp-block-gallery has-nested-images columns-default is-cropped wp-block-gallery-1 is-layout-flex wp-block-gallery-is-layout-flex\">\n<figure class=\"wp-block-image size-large\"><a href=\"https:\/\/cheminsplestinais.dcea.fr\/wp-content\/uploads\/2025\/01\/9.jpg\"><img loading=\"lazy\" decoding=\"async\" width=\"1024\" height=\"768\" data-id=\"10922\" src=\"https:\/\/cheminsplestinais.dcea.fr\/wp-content\/uploads\/2025\/01\/9-1024x768.jpg\" alt=\"\" class=\"wp-image-10922\" srcset=\"https:\/\/cheminsplestinais.dcea.fr\/wp-content\/uploads\/2025\/01\/9-1024x768.jpg 1024w, https:\/\/cheminsplestinais.dcea.fr\/wp-content\/uploads\/2025\/01\/9-300x225.jpg 300w, https:\/\/cheminsplestinais.dcea.fr\/wp-content\/uploads\/2025\/01\/9-768x576.jpg 768w, https:\/\/cheminsplestinais.dcea.fr\/wp-content\/uploads\/2025\/01\/9-1536x1152.jpg 1536w, https:\/\/cheminsplestinais.dcea.fr\/wp-content\/uploads\/2025\/01\/9.jpg 2000w\" sizes=\"(max-width: 1024px) 100vw, 1024px\" \/><\/a><\/figure>\n<\/figure>\n\n\n\n<p><\/p>\n\n\n\n<p><\/p>\n\n\n\n<div class=\"wp-block-media-text is-stacked-on-mobile\"><figure class=\"wp-block-media-text__media\"><a href=\"https:\/\/cheminsplestinais.dcea.fr\/wp-content\/uploads\/2025\/01\/8-scaled-e1736243670693.jpg\"><img loading=\"lazy\" decoding=\"async\" width=\"768\" height=\"1024\" src=\"https:\/\/cheminsplestinais.dcea.fr\/wp-content\/uploads\/2025\/01\/8-scaled-e1736243670693-768x1024.jpg\" alt=\"\" class=\"wp-image-10921 size-full\" srcset=\"https:\/\/cheminsplestinais.dcea.fr\/wp-content\/uploads\/2025\/01\/8-scaled-e1736243670693-768x1024.jpg 768w, https:\/\/cheminsplestinais.dcea.fr\/wp-content\/uploads\/2025\/01\/8-scaled-e1736243670693-225x300.jpg 225w, https:\/\/cheminsplestinais.dcea.fr\/wp-content\/uploads\/2025\/01\/8-scaled-e1736243670693-1152x1536.jpg 1152w, https:\/\/cheminsplestinais.dcea.fr\/wp-content\/uploads\/2025\/01\/8-scaled-e1736243670693-1536x2048.jpg 1536w, https:\/\/cheminsplestinais.dcea.fr\/wp-content\/uploads\/2025\/01\/8-scaled-e1736243670693.jpg 1920w\" sizes=\"(max-width: 768px) 100vw, 768px\" \/><\/a><\/figure><div class=\"wp-block-media-text__content\">\n<p>Comme c\u2019est souvent le cas pour les chemins abandonn\u00e9s de longue date, le d\u00e9marrage du chantier est quelque peu\u2026d\u00e9licat ! Ce ne sont pas Jean-Pierre et Alain qui nous diront le contraire !<\/p>\n<\/div><\/div>\n\n\n\n<p><\/p>\n\n\n\n<figure class=\"wp-block-gallery has-nested-images columns-default is-cropped wp-block-gallery-2 is-layout-flex wp-block-gallery-is-layout-flex\">\n<figure class=\"wp-block-image size-large\"><a href=\"https:\/\/cheminsplestinais.dcea.fr\/wp-content\/uploads\/2025\/01\/10.jpg\"><img loading=\"lazy\" decoding=\"async\" width=\"1024\" height=\"768\" data-id=\"10923\" src=\"https:\/\/cheminsplestinais.dcea.fr\/wp-content\/uploads\/2025\/01\/10-1024x768.jpg\" alt=\"\" class=\"wp-image-10923\" srcset=\"https:\/\/cheminsplestinais.dcea.fr\/wp-content\/uploads\/2025\/01\/10-1024x768.jpg 1024w, https:\/\/cheminsplestinais.dcea.fr\/wp-content\/uploads\/2025\/01\/10-300x225.jpg 300w, https:\/\/cheminsplestinais.dcea.fr\/wp-content\/uploads\/2025\/01\/10-768x576.jpg 768w, https:\/\/cheminsplestinais.dcea.fr\/wp-content\/uploads\/2025\/01\/10-1536x1152.jpg 1536w, https:\/\/cheminsplestinais.dcea.fr\/wp-content\/uploads\/2025\/01\/10.jpg 2000w\" sizes=\"(max-width: 1024px) 100vw, 1024px\" \/><\/a><\/figure>\n<\/figure>\n\n\n\n<p><\/p>\n\n\n\n<div class=\"wp-block-media-text is-stacked-on-mobile\" style=\"grid-template-columns:69% auto\"><figure class=\"wp-block-media-text__media\"><a href=\"https:\/\/cheminsplestinais.dcea.fr\/wp-content\/uploads\/2025\/01\/11-scaled-e1736243689730.jpg\"><img loading=\"lazy\" decoding=\"async\" width=\"768\" height=\"1024\" src=\"https:\/\/cheminsplestinais.dcea.fr\/wp-content\/uploads\/2025\/01\/11-scaled-e1736243689730-768x1024.jpg\" alt=\"\" class=\"wp-image-10924 size-full\" srcset=\"https:\/\/cheminsplestinais.dcea.fr\/wp-content\/uploads\/2025\/01\/11-scaled-e1736243689730-768x1024.jpg 768w, https:\/\/cheminsplestinais.dcea.fr\/wp-content\/uploads\/2025\/01\/11-scaled-e1736243689730-225x300.jpg 225w, https:\/\/cheminsplestinais.dcea.fr\/wp-content\/uploads\/2025\/01\/11-scaled-e1736243689730-1152x1536.jpg 1152w, https:\/\/cheminsplestinais.dcea.fr\/wp-content\/uploads\/2025\/01\/11-scaled-e1736243689730-1536x2048.jpg 1536w, https:\/\/cheminsplestinais.dcea.fr\/wp-content\/uploads\/2025\/01\/11-scaled-e1736243689730.jpg 1920w\" sizes=\"(max-width: 768px) 100vw, 768px\" \/><\/a><\/figure><div class=\"wp-block-media-text__content\">\n<p>Nos d\u00e9broussailleurs commencent \u00e0 \u00eatre r\u00e9compens\u00e9s de leurs efforts : le sentier commence \u00e0 se d\u00e9voiler.<\/p>\n<\/div><\/div>\n\n\n\n<p><\/p>\n\n\n\n<figure class=\"wp-block-gallery has-nested-images columns-default is-cropped wp-block-gallery-3 is-layout-flex wp-block-gallery-is-layout-flex\">\n<figure class=\"wp-block-image size-large\"><a href=\"https:\/\/cheminsplestinais.dcea.fr\/wp-content\/uploads\/2025\/01\/12.jpg\"><img loading=\"lazy\" decoding=\"async\" width=\"768\" height=\"1024\" data-id=\"10925\" src=\"https:\/\/cheminsplestinais.dcea.fr\/wp-content\/uploads\/2025\/01\/12-768x1024.jpg\" alt=\"\" class=\"wp-image-10925\" srcset=\"https:\/\/cheminsplestinais.dcea.fr\/wp-content\/uploads\/2025\/01\/12-768x1024.jpg 768w, https:\/\/cheminsplestinais.dcea.fr\/wp-content\/uploads\/2025\/01\/12-225x300.jpg 225w, https:\/\/cheminsplestinais.dcea.fr\/wp-content\/uploads\/2025\/01\/12.jpg 966w\" sizes=\"(max-width: 768px) 100vw, 768px\" \/><\/a><\/figure>\n\n\n\n<figure class=\"wp-block-image size-large\"><a href=\"https:\/\/cheminsplestinais.dcea.fr\/wp-content\/uploads\/2025\/01\/13-scaled-e1736247929864.jpg\"><img decoding=\"async\" data-id=\"10926\" src=\"https:\/\/cheminsplestinais.dcea.fr\/wp-content\/uploads\/2025\/01\/13-scaled-e1736243715614-498x1024.jpg\" alt=\"\" class=\"wp-image-10926\"\/><\/a><\/figure>\n<\/figure>\n\n\n\n<p>Plus bas sur le parcours, nous d\u00e9couvrons un secteur boueux, en raison de l\u2019existence d\u2019un petit ruisseau, lequel a besoin d\u2019\u00eatre un peu \u00ab domestiqu\u00e9 \u00bb.<\/p>\n\n\n\n<p><\/p>\n\n\n\n<figure class=\"wp-block-gallery has-nested-images columns-default is-cropped wp-block-gallery-4 is-layout-flex wp-block-gallery-is-layout-flex\">\n<figure class=\"wp-block-image size-large\"><a href=\"https:\/\/cheminsplestinais.dcea.fr\/wp-content\/uploads\/2025\/01\/14-scaled-e1736247374569.jpg\"><img loading=\"lazy\" decoding=\"async\" width=\"717\" height=\"1024\" data-id=\"10927\" src=\"https:\/\/cheminsplestinais.dcea.fr\/wp-content\/uploads\/2025\/01\/14-scaled-e1736247374569-717x1024.jpg\" alt=\"\" class=\"wp-image-10927\" srcset=\"https:\/\/cheminsplestinais.dcea.fr\/wp-content\/uploads\/2025\/01\/14-scaled-e1736247374569-717x1024.jpg 717w, https:\/\/cheminsplestinais.dcea.fr\/wp-content\/uploads\/2025\/01\/14-scaled-e1736247374569-210x300.jpg 210w, https:\/\/cheminsplestinais.dcea.fr\/wp-content\/uploads\/2025\/01\/14-scaled-e1736247374569-768x1097.jpg 768w, https:\/\/cheminsplestinais.dcea.fr\/wp-content\/uploads\/2025\/01\/14-scaled-e1736247374569-1075x1536.jpg 1075w, https:\/\/cheminsplestinais.dcea.fr\/wp-content\/uploads\/2025\/01\/14-scaled-e1736247374569.jpg 1245w\" sizes=\"(max-width: 717px) 100vw, 717px\" \/><\/a><\/figure>\n\n\n\n<figure class=\"wp-block-image size-large\"><a href=\"https:\/\/cheminsplestinais.dcea.fr\/wp-content\/uploads\/2025\/01\/15.jpg\"><img loading=\"lazy\" decoding=\"async\" width=\"768\" height=\"1024\" data-id=\"10928\" src=\"https:\/\/cheminsplestinais.dcea.fr\/wp-content\/uploads\/2025\/01\/15-768x1024.jpg\" alt=\"\" class=\"wp-image-10928\" srcset=\"https:\/\/cheminsplestinais.dcea.fr\/wp-content\/uploads\/2025\/01\/15-768x1024.jpg 768w, https:\/\/cheminsplestinais.dcea.fr\/wp-content\/uploads\/2025\/01\/15-225x300.jpg 225w, https:\/\/cheminsplestinais.dcea.fr\/wp-content\/uploads\/2025\/01\/15-1152x1536.jpg 1152w, https:\/\/cheminsplestinais.dcea.fr\/wp-content\/uploads\/2025\/01\/15-1536x2048.jpg 1536w, https:\/\/cheminsplestinais.dcea.fr\/wp-content\/uploads\/2025\/01\/15.jpg 1920w\" sizes=\"(max-width: 768px) 100vw, 768px\" \/><\/a><\/figure>\n<\/figure>\n\n\n\n<p>\u2026Ce qui ne tarde pas \u00e0 \u00eatre fait : les pierres trouv\u00e9es sur place permettent de confectionner une \u00abbanquette\u00bb de terre ou de pierres, ce qui demande parfois le concours de \u00ab gros bras \u00bb !<\/p>\n\n\n\n<p><\/p>\n\n\n\n<figure class=\"wp-block-gallery has-nested-images columns-default is-cropped wp-block-gallery-5 is-layout-flex wp-block-gallery-is-layout-flex\">\n<figure class=\"wp-block-image size-large\"><a href=\"https:\/\/cheminsplestinais.dcea.fr\/wp-content\/uploads\/2025\/01\/16-scaled-e1736248846647.jpg\"><img loading=\"lazy\" decoding=\"async\" width=\"708\" height=\"1024\" data-id=\"10929\" src=\"https:\/\/cheminsplestinais.dcea.fr\/wp-content\/uploads\/2025\/01\/16-scaled-e1736248846647-708x1024.jpg\" alt=\"\" class=\"wp-image-10929\" srcset=\"https:\/\/cheminsplestinais.dcea.fr\/wp-content\/uploads\/2025\/01\/16-scaled-e1736248846647-708x1024.jpg 708w, https:\/\/cheminsplestinais.dcea.fr\/wp-content\/uploads\/2025\/01\/16-scaled-e1736248846647-208x300.jpg 208w, https:\/\/cheminsplestinais.dcea.fr\/wp-content\/uploads\/2025\/01\/16-scaled-e1736248846647-768x1110.jpg 768w, https:\/\/cheminsplestinais.dcea.fr\/wp-content\/uploads\/2025\/01\/16-scaled-e1736248846647-1062x1536.jpg 1062w, https:\/\/cheminsplestinais.dcea.fr\/wp-content\/uploads\/2025\/01\/16-scaled-e1736248846647.jpg 1245w\" sizes=\"(max-width: 708px) 100vw, 708px\" \/><\/a><\/figure>\n\n\n\n<figure class=\"wp-block-image size-large\"><a href=\"https:\/\/cheminsplestinais.dcea.fr\/wp-content\/uploads\/2025\/01\/17.jpg\"><img loading=\"lazy\" decoding=\"async\" width=\"768\" height=\"1024\" data-id=\"10930\" src=\"https:\/\/cheminsplestinais.dcea.fr\/wp-content\/uploads\/2025\/01\/17-768x1024.jpg\" alt=\"\" class=\"wp-image-10930\" srcset=\"https:\/\/cheminsplestinais.dcea.fr\/wp-content\/uploads\/2025\/01\/17-768x1024.jpg 768w, https:\/\/cheminsplestinais.dcea.fr\/wp-content\/uploads\/2025\/01\/17-225x300.jpg 225w, https:\/\/cheminsplestinais.dcea.fr\/wp-content\/uploads\/2025\/01\/17-1152x1536.jpg 1152w, https:\/\/cheminsplestinais.dcea.fr\/wp-content\/uploads\/2025\/01\/17.jpg 1200w\" sizes=\"(max-width: 768px) 100vw, 768px\" \/><\/a><\/figure>\n<\/figure>\n\n\n\n<p>Nos terrassiers sont pass\u00e9s par l\u00e0\u2026!<\/p>\n\n\n\n<p><\/p>\n\n\n\n<div class=\"wp-block-media-text is-stacked-on-mobile\" style=\"grid-template-columns:63% auto\"><figure class=\"wp-block-media-text__media\"><a href=\"https:\/\/cheminsplestinais.dcea.fr\/wp-content\/uploads\/2025\/01\/18.jpg\"><img loading=\"lazy\" decoding=\"async\" width=\"768\" height=\"1024\" src=\"https:\/\/cheminsplestinais.dcea.fr\/wp-content\/uploads\/2025\/01\/18-768x1024.jpg\" alt=\"\" class=\"wp-image-10931 size-full\" srcset=\"https:\/\/cheminsplestinais.dcea.fr\/wp-content\/uploads\/2025\/01\/18-768x1024.jpg 768w, https:\/\/cheminsplestinais.dcea.fr\/wp-content\/uploads\/2025\/01\/18-225x300.jpg 225w, https:\/\/cheminsplestinais.dcea.fr\/wp-content\/uploads\/2025\/01\/18-1152x1536.jpg 1152w, https:\/\/cheminsplestinais.dcea.fr\/wp-content\/uploads\/2025\/01\/18-1536x2048.jpg 1536w, https:\/\/cheminsplestinais.dcea.fr\/wp-content\/uploads\/2025\/01\/18.jpg 1920w\" sizes=\"(max-width: 768px) 100vw, 768px\" \/><\/a><\/figure><div class=\"wp-block-media-text__content\">\n<p>O\u00f9 l\u2019on s\u2019aper\u00e7oit que l\u00e0 aussi, la temp\u00eate Ciaran se rappelle \u00e0 notre souvenir !<\/p>\n<\/div><\/div>\n\n\n\n<p><\/p>\n\n\n\n<figure class=\"wp-block-image size-large is-resized\"><a href=\"https:\/\/cheminsplestinais.dcea.fr\/wp-content\/uploads\/2025\/01\/19.jpg\"><img loading=\"lazy\" decoding=\"async\" width=\"1024\" height=\"472\" src=\"https:\/\/cheminsplestinais.dcea.fr\/wp-content\/uploads\/2025\/01\/19-1024x472.jpg\" alt=\"\" class=\"wp-image-10932\" style=\"width:840px;height:auto\" srcset=\"https:\/\/cheminsplestinais.dcea.fr\/wp-content\/uploads\/2025\/01\/19-1024x472.jpg 1024w, https:\/\/cheminsplestinais.dcea.fr\/wp-content\/uploads\/2025\/01\/19-300x138.jpg 300w, https:\/\/cheminsplestinais.dcea.fr\/wp-content\/uploads\/2025\/01\/19-768x354.jpg 768w, https:\/\/cheminsplestinais.dcea.fr\/wp-content\/uploads\/2025\/01\/19-1536x708.jpg 1536w, https:\/\/cheminsplestinais.dcea.fr\/wp-content\/uploads\/2025\/01\/19.jpg 1600w\" sizes=\"(max-width: 1024px) 100vw, 1024px\" \/><\/a><\/figure>\n\n\n\n<p><\/p>\n\n\n\n<div class=\"wp-block-media-text has-media-on-the-right is-stacked-on-mobile\" style=\"grid-template-columns:auto 58%\"><div class=\"wp-block-media-text__content\">\n<p>A proximit\u00e9, non loin du Yar, se trouve la ruine du moulin de Leslac\u2019h, dont il faut vraiment deviner l\u2019existence. On peut supposer que bon nombre de pierres ont \u00e9t\u00e9 pr\u00e9lev\u00e9es au fil des ann\u00e9es\u2026 <\/p>\n<\/div><figure class=\"wp-block-media-text__media\"><a href=\"https:\/\/cheminsplestinais.dcea.fr\/wp-content\/uploads\/2025\/01\/20-scaled-e1736243774453.jpg\"><img loading=\"lazy\" decoding=\"async\" width=\"498\" height=\"1024\" src=\"https:\/\/cheminsplestinais.dcea.fr\/wp-content\/uploads\/2025\/01\/20-scaled-e1736243774453-498x1024.jpg\" alt=\"\" class=\"wp-image-10933 size-full\" srcset=\"https:\/\/cheminsplestinais.dcea.fr\/wp-content\/uploads\/2025\/01\/20-scaled-e1736243774453-498x1024.jpg 498w, https:\/\/cheminsplestinais.dcea.fr\/wp-content\/uploads\/2025\/01\/20-scaled-e1736243774453-146x300.jpg 146w, https:\/\/cheminsplestinais.dcea.fr\/wp-content\/uploads\/2025\/01\/20-scaled-e1736243774453-768x1579.jpg 768w, https:\/\/cheminsplestinais.dcea.fr\/wp-content\/uploads\/2025\/01\/20-scaled-e1736243774453-747x1536.jpg 747w, https:\/\/cheminsplestinais.dcea.fr\/wp-content\/uploads\/2025\/01\/20-scaled-e1736243774453-996x2048.jpg 996w, https:\/\/cheminsplestinais.dcea.fr\/wp-content\/uploads\/2025\/01\/20-scaled-e1736243774453.jpg 1245w\" sizes=\"(max-width: 498px) 100vw, 498px\" \/><\/a><\/figure><\/div>\n\n\n\n<p><\/p>\n\n\n\n<figure class=\"wp-block-image size-large\"><a href=\"https:\/\/cheminsplestinais.dcea.fr\/wp-content\/uploads\/2025\/01\/212020.jpg\"><img loading=\"lazy\" decoding=\"async\" width=\"1024\" height=\"472\" src=\"https:\/\/cheminsplestinais.dcea.fr\/wp-content\/uploads\/2025\/01\/212020-1024x472.jpg\" alt=\"\" class=\"wp-image-10934\" srcset=\"https:\/\/cheminsplestinais.dcea.fr\/wp-content\/uploads\/2025\/01\/212020-1024x472.jpg 1024w, https:\/\/cheminsplestinais.dcea.fr\/wp-content\/uploads\/2025\/01\/212020-300x138.jpg 300w, https:\/\/cheminsplestinais.dcea.fr\/wp-content\/uploads\/2025\/01\/212020-768x354.jpg 768w, https:\/\/cheminsplestinais.dcea.fr\/wp-content\/uploads\/2025\/01\/212020-1536x708.jpg 1536w, https:\/\/cheminsplestinais.dcea.fr\/wp-content\/uploads\/2025\/01\/212020.jpg 1600w\" sizes=\"(max-width: 1024px) 100vw, 1024px\" \/><\/a><\/figure>\n\n\n\n<p class=\"has-text-align-center\">Il y avait un moulin, l\u00e0 ??<\/p>\n\n\n\n<figure class=\"wp-block-gallery has-nested-images columns-default is-cropped wp-block-gallery-6 is-layout-flex wp-block-gallery-is-layout-flex\">\n<figure class=\"wp-block-image size-large\"><a href=\"https:\/\/cheminsplestinais.dcea.fr\/wp-content\/uploads\/2025\/01\/2120120.jpg\"><img loading=\"lazy\" decoding=\"async\" width=\"1024\" height=\"768\" data-id=\"10935\" src=\"https:\/\/cheminsplestinais.dcea.fr\/wp-content\/uploads\/2025\/01\/2120120-1024x768.jpg\" alt=\"\" class=\"wp-image-10935\" srcset=\"https:\/\/cheminsplestinais.dcea.fr\/wp-content\/uploads\/2025\/01\/2120120-1024x768.jpg 1024w, https:\/\/cheminsplestinais.dcea.fr\/wp-content\/uploads\/2025\/01\/2120120-300x225.jpg 300w, https:\/\/cheminsplestinais.dcea.fr\/wp-content\/uploads\/2025\/01\/2120120-768x576.jpg 768w, https:\/\/cheminsplestinais.dcea.fr\/wp-content\/uploads\/2025\/01\/2120120-1536x1152.jpg 1536w, https:\/\/cheminsplestinais.dcea.fr\/wp-content\/uploads\/2025\/01\/2120120.jpg 2000w\" sizes=\"(max-width: 1024px) 100vw, 1024px\" \/><\/a><\/figure>\n\n\n\n<figure class=\"wp-block-image size-large\"><a href=\"https:\/\/cheminsplestinais.dcea.fr\/wp-content\/uploads\/2025\/01\/2120220.jpg\"><img loading=\"lazy\" decoding=\"async\" width=\"1024\" height=\"768\" data-id=\"10936\" src=\"https:\/\/cheminsplestinais.dcea.fr\/wp-content\/uploads\/2025\/01\/2120220-1024x768.jpg\" alt=\"\" class=\"wp-image-10936\" srcset=\"https:\/\/cheminsplestinais.dcea.fr\/wp-content\/uploads\/2025\/01\/2120220-1024x768.jpg 1024w, https:\/\/cheminsplestinais.dcea.fr\/wp-content\/uploads\/2025\/01\/2120220-300x225.jpg 300w, https:\/\/cheminsplestinais.dcea.fr\/wp-content\/uploads\/2025\/01\/2120220-768x576.jpg 768w, https:\/\/cheminsplestinais.dcea.fr\/wp-content\/uploads\/2025\/01\/2120220-1536x1152.jpg 1536w, https:\/\/cheminsplestinais.dcea.fr\/wp-content\/uploads\/2025\/01\/2120220.jpg 2000w\" sizes=\"(max-width: 1024px) 100vw, 1024px\" \/><\/a><\/figure>\n<\/figure>\n\n\n\n<p>A l\u2019autre extr\u00e9mit\u00e9 du sentier, c\u00f4t\u00e9 Tr\u00e9duder, nos b\u00fbcherons sont encore une fois mis \u00e0 contribution\u2026La temp\u00eate, toujours la temp\u00eate\u2026<\/p>\n\n\n\n<p><\/p>\n\n\n\n<p class=\"has-medium-font-size\"><em><strong>Du nouveau sur le GR 34 !<\/strong><\/em><\/p>\n\n\n\n<p>Gr\u00e2ce \u00e0 une convention pass\u00e9e entre deux riverains et la municipalit\u00e9, des am\u00e9liorations notables ont pu \u00eatre apport\u00e9es, permettant de r\u00e9soudre deux difficult\u00e9s entre les secteurs du Hogolo et de Tossen ar C\u2019hoz.<\/p>\n\n\n\n<div class=\"wp-block-media-text is-stacked-on-mobile\" style=\"grid-template-columns:55% auto\"><figure class=\"wp-block-media-text__media\"><a href=\"https:\/\/cheminsplestinais.dcea.fr\/wp-content\/uploads\/2025\/01\/22-scaled-e1736243825478.jpg\"><img loading=\"lazy\" decoding=\"async\" width=\"768\" height=\"1024\" src=\"https:\/\/cheminsplestinais.dcea.fr\/wp-content\/uploads\/2025\/01\/22-scaled-e1736243825478-768x1024.jpg\" alt=\"\" class=\"wp-image-10937 size-full\" srcset=\"https:\/\/cheminsplestinais.dcea.fr\/wp-content\/uploads\/2025\/01\/22-scaled-e1736243825478-768x1024.jpg 768w, https:\/\/cheminsplestinais.dcea.fr\/wp-content\/uploads\/2025\/01\/22-scaled-e1736243825478-225x300.jpg 225w, https:\/\/cheminsplestinais.dcea.fr\/wp-content\/uploads\/2025\/01\/22-scaled-e1736243825478-1152x1536.jpg 1152w, https:\/\/cheminsplestinais.dcea.fr\/wp-content\/uploads\/2025\/01\/22-scaled-e1736243825478-1536x2048.jpg 1536w, https:\/\/cheminsplestinais.dcea.fr\/wp-content\/uploads\/2025\/01\/22-scaled-e1736243825478.jpg 1920w\" sizes=\"(max-width: 768px) 100vw, 768px\" \/><\/a><\/figure><div class=\"wp-block-media-text__content\">\n<p>Face \u00e0 l\u2019estuaire du Douron, non loin du site du Hogolo, une portion de falaise s\u2019\u00e9tait effondr\u00e9e, ce qui avait contraint la mairie \u00e0 interdire l\u2019acc\u00e8s \u00e0 ce secteur pendant plusieurs mois. L\u2019acquisition d\u2019une bande de terre aupr\u00e8s du riverain a permis d\u2019ouvrir une portion de sentier \u00e0 l\u2019\u00e9cart du trait de falaise. <\/p>\n<\/div><\/div>\n\n\n\n<p>Ce nouveau trac\u00e9 et la pose de grilles par les services techniques permet d\u2019emprunter \u00e0 nouveau le GR en toute s\u00e9curit\u00e9.<\/p>\n\n\n\n<figure class=\"wp-block-gallery has-nested-images columns-default is-cropped wp-block-gallery-7 is-layout-flex wp-block-gallery-is-layout-flex\">\n<figure class=\"wp-block-image size-large\"><a href=\"https:\/\/cheminsplestinais.dcea.fr\/wp-content\/uploads\/2025\/01\/23.jpg\"><img loading=\"lazy\" decoding=\"async\" width=\"472\" height=\"1024\" data-id=\"10938\" src=\"https:\/\/cheminsplestinais.dcea.fr\/wp-content\/uploads\/2025\/01\/23-472x1024.jpg\" alt=\"\" class=\"wp-image-10938\" srcset=\"https:\/\/cheminsplestinais.dcea.fr\/wp-content\/uploads\/2025\/01\/23-472x1024.jpg 472w, https:\/\/cheminsplestinais.dcea.fr\/wp-content\/uploads\/2025\/01\/23-138x300.jpg 138w, https:\/\/cheminsplestinais.dcea.fr\/wp-content\/uploads\/2025\/01\/23-708x1536.jpg 708w, https:\/\/cheminsplestinais.dcea.fr\/wp-content\/uploads\/2025\/01\/23.jpg 737w\" sizes=\"(max-width: 472px) 100vw, 472px\" \/><\/a><\/figure>\n\n\n\n<figure class=\"wp-block-image size-large\"><a href=\"https:\/\/cheminsplestinais.dcea.fr\/wp-content\/uploads\/2025\/01\/24.jpg\"><img loading=\"lazy\" decoding=\"async\" width=\"738\" height=\"1600\" data-id=\"10939\" src=\"https:\/\/cheminsplestinais.dcea.fr\/wp-content\/uploads\/2025\/01\/24-472x1024.jpg\" alt=\"\" class=\"wp-image-10939\" srcset=\"https:\/\/cheminsplestinais.dcea.fr\/wp-content\/uploads\/2025\/01\/24-472x1024.jpg 472w, https:\/\/cheminsplestinais.dcea.fr\/wp-content\/uploads\/2025\/01\/24-138x300.jpg 138w, https:\/\/cheminsplestinais.dcea.fr\/wp-content\/uploads\/2025\/01\/24-708x1536.jpg 708w, https:\/\/cheminsplestinais.dcea.fr\/wp-content\/uploads\/2025\/01\/24.jpg 738w\" sizes=\"(max-width: 738px) 100vw, 738px\" \/><\/a><\/figure>\n<\/figure>\n\n\n\n<p>Non loin de l\u00e0, cet arbre aux formes particuli\u00e8res a d\u00fb subir un \u00e9lagage : il portait en effet quelques stigmates de la temp\u00eate Ciaran ! Ce \u00ab toilettage \u00bb forc\u00e9 a permis de lui rendre tout son charme\u2026<\/p>\n\n\n\n<p><\/p>\n\n\n\n<p>Au niveau de la plage de Tossenn ar C\u2019hoz, emprunter le GR \u00e9tait al\u00e9atoire : en effet, les randonneurs \u00e9taient tributaires de la mar\u00e9e haute, le passage sur la plage \u00e9tant tout simplement impossible sur une vingtaine de m\u00e8tres en raison de la hauteur d\u2019eau !<\/p>\n\n\n\n<div class=\"wp-block-media-text has-media-on-the-right is-stacked-on-mobile is-vertically-aligned-center\" style=\"grid-template-columns:auto 57%\"><div class=\"wp-block-media-text__content\">\n<p>L\u00e0 aussi, des conventions pass\u00e9es entre la mairie et deux riverains ont permis d\u2019apporter une solution \u00e0 ce probl\u00e8me. Nos f\u00e9licitations \u00e0 l\u2019entreprise paysag\u00e8re qui a proc\u00e9d\u00e9 \u00e0 l\u2019ouverture d\u2019une d\u00e9rivation particuli\u00e8rement soign\u00e9e !<\/p>\n<\/div><figure class=\"wp-block-media-text__media\"><a href=\"https:\/\/cheminsplestinais.dcea.fr\/wp-content\/uploads\/2025\/01\/25-scaled-e1736243849470.jpg\"><img loading=\"lazy\" decoding=\"async\" width=\"768\" height=\"1024\" src=\"https:\/\/cheminsplestinais.dcea.fr\/wp-content\/uploads\/2025\/01\/25-scaled-e1736243849470-768x1024.jpg\" alt=\"\" class=\"wp-image-10940 size-full\" srcset=\"https:\/\/cheminsplestinais.dcea.fr\/wp-content\/uploads\/2025\/01\/25-scaled-e1736243849470-768x1024.jpg 768w, https:\/\/cheminsplestinais.dcea.fr\/wp-content\/uploads\/2025\/01\/25-scaled-e1736243849470-225x300.jpg 225w, https:\/\/cheminsplestinais.dcea.fr\/wp-content\/uploads\/2025\/01\/25-scaled-e1736243849470-1152x1536.jpg 1152w, https:\/\/cheminsplestinais.dcea.fr\/wp-content\/uploads\/2025\/01\/25-scaled-e1736243849470-1536x2048.jpg 1536w, https:\/\/cheminsplestinais.dcea.fr\/wp-content\/uploads\/2025\/01\/25-scaled-e1736243849470.jpg 1920w\" sizes=\"(max-width: 768px) 100vw, 768px\" \/><\/a><\/figure><\/div>\n\n\n\n<p><\/p>\n\n\n\n<p>Une \u00e9quipe des Chemins plestinais a apport\u00e9 sa contribution \u00e0 l\u2019am\u00e9lioration de cette portion du GR, en am\u00e9nageant l\u2019acc\u00e8s au parking surplombant la plage ( pose de remblai et cr\u00e9ation de marches).<\/p>\n\n\n\n<p><\/p>\n\n\n\n<figure class=\"wp-block-image size-large\"><a href=\"https:\/\/cheminsplestinais.dcea.fr\/wp-content\/uploads\/2025\/01\/26.jpg\"><img loading=\"lazy\" decoding=\"async\" width=\"1024\" height=\"577\" src=\"https:\/\/cheminsplestinais.dcea.fr\/wp-content\/uploads\/2025\/01\/26-1024x577.jpg\" alt=\"\" class=\"wp-image-10941\" srcset=\"https:\/\/cheminsplestinais.dcea.fr\/wp-content\/uploads\/2025\/01\/26-1024x577.jpg 1024w, https:\/\/cheminsplestinais.dcea.fr\/wp-content\/uploads\/2025\/01\/26-300x169.jpg 300w, https:\/\/cheminsplestinais.dcea.fr\/wp-content\/uploads\/2025\/01\/26-768x433.jpg 768w, https:\/\/cheminsplestinais.dcea.fr\/wp-content\/uploads\/2025\/01\/26-1536x866.jpg 1536w, https:\/\/cheminsplestinais.dcea.fr\/wp-content\/uploads\/2025\/01\/26.jpg 2000w\" sizes=\"(max-width: 1024px) 100vw, 1024px\" \/><\/a><\/figure>\n\n\n\n<p>Les services techniques municipaux nous ont livr\u00e9 du remblai. Une intense r\u00e9flexion s\u2019engage pour d\u00e9terminer la largeur du rev\u00eatement !<\/p>\n\n\n\n<p><\/p>\n\n\n\n<p><\/p>\n\n\n\n<figure class=\"wp-block-gallery has-nested-images columns-default is-cropped wp-block-gallery-8 is-layout-flex wp-block-gallery-is-layout-flex\">\n<figure class=\"wp-block-image size-large\"><a href=\"https:\/\/cheminsplestinais.dcea.fr\/wp-content\/uploads\/2025\/01\/27.jpg\"><img loading=\"lazy\" decoding=\"async\" width=\"1024\" height=\"577\" data-id=\"10942\" src=\"https:\/\/cheminsplestinais.dcea.fr\/wp-content\/uploads\/2025\/01\/27-1024x577.jpg\" alt=\"\" class=\"wp-image-10942\" srcset=\"https:\/\/cheminsplestinais.dcea.fr\/wp-content\/uploads\/2025\/01\/27-1024x577.jpg 1024w, https:\/\/cheminsplestinais.dcea.fr\/wp-content\/uploads\/2025\/01\/27-300x169.jpg 300w, https:\/\/cheminsplestinais.dcea.fr\/wp-content\/uploads\/2025\/01\/27-768x433.jpg 768w, https:\/\/cheminsplestinais.dcea.fr\/wp-content\/uploads\/2025\/01\/27-1536x866.jpg 1536w, https:\/\/cheminsplestinais.dcea.fr\/wp-content\/uploads\/2025\/01\/27.jpg 2000w\" sizes=\"(max-width: 1024px) 100vw, 1024px\" \/><\/a><figcaption class=\"wp-element-caption\">La d\u00e9cision est prise\u2026On peut proc\u00e9der au d\u00e9capage de la portion herbue<\/figcaption><\/figure>\n\n\n\n<figure class=\"wp-block-image size-large\"><a href=\"https:\/\/cheminsplestinais.dcea.fr\/wp-content\/uploads\/2025\/01\/28.jpg\"><img loading=\"lazy\" decoding=\"async\" width=\"1024\" height=\"577\" data-id=\"10943\" src=\"https:\/\/cheminsplestinais.dcea.fr\/wp-content\/uploads\/2025\/01\/28-1024x577.jpg\" alt=\"\" class=\"wp-image-10943\" srcset=\"https:\/\/cheminsplestinais.dcea.fr\/wp-content\/uploads\/2025\/01\/28-1024x577.jpg 1024w, https:\/\/cheminsplestinais.dcea.fr\/wp-content\/uploads\/2025\/01\/28-300x169.jpg 300w, https:\/\/cheminsplestinais.dcea.fr\/wp-content\/uploads\/2025\/01\/28-768x433.jpg 768w, https:\/\/cheminsplestinais.dcea.fr\/wp-content\/uploads\/2025\/01\/28-1536x866.jpg 1536w, https:\/\/cheminsplestinais.dcea.fr\/wp-content\/uploads\/2025\/01\/28.jpg 2000w\" sizes=\"(max-width: 1024px) 100vw, 1024px\" \/><\/a><figcaption class=\"wp-element-caption\">On ne manque pas de bras aux Chemins plestinais !<\/figcaption><\/figure>\n<\/figure>\n\n\n\n<figure class=\"wp-block-gallery has-nested-images columns-default is-cropped wp-block-gallery-9 is-layout-flex wp-block-gallery-is-layout-flex\">\n<figure class=\"wp-block-image size-large\"><a href=\"https:\/\/cheminsplestinais.dcea.fr\/wp-content\/uploads\/2025\/01\/29.jpg\"><img loading=\"lazy\" decoding=\"async\" width=\"1024\" height=\"768\" data-id=\"10944\" src=\"https:\/\/cheminsplestinais.dcea.fr\/wp-content\/uploads\/2025\/01\/29-1024x768.jpg\" alt=\"\" class=\"wp-image-10944\" srcset=\"https:\/\/cheminsplestinais.dcea.fr\/wp-content\/uploads\/2025\/01\/29-1024x768.jpg 1024w, https:\/\/cheminsplestinais.dcea.fr\/wp-content\/uploads\/2025\/01\/29-300x225.jpg 300w, https:\/\/cheminsplestinais.dcea.fr\/wp-content\/uploads\/2025\/01\/29-768x576.jpg 768w, https:\/\/cheminsplestinais.dcea.fr\/wp-content\/uploads\/2025\/01\/29-1536x1152.jpg 1536w, https:\/\/cheminsplestinais.dcea.fr\/wp-content\/uploads\/2025\/01\/29.jpg 1600w\" sizes=\"(max-width: 1024px) 100vw, 1024px\" \/><\/a><figcaption class=\"wp-element-caption\">Puis on passe \u00e0 la cr\u00e9ation des marches&#8230;Tossen ar C\u2019hoz<\/figcaption><\/figure>\n\n\n\n<figure class=\"wp-block-image size-large\"><a href=\"https:\/\/cheminsplestinais.dcea.fr\/wp-content\/uploads\/2025\/01\/30.jpg\"><img loading=\"lazy\" decoding=\"async\" width=\"1024\" height=\"768\" data-id=\"10945\" src=\"https:\/\/cheminsplestinais.dcea.fr\/wp-content\/uploads\/2025\/01\/30-1024x768.jpg\" alt=\"\" class=\"wp-image-10945\" srcset=\"https:\/\/cheminsplestinais.dcea.fr\/wp-content\/uploads\/2025\/01\/30-1024x768.jpg 1024w, https:\/\/cheminsplestinais.dcea.fr\/wp-content\/uploads\/2025\/01\/30-300x225.jpg 300w, https:\/\/cheminsplestinais.dcea.fr\/wp-content\/uploads\/2025\/01\/30-768x576.jpg 768w, https:\/\/cheminsplestinais.dcea.fr\/wp-content\/uploads\/2025\/01\/30-1536x1152.jpg 1536w, https:\/\/cheminsplestinais.dcea.fr\/wp-content\/uploads\/2025\/01\/30.jpg 1600w\" sizes=\"(max-width: 1024px) 100vw, 1024px\" \/><\/a><figcaption class=\"wp-element-caption\">Le chantier avance.<\/figcaption><\/figure>\n<\/figure>\n\n\n\n<figure class=\"wp-block-gallery has-nested-images columns-default is-cropped wp-block-gallery-10 is-layout-flex wp-block-gallery-is-layout-flex\">\n<figure class=\"wp-block-image size-large\"><a href=\"https:\/\/cheminsplestinais.dcea.fr\/wp-content\/uploads\/2025\/01\/31.jpg\"><img loading=\"lazy\" decoding=\"async\" width=\"768\" height=\"1024\" data-id=\"10946\" src=\"https:\/\/cheminsplestinais.dcea.fr\/wp-content\/uploads\/2025\/01\/31-768x1024.jpg\" alt=\"\" class=\"wp-image-10946\" srcset=\"https:\/\/cheminsplestinais.dcea.fr\/wp-content\/uploads\/2025\/01\/31-768x1024.jpg 768w, https:\/\/cheminsplestinais.dcea.fr\/wp-content\/uploads\/2025\/01\/31-225x300.jpg 225w, https:\/\/cheminsplestinais.dcea.fr\/wp-content\/uploads\/2025\/01\/31-1152x1536.jpg 1152w, https:\/\/cheminsplestinais.dcea.fr\/wp-content\/uploads\/2025\/01\/31.jpg 1200w\" sizes=\"(max-width: 768px) 100vw, 768px\" \/><\/a><\/figure>\n\n\n\n<figure class=\"wp-block-image size-large\"><a href=\"https:\/\/cheminsplestinais.dcea.fr\/wp-content\/uploads\/2025\/01\/32-scaled-e1736243882273.jpg\"><img loading=\"lazy\" decoding=\"async\" width=\"768\" height=\"1024\" data-id=\"10947\" src=\"https:\/\/cheminsplestinais.dcea.fr\/wp-content\/uploads\/2025\/01\/32-scaled-e1736243882273-768x1024.jpg\" alt=\"\" class=\"wp-image-10947\" srcset=\"https:\/\/cheminsplestinais.dcea.fr\/wp-content\/uploads\/2025\/01\/32-scaled-e1736243882273-768x1024.jpg 768w, https:\/\/cheminsplestinais.dcea.fr\/wp-content\/uploads\/2025\/01\/32-scaled-e1736243882273-225x300.jpg 225w, https:\/\/cheminsplestinais.dcea.fr\/wp-content\/uploads\/2025\/01\/32-scaled-e1736243882273-1152x1536.jpg 1152w, https:\/\/cheminsplestinais.dcea.fr\/wp-content\/uploads\/2025\/01\/32-scaled-e1736243882273-1536x2048.jpg 1536w, https:\/\/cheminsplestinais.dcea.fr\/wp-content\/uploads\/2025\/01\/32-scaled-e1736243882273.jpg 1920w\" sizes=\"(max-width: 768px) 100vw, 768px\" \/><\/a><\/figure>\n<\/figure>\n\n\n\n<p class=\"has-text-align-center\">Alors\u2026Pas belles, nos marches ?<\/p>\n\n\n<div class=\"wp-block-image\">\n<figure class=\"aligncenter size-large\"><a href=\"https:\/\/cheminsplestinais.dcea.fr\/wp-content\/uploads\/2025\/01\/33.jpg\"><img loading=\"lazy\" decoding=\"async\" width=\"1024\" height=\"577\" src=\"https:\/\/cheminsplestinais.dcea.fr\/wp-content\/uploads\/2025\/01\/33-1024x577.jpg\" alt=\"\" class=\"wp-image-10948\" srcset=\"https:\/\/cheminsplestinais.dcea.fr\/wp-content\/uploads\/2025\/01\/33-1024x577.jpg 1024w, https:\/\/cheminsplestinais.dcea.fr\/wp-content\/uploads\/2025\/01\/33-300x169.jpg 300w, https:\/\/cheminsplestinais.dcea.fr\/wp-content\/uploads\/2025\/01\/33-768x433.jpg 768w, https:\/\/cheminsplestinais.dcea.fr\/wp-content\/uploads\/2025\/01\/33-1536x866.jpg 1536w, https:\/\/cheminsplestinais.dcea.fr\/wp-content\/uploads\/2025\/01\/33.jpg 2000w\" sizes=\"(max-width: 1024px) 100vw, 1024px\" \/><\/a><figcaption class=\"wp-element-caption\">Cela vaut bien un petit rappel de notre action\u2026<\/figcaption><\/figure><\/div>\n\n\n<p><\/p>\n\n\n\n<p class=\"has-medium-font-size\"><em><strong>Toujours le GR 34\u2026Les jours se suivent et ne se ressemblent pas. Cette fois, c\u2019est la temp\u00eate Caetano qui nous a laiss\u00e9 un \u00ab petit souvenir \u00bb de son passage !<\/strong><\/em><\/p>\n\n\n\n<p><\/p>\n\n\n\n<div class=\"wp-block-media-text is-stacked-on-mobile\"><figure class=\"wp-block-media-text__media\"><a href=\"https:\/\/cheminsplestinais.dcea.fr\/wp-content\/uploads\/2025\/01\/34-scaled-e1736243902734.jpg\"><img loading=\"lazy\" decoding=\"async\" width=\"768\" height=\"1024\" src=\"https:\/\/cheminsplestinais.dcea.fr\/wp-content\/uploads\/2025\/01\/34-scaled-e1736243902734-768x1024.jpg\" alt=\"\" class=\"wp-image-10949 size-full\" srcset=\"https:\/\/cheminsplestinais.dcea.fr\/wp-content\/uploads\/2025\/01\/34-scaled-e1736243902734-768x1024.jpg 768w, https:\/\/cheminsplestinais.dcea.fr\/wp-content\/uploads\/2025\/01\/34-scaled-e1736243902734-225x300.jpg 225w, https:\/\/cheminsplestinais.dcea.fr\/wp-content\/uploads\/2025\/01\/34-scaled-e1736243902734-1152x1536.jpg 1152w, https:\/\/cheminsplestinais.dcea.fr\/wp-content\/uploads\/2025\/01\/34-scaled-e1736243902734-1536x2048.jpg 1536w, https:\/\/cheminsplestinais.dcea.fr\/wp-content\/uploads\/2025\/01\/34-scaled-e1736243902734.jpg 1920w\" sizes=\"(max-width: 768px) 100vw, 768px\" \/><\/a><\/figure><div class=\"wp-block-media-text__content\">\n<p>Souvenez-vous : au mois de juillet dernier, nous avions proc\u00e9d\u00e9 \u00e0 l\u2019installation d\u2019une table \u00e0 pique-nique au-dessus de la plage de Pors Mellec. Elle \u00e9tait belle et id\u00e9alement plac\u00e9e\u2026Mais c\u2019\u00e9tait avant\u2026<\/p>\n<\/div><\/div>\n\n\n\n<p><\/p>\n\n\n\n<div class=\"wp-block-media-text has-media-on-the-right is-stacked-on-mobile\" style=\"grid-template-columns:auto 63%\"><div class=\"wp-block-media-text__content\">\n<p>\u2026Avant que la temp\u00eate Caetano vienne d\u00e9truire la table que nous avions eu le plaisir de poser \u00e0 cet endroit ! Voil\u00e0 l\u2019\u00e9tat dans lequel nous l\u2019avons trouv\u00e9e le lundi matin.<\/p>\n<\/div><figure class=\"wp-block-media-text__media\"><a href=\"https:\/\/cheminsplestinais.dcea.fr\/wp-content\/uploads\/2025\/01\/35-scaled-e1736243926857.jpg\"><img loading=\"lazy\" decoding=\"async\" width=\"498\" height=\"1024\" src=\"https:\/\/cheminsplestinais.dcea.fr\/wp-content\/uploads\/2025\/01\/35-scaled-e1736243926857-498x1024.jpg\" alt=\"\" class=\"wp-image-10950 size-full\" srcset=\"https:\/\/cheminsplestinais.dcea.fr\/wp-content\/uploads\/2025\/01\/35-scaled-e1736243926857-498x1024.jpg 498w, https:\/\/cheminsplestinais.dcea.fr\/wp-content\/uploads\/2025\/01\/35-scaled-e1736243926857-146x300.jpg 146w, https:\/\/cheminsplestinais.dcea.fr\/wp-content\/uploads\/2025\/01\/35-scaled-e1736243926857-768x1579.jpg 768w, https:\/\/cheminsplestinais.dcea.fr\/wp-content\/uploads\/2025\/01\/35-scaled-e1736243926857-747x1536.jpg 747w, https:\/\/cheminsplestinais.dcea.fr\/wp-content\/uploads\/2025\/01\/35-scaled-e1736243926857-996x2048.jpg 996w, https:\/\/cheminsplestinais.dcea.fr\/wp-content\/uploads\/2025\/01\/35-scaled-e1736243926857.jpg 1245w\" sizes=\"(max-width: 498px) 100vw, 498px\" \/><\/a><\/figure><\/div>\n\n\n\n<p><\/p>\n\n\n\n<figure class=\"wp-block-image size-large\"><a href=\"https:\/\/cheminsplestinais.dcea.fr\/wp-content\/uploads\/2025\/01\/36.jpg\"><img loading=\"lazy\" decoding=\"async\" width=\"1024\" height=\"472\" src=\"https:\/\/cheminsplestinais.dcea.fr\/wp-content\/uploads\/2025\/01\/36-1024x472.jpg\" alt=\"\" class=\"wp-image-10951\" srcset=\"https:\/\/cheminsplestinais.dcea.fr\/wp-content\/uploads\/2025\/01\/36-1024x472.jpg 1024w, https:\/\/cheminsplestinais.dcea.fr\/wp-content\/uploads\/2025\/01\/36-300x138.jpg 300w, https:\/\/cheminsplestinais.dcea.fr\/wp-content\/uploads\/2025\/01\/36-768x354.jpg 768w, https:\/\/cheminsplestinais.dcea.fr\/wp-content\/uploads\/2025\/01\/36-1536x708.jpg 1536w, https:\/\/cheminsplestinais.dcea.fr\/wp-content\/uploads\/2025\/01\/36.jpg 1600w\" sizes=\"(max-width: 1024px) 100vw, 1024px\" \/><\/a><\/figure>\n\n\n\n<p class=\"has-text-align-center\">\u2026Et voil\u00e0 ce qu\u2019il en reste quelques heures plus tard !<\/p>\n\n\n\n<figure class=\"wp-block-image size-large\"><a href=\"https:\/\/cheminsplestinais.dcea.fr\/wp-content\/uploads\/2025\/01\/37.jpg\"><img loading=\"lazy\" decoding=\"async\" width=\"1024\" height=\"472\" src=\"https:\/\/cheminsplestinais.dcea.fr\/wp-content\/uploads\/2025\/01\/37-1024x472.jpg\" alt=\"\" class=\"wp-image-10952\" srcset=\"https:\/\/cheminsplestinais.dcea.fr\/wp-content\/uploads\/2025\/01\/37-1024x472.jpg 1024w, https:\/\/cheminsplestinais.dcea.fr\/wp-content\/uploads\/2025\/01\/37-300x138.jpg 300w, https:\/\/cheminsplestinais.dcea.fr\/wp-content\/uploads\/2025\/01\/37-768x354.jpg 768w, https:\/\/cheminsplestinais.dcea.fr\/wp-content\/uploads\/2025\/01\/37-1536x708.jpg 1536w, https:\/\/cheminsplestinais.dcea.fr\/wp-content\/uploads\/2025\/01\/37.jpg 1600w\" sizes=\"(max-width: 1024px) 100vw, 1024px\" \/><\/a><\/figure>\n\n\n\n<p>En effet, la temp\u00eate a eu raison de cet arbre imposant, lequel s\u2019est abattu sur la table, avec le r\u00e9sultat que vous pouvez constater.<\/p>\n\n\n\n<figure class=\"wp-block-image size-large\"><a href=\"https:\/\/cheminsplestinais.dcea.fr\/wp-content\/uploads\/2025\/01\/38.jpg\"><img loading=\"lazy\" decoding=\"async\" width=\"1024\" height=\"472\" src=\"https:\/\/cheminsplestinais.dcea.fr\/wp-content\/uploads\/2025\/01\/38-1024x472.jpg\" alt=\"\" class=\"wp-image-10953\" srcset=\"https:\/\/cheminsplestinais.dcea.fr\/wp-content\/uploads\/2025\/01\/38-1024x472.jpg 1024w, https:\/\/cheminsplestinais.dcea.fr\/wp-content\/uploads\/2025\/01\/38-300x138.jpg 300w, https:\/\/cheminsplestinais.dcea.fr\/wp-content\/uploads\/2025\/01\/38-768x354.jpg 768w, https:\/\/cheminsplestinais.dcea.fr\/wp-content\/uploads\/2025\/01\/38-1536x708.jpg 1536w, https:\/\/cheminsplestinais.dcea.fr\/wp-content\/uploads\/2025\/01\/38.jpg 1600w\" sizes=\"(max-width: 1024px) 100vw, 1024px\" \/><\/a><\/figure>\n\n\n\n<p class=\"has-text-align-center\">\u00c7a, c\u2019\u00e9tait l\u2019arbre avant\u2026<\/p>\n\n\n\n<figure class=\"wp-block-image size-large\"><a href=\"https:\/\/cheminsplestinais.dcea.fr\/wp-content\/uploads\/2025\/01\/39.jpg\"><img loading=\"lazy\" decoding=\"async\" width=\"1024\" height=\"472\" src=\"https:\/\/cheminsplestinais.dcea.fr\/wp-content\/uploads\/2025\/01\/39-1024x472.jpg\" alt=\"\" class=\"wp-image-10954\" srcset=\"https:\/\/cheminsplestinais.dcea.fr\/wp-content\/uploads\/2025\/01\/39-1024x472.jpg 1024w, https:\/\/cheminsplestinais.dcea.fr\/wp-content\/uploads\/2025\/01\/39-300x138.jpg 300w, https:\/\/cheminsplestinais.dcea.fr\/wp-content\/uploads\/2025\/01\/39-768x354.jpg 768w, https:\/\/cheminsplestinais.dcea.fr\/wp-content\/uploads\/2025\/01\/39-1536x708.jpg 1536w, https:\/\/cheminsplestinais.dcea.fr\/wp-content\/uploads\/2025\/01\/39.jpg 1600w\" sizes=\"(max-width: 1024px) 100vw, 1024px\" \/><\/a><\/figure>\n\n\n\n<p>Sans perdre de temps, notre \u00e9quipe de la BIR et quelques renforts ont entrepris de l\u2019\u00e9brancher et de le d\u00e9biter . Une fois l\u2019\u00e9branchage termin\u00e9, on mesure mieux la masse que repr\u00e9sente ce grand peuplier.<\/p>\n\n\n\n<figure class=\"wp-block-gallery has-nested-images columns-default is-cropped wp-block-gallery-11 is-layout-flex wp-block-gallery-is-layout-flex\">\n<figure class=\"wp-block-image size-large\"><a href=\"https:\/\/cheminsplestinais.dcea.fr\/wp-content\/uploads\/2025\/01\/40-scaled-e1736243952474.jpg\"><img loading=\"lazy\" decoding=\"async\" width=\"498\" height=\"1024\" data-id=\"10955\" src=\"https:\/\/cheminsplestinais.dcea.fr\/wp-content\/uploads\/2025\/01\/40-scaled-e1736243952474-498x1024.jpg\" alt=\"\" class=\"wp-image-10955\" srcset=\"https:\/\/cheminsplestinais.dcea.fr\/wp-content\/uploads\/2025\/01\/40-scaled-e1736243952474-498x1024.jpg 498w, https:\/\/cheminsplestinais.dcea.fr\/wp-content\/uploads\/2025\/01\/40-scaled-e1736243952474-146x300.jpg 146w, https:\/\/cheminsplestinais.dcea.fr\/wp-content\/uploads\/2025\/01\/40-scaled-e1736243952474-768x1579.jpg 768w, https:\/\/cheminsplestinais.dcea.fr\/wp-content\/uploads\/2025\/01\/40-scaled-e1736243952474-747x1536.jpg 747w, https:\/\/cheminsplestinais.dcea.fr\/wp-content\/uploads\/2025\/01\/40-scaled-e1736243952474-996x2048.jpg 996w, https:\/\/cheminsplestinais.dcea.fr\/wp-content\/uploads\/2025\/01\/40-scaled-e1736243952474.jpg 1245w\" sizes=\"(max-width: 498px) 100vw, 498px\" \/><\/a><\/figure>\n\n\n\n<figure class=\"wp-block-image size-large\"><a href=\"https:\/\/cheminsplestinais.dcea.fr\/wp-content\/uploads\/2025\/01\/41-scaled-e1736243971532.jpg\"><img loading=\"lazy\" decoding=\"async\" width=\"498\" height=\"1024\" data-id=\"10956\" src=\"https:\/\/cheminsplestinais.dcea.fr\/wp-content\/uploads\/2025\/01\/41-scaled-e1736243971532-498x1024.jpg\" alt=\"\" class=\"wp-image-10956\" srcset=\"https:\/\/cheminsplestinais.dcea.fr\/wp-content\/uploads\/2025\/01\/41-scaled-e1736243971532-498x1024.jpg 498w, https:\/\/cheminsplestinais.dcea.fr\/wp-content\/uploads\/2025\/01\/41-scaled-e1736243971532-146x300.jpg 146w, https:\/\/cheminsplestinais.dcea.fr\/wp-content\/uploads\/2025\/01\/41-scaled-e1736243971532-768x1579.jpg 768w, https:\/\/cheminsplestinais.dcea.fr\/wp-content\/uploads\/2025\/01\/41-scaled-e1736243971532-747x1536.jpg 747w, https:\/\/cheminsplestinais.dcea.fr\/wp-content\/uploads\/2025\/01\/41-scaled-e1736243971532-996x2048.jpg 996w, https:\/\/cheminsplestinais.dcea.fr\/wp-content\/uploads\/2025\/01\/41-scaled-e1736243971532.jpg 1245w\" sizes=\"(max-width: 498px) 100vw, 498px\" \/><\/a><\/figure>\n\n\n\n<figure class=\"wp-block-image size-large\"><a href=\"https:\/\/cheminsplestinais.dcea.fr\/wp-content\/uploads\/2025\/01\/42-scaled-e1736243989103.jpg\"><img loading=\"lazy\" decoding=\"async\" width=\"498\" height=\"1024\" data-id=\"10957\" src=\"https:\/\/cheminsplestinais.dcea.fr\/wp-content\/uploads\/2025\/01\/42-scaled-e1736243989103-498x1024.jpg\" alt=\"\" class=\"wp-image-10957\" srcset=\"https:\/\/cheminsplestinais.dcea.fr\/wp-content\/uploads\/2025\/01\/42-scaled-e1736243989103-498x1024.jpg 498w, https:\/\/cheminsplestinais.dcea.fr\/wp-content\/uploads\/2025\/01\/42-scaled-e1736243989103-146x300.jpg 146w, https:\/\/cheminsplestinais.dcea.fr\/wp-content\/uploads\/2025\/01\/42-scaled-e1736243989103-768x1579.jpg 768w, https:\/\/cheminsplestinais.dcea.fr\/wp-content\/uploads\/2025\/01\/42-scaled-e1736243989103-747x1536.jpg 747w, https:\/\/cheminsplestinais.dcea.fr\/wp-content\/uploads\/2025\/01\/42-scaled-e1736243989103-996x2048.jpg 996w, https:\/\/cheminsplestinais.dcea.fr\/wp-content\/uploads\/2025\/01\/42-scaled-e1736243989103.jpg 1245w\" sizes=\"(max-width: 498px) 100vw, 498px\" \/><\/a><\/figure>\n<\/figure>\n\n\n\n<p>Les services municipaux ont rapidement d\u00e9gag\u00e9 les branches et entrepos\u00e9 le tronc sur le bas-c\u00f4t\u00e9 de la route. La coupe de base, la souche et la pr\u00e9sence de champignons permettent de comprendre que cet arbre \u00e9tait fragilis\u00e9 par la pourriture, et donc condamn\u00e9 \u00e0 terme. On peut dire que sans la temp\u00eate, il  aurait peut-\u00eatre pu \u00ab survivre \u00bb encore au mieux quelques ann\u00e9es.<\/p>\n\n\n\n<p><\/p>\n\n\n\n<p class=\"has-medium-font-size\"><strong><em>Le \u00ab coup de main \u00bbaux services municipaux<\/em><\/strong><\/p>\n\n\n\n<p>Une \u00e9quipe des Chemins plestinais est venue pr\u00eater main forte aux employ\u00e9s municipaux, pour un grand nettoyage du port de Toul an Herry, qui en avait bien besoin.<\/p>\n\n\n\n<figure class=\"wp-block-gallery has-nested-images columns-default is-cropped wp-block-gallery-12 is-layout-flex wp-block-gallery-is-layout-flex\">\n<figure class=\"wp-block-image size-large\"><a href=\"https:\/\/cheminsplestinais.dcea.fr\/wp-content\/uploads\/2025\/01\/43.jpg\"><img loading=\"lazy\" decoding=\"async\" width=\"1024\" height=\"577\" data-id=\"10958\" src=\"https:\/\/cheminsplestinais.dcea.fr\/wp-content\/uploads\/2025\/01\/43-1024x577.jpg\" alt=\"\" class=\"wp-image-10958\" srcset=\"https:\/\/cheminsplestinais.dcea.fr\/wp-content\/uploads\/2025\/01\/43-1024x577.jpg 1024w, https:\/\/cheminsplestinais.dcea.fr\/wp-content\/uploads\/2025\/01\/43-300x169.jpg 300w, https:\/\/cheminsplestinais.dcea.fr\/wp-content\/uploads\/2025\/01\/43-768x433.jpg 768w, https:\/\/cheminsplestinais.dcea.fr\/wp-content\/uploads\/2025\/01\/43-1536x866.jpg 1536w, https:\/\/cheminsplestinais.dcea.fr\/wp-content\/uploads\/2025\/01\/43.jpg 2000w\" sizes=\"(max-width: 1024px) 100vw, 1024px\" \/><\/a><\/figure>\n\n\n\n<figure class=\"wp-block-image size-large\"><a href=\"https:\/\/cheminsplestinais.dcea.fr\/wp-content\/uploads\/2025\/01\/44.jpg\"><img loading=\"lazy\" decoding=\"async\" width=\"1024\" height=\"577\" data-id=\"10959\" src=\"https:\/\/cheminsplestinais.dcea.fr\/wp-content\/uploads\/2025\/01\/44-1024x577.jpg\" alt=\"\" class=\"wp-image-10959\" srcset=\"https:\/\/cheminsplestinais.dcea.fr\/wp-content\/uploads\/2025\/01\/44-1024x577.jpg 1024w, https:\/\/cheminsplestinais.dcea.fr\/wp-content\/uploads\/2025\/01\/44-300x169.jpg 300w, https:\/\/cheminsplestinais.dcea.fr\/wp-content\/uploads\/2025\/01\/44-768x433.jpg 768w, https:\/\/cheminsplestinais.dcea.fr\/wp-content\/uploads\/2025\/01\/44-1536x866.jpg 1536w, https:\/\/cheminsplestinais.dcea.fr\/wp-content\/uploads\/2025\/01\/44.jpg 2000w\" sizes=\"(max-width: 1024px) 100vw, 1024px\" \/><\/a><\/figure>\n<\/figure>\n\n\n\n<p>Nous avons donc bien pataug\u00e9 dans la vase, \u00e0 la recherche de diff\u00e9rents objets ind\u00e9sirables ( vieux corps morts, pneus, ferraille, etc\u2026). La chasse est ouverte !<\/p>\n\n\n\n<figure class=\"wp-block-gallery has-nested-images columns-default is-cropped wp-block-gallery-13 is-layout-flex wp-block-gallery-is-layout-flex\">\n<figure class=\"wp-block-image size-large\"><a href=\"https:\/\/cheminsplestinais.dcea.fr\/wp-content\/uploads\/2025\/01\/45.jpg\"><img loading=\"lazy\" decoding=\"async\" width=\"1024\" height=\"575\" data-id=\"10960\" src=\"https:\/\/cheminsplestinais.dcea.fr\/wp-content\/uploads\/2025\/01\/45-1024x575.jpg\" alt=\"\" class=\"wp-image-10960\" srcset=\"https:\/\/cheminsplestinais.dcea.fr\/wp-content\/uploads\/2025\/01\/45-1024x575.jpg 1024w, https:\/\/cheminsplestinais.dcea.fr\/wp-content\/uploads\/2025\/01\/45-300x169.jpg 300w, https:\/\/cheminsplestinais.dcea.fr\/wp-content\/uploads\/2025\/01\/45-768x432.jpg 768w, https:\/\/cheminsplestinais.dcea.fr\/wp-content\/uploads\/2025\/01\/45-1536x863.jpg 1536w, https:\/\/cheminsplestinais.dcea.fr\/wp-content\/uploads\/2025\/01\/45.jpg 2000w\" sizes=\"(max-width: 1024px) 100vw, 1024px\" \/><\/a><figcaption class=\"wp-element-caption\">\u2026Avec l\u2019aide du personnel communal, et du mat\u00e9riel adapt\u00e9.<\/figcaption><\/figure>\n\n\n\n<figure class=\"wp-block-image size-large\"><a href=\"https:\/\/cheminsplestinais.dcea.fr\/wp-content\/uploads\/2025\/01\/46.jpg\"><img loading=\"lazy\" decoding=\"async\" width=\"1024\" height=\"575\" data-id=\"10961\" src=\"https:\/\/cheminsplestinais.dcea.fr\/wp-content\/uploads\/2025\/01\/46-1024x575.jpg\" alt=\"\" class=\"wp-image-10961\" srcset=\"https:\/\/cheminsplestinais.dcea.fr\/wp-content\/uploads\/2025\/01\/46-1024x575.jpg 1024w, https:\/\/cheminsplestinais.dcea.fr\/wp-content\/uploads\/2025\/01\/46-300x169.jpg 300w, https:\/\/cheminsplestinais.dcea.fr\/wp-content\/uploads\/2025\/01\/46-768x432.jpg 768w, https:\/\/cheminsplestinais.dcea.fr\/wp-content\/uploads\/2025\/01\/46-1536x863.jpg 1536w, https:\/\/cheminsplestinais.dcea.fr\/wp-content\/uploads\/2025\/01\/46.jpg 2000w\" sizes=\"(max-width: 1024px) 100vw, 1024px\" \/><\/a><figcaption class=\"wp-element-caption\">Voyez comment certains ont l\u2019air heureux, les pieds dans la gadoue !<\/figcaption><\/figure>\n<\/figure>\n\n\n\n<p><\/p>\n\n\n\n<figure class=\"wp-block-image size-large\"><a href=\"https:\/\/cheminsplestinais.dcea.fr\/wp-content\/uploads\/2025\/01\/47.jpg\"><img loading=\"lazy\" decoding=\"async\" width=\"1024\" height=\"575\" src=\"https:\/\/cheminsplestinais.dcea.fr\/wp-content\/uploads\/2025\/01\/47-1024x575.jpg\" alt=\"\" class=\"wp-image-10962\" srcset=\"https:\/\/cheminsplestinais.dcea.fr\/wp-content\/uploads\/2025\/01\/47-1024x575.jpg 1024w, https:\/\/cheminsplestinais.dcea.fr\/wp-content\/uploads\/2025\/01\/47-300x169.jpg 300w, https:\/\/cheminsplestinais.dcea.fr\/wp-content\/uploads\/2025\/01\/47-768x432.jpg 768w, https:\/\/cheminsplestinais.dcea.fr\/wp-content\/uploads\/2025\/01\/47-1536x863.jpg 1536w, https:\/\/cheminsplestinais.dcea.fr\/wp-content\/uploads\/2025\/01\/47.jpg 2000w\" sizes=\"(max-width: 1024px) 100vw, 1024px\" \/><\/a><figcaption class=\"wp-element-caption\">\u2026Et encore plus lorsqu\u2019ils ont une touche \u2026 Mais pour cette fois, pas de vieux frigo, pas de moto, pas de lave-linge\u2026 Nous sommes loin d\u2019\u00e9galer les performances de certains endroits, que nous ne citerons pas !<\/figcaption><\/figure>\n\n\n\n<p><\/p>\n\n\n\n<p class=\"has-medium-font-size\"><strong><em>Site de Saint Haran : dernier chantier de l\u2019ann\u00e9e.<\/em><\/strong><\/p>\n\n\n\n<figure class=\"wp-block-image size-large\"><a href=\"https:\/\/cheminsplestinais.dcea.fr\/wp-content\/uploads\/2025\/01\/48-rotated-e1736244015442.jpg\"><img loading=\"lazy\" decoding=\"async\" width=\"1024\" height=\"498\" src=\"https:\/\/cheminsplestinais.dcea.fr\/wp-content\/uploads\/2025\/01\/48-rotated-e1736244015442-1024x498.jpg\" alt=\"\" class=\"wp-image-10963\" srcset=\"https:\/\/cheminsplestinais.dcea.fr\/wp-content\/uploads\/2025\/01\/48-rotated-e1736244015442-1024x498.jpg 1024w, https:\/\/cheminsplestinais.dcea.fr\/wp-content\/uploads\/2025\/01\/48-rotated-e1736244015442-300x146.jpg 300w, https:\/\/cheminsplestinais.dcea.fr\/wp-content\/uploads\/2025\/01\/48-rotated-e1736244015442-768x373.jpg 768w, https:\/\/cheminsplestinais.dcea.fr\/wp-content\/uploads\/2025\/01\/48-rotated-e1736244015442-1536x746.jpg 1536w, https:\/\/cheminsplestinais.dcea.fr\/wp-content\/uploads\/2025\/01\/48-rotated-e1736244015442.jpg 2000w\" sizes=\"(max-width: 1024px) 100vw, 1024px\" \/><\/a><figcaption class=\"wp-element-caption\">Une \u00e9quipe a r\u00e9alis\u00e9 une grande toilette du site, qui promet d\u2019\u00eatre magnifique au printemps prochain. Le groupe de marche nordique du lundi passait par L\u00e0\u2026 L\u2019occasion \u00e9tait bonne pour une photo souvenir, clin d\u2019\u0153il sympathique en cette fin d\u2019ann\u00e9e.<\/figcaption><\/figure>\n\n\n\n<p><\/p>\n\n\n\n<p>Ainsi s\u2019ach\u00e8ve le dernier trimestre de l\u2019ann\u00e9e\u2026Un coup dur, certes, que la perte de notre table \u00e0 pique-nique, mais son remplacement est d\u00e9j\u00e0 dans tous les esprits. Gageons que d\u00e8s l\u2019\u00e9t\u00e9 prochain les amateurs de pique-nique pourront \u00e0 nouveau s\u2019installer en cet endroit. Nous retiendrons avant tous les bons moments pass\u00e9s entre \u00abbagnards\u00bb du lundi matin, lesquels se retrouvent toujours avec le m\u00eame plaisir au local de Poul Scornet. Et puis, le trimestre a connu quelques moments forts qui contribuent au \u00abciment\u00bb de l\u2019association :<\/p>\n\n\n\n<p><\/p>\n\n\n\n<p class=\"has-medium-font-size\"><strong><em>Le Tro Plistin 2024<\/em><\/strong><\/p>\n\n\n\n<figure class=\"wp-block-gallery has-nested-images columns-default is-cropped wp-block-gallery-14 is-layout-flex wp-block-gallery-is-layout-flex\">\n<figure class=\"wp-block-image size-large\"><a href=\"https:\/\/cheminsplestinais.dcea.fr\/wp-content\/uploads\/2025\/01\/49.jpg\"><img loading=\"lazy\" decoding=\"async\" width=\"1024\" height=\"768\" data-id=\"10964\" src=\"https:\/\/cheminsplestinais.dcea.fr\/wp-content\/uploads\/2025\/01\/49-1024x768.jpg\" alt=\"\" class=\"wp-image-10964\" srcset=\"https:\/\/cheminsplestinais.dcea.fr\/wp-content\/uploads\/2025\/01\/49-1024x768.jpg 1024w, https:\/\/cheminsplestinais.dcea.fr\/wp-content\/uploads\/2025\/01\/49-300x225.jpg 300w, https:\/\/cheminsplestinais.dcea.fr\/wp-content\/uploads\/2025\/01\/49-768x576.jpg 768w, https:\/\/cheminsplestinais.dcea.fr\/wp-content\/uploads\/2025\/01\/49-1536x1152.jpg 1536w, https:\/\/cheminsplestinais.dcea.fr\/wp-content\/uploads\/2025\/01\/49.jpg 1600w\" sizes=\"(max-width: 1024px) 100vw, 1024px\" \/><\/a><\/figure>\n\n\n\n<figure class=\"wp-block-image size-large\"><a href=\"https:\/\/cheminsplestinais.dcea.fr\/wp-content\/uploads\/2025\/01\/50.jpg\"><img loading=\"lazy\" decoding=\"async\" width=\"1024\" height=\"768\" data-id=\"10965\" src=\"https:\/\/cheminsplestinais.dcea.fr\/wp-content\/uploads\/2025\/01\/50-1024x768.jpg\" alt=\"\" class=\"wp-image-10965\" srcset=\"https:\/\/cheminsplestinais.dcea.fr\/wp-content\/uploads\/2025\/01\/50-1024x768.jpg 1024w, https:\/\/cheminsplestinais.dcea.fr\/wp-content\/uploads\/2025\/01\/50-300x225.jpg 300w, https:\/\/cheminsplestinais.dcea.fr\/wp-content\/uploads\/2025\/01\/50-768x576.jpg 768w, https:\/\/cheminsplestinais.dcea.fr\/wp-content\/uploads\/2025\/01\/50-1536x1152.jpg 1536w, https:\/\/cheminsplestinais.dcea.fr\/wp-content\/uploads\/2025\/01\/50.jpg 1600w\" sizes=\"(max-width: 1024px) 100vw, 1024px\" \/><\/a><\/figure>\n\n\n\n<figure class=\"wp-block-image size-large\"><a href=\"https:\/\/cheminsplestinais.dcea.fr\/wp-content\/uploads\/2025\/01\/51.jpg\"><img loading=\"lazy\" decoding=\"async\" width=\"1024\" height=\"768\" data-id=\"10966\" src=\"https:\/\/cheminsplestinais.dcea.fr\/wp-content\/uploads\/2025\/01\/51-1024x768.jpg\" alt=\"\" class=\"wp-image-10966\" srcset=\"https:\/\/cheminsplestinais.dcea.fr\/wp-content\/uploads\/2025\/01\/51-1024x768.jpg 1024w, https:\/\/cheminsplestinais.dcea.fr\/wp-content\/uploads\/2025\/01\/51-300x225.jpg 300w, https:\/\/cheminsplestinais.dcea.fr\/wp-content\/uploads\/2025\/01\/51-768x576.jpg 768w, https:\/\/cheminsplestinais.dcea.fr\/wp-content\/uploads\/2025\/01\/51-1536x1152.jpg 1536w, https:\/\/cheminsplestinais.dcea.fr\/wp-content\/uploads\/2025\/01\/51.jpg 1600w\" sizes=\"(max-width: 1024px) 100vw, 1024px\" \/><\/a><\/figure>\n\n\n\n<figure class=\"wp-block-image size-large\"><a href=\"https:\/\/cheminsplestinais.dcea.fr\/wp-content\/uploads\/2025\/01\/52.jpg\"><img loading=\"lazy\" decoding=\"async\" width=\"1024\" height=\"768\" data-id=\"10967\" src=\"https:\/\/cheminsplestinais.dcea.fr\/wp-content\/uploads\/2025\/01\/52-1024x768.jpg\" alt=\"\" class=\"wp-image-10967\" srcset=\"https:\/\/cheminsplestinais.dcea.fr\/wp-content\/uploads\/2025\/01\/52-1024x768.jpg 1024w, https:\/\/cheminsplestinais.dcea.fr\/wp-content\/uploads\/2025\/01\/52-300x225.jpg 300w, https:\/\/cheminsplestinais.dcea.fr\/wp-content\/uploads\/2025\/01\/52-768x576.jpg 768w, https:\/\/cheminsplestinais.dcea.fr\/wp-content\/uploads\/2025\/01\/52-1536x1152.jpg 1536w, https:\/\/cheminsplestinais.dcea.fr\/wp-content\/uploads\/2025\/01\/52.jpg 1600w\" sizes=\"(max-width: 1024px) 100vw, 1024px\" \/><\/a><\/figure>\n\n\n\n<figure class=\"wp-block-image size-large\"><a href=\"https:\/\/cheminsplestinais.dcea.fr\/wp-content\/uploads\/2025\/01\/53.jpg\"><img loading=\"lazy\" decoding=\"async\" width=\"768\" height=\"1024\" data-id=\"10968\" src=\"https:\/\/cheminsplestinais.dcea.fr\/wp-content\/uploads\/2025\/01\/53-768x1024.jpg\" alt=\"\" class=\"wp-image-10968\" srcset=\"https:\/\/cheminsplestinais.dcea.fr\/wp-content\/uploads\/2025\/01\/53-768x1024.jpg 768w, https:\/\/cheminsplestinais.dcea.fr\/wp-content\/uploads\/2025\/01\/53-225x300.jpg 225w, https:\/\/cheminsplestinais.dcea.fr\/wp-content\/uploads\/2025\/01\/53-1152x1536.jpg 1152w, https:\/\/cheminsplestinais.dcea.fr\/wp-content\/uploads\/2025\/01\/53.jpg 1200w\" sizes=\"(max-width: 768px) 100vw, 768px\" \/><\/a><\/figure>\n\n\n\n<figure class=\"wp-block-image size-large\"><a href=\"https:\/\/cheminsplestinais.dcea.fr\/wp-content\/uploads\/2025\/01\/54.jpg\"><img loading=\"lazy\" decoding=\"async\" width=\"1024\" height=\"768\" data-id=\"10969\" src=\"https:\/\/cheminsplestinais.dcea.fr\/wp-content\/uploads\/2025\/01\/54-1024x768.jpg\" alt=\"\" class=\"wp-image-10969\" srcset=\"https:\/\/cheminsplestinais.dcea.fr\/wp-content\/uploads\/2025\/01\/54-1024x768.jpg 1024w, https:\/\/cheminsplestinais.dcea.fr\/wp-content\/uploads\/2025\/01\/54-300x225.jpg 300w, https:\/\/cheminsplestinais.dcea.fr\/wp-content\/uploads\/2025\/01\/54-768x576.jpg 768w, https:\/\/cheminsplestinais.dcea.fr\/wp-content\/uploads\/2025\/01\/54-1536x1152.jpg 1536w, https:\/\/cheminsplestinais.dcea.fr\/wp-content\/uploads\/2025\/01\/54.jpg 1600w\" sizes=\"(max-width: 1024px) 100vw, 1024px\" \/><\/a><\/figure>\n<\/figure>\n\n\n\n<p>Ce fut le cas du traditionnel \u00ab Tro Plistin \u00bb, le 6 octobre. La \u00ab petite promenade \u00bb de 31 kms a ses inconditionnels ! Le d\u00e9part \u00e9tait pr\u00e9vu \u00e0 l\u2019endroit habituel, \u00e0 Toul an Herry.<\/p>\n\n\n\n<figure class=\"wp-block-gallery aligncenter has-nested-images columns-default is-cropped wp-block-gallery-15 is-layout-flex wp-block-gallery-is-layout-flex\">\n<figure class=\"wp-block-image size-large\"><a href=\"https:\/\/cheminsplestinais.dcea.fr\/wp-content\/uploads\/2025\/01\/55-scaled.jpg\"><img loading=\"lazy\" decoding=\"async\" width=\"771\" height=\"1024\" data-id=\"10970\" src=\"https:\/\/cheminsplestinais.dcea.fr\/wp-content\/uploads\/2025\/01\/55-771x1024.jpg\" alt=\"\" class=\"wp-image-10970\" srcset=\"https:\/\/cheminsplestinais.dcea.fr\/wp-content\/uploads\/2025\/01\/55-771x1024.jpg 771w, https:\/\/cheminsplestinais.dcea.fr\/wp-content\/uploads\/2025\/01\/55-226x300.jpg 226w, https:\/\/cheminsplestinais.dcea.fr\/wp-content\/uploads\/2025\/01\/55-768x1020.jpg 768w, https:\/\/cheminsplestinais.dcea.fr\/wp-content\/uploads\/2025\/01\/55-1157x1536.jpg 1157w, https:\/\/cheminsplestinais.dcea.fr\/wp-content\/uploads\/2025\/01\/55-1542x2048.jpg 1542w, https:\/\/cheminsplestinais.dcea.fr\/wp-content\/uploads\/2025\/01\/55-scaled.jpg 1928w\" sizes=\"(max-width: 771px) 100vw, 771px\" \/><\/a><\/figure>\n\n\n\n<figure class=\"wp-block-image size-large\"><a href=\"https:\/\/cheminsplestinais.dcea.fr\/wp-content\/uploads\/2025\/01\/56.jpg\"><img loading=\"lazy\" decoding=\"async\" width=\"768\" height=\"1024\" data-id=\"10971\" src=\"https:\/\/cheminsplestinais.dcea.fr\/wp-content\/uploads\/2025\/01\/56-768x1024.jpg\" alt=\"\" class=\"wp-image-10971\" srcset=\"https:\/\/cheminsplestinais.dcea.fr\/wp-content\/uploads\/2025\/01\/56-768x1024.jpg 768w, https:\/\/cheminsplestinais.dcea.fr\/wp-content\/uploads\/2025\/01\/56-225x300.jpg 225w, https:\/\/cheminsplestinais.dcea.fr\/wp-content\/uploads\/2025\/01\/56-1152x1536.jpg 1152w, https:\/\/cheminsplestinais.dcea.fr\/wp-content\/uploads\/2025\/01\/56.jpg 1440w\" sizes=\"(max-width: 768px) 100vw, 768px\" \/><\/a><\/figure>\n<figcaption class=\"blocks-gallery-caption wp-element-caption\">A mi-parcours, le groupe s\u2019est retrouv\u00e9 \u00e0 la ferme de Poulfanc, pour la pause casse-cro\u00fbte. Gildas, notre pr\u00e9sident, s\u2019est charg\u00e9 de la remise d\u2019un cadeau \u00e0 Michel et Christine, qui nous re\u00e7oivent tous les ans avec la m\u00eame gentillesse.<\/figcaption><\/figure>\n\n\n\n<figure class=\"wp-block-gallery has-nested-images columns-default is-cropped wp-block-gallery-16 is-layout-flex wp-block-gallery-is-layout-flex\">\n<figure class=\"wp-block-image size-large\"><a href=\"https:\/\/cheminsplestinais.dcea.fr\/wp-content\/uploads\/2025\/01\/57.jpg\"><img loading=\"lazy\" decoding=\"async\" width=\"1024\" height=\"768\" data-id=\"10972\" src=\"https:\/\/cheminsplestinais.dcea.fr\/wp-content\/uploads\/2025\/01\/57-1024x768.jpg\" alt=\"\" class=\"wp-image-10972\" srcset=\"https:\/\/cheminsplestinais.dcea.fr\/wp-content\/uploads\/2025\/01\/57-1024x768.jpg 1024w, https:\/\/cheminsplestinais.dcea.fr\/wp-content\/uploads\/2025\/01\/57-300x225.jpg 300w, https:\/\/cheminsplestinais.dcea.fr\/wp-content\/uploads\/2025\/01\/57-768x576.jpg 768w, https:\/\/cheminsplestinais.dcea.fr\/wp-content\/uploads\/2025\/01\/57-1536x1152.jpg 1536w, https:\/\/cheminsplestinais.dcea.fr\/wp-content\/uploads\/2025\/01\/57.jpg 2000w\" sizes=\"(max-width: 1024px) 100vw, 1024px\" \/><\/a><\/figure>\n\n\n\n<figure class=\"wp-block-image size-large\"><a href=\"https:\/\/cheminsplestinais.dcea.fr\/wp-content\/uploads\/2025\/01\/58.jpg\"><img loading=\"lazy\" decoding=\"async\" width=\"1024\" height=\"768\" data-id=\"10973\" src=\"https:\/\/cheminsplestinais.dcea.fr\/wp-content\/uploads\/2025\/01\/58-1024x768.jpg\" alt=\"\" class=\"wp-image-10973\" srcset=\"https:\/\/cheminsplestinais.dcea.fr\/wp-content\/uploads\/2025\/01\/58-1024x768.jpg 1024w, https:\/\/cheminsplestinais.dcea.fr\/wp-content\/uploads\/2025\/01\/58-300x225.jpg 300w, https:\/\/cheminsplestinais.dcea.fr\/wp-content\/uploads\/2025\/01\/58-768x576.jpg 768w, https:\/\/cheminsplestinais.dcea.fr\/wp-content\/uploads\/2025\/01\/58-1536x1152.jpg 1536w, https:\/\/cheminsplestinais.dcea.fr\/wp-content\/uploads\/2025\/01\/58.jpg 1600w\" sizes=\"(max-width: 1024px) 100vw, 1024px\" \/><\/a><\/figure>\n<\/figure>\n\n\n\n<p><\/p>\n\n\n\n<div class=\"wp-block-media-text is-stacked-on-mobile\" style=\"grid-template-columns:67% auto\"><figure class=\"wp-block-media-text__media\"><a href=\"https:\/\/cheminsplestinais.dcea.fr\/wp-content\/uploads\/2025\/01\/59.jpg\"><img loading=\"lazy\" decoding=\"async\" width=\"768\" height=\"1024\" src=\"https:\/\/cheminsplestinais.dcea.fr\/wp-content\/uploads\/2025\/01\/59-768x1024.jpg\" alt=\"\" class=\"wp-image-10974 size-full\" srcset=\"https:\/\/cheminsplestinais.dcea.fr\/wp-content\/uploads\/2025\/01\/59-768x1024.jpg 768w, https:\/\/cheminsplestinais.dcea.fr\/wp-content\/uploads\/2025\/01\/59-225x300.jpg 225w, https:\/\/cheminsplestinais.dcea.fr\/wp-content\/uploads\/2025\/01\/59-1152x1536.jpg 1152w, https:\/\/cheminsplestinais.dcea.fr\/wp-content\/uploads\/2025\/01\/59.jpg 1200w\" sizes=\"(max-width: 768px) 100vw, 768px\" \/><\/a><\/figure><div class=\"wp-block-media-text__content\">\n<p>Nos remerciements \u00e9galement \u00e0 Philippe et Patricia, pour la pause pr\u00e8s de la chapelle de Saint Jagut.<\/p>\n<\/div><\/div>\n\n\n\n<p><\/p>\n\n\n\n<figure class=\"wp-block-image size-large\"><a href=\"https:\/\/cheminsplestinais.dcea.fr\/wp-content\/uploads\/2025\/01\/60.jpg\"><img loading=\"lazy\" decoding=\"async\" width=\"1024\" height=\"768\" src=\"https:\/\/cheminsplestinais.dcea.fr\/wp-content\/uploads\/2025\/01\/60-1024x768.jpg\" alt=\"\" class=\"wp-image-10975\" srcset=\"https:\/\/cheminsplestinais.dcea.fr\/wp-content\/uploads\/2025\/01\/60-1024x768.jpg 1024w, https:\/\/cheminsplestinais.dcea.fr\/wp-content\/uploads\/2025\/01\/60-300x225.jpg 300w, https:\/\/cheminsplestinais.dcea.fr\/wp-content\/uploads\/2025\/01\/60-768x576.jpg 768w, https:\/\/cheminsplestinais.dcea.fr\/wp-content\/uploads\/2025\/01\/60-1536x1152.jpg 1536w, https:\/\/cheminsplestinais.dcea.fr\/wp-content\/uploads\/2025\/01\/60.jpg 1600w\" sizes=\"(max-width: 1024px) 100vw, 1024px\" \/><\/a><figcaption class=\"wp-element-caption\">Nous n\u2019avons malheureusement pas d\u2019images de la fin de parcours de ce Tro Plistin : il se murmure que notre photographe a \u00e9t\u00e9 irr\u00e9m\u00e9diablement distanc\u00e9 dans les derniers hectom\u00e8tres !<\/figcaption><\/figure>\n\n\n\n<p><\/p>\n\n\n\n<p class=\"has-medium-font-size\"><em><strong>Autre sympathique moment de cette fin d\u2019ann\u00e9e : le 19 novembre s\u2019est tenu notre banquet annuel au restaurant Le Doyen, \u00e0 Ploumilliau.<\/strong><\/em><\/p>\n\n\n\n<figure class=\"wp-block-image size-large\"><a href=\"https:\/\/cheminsplestinais.dcea.fr\/wp-content\/uploads\/2025\/01\/61-rotated-e1736244056433.jpg\"><img loading=\"lazy\" decoding=\"async\" width=\"1024\" height=\"768\" src=\"https:\/\/cheminsplestinais.dcea.fr\/wp-content\/uploads\/2025\/01\/61-rotated-e1736244056433-1024x768.jpg\" alt=\"\" class=\"wp-image-10976\" srcset=\"https:\/\/cheminsplestinais.dcea.fr\/wp-content\/uploads\/2025\/01\/61-rotated-e1736244056433-1024x768.jpg 1024w, https:\/\/cheminsplestinais.dcea.fr\/wp-content\/uploads\/2025\/01\/61-rotated-e1736244056433-300x225.jpg 300w, https:\/\/cheminsplestinais.dcea.fr\/wp-content\/uploads\/2025\/01\/61-rotated-e1736244056433-768x576.jpg 768w, https:\/\/cheminsplestinais.dcea.fr\/wp-content\/uploads\/2025\/01\/61-rotated-e1736244056433-1536x1152.jpg 1536w, https:\/\/cheminsplestinais.dcea.fr\/wp-content\/uploads\/2025\/01\/61-rotated-e1736244056433.jpg 2000w\" sizes=\"(max-width: 1024px) 100vw, 1024px\" \/><\/a><\/figure>\n\n\n\n<p><\/p>\n\n\n\n<div class=\"wp-block-media-text has-media-on-the-right is-stacked-on-mobile\" style=\"grid-template-columns:auto 57%\"><div class=\"wp-block-media-text__content\">\n<p>Une fois de plus, nous avons fait salle comble\u2026Une langue vip\u00e9rine, dont nous aurons la bont\u00e9 de ne pas divulguer l\u2019identit\u00e9, a m\u00eame avanc\u00e9 sournoisement que \u00ab si \u00e7a continue comme \u00e7a, nous serons contraints de laisser les conjoints \u00e0 la maison !\u00bb<\/p>\n<\/div><figure class=\"wp-block-media-text__media\"><a href=\"https:\/\/cheminsplestinais.dcea.fr\/wp-content\/uploads\/2025\/01\/62-scaled-e1736244074774.jpg\"><img loading=\"lazy\" decoding=\"async\" width=\"768\" height=\"1024\" src=\"https:\/\/cheminsplestinais.dcea.fr\/wp-content\/uploads\/2025\/01\/62-scaled-e1736244074774-768x1024.jpg\" alt=\"\" class=\"wp-image-10977 size-full\" srcset=\"https:\/\/cheminsplestinais.dcea.fr\/wp-content\/uploads\/2025\/01\/62-scaled-e1736244074774-768x1024.jpg 768w, https:\/\/cheminsplestinais.dcea.fr\/wp-content\/uploads\/2025\/01\/62-scaled-e1736244074774-225x300.jpg 225w, https:\/\/cheminsplestinais.dcea.fr\/wp-content\/uploads\/2025\/01\/62-scaled-e1736244074774-1152x1536.jpg 1152w, https:\/\/cheminsplestinais.dcea.fr\/wp-content\/uploads\/2025\/01\/62-scaled-e1736244074774-1536x2048.jpg 1536w, https:\/\/cheminsplestinais.dcea.fr\/wp-content\/uploads\/2025\/01\/62-scaled-e1736244074774.jpg 1920w\" sizes=\"(max-width: 768px) 100vw, 768px\" \/><\/a><\/figure><\/div>\n\n\n\n<p><\/p>\n\n\n\n<div class=\"wp-block-media-text is-stacked-on-mobile\" style=\"grid-template-columns:64% auto\"><figure class=\"wp-block-media-text__media\"><a href=\"https:\/\/cheminsplestinais.dcea.fr\/wp-content\/uploads\/2025\/01\/63-scaled-e1736244104103.jpg\"><img loading=\"lazy\" decoding=\"async\" width=\"768\" height=\"1024\" src=\"https:\/\/cheminsplestinais.dcea.fr\/wp-content\/uploads\/2025\/01\/63-scaled-e1736244104103-768x1024.jpg\" alt=\"\" class=\"wp-image-10978 size-full\" srcset=\"https:\/\/cheminsplestinais.dcea.fr\/wp-content\/uploads\/2025\/01\/63-scaled-e1736244104103-768x1024.jpg 768w, https:\/\/cheminsplestinais.dcea.fr\/wp-content\/uploads\/2025\/01\/63-scaled-e1736244104103-225x300.jpg 225w, https:\/\/cheminsplestinais.dcea.fr\/wp-content\/uploads\/2025\/01\/63-scaled-e1736244104103-1152x1536.jpg 1152w, https:\/\/cheminsplestinais.dcea.fr\/wp-content\/uploads\/2025\/01\/63-scaled-e1736244104103-1536x2048.jpg 1536w, https:\/\/cheminsplestinais.dcea.fr\/wp-content\/uploads\/2025\/01\/63-scaled-e1736244104103.jpg 1920w\" sizes=\"(max-width: 768px) 100vw, 768px\" \/><\/a><\/figure><div class=\"wp-block-media-text__content\">\n<p>\u2026Et qui dit banquet, dit incontournables animateurs maison, en la personne d\u2019Auguste et Bernard, lesquels n\u2019ont eu aucune difficult\u00e9 \u00e0 \u00abchauffer\u00bb l\u2019assistance !<\/p>\n<\/div><\/div>\n\n\n\n<p><\/p>\n\n\n\n<div class=\"wp-block-media-text has-media-on-the-right is-stacked-on-mobile\" style=\"grid-template-columns:auto 78%\"><div class=\"wp-block-media-text__content\">\n<p>Choix corn\u00e9lien \u00e0 l\u2019heure du dessert : tout est si app\u00e9tissant !<\/p>\n<\/div><figure class=\"wp-block-media-text__media\"><a href=\"https:\/\/cheminsplestinais.dcea.fr\/wp-content\/uploads\/2025\/01\/64-scaled-e1736244132363.jpg\"><img loading=\"lazy\" decoding=\"async\" width=\"768\" height=\"1024\" src=\"https:\/\/cheminsplestinais.dcea.fr\/wp-content\/uploads\/2025\/01\/64-scaled-e1736244132363-768x1024.jpg\" alt=\"\" class=\"wp-image-10979 size-full\" srcset=\"https:\/\/cheminsplestinais.dcea.fr\/wp-content\/uploads\/2025\/01\/64-scaled-e1736244132363-768x1024.jpg 768w, https:\/\/cheminsplestinais.dcea.fr\/wp-content\/uploads\/2025\/01\/64-scaled-e1736244132363-225x300.jpg 225w, https:\/\/cheminsplestinais.dcea.fr\/wp-content\/uploads\/2025\/01\/64-scaled-e1736244132363-1152x1536.jpg 1152w, https:\/\/cheminsplestinais.dcea.fr\/wp-content\/uploads\/2025\/01\/64-scaled-e1736244132363-1536x2048.jpg 1536w, https:\/\/cheminsplestinais.dcea.fr\/wp-content\/uploads\/2025\/01\/64-scaled-e1736244132363.jpg 1920w\" sizes=\"(max-width: 768px) 100vw, 768px\" \/><\/a><\/figure><\/div>\n\n\n\n<p><\/p>\n\n\n\n<p>Ainsi s\u2019ach\u00e8ve une ann\u00e9e (une fois de plus) bien remplie, o\u00f9 chacun a trouv\u00e9 \u00e0 s\u2019exprimer en fonction de ses go\u00fbts, de ses talents et de ses possibilit\u00e9s. C\u2019est gr\u00e2ce \u00e0 nos nettoyeurs, \u00e0 nos ma\u00e7ons, \u00e0 nos menuisiers, \u00e0 nos b\u00fbcherons, \u00e0 nos d\u00e9broussailleurs, \u00e0 nos \u00abgardiens\u00bb de la signal\u00e9tique, avec l\u2019aide ponctuelle -mais pr\u00e9cieuse- des services municipaux, que nous sommes en capacit\u00e9 de proposer aux randonneurs un r\u00e9seau de sentiers cons\u00e9quent et entretenu sur la commune de Plestin.<br>Toute l\u2019\u00e9quipe range donc ses outils jusqu\u2019au mois de janvier, et souhaite \u00e0 toutes et \u00e0 tous <\/p>\n\n\n\n<p class=\"has-text-align-center has-medium-font-size\"><strong>une Bonne ann\u00e9e 2025 !<\/strong><\/p>\n","protected":false},"excerpt":{"rendered":"<p>C\u2019est dans la bonne humeur que les membres de l\u2019association se sont retrouv\u00e9s au mois de septembre, en souhaitant que l\u2019hiver les dispense d\u2019un \u00e9pisode comme celui qu\u2019ils ont connu l\u2019an dernier. Le groupe, renforc\u00e9 de nouvelles recrues (cf. le trombinoscope), a donc pu repartir sur les diff\u00e9rentes boucles, pour un entretien classique, mais aussi [&hellip;]<\/p>\n","protected":false},"author":1,"featured_media":0,"comment_status":"open","ping_status":"closed","sticky":false,"template":"","format":"standard","meta":{"footnotes":""},"categories":[2],"tags":[],"_links":{"self":[{"href":"https:\/\/cheminsplestinais.dcea.fr\/index.php?rest_route=\/wp\/v2\/posts\/10980"}],"collection":[{"href":"https:\/\/cheminsplestinais.dcea.fr\/index.php?rest_route=\/wp\/v2\/posts"}],"about":[{"href":"https:\/\/cheminsplestinais.dcea.fr\/index.php?rest_route=\/wp\/v2\/types\/post"}],"author":[{"embeddable":true,"href":"https:\/\/cheminsplestinais.dcea.fr\/index.php?rest_route=\/wp\/v2\/users\/1"}],"replies":[{"embeddable":true,"href":"https:\/\/cheminsplestinais.dcea.fr\/index.php?rest_route=%2Fwp%2Fv2%2Fcomments&post=10980"}],"version-history":[{"count":48,"href":"https:\/\/cheminsplestinais.dcea.fr\/index.php?rest_route=\/wp\/v2\/posts\/10980\/revisions"}],"predecessor-version":[{"id":11028,"href":"https:\/\/cheminsplestinais.dcea.fr\/index.php?rest_route=\/wp\/v2\/posts\/10980\/revisions\/11028"}],"wp:attachment":[{"href":"https:\/\/cheminsplestinais.dcea.fr\/index.php?rest_route=%2Fwp%2Fv2%2Fmedia&parent=10980"}],"wp:term":[{"taxonomy":"category","embeddable":true,"href":"https:\/\/cheminsplestinais.dcea.fr\/index.php?rest_route=%2Fwp%2Fv2%2Fcategories&post=10980"},{"taxonomy":"post_tag","embeddable":true,"href":"https:\/\/cheminsplestinais.dcea.fr\/index.php?rest_route=%2Fwp%2Fv2%2Ftags&post=10980"}],"curies":[{"name":"wp","href":"https:\/\/api.w.org\/{rel}","templated":true}]}}