{"id":1145,"date":"2015-06-17T13:50:14","date_gmt":"2015-06-17T12:50:14","guid":{"rendered":"http:\/\/www.cheminsplestinais.dcea.fr\/?p=1145"},"modified":"2015-06-17T13:50:14","modified_gmt":"2015-06-17T12:50:14","slug":"un-printemps-sur-les-chemins","status":"publish","type":"post","link":"https:\/\/cheminsplestinais.dcea.fr\/?p=1145","title":{"rendered":"Un printemps sur les chemins"},"content":{"rendered":"<p style=\"padding-left: 30px;\">En avril 2015, nous avons termin\u00e9 le chemin de Run Colvez<br \/>\n(voir <a href=\"https:\/\/cheminsplestinais.dcea.fr\/?p=1043\">article pr\u00e9c\u00e9dent<\/a>).<\/p>\n<p><a href=\"https:\/\/cheminsplestinais.dcea.fr\/wp-content\/uploads\/2015\/06\/Run-colvez-1.jpg\"><img loading=\"lazy\" decoding=\"async\" class=\"alignnone size-medium wp-image-1143\" src=\"https:\/\/cheminsplestinais.dcea.fr\/wp-content\/uploads\/2015\/06\/Run-colvez-1-300x225.jpg\" alt=\"Run colvez (1)\" width=\"300\" height=\"225\" srcset=\"https:\/\/cheminsplestinais.dcea.fr\/wp-content\/uploads\/2015\/06\/Run-colvez-1-300x225.jpg 300w, https:\/\/cheminsplestinais.dcea.fr\/wp-content\/uploads\/2015\/06\/Run-colvez-1-1024x768.jpg 1024w, https:\/\/cheminsplestinais.dcea.fr\/wp-content\/uploads\/2015\/06\/Run-colvez-1.jpg 1280w\" sizes=\"(max-width: 300px) 100vw, 300px\" \/><\/a><a href=\"https:\/\/cheminsplestinais.dcea.fr\/wp-content\/uploads\/2015\/06\/Run-colvez-2.jpg\"><img loading=\"lazy\" decoding=\"async\" class=\"alignright size-medium wp-image-1144\" src=\"https:\/\/cheminsplestinais.dcea.fr\/wp-content\/uploads\/2015\/06\/Run-colvez-2-300x225.jpg\" alt=\"Run colvez (2)\" width=\"300\" height=\"225\" srcset=\"https:\/\/cheminsplestinais.dcea.fr\/wp-content\/uploads\/2015\/06\/Run-colvez-2-300x225.jpg 300w, https:\/\/cheminsplestinais.dcea.fr\/wp-content\/uploads\/2015\/06\/Run-colvez-2-1024x768.jpg 1024w, https:\/\/cheminsplestinais.dcea.fr\/wp-content\/uploads\/2015\/06\/Run-colvez-2.jpg 1280w\" sizes=\"(max-width: 300px) 100vw, 300px\" \/><\/a><\/p>\n<p style=\"text-align: right;\">On peut maintenant le pratiquer \u00e0 pied sec !<\/p>\n<p style=\"text-align: left;\"><span style=\"color: #ffffff;\">&#8230;&#8230;<\/span>Apr\u00e8s ces deux\u00a0gros chantiers dans le secteur de la boucle<br \/>\nde Saint-Efflam, nous\u00a0nous sommes concentr\u00e9 sur l&rsquo;entretien et l&rsquo;am\u00e9lioration des autres circuits de randonn\u00e9e de la commune.<\/p>\n<p style=\"text-align: left;\"><span style=\"color: #ffffff;\">&#8230;&#8230;<\/span>Apr\u00e8s la\u00a0boucle de Saint-S\u00e9bastien, dans le secteur de Collogot,<\/p>\n<p style=\"text-align: left;\"><img loading=\"lazy\" decoding=\"async\" class=\" size-medium wp-image-1134 alignleft\" src=\"https:\/\/cheminsplestinais.dcea.fr\/wp-content\/uploads\/2015\/06\/Kerdanger-1-300x225.jpg\" alt=\"Kerdanger (1)\" width=\"300\" height=\"225\" srcset=\"https:\/\/cheminsplestinais.dcea.fr\/wp-content\/uploads\/2015\/06\/Kerdanger-1-300x225.jpg 300w, https:\/\/cheminsplestinais.dcea.fr\/wp-content\/uploads\/2015\/06\/Kerdanger-1-1024x768.jpg 1024w, https:\/\/cheminsplestinais.dcea.fr\/wp-content\/uploads\/2015\/06\/Kerdanger-1.jpg 1280w\" sizes=\"(max-width: 300px) 100vw, 300px\" \/><\/p>\n<p>&nbsp;<\/p>\n<p>nous sommes intervenus\u00a0sur la boucle de Saint-Jagut, dans le secteur de Kerdanger,<\/p>\n<p>o\u00f9 un remblaiement \u00e9tait n\u00e9cessaire.<\/p>\n<p>Nous employons les grands moyens !<\/p>\n<p>&nbsp;<\/p>\n<p><a href=\"https:\/\/cheminsplestinais.dcea.fr\/wp-content\/uploads\/2015\/06\/Kerdanger-3.jpg\"><img loading=\"lazy\" decoding=\"async\" class=\"alignnone wp-image-1136\" src=\"https:\/\/cheminsplestinais.dcea.fr\/wp-content\/uploads\/2015\/06\/Kerdanger-3-300x225.jpg\" alt=\"Kerdanger (3)\" width=\"235\" height=\"176\" srcset=\"https:\/\/cheminsplestinais.dcea.fr\/wp-content\/uploads\/2015\/06\/Kerdanger-3-300x225.jpg 300w, https:\/\/cheminsplestinais.dcea.fr\/wp-content\/uploads\/2015\/06\/Kerdanger-3-1024x768.jpg 1024w, https:\/\/cheminsplestinais.dcea.fr\/wp-content\/uploads\/2015\/06\/Kerdanger-3.jpg 1280w\" sizes=\"(max-width: 235px) 100vw, 235px\" \/><\/a>\u00a0<a href=\"https:\/\/cheminsplestinais.dcea.fr\/wp-content\/uploads\/2015\/06\/Kerdanger-2.jpg\"><img loading=\"lazy\" decoding=\"async\" class=\"alignnone wp-image-1135\" src=\"https:\/\/cheminsplestinais.dcea.fr\/wp-content\/uploads\/2015\/06\/Kerdanger-2-300x225.jpg\" alt=\"Kerdanger (2)\" width=\"235\" height=\"176\" srcset=\"https:\/\/cheminsplestinais.dcea.fr\/wp-content\/uploads\/2015\/06\/Kerdanger-2-300x225.jpg 300w, https:\/\/cheminsplestinais.dcea.fr\/wp-content\/uploads\/2015\/06\/Kerdanger-2-1024x768.jpg 1024w, https:\/\/cheminsplestinais.dcea.fr\/wp-content\/uploads\/2015\/06\/Kerdanger-2.jpg 1280w\" sizes=\"(max-width: 235px) 100vw, 235px\" \/><\/a><\/p>\n<p style=\"text-align: right;\">et voil\u00e0 le r\u00e9sultat !<\/p>\n<p style=\"text-align: left; padding-left: 30px;\">Puis nous avons r\u00e9alis\u00e9 un court chantier sur la boucle de Sainte-Anne, au lieu-dit le Porjou, qui l\u00e0 encore \u00e9tait fr\u00e9quemment bien humide.<\/p>\n<p style=\"text-align: left;\">\u00a0<a href=\"https:\/\/cheminsplestinais.dcea.fr\/wp-content\/uploads\/2015\/06\/Porjou-2.jpg\"><img loading=\"lazy\" decoding=\"async\" class=\"alignnone wp-image-1138\" src=\"https:\/\/cheminsplestinais.dcea.fr\/wp-content\/uploads\/2015\/06\/Porjou-2-225x300.jpg\" alt=\"Porjou (2)\" width=\"215\" height=\"287\" srcset=\"https:\/\/cheminsplestinais.dcea.fr\/wp-content\/uploads\/2015\/06\/Porjou-2-225x300.jpg 225w, https:\/\/cheminsplestinais.dcea.fr\/wp-content\/uploads\/2015\/06\/Porjou-2.jpg 500w\" sizes=\"(max-width: 215px) 100vw, 215px\" \/><\/a>\u00a0\u00a0<a href=\"https:\/\/cheminsplestinais.dcea.fr\/wp-content\/uploads\/2015\/06\/Porjou-1.jpg\"><img loading=\"lazy\" decoding=\"async\" class=\"alignright size-medium wp-image-1137\" src=\"https:\/\/cheminsplestinais.dcea.fr\/wp-content\/uploads\/2015\/06\/Porjou-1-225x300.jpg\" alt=\"Porjou (1)\" width=\"225\" height=\"300\" srcset=\"https:\/\/cheminsplestinais.dcea.fr\/wp-content\/uploads\/2015\/06\/Porjou-1-225x300.jpg 225w, https:\/\/cheminsplestinais.dcea.fr\/wp-content\/uploads\/2015\/06\/Porjou-1.jpg 500w\" sizes=\"(max-width: 225px) 100vw, 225px\" \/><\/a><\/p>\n<p style=\"text-align: left;\">Nous devrons probablement r\u00e9-intervenir \u00e0 l&rsquo;automne pour am\u00e9liorer encore ce secteur fr\u00e9quent\u00e9.<\/p>\n<p style=\"text-align: left;\">\u00a0 \u00a0 \u00a0 \u00a0 \u00a0 \u00a0 \u00a0 \u00a0 \u00a0 \u00a0Ensuite, un petit tour sur la boucle de Saint-Haran, le long du Douron, qui n\u00e9cessitait un petit rafra\u00eechissement.<\/p>\n<p style=\"text-align: left;\"><a href=\"https:\/\/cheminsplestinais.dcea.fr\/wp-content\/uploads\/2015\/06\/Douron-1.jpg\"><img loading=\"lazy\" decoding=\"async\" class=\"alignnone size-medium wp-image-1130\" src=\"https:\/\/cheminsplestinais.dcea.fr\/wp-content\/uploads\/2015\/06\/Douron-1-225x300.jpg\" alt=\"Douron (1)\" width=\"225\" height=\"300\" srcset=\"https:\/\/cheminsplestinais.dcea.fr\/wp-content\/uploads\/2015\/06\/Douron-1-225x300.jpg 225w, https:\/\/cheminsplestinais.dcea.fr\/wp-content\/uploads\/2015\/06\/Douron-1.jpg 375w\" sizes=\"(max-width: 225px) 100vw, 225px\" \/><\/a>\u00a0 \u00a0 \u00a0<a href=\"https:\/\/cheminsplestinais.dcea.fr\/wp-content\/uploads\/2015\/06\/Douron-2.jpg\"><img loading=\"lazy\" decoding=\"async\" class=\"alignnone size-medium wp-image-1131\" src=\"https:\/\/cheminsplestinais.dcea.fr\/wp-content\/uploads\/2015\/06\/Douron-2-225x300.jpg\" alt=\"Douron (2)\" width=\"225\" height=\"300\" srcset=\"https:\/\/cheminsplestinais.dcea.fr\/wp-content\/uploads\/2015\/06\/Douron-2-225x300.jpg 225w, https:\/\/cheminsplestinais.dcea.fr\/wp-content\/uploads\/2015\/06\/Douron-2.jpg 375w\" sizes=\"(max-width: 225px) 100vw, 225px\" \/><\/a><\/p>\n<p style=\"text-align: center;\">R\u00e9alisation d&rsquo;un petit pont et mise en valeur\u00a0des belles roches.<\/p>\n<p style=\"text-align: left;\"><a href=\"https:\/\/cheminsplestinais.dcea.fr\/wp-content\/uploads\/2015\/06\/Douron-3.jpg\"><img loading=\"lazy\" decoding=\"async\" class=\" size-medium wp-image-1132 alignnone\" src=\"https:\/\/cheminsplestinais.dcea.fr\/wp-content\/uploads\/2015\/06\/Douron-3-300x225.jpg\" alt=\"Douron (3)\" width=\"300\" height=\"225\" srcset=\"https:\/\/cheminsplestinais.dcea.fr\/wp-content\/uploads\/2015\/06\/Douron-3-300x225.jpg 300w, https:\/\/cheminsplestinais.dcea.fr\/wp-content\/uploads\/2015\/06\/Douron-3.jpg 500w\" sizes=\"(max-width: 300px) 100vw, 300px\" \/><\/a>\u00a0\u00a0<span style=\"color: #000000;\"><a style=\"color: #000000;\" href=\"https:\/\/cheminsplestinais.dcea.fr\/wp-content\/uploads\/2015\/06\/Douron-4.jpg\"><img loading=\"lazy\" decoding=\"async\" class=\"alignright wp-image-1133\" src=\"https:\/\/cheminsplestinais.dcea.fr\/wp-content\/uploads\/2015\/06\/Douron-4-300x225.jpg\" alt=\"Douron (4)\" width=\"320\" height=\"240\" srcset=\"https:\/\/cheminsplestinais.dcea.fr\/wp-content\/uploads\/2015\/06\/Douron-4-300x225.jpg 300w, https:\/\/cheminsplestinais.dcea.fr\/wp-content\/uploads\/2015\/06\/Douron-4.jpg 500w\" sizes=\"(max-width: 320px) 100vw, 320px\" \/><\/a><\/span><\/p>\n<p style=\"text-align: right;\"><span style=\"color: #ffffff;\">.<\/span><\/p>\n<p style=\"text-align: right;\">Retour de chantier.<\/p>\n<p style=\"text-align: right;\">\u00a0Il faut porter<br \/>\nses outils.<\/p>\n<p style=\"text-align: right;\"><span style=\"color: #ffffff;\">.<\/span><\/p>\n<p style=\"text-align: right;\"><span style=\"color: #ffffff;\">.<\/span><\/p>\n<p style=\"text-align: right;\">Enfin, derni\u00e8re \u00a0boucle sur laquelle nous intervenons : \u00a0Sainte-Barbe.<\/p>\n<p style=\"text-align: left;\"><a href=\"https:\/\/cheminsplestinais.dcea.fr\/wp-content\/uploads\/2015\/06\/Sainte-Barbe-2.jpg\"><img loading=\"lazy\" decoding=\"async\" class=\"alignleft size-medium wp-image-1140\" src=\"https:\/\/cheminsplestinais.dcea.fr\/wp-content\/uploads\/2015\/06\/Sainte-Barbe-2-300x225.jpg\" alt=\"Sainte-Barbe (2)\" width=\"300\" height=\"225\" srcset=\"https:\/\/cheminsplestinais.dcea.fr\/wp-content\/uploads\/2015\/06\/Sainte-Barbe-2-300x225.jpg 300w, https:\/\/cheminsplestinais.dcea.fr\/wp-content\/uploads\/2015\/06\/Sainte-Barbe-2-1024x768.jpg 1024w, https:\/\/cheminsplestinais.dcea.fr\/wp-content\/uploads\/2015\/06\/Sainte-Barbe-2.jpg 1280w\" sizes=\"(max-width: 300px) 100vw, 300px\" \/><\/a><\/p>\n<p style=\"text-align: left;\"><a href=\"https:\/\/cheminsplestinais.dcea.fr\/wp-content\/uploads\/2015\/06\/Sainte-Barbe-1.jpg\"><img loading=\"lazy\" decoding=\"async\" class=\"alignnone size-medium wp-image-1139\" src=\"https:\/\/cheminsplestinais.dcea.fr\/wp-content\/uploads\/2015\/06\/Sainte-Barbe-1-300x225.jpg\" alt=\"Sainte-Barbe (1)\" width=\"300\" height=\"225\" srcset=\"https:\/\/cheminsplestinais.dcea.fr\/wp-content\/uploads\/2015\/06\/Sainte-Barbe-1-300x225.jpg 300w, https:\/\/cheminsplestinais.dcea.fr\/wp-content\/uploads\/2015\/06\/Sainte-Barbe-1-1024x768.jpg 1024w, https:\/\/cheminsplestinais.dcea.fr\/wp-content\/uploads\/2015\/06\/Sainte-Barbe-1.jpg 1280w\" sizes=\"(max-width: 300px) 100vw, 300px\" \/><\/a><\/p>\n<p style=\"text-align: left;\">Pour nous, l&rsquo;heure de la fin d&rsquo;ann\u00e9e a sonn\u00e9 au clocher de la chapelle.<\/p>\n<p style=\"text-align: left;\"><a href=\"https:\/\/cheminsplestinais.dcea.fr\/wp-content\/uploads\/2015\/06\/Sainte-Barbe-3.jpg\"><img loading=\"lazy\" decoding=\"async\" class=\"aligncenter size-large wp-image-1141\" src=\"https:\/\/cheminsplestinais.dcea.fr\/wp-content\/uploads\/2015\/06\/Sainte-Barbe-3-1024x768.jpg\" alt=\"Sainte-Barbe (3)\" width=\"474\" height=\"356\" srcset=\"https:\/\/cheminsplestinais.dcea.fr\/wp-content\/uploads\/2015\/06\/Sainte-Barbe-3-1024x768.jpg 1024w, https:\/\/cheminsplestinais.dcea.fr\/wp-content\/uploads\/2015\/06\/Sainte-Barbe-3-300x225.jpg 300w, https:\/\/cheminsplestinais.dcea.fr\/wp-content\/uploads\/2015\/06\/Sainte-Barbe-3.jpg 1280w\" sizes=\"(max-width: 474px) 100vw, 474px\" \/><\/a><\/p>\n<p style=\"text-align: left; padding-left: 30px;\">Nous allons f\u00eater joyeusement cet \u00e9v\u00e9nement chez l&rsquo;un des membres de notre association qui demeure non loin de l\u00e0.<\/p>\n<p style=\"text-align: left;\"><a href=\"https:\/\/cheminsplestinais.dcea.fr\/wp-content\/uploads\/2015\/06\/Barbecue-3.jpg\"><img loading=\"lazy\" decoding=\"async\" class=\"alignnone size-medium wp-image-1129\" src=\"https:\/\/cheminsplestinais.dcea.fr\/wp-content\/uploads\/2015\/06\/Barbecue-3-300x225.jpg\" alt=\"Barbecue (3)\" width=\"300\" height=\"225\" srcset=\"https:\/\/cheminsplestinais.dcea.fr\/wp-content\/uploads\/2015\/06\/Barbecue-3-300x225.jpg 300w, https:\/\/cheminsplestinais.dcea.fr\/wp-content\/uploads\/2015\/06\/Barbecue-3.jpg 500w\" sizes=\"(max-width: 300px) 100vw, 300px\" \/><\/a>\u00a0<a href=\"https:\/\/cheminsplestinais.dcea.fr\/wp-content\/uploads\/2015\/06\/Barbecue-2.jpg\"><img loading=\"lazy\" decoding=\"async\" class=\"alignright size-medium wp-image-1128\" src=\"https:\/\/cheminsplestinais.dcea.fr\/wp-content\/uploads\/2015\/06\/Barbecue-2-300x225.jpg\" alt=\"Barbecue (2)\" width=\"300\" height=\"225\" srcset=\"https:\/\/cheminsplestinais.dcea.fr\/wp-content\/uploads\/2015\/06\/Barbecue-2-300x225.jpg 300w, https:\/\/cheminsplestinais.dcea.fr\/wp-content\/uploads\/2015\/06\/Barbecue-2.jpg 500w\" sizes=\"(max-width: 300px) 100vw, 300px\" \/><\/a><\/p>\n<p style=\"text-align: right;\">Les conjoint(es) nous ont retrouv\u00e9s pour le barbecue.<\/p>\n<p style=\"text-align: left;\"><a href=\"https:\/\/cheminsplestinais.dcea.fr\/wp-content\/uploads\/2015\/06\/Barbecue-1.jpg\"><img loading=\"lazy\" decoding=\"async\" class=\"aligncenter size-full wp-image-1127\" src=\"https:\/\/cheminsplestinais.dcea.fr\/wp-content\/uploads\/2015\/06\/Barbecue-1.jpg\" alt=\"Barbecue (1)\" width=\"500\" height=\"375\" srcset=\"https:\/\/cheminsplestinais.dcea.fr\/wp-content\/uploads\/2015\/06\/Barbecue-1.jpg 500w, https:\/\/cheminsplestinais.dcea.fr\/wp-content\/uploads\/2015\/06\/Barbecue-1-300x225.jpg 300w\" sizes=\"(max-width: 500px) 100vw, 500px\" \/><\/a><\/p>\n<p style=\"text-align: center;\">Le tout dans une tr\u00e8s bonne ambiance, comme toujours !<\/p>\n","protected":false},"excerpt":{"rendered":"<p>En avril 2015, nous avons termin\u00e9 le chemin de Run Colvez (voir article pr\u00e9c\u00e9dent). On peut maintenant le pratiquer \u00e0 pied sec ! &#8230;&#8230;Apr\u00e8s ces deux\u00a0gros chantiers dans le secteur de la boucle de Saint-Efflam, nous\u00a0nous sommes concentr\u00e9 sur l&rsquo;entretien et l&rsquo;am\u00e9lioration des autres circuits de randonn\u00e9e de la commune. &#8230;&#8230;Apr\u00e8s la\u00a0boucle de Saint-S\u00e9bastien, dans [&hellip;]<\/p>\n","protected":false},"author":1,"featured_media":0,"comment_status":"open","ping_status":"closed","sticky":false,"template":"","format":"standard","meta":{"footnotes":""},"categories":[2],"tags":[],"_links":{"self":[{"href":"https:\/\/cheminsplestinais.dcea.fr\/index.php?rest_route=\/wp\/v2\/posts\/1145"}],"collection":[{"href":"https:\/\/cheminsplestinais.dcea.fr\/index.php?rest_route=\/wp\/v2\/posts"}],"about":[{"href":"https:\/\/cheminsplestinais.dcea.fr\/index.php?rest_route=\/wp\/v2\/types\/post"}],"author":[{"embeddable":true,"href":"https:\/\/cheminsplestinais.dcea.fr\/index.php?rest_route=\/wp\/v2\/users\/1"}],"replies":[{"embeddable":true,"href":"https:\/\/cheminsplestinais.dcea.fr\/index.php?rest_route=%2Fwp%2Fv2%2Fcomments&post=1145"}],"version-history":[{"count":83,"href":"https:\/\/cheminsplestinais.dcea.fr\/index.php?rest_route=\/wp\/v2\/posts\/1145\/revisions"}],"predecessor-version":[{"id":1228,"href":"https:\/\/cheminsplestinais.dcea.fr\/index.php?rest_route=\/wp\/v2\/posts\/1145\/revisions\/1228"}],"wp:attachment":[{"href":"https:\/\/cheminsplestinais.dcea.fr\/index.php?rest_route=%2Fwp%2Fv2%2Fmedia&parent=1145"}],"wp:term":[{"taxonomy":"category","embeddable":true,"href":"https:\/\/cheminsplestinais.dcea.fr\/index.php?rest_route=%2Fwp%2Fv2%2Fcategories&post=1145"},{"taxonomy":"post_tag","embeddable":true,"href":"https:\/\/cheminsplestinais.dcea.fr\/index.php?rest_route=%2Fwp%2Fv2%2Ftags&post=1145"}],"curies":[{"name":"wp","href":"https:\/\/api.w.org\/{rel}","templated":true}]}}