{"id":1294,"date":"2015-09-05T15:01:29","date_gmt":"2015-09-05T14:01:29","guid":{"rendered":"http:\/\/www.cheminsplestinais.dcea.fr\/?p=1294"},"modified":"2015-09-05T15:01:29","modified_gmt":"2015-09-05T14:01:29","slug":"la-saison-2015-2016-sur-les-rails","status":"publish","type":"post","link":"https:\/\/cheminsplestinais.dcea.fr\/?p=1294","title":{"rendered":"La saison 2015-2016 sur les rails"},"content":{"rendered":"<p><span style=\"color: #ffffff;\">&#8230;&#8230;&#8230;.<\/span>Le 3 septembre, notre association a r\u00e9uni son Conseil d&rsquo;Administration \u00a0afin de d\u00e9finir les actions \u00e0 mener lors de cette nouvelle ann\u00e9e.<\/p>\n<p><a href=\"https:\/\/cheminsplestinais.dcea.fr\/wp-content\/uploads\/2015\/09\/CA-du-3-9.jpg\"><img loading=\"lazy\" decoding=\"async\" class=\"aligncenter size-full wp-image-1293\" src=\"https:\/\/cheminsplestinais.dcea.fr\/wp-content\/uploads\/2015\/09\/CA-du-3-9.jpg\" alt=\"CA du 3-9\" width=\"500\" height=\"375\" srcset=\"https:\/\/cheminsplestinais.dcea.fr\/wp-content\/uploads\/2015\/09\/CA-du-3-9.jpg 500w, https:\/\/cheminsplestinais.dcea.fr\/wp-content\/uploads\/2015\/09\/CA-du-3-9-300x225.jpg 300w\" sizes=\"(max-width: 500px) 100vw, 500px\" \/><\/a><\/p>\n<p>&nbsp;<\/p>\n<p><strong><span style=\"color: #800000;\">Du c\u00f4t\u00e9 des nouveaux chantiers<\/span><\/strong><\/p>\n<ul>\n<li>Encourag\u00e9s par notre r\u00e9habilitation du lavoir et de la fontaine <span style=\"color: #003300;\"><strong>Saint-Gestin<\/strong>,<\/span> nous allons entreprendre la r\u00e9novation de la fontaine et du lavoir <strong><span style=\"color: #003300;\">Saint-Haran<\/span><\/strong>, ainsi que l&rsquo;am\u00e9nagement de leurs abords.<br \/>\nCe projet &#8211; qui n\u00e9cessite une r\u00e9flexion pr\u00e9alable, des plans, en accord avec la municipalit\u00e9 &#8211; ne pourront pas d\u00e9buter avant la fin de l&rsquo;ann\u00e9e 2015.<br \/>\n<span style=\"color: #ffffff;\">.<\/span><\/li>\n<li>Plus facile \u00e0 mettre en oeuvre, nous envisageons d&rsquo;am\u00e9liorer le chemin de <strong><span style=\"color: #003300;\">Kerdudavel<\/span><\/strong> &#8211; sur le trac\u00e9 du GR 34D &#8211; qui se situe \u00e0 la fronti\u00e8re de Plestin, Tremel et Plouegat-Guerrand.<br \/>\nCela permettra d&rsquo;<strong><span style=\"color: #003300;\">assurer la jonction<\/span><\/strong> entre notre boucle de Saint-Jagut et les circuits de randonn\u00e9e de ces 2 communes voisines.<br \/>\n<span style=\"color: #ffffff;\">.<\/span><\/li>\n<li>D&rsquo;autre chantiers ont \u00e9galement \u00e9t\u00e9 \u00e9voqu\u00e9s sans qu&rsquo;une d\u00e9cision soit arr\u00eat\u00e9e :<br \/>\n<span style=\"color: #ffffff;\">.<\/span><br \/>\n&#8211; ouverture d&rsquo;un chemin au Poul, sur la boucle de <span style=\"color: #000080;\">St-S\u00e9bastien<\/span>,<br \/>\n&#8211; d\u00e9gagement d&rsquo;un panorama sur la boucle de <span style=\"color: #000080;\">Sainte-Barbe<\/span>,<br \/>\nau-dessus de l&rsquo;anse de Porz-Mellec,<br \/>\n&#8211; r\u00e9ouverture d&rsquo;un chemin \u00e0 Run Glaz (d\u00e9j\u00e0 ouvert il y a 3 ans mais jamais utilis\u00e9).<span style=\"color: #ffffff;\">&#8230;&#8230;<br \/>\n&#8230;&#8230;&#8230;..<\/span>Les id\u00e9es ne manquent pas &#8230; et le travail non plus !<\/li>\n<\/ul>\n<p><span style=\"color: #ffffff;\">.<\/span><\/p>\n<p><strong><span style=\"color: #800000;\">Du c\u00f4t\u00e9 de<\/span><span style=\"color: #800000;\"> l&rsquo;entretien et de l&rsquo;am\u00e9lioration \u00a0des sentiers actuels<\/span><\/strong>, plusieurs chantiers nous attendent :<\/p>\n<ul>\n<li>Au<strong><span style=\"color: #003300;\"> Porjou<\/span><\/strong>, sur la boucle de Sainte-Anne, o\u00f9 le chemin est fr\u00e9quemment embourb\u00e9 en hiver<br \/>\n<span style=\"color: #ffffff;\">.<\/span><\/li>\n<li>\u00c0 <strong><span style=\"color: #003300;\">Kerguignou<\/span><\/strong>, sur la partie commune aux boucles de Sainte-Anne et de Saint-Jagut, o\u00f9 le Dour Meur est parfois difficile \u00e0 franchir en hiver<br \/>\n<span style=\"color: #ffffff;\">.<\/span><\/li>\n<li>&#8230; et l&rsquo;entretien r\u00e9gulier de tous les chemins (couper l&rsquo;herbe, les ronces, d\u00e9gager les arbres morts&#8230;). Tous ces \u00ab\u00a0petits\u00a0\u00bb travaux ne semblent pas extraordinaires mais nous prennent bien du temps et sont indispensables.<br \/>\nNous commen\u00e7ons d&rsquo;ailleurs par cela le <strong>lundi 21 septembre<\/strong>.<\/li>\n<\/ul>\n<p><span style=\"color: #ffffff;\">.<\/span><\/p>\n<p><span style=\"color: #800000;\"><strong>Pour ce qui concerne la signalisation<\/strong><\/span>, nous continuons \u00e0 \u00eatre victimes de \u00ab\u00a0saboteurs\u00a0\u00bb, principalement dans le secteur du Douron, qui prennent un malin plaisir \u00e0 barbouiller de peinture, arracher nos panneaux et poteaux, parfois \u00e0 les faire totalement dispara\u00eetre !<\/p>\n<p>Nous n&rsquo;arrivons pas \u00e0 d\u00e9terminer si ces saccages sont du simple vandalisme ou si notre action au profit des promeneurs d\u00e9range ?<\/p>\n<p>Quoiqu&rsquo;il en soit, nous avons d\u00e9cid\u00e9 de ne plus renouveler les panneaux endommag\u00e9s ou disparus\u00a0et de les remplacer par notre logo.<a href=\"https:\/\/cheminsplestinais.dcea.fr\/wp-content\/uploads\/2015\/09\/chapelle-triangle.jpg\"><img loading=\"lazy\" decoding=\"async\" class=\"alignright  wp-image-1302\" src=\"https:\/\/cheminsplestinais.dcea.fr\/wp-content\/uploads\/2015\/09\/chapelle-triangle-150x150.jpg\" alt=\"chapelle-triangle\" width=\"104\" height=\"104\" \/><\/a><\/p>\n<p>Nous esp\u00e9rons que les promeneurs trouveront leur chemin, notamment \u00e0 l&rsquo;aide des plans et de la brochure des circuits des chapelles.<\/p>\n<p>&nbsp;<\/p>\n<p><span style=\"color: #ffffff;\">&#8230;&#8230;&#8230;..<\/span>Pour terminer par une note plus optimiste, nous n&rsquo;oublions pas les <strong><span style=\"color: #800000;\">sorties<\/span><\/strong>.<\/p>\n<ul>\n<li>Nous avons organis\u00e9 une visite du <strong><span style=\"color: #003300;\">lac de Guerl\u00e9dan<\/span><\/strong> pour nos adh\u00e9rents, le <span style=\"text-decoration: underline;\">dimanche 13 septembre<\/span><br \/>\n<span style=\"color: #ffffff;\">.<\/span><\/li>\n<li>Nous leur proposons \u00e9galement de se retrouver le <span style=\"text-decoration: underline;\">dimanche 27 septembre<\/span> pour le d\u00e9sormais traditionnel<strong><span style=\"color: #003300;\"> \u00ab\u00a0Tro Plistin\u00a0\u00bb<\/span><\/strong> (tour de Plestin) de 29 km.<br \/>\nD\u00e9part \u00e0 8h00 du quai de Toul an Hery. Sens inverse par rapport aux pr\u00e9c\u00e9dentes \u00e9ditions. Pr\u00e9voir le pique-nique.<\/li>\n<\/ul>\n<p>&nbsp;<\/p>\n<p><a href=\"https:\/\/cheminsplestinais.dcea.fr\/wp-content\/uploads\/2015\/09\/forum-assoc-41.jpg\"><img loading=\"lazy\" decoding=\"async\" class=\"aligncenter size-full wp-image-1308\" src=\"https:\/\/cheminsplestinais.dcea.fr\/wp-content\/uploads\/2015\/09\/forum-assoc-41.jpg\" alt=\"forum assoc (4)\" width=\"533\" height=\"400\" srcset=\"https:\/\/cheminsplestinais.dcea.fr\/wp-content\/uploads\/2015\/09\/forum-assoc-41.jpg 533w, https:\/\/cheminsplestinais.dcea.fr\/wp-content\/uploads\/2015\/09\/forum-assoc-41-300x225.jpg 300w\" sizes=\"(max-width: 533px) 100vw, 533px\" \/><\/a><\/p>\n<p><span style=\"color: #ffffff;\">&#8230;&#8230;&#8230;.<\/span>Le samedi 5 septembre, lors du <strong>Forum des Associations<\/strong>, qui se tenait \u00e0 la salle An Dour Meur, de nombreux visiteurs se sont int\u00e9ress\u00e9s \u00e0 nos activit\u00e9s et notre association s&rsquo;est enrichie de quelques nouveaux membres, portant notre nombre \u00e0 plus de 100.<\/p>\n","protected":false},"excerpt":{"rendered":"<p>&#8230;&#8230;&#8230;.Le 3 septembre, notre association a r\u00e9uni son Conseil d&rsquo;Administration \u00a0afin de d\u00e9finir les actions \u00e0 mener lors de cette nouvelle ann\u00e9e. &nbsp; Du c\u00f4t\u00e9 des nouveaux chantiers Encourag\u00e9s par notre r\u00e9habilitation du lavoir et de la fontaine Saint-Gestin, nous allons entreprendre la r\u00e9novation de la fontaine et du lavoir Saint-Haran, ainsi que l&rsquo;am\u00e9nagement de [&hellip;]<\/p>\n","protected":false},"author":1,"featured_media":0,"comment_status":"open","ping_status":"closed","sticky":false,"template":"","format":"standard","meta":{"footnotes":""},"categories":[1],"tags":[],"_links":{"self":[{"href":"https:\/\/cheminsplestinais.dcea.fr\/index.php?rest_route=\/wp\/v2\/posts\/1294"}],"collection":[{"href":"https:\/\/cheminsplestinais.dcea.fr\/index.php?rest_route=\/wp\/v2\/posts"}],"about":[{"href":"https:\/\/cheminsplestinais.dcea.fr\/index.php?rest_route=\/wp\/v2\/types\/post"}],"author":[{"embeddable":true,"href":"https:\/\/cheminsplestinais.dcea.fr\/index.php?rest_route=\/wp\/v2\/users\/1"}],"replies":[{"embeddable":true,"href":"https:\/\/cheminsplestinais.dcea.fr\/index.php?rest_route=%2Fwp%2Fv2%2Fcomments&post=1294"}],"version-history":[{"count":12,"href":"https:\/\/cheminsplestinais.dcea.fr\/index.php?rest_route=\/wp\/v2\/posts\/1294\/revisions"}],"predecessor-version":[{"id":1310,"href":"https:\/\/cheminsplestinais.dcea.fr\/index.php?rest_route=\/wp\/v2\/posts\/1294\/revisions\/1310"}],"wp:attachment":[{"href":"https:\/\/cheminsplestinais.dcea.fr\/index.php?rest_route=%2Fwp%2Fv2%2Fmedia&parent=1294"}],"wp:term":[{"taxonomy":"category","embeddable":true,"href":"https:\/\/cheminsplestinais.dcea.fr\/index.php?rest_route=%2Fwp%2Fv2%2Fcategories&post=1294"},{"taxonomy":"post_tag","embeddable":true,"href":"https:\/\/cheminsplestinais.dcea.fr\/index.php?rest_route=%2Fwp%2Fv2%2Ftags&post=1294"}],"curies":[{"name":"wp","href":"https:\/\/api.w.org\/{rel}","templated":true}]}}