{"id":13,"date":"2014-11-03T22:07:55","date_gmt":"2014-11-03T21:07:55","guid":{"rendered":"http:\/\/www.cheminsplestinais.dcea.fr\/?p=13"},"modified":"2014-11-03T22:34:50","modified_gmt":"2014-11-03T21:34:50","slug":"sortie-annuelle-de-lassociation","status":"publish","type":"post","link":"https:\/\/cheminsplestinais.dcea.fr\/?p=13","title":{"rendered":"Sortie annuelle de l&rsquo;association"},"content":{"rendered":"<p style=\"padding-left: 30px;\">Dimanche 26 octobre, 9h, rendez-vous au parking des 4 chemins pour une journ\u00e9e de d\u00e9couverte culturelle concoct\u00e9e par Marie-France et Eric Irien pour les b\u00e9n\u00e9voles des Chemins Plestinais et Patrimoine.<\/p>\n<p><img loading=\"lazy\" decoding=\"async\" class=\" noAlign\" src=\"http:\/\/img.over-blog.com\/300x168\/3\/88\/85\/99\/l-sortie-octobre-2014\/1.JPG\" alt=\"1\" width=\"217\" height=\"123\" \/>\u00a0<img loading=\"lazy\" decoding=\"async\" class=\" noAlign\" src=\"http:\/\/img.over-blog.com\/300x168\/3\/88\/85\/99\/l-sortie-octobre-2014\/1b.JPG\" alt=\"1b\" width=\"219\" height=\"124\" \/><\/p>\n<p>&nbsp;<\/p>\n<p>Direction le Finist\u00e8re, et en premier lieu, La Roche Maurice<\/p>\n<p><img loading=\"lazy\" decoding=\"async\" class=\"GcheTexte alignleft\" src=\"http:\/\/img.over-blog.com\/225x300\/3\/88\/85\/99\/l-sortie-octobre-2014\/2.JPG\" alt=\"2\" width=\"225\" height=\"300\" \/><img loading=\"lazy\" decoding=\"async\" class=\"DrteTexte\" src=\"http:\/\/img.over-blog.com\/201x300\/3\/88\/85\/99\/l-sortie-octobre-2014\/2-b.JPG\" alt=\"2-b\" width=\"201\" height=\"300\" \/><\/p>\n<p>Beau ch\u00e2teau m\u00e9di\u00e9val en cours de restauration.<\/p>\n<p>Et le soleil est de\u00a0la partie !<!--more--><\/p>\n<p><img loading=\"lazy\" decoding=\"async\" class=\"noAlign\" src=\"http:\/\/img.over-blog.com\/200x150\/3\/88\/85\/99\/l-sortie-octobre-2014\/2-d.JPG\" alt=\"2-d\" width=\"200\" height=\"150\" \/><\/p>\n<p><img loading=\"lazy\" decoding=\"async\" class=\"GcheTexte\" src=\"http:\/\/img.over-blog.com\/175x131\/3\/88\/85\/99\/l-sortie-octobre-2014\/2-c.JPG\" alt=\"2-c\" width=\"175\" height=\"131\" \/>\u00a0 \u00a0 \u00a0 \u00a0<img loading=\"lazy\" decoding=\"async\" class=\"noAlign\" src=\"http:\/\/img.over-blog.com\/175x131\/3\/88\/85\/99\/l-sortie-octobre-2014\/2-e.JPG\" alt=\"2-e\" width=\"175\" height=\"131\" \/><\/p>\n<p>Visite libre mais n\u00e9anmoins fort appr\u00e9ci\u00e9e.<\/p>\n<p>&nbsp;<\/p>\n<p><img loading=\"lazy\" decoding=\"async\" class=\"noAlign\" src=\"http:\/\/img.over-blog.com\/225x300\/3\/88\/85\/99\/l-sortie-octobre-2014\/2-h.JPG\" alt=\"2-h\" width=\"225\" height=\"300\" \/>\u00a0 \u00a0 \u00a0 \u00a0<img loading=\"lazy\" decoding=\"async\" class=\" noAlign\" src=\"http:\/\/img.over-blog.com\/210x280\/3\/88\/85\/99\/l-sortie-octobre-2014\/2-g.JPG\" alt=\"2-g\" width=\"195\" height=\"260\" \/><\/p>\n<p>Vue plongeante sur l&rsquo;eglise \u00a0 \u00a0 \u00a0 \u00a0 \u00a0 \u00a0 \u00a0 \u00a0 \u00a0 \u00a0 \u00a0et sur la vall\u00e9e.<\/p>\n<p>Puis nous avons visit\u00e9 l&rsquo;enclos paroissial<\/p>\n<p><img loading=\"lazy\" decoding=\"async\" class=\"GcheTexte\" src=\"http:\/\/img.over-blog.com\/280x210\/3\/88\/85\/99\/l-sortie-octobre-2014\/3-b.JPG\" alt=\"3-b\" width=\"223\" height=\"167\" \/>\u00a0\u00a0<img loading=\"lazy\" decoding=\"async\" class=\"noAlign\" src=\"http:\/\/img.over-blog.com\/150x200\/3\/88\/85\/99\/l-sortie-octobre-2014\/3-c.JPG\" alt=\"3-c\" width=\"118\" height=\"157\" \/>\u00a0\u00a0<img loading=\"lazy\" decoding=\"async\" class=\"noAlign\" src=\"http:\/\/img.over-blog.com\/105x140\/3\/88\/85\/99\/l-sortie-octobre-2014\/3d.JPG\" alt=\"3d\" width=\"105\" height=\"140\" \/><\/p>\n<p>L&rsquo;ossuaire et son Ankou.<\/p>\n<p>&nbsp;<\/p>\n<p>Quelques kilom\u00e8tres plus loin, le village de La Martyre&#8230;<\/p>\n<p>&nbsp;<\/p>\n<p><img loading=\"lazy\" decoding=\"async\" class=\"DrteTexte aligncenter\" src=\"http:\/\/img.over-blog.com\/225x300\/3\/88\/85\/99\/l-sortie-octobre-2014\/4.JPG\" alt=\"4\" width=\"225\" height=\"300\" \/><\/p>\n<p><img loading=\"lazy\" decoding=\"async\" class=\"GcheTexte aligncenter\" src=\"http:\/\/img.over-blog.com\/330x247\/3\/88\/85\/99\/l-sortie-octobre-2014\/4-b.JPG\" alt=\"4-b\" width=\"330\" height=\"247\" \/><\/p>\n<p>Cette fois, nous b\u00e9n\u00e9ficions d&rsquo;un guide \u00e9rudit\u00a0et passionnant.<\/p>\n<p style=\"text-align: center;\">Magnifique enclos paroissial.<\/p>\n<p><a href=\"https:\/\/cheminsplestinais.dcea.fr\/wp-content\/uploads\/2014\/11\/4-c.jpg\"><img loading=\"lazy\" decoding=\"async\" class=\"alignnone  wp-image-31\" src=\"https:\/\/cheminsplestinais.dcea.fr\/wp-content\/uploads\/2014\/11\/4-c-300x201.jpg\" alt=\"SONY DSC\" width=\"313\" height=\"210\" srcset=\"https:\/\/cheminsplestinais.dcea.fr\/wp-content\/uploads\/2014\/11\/4-c-300x201.jpg 300w, https:\/\/cheminsplestinais.dcea.fr\/wp-content\/uploads\/2014\/11\/4-c.jpg 800w\" sizes=\"(max-width: 313px) 100vw, 313px\" \/><\/a>\u00a0\u00a0<a href=\"https:\/\/cheminsplestinais.dcea.fr\/wp-content\/uploads\/2014\/11\/4-f.jpg\"><img loading=\"lazy\" decoding=\"async\" class=\"alignnone  wp-image-28\" src=\"https:\/\/cheminsplestinais.dcea.fr\/wp-content\/uploads\/2014\/11\/4-f-225x300.jpg\" alt=\"4-f\" width=\"139\" height=\"185\" srcset=\"https:\/\/cheminsplestinais.dcea.fr\/wp-content\/uploads\/2014\/11\/4-f-225x300.jpg 225w, https:\/\/cheminsplestinais.dcea.fr\/wp-content\/uploads\/2014\/11\/4-f.jpg 750w\" sizes=\"(max-width: 139px) 100vw, 139px\" \/><\/a><\/p>\n<p>Encore lui ! \u00a0<a href=\"https:\/\/cheminsplestinais.dcea.fr\/wp-content\/uploads\/2014\/11\/4-e.jpg\"><img loading=\"lazy\" decoding=\"async\" class=\"alignnone  wp-image-27\" src=\"https:\/\/cheminsplestinais.dcea.fr\/wp-content\/uploads\/2014\/11\/4-e-225x300.jpg\" alt=\"4-e\" width=\"191\" height=\"255\" srcset=\"https:\/\/cheminsplestinais.dcea.fr\/wp-content\/uploads\/2014\/11\/4-e-225x300.jpg 225w, https:\/\/cheminsplestinais.dcea.fr\/wp-content\/uploads\/2014\/11\/4-e.jpg 750w\" sizes=\"(max-width: 191px) 100vw, 191px\" \/><\/a><\/p>\n<p>&nbsp;<\/p>\n<p style=\"text-align: center;\">\u00a0L&rsquo;int\u00e9rieur n&rsquo;a rien \u00e0 envier \u00e0 l&rsquo;ext\u00e9rieur.<\/p>\n<p>\u00a0<a href=\"https:\/\/cheminsplestinais.dcea.fr\/wp-content\/uploads\/2014\/11\/4-g.jpg\"><img loading=\"lazy\" decoding=\"async\" class=\"alignnone size-medium wp-image-29\" src=\"https:\/\/cheminsplestinais.dcea.fr\/wp-content\/uploads\/2014\/11\/4-g-201x300.jpg\" alt=\"SONY DSC\" width=\"201\" height=\"300\" srcset=\"https:\/\/cheminsplestinais.dcea.fr\/wp-content\/uploads\/2014\/11\/4-g-201x300.jpg 201w, https:\/\/cheminsplestinais.dcea.fr\/wp-content\/uploads\/2014\/11\/4-g.jpg 536w\" sizes=\"(max-width: 201px) 100vw, 201px\" \/><\/a>\u00a0<a href=\"https:\/\/cheminsplestinais.dcea.fr\/wp-content\/uploads\/2014\/11\/4-h.jpg\"><img loading=\"lazy\" decoding=\"async\" class=\"alignnone  wp-image-30\" src=\"https:\/\/cheminsplestinais.dcea.fr\/wp-content\/uploads\/2014\/11\/4-h-300x201.jpg\" alt=\"SONY DSC\" width=\"240\" height=\"161\" srcset=\"https:\/\/cheminsplestinais.dcea.fr\/wp-content\/uploads\/2014\/11\/4-h-300x201.jpg 300w, https:\/\/cheminsplestinais.dcea.fr\/wp-content\/uploads\/2014\/11\/4-h.jpg 800w\" sizes=\"(max-width: 240px) 100vw, 240px\" \/><\/a><\/p>\n<p>&nbsp;<\/p>\n<p>Il est maintenant l&rsquo;heure de rejoindre notre 3\u00e8me site : le ch\u00e2teau de Kerjean.<\/p>\n<p><img loading=\"lazy\" decoding=\"async\" class=\"GcheTexte\" src=\"http:\/\/img.over-blog.com\/320x240\/3\/88\/85\/99\/l-sortie-octobre-2014\/5-a.JPG\" alt=\"5-a\" width=\"288\" height=\"216\" \/>\u00a0 \u00a0<img loading=\"lazy\" decoding=\"async\" class=\"DrteTexte\" src=\"http:\/\/img.over-blog.com\/184x275\/3\/88\/85\/99\/l-sortie-octobre-2014\/5-c.JPG\" alt=\"5-c\" width=\"167\" height=\"249\" \/><\/p>\n<p>&#8230; o\u00f9 nous allons enfin pouvoir nous restaurer&#8230;<\/p>\n<p>&nbsp;<\/p>\n<p><img loading=\"lazy\" decoding=\"async\" class=\"noAlign\" src=\"http:\/\/img.over-blog.com\/275x183\/3\/88\/85\/99\/l-sortie-octobre-2014\/5-e.JPG\" alt=\"5-e\" width=\"230\" height=\"153\" \/>\u00a0 <img loading=\"lazy\" decoding=\"async\" class=\"noAlign\" src=\"http:\/\/img.over-blog.com\/300x199\/3\/88\/85\/99\/l-sortie-octobre-2014\/5-d.JPG\" alt=\"5-d\" width=\"233\" height=\"156\" \/><\/p>\n<p>&nbsp;<\/p>\n<p>avant la visite guid\u00e9e.<\/p>\n<p><img loading=\"lazy\" decoding=\"async\" class=\" noAlign aligncenter\" src=\"http:\/\/img.over-blog.com\/300x199\/3\/88\/85\/99\/l-sortie-octobre-2014\/5-h.JPG\" alt=\"5-h\" width=\"320\" height=\"212\" \/>\u00a0 \u00a0 \u00a0<img loading=\"lazy\" decoding=\"async\" class=\" noAlign\" src=\"http:\/\/img.over-blog.com\/195x260\/3\/88\/85\/99\/l-sortie-octobre-2014\/5-i.JPG\" alt=\"5-i\" width=\"170\" height=\"226\" \/>\u00a0<img loading=\"lazy\" decoding=\"async\" class=\"GcheTexte\" src=\"http:\/\/img.over-blog.com\/250x187\/3\/88\/85\/99\/l-sortie-octobre-2014\/5-j.JPG\" alt=\"5-j\" width=\"229\" height=\"172\" \/><\/p>\n<p>&nbsp;<\/p>\n<p><img loading=\"lazy\" decoding=\"async\" class=\"DrteTexte\" src=\"http:\/\/img.over-blog.com\/225x300\/3\/88\/85\/99\/l-sortie-octobre-2014\/5-m.JPG\" alt=\"5-m\" width=\"225\" height=\"300\" \/>\u00a0\u00a0<img loading=\"lazy\" decoding=\"async\" class=\"noAlign\" src=\"http:\/\/img.over-blog.com\/175x117\/3\/88\/85\/99\/l-sortie-octobre-2014\/5-l.JPG\" alt=\"5-l\" width=\"233\" height=\"157\" \/><\/p>\n<p style=\"text-align: right;\">Vo\u00fbte de la chapelle.<\/p>\n<p>&nbsp;<\/p>\n<p>La route du retour passe par Landivisiau.<\/p>\n<p><img loading=\"lazy\" decoding=\"async\" class=\" DrteTexte\" src=\"http:\/\/img.over-blog.com\/300x225\/3\/88\/85\/99\/l-sortie-octobre-2014\/6.JPG\" alt=\"6\" width=\"273\" height=\"205\" \/><\/p>\n<p>Espace culturel Lucien Prigent<\/p>\n<p>Une \u00e9tonnante exposition nous y attend :<\/p>\n<p>\u00ab\u00a0Au fil du conte\u00a0\u00bb de Corinne Cuenot ,<\/p>\n<p>oeuvres r\u00e9alis\u00e9es en fil de fer !<\/p>\n<p>&nbsp;<\/p>\n<p><img loading=\"lazy\" decoding=\"async\" class=\"GcheTexte alignleft\" src=\"http:\/\/img.over-blog.com\/200x266\/3\/88\/85\/99\/l-sortie-octobre-2014\/6-e.JPG\" alt=\"6-e\" width=\"200\" height=\"266\" \/><\/p>\n<p><img loading=\"lazy\" decoding=\"async\" class=\"noAlign\" src=\"http:\/\/img.over-blog.com\/150x112\/3\/88\/85\/99\/l-sortie-octobre-2014\/6-f.JPG\" alt=\"6-f\" width=\"150\" height=\"112\" \/>\u00a0 \u00a0 \u00a0\u00a0<img loading=\"lazy\" decoding=\"async\" class=\"noAlign\" src=\"http:\/\/img.over-blog.com\/180x135\/3\/88\/85\/99\/l-sortie-octobre-2014\/6-c.JPG\" alt=\"6-c\" width=\"180\" height=\"135\" \/><\/p>\n<p>&nbsp;<\/p>\n<p><img loading=\"lazy\" decoding=\"async\" class=\"DrteTexte aligncenter\" src=\"http:\/\/img.over-blog.com\/202x270\/3\/88\/85\/99\/l-sortie-octobre-2014\/6-d.JPG\" alt=\"6-d\" width=\"202\" height=\"270\" \/><\/p>\n<p>Il faudrait \u00a0penser \u00e0 d\u00e9poussi\u00e9rer\u00a0un peu\u00a0notre pr\u00e9sident !<\/p>\n<p>&nbsp;<\/p>\n<p>Merci encore \u00e0 Marie-France et Eric pour cette superbe journ\u00e9e.<\/p>\n<p>&nbsp;<\/p>\n<p style=\"text-align: right;\"><a title=\"Sortie annuelle de l\u2019association\" href=\"https:\/\/cheminsplestinais.dcea.fr\/?p=13\"><em>Retour d\u00e9but article<\/em><\/a><\/p>\n","protected":false},"excerpt":{"rendered":"<p>Dimanche 26 octobre, 9h, rendez-vous au parking des 4 chemins pour une journ\u00e9e de d\u00e9couverte culturelle concoct\u00e9e par Marie-France et Eric Irien pour les b\u00e9n\u00e9voles des Chemins Plestinais et Patrimoine. \u00a0 &nbsp; Direction le Finist\u00e8re, et en premier lieu, La Roche Maurice Beau ch\u00e2teau m\u00e9di\u00e9val en cours de restauration. Et le soleil est de\u00a0la partie [&hellip;]<\/p>\n","protected":false},"author":1,"featured_media":0,"comment_status":"open","ping_status":"open","sticky":false,"template":"","format":"standard","meta":{"footnotes":""},"categories":[3],"tags":[],"_links":{"self":[{"href":"https:\/\/cheminsplestinais.dcea.fr\/index.php?rest_route=\/wp\/v2\/posts\/13"}],"collection":[{"href":"https:\/\/cheminsplestinais.dcea.fr\/index.php?rest_route=\/wp\/v2\/posts"}],"about":[{"href":"https:\/\/cheminsplestinais.dcea.fr\/index.php?rest_route=\/wp\/v2\/types\/post"}],"author":[{"embeddable":true,"href":"https:\/\/cheminsplestinais.dcea.fr\/index.php?rest_route=\/wp\/v2\/users\/1"}],"replies":[{"embeddable":true,"href":"https:\/\/cheminsplestinais.dcea.fr\/index.php?rest_route=%2Fwp%2Fv2%2Fcomments&post=13"}],"version-history":[{"count":11,"href":"https:\/\/cheminsplestinais.dcea.fr\/index.php?rest_route=\/wp\/v2\/posts\/13\/revisions"}],"predecessor-version":[{"id":34,"href":"https:\/\/cheminsplestinais.dcea.fr\/index.php?rest_route=\/wp\/v2\/posts\/13\/revisions\/34"}],"wp:attachment":[{"href":"https:\/\/cheminsplestinais.dcea.fr\/index.php?rest_route=%2Fwp%2Fv2%2Fmedia&parent=13"}],"wp:term":[{"taxonomy":"category","embeddable":true,"href":"https:\/\/cheminsplestinais.dcea.fr\/index.php?rest_route=%2Fwp%2Fv2%2Fcategories&post=13"},{"taxonomy":"post_tag","embeddable":true,"href":"https:\/\/cheminsplestinais.dcea.fr\/index.php?rest_route=%2Fwp%2Fv2%2Ftags&post=13"}],"curies":[{"name":"wp","href":"https:\/\/api.w.org\/{rel}","templated":true}]}}