{"id":1419,"date":"2015-09-15T13:53:46","date_gmt":"2015-09-15T12:53:46","guid":{"rendered":"http:\/\/www.cheminsplestinais.dcea.fr\/?p=1419"},"modified":"2015-09-15T13:54:02","modified_gmt":"2015-09-15T12:54:02","slug":"sortie-annuelle-au-lac-de-guerledan","status":"publish","type":"post","link":"https:\/\/cheminsplestinais.dcea.fr\/?p=1419","title":{"rendered":"Sortie annuelle au lac de Guerl\u00e9dan"},"content":{"rendered":"<p>Comme de nombreux touristes, nous avons voulu profiter de la mise \u00e0 sec de Guerl\u00e9dan pour visiter le fond de la vall\u00e9e du Blavet.<\/p>\n<p>Le dimanche 13 septembre \u00e0 8h, rassemblement aux \u00ab\u00a04 chemins\u00a0\u00bb.<\/p>\n<p><a href=\"https:\/\/cheminsplestinais.dcea.fr\/wp-content\/uploads\/2015\/09\/P1060027.jpg\"><img loading=\"lazy\" decoding=\"async\" class=\"aligncenter size-full wp-image-1315\" src=\"https:\/\/cheminsplestinais.dcea.fr\/wp-content\/uploads\/2015\/09\/P1060027.jpg\" alt=\"P1060027\" width=\"700\" height=\"525\" srcset=\"https:\/\/cheminsplestinais.dcea.fr\/wp-content\/uploads\/2015\/09\/P1060027.jpg 700w, https:\/\/cheminsplestinais.dcea.fr\/wp-content\/uploads\/2015\/09\/P1060027-300x225.jpg 300w\" sizes=\"(max-width: 700px) 100vw, 700px\" \/><\/a><\/p>\n<p>&nbsp;<\/p>\n<p>Nous faisons voiture commune jusqu&rsquo;au parking du \u00ab\u00a0Beau rivage\u00a0\u00bb \u00e0 Caurel. La pluie annonc\u00e9e n&rsquo;est heureusement pas au rendez-vous !<\/p>\n<p><a href=\"https:\/\/cheminsplestinais.dcea.fr\/wp-content\/uploads\/2015\/09\/P1060039.jpg\"><img loading=\"lazy\" decoding=\"async\" class=\"alignleft size-medium wp-image-1316\" src=\"https:\/\/cheminsplestinais.dcea.fr\/wp-content\/uploads\/2015\/09\/P1060039-300x225.jpg\" alt=\"P1060039\" width=\"300\" height=\"225\" srcset=\"https:\/\/cheminsplestinais.dcea.fr\/wp-content\/uploads\/2015\/09\/P1060039-300x225.jpg 300w, https:\/\/cheminsplestinais.dcea.fr\/wp-content\/uploads\/2015\/09\/P1060039.jpg 700w\" sizes=\"(max-width: 300px) 100vw, 300px\" \/><\/a><\/p>\n<p><a href=\"https:\/\/cheminsplestinais.dcea.fr\/wp-content\/uploads\/2015\/09\/P1060044.jpg\"><img loading=\"lazy\" decoding=\"async\" class=\" size-medium wp-image-1317 alignnone\" src=\"https:\/\/cheminsplestinais.dcea.fr\/wp-content\/uploads\/2015\/09\/P1060044-300x225.jpg\" alt=\"P1060044\" width=\"300\" height=\"225\" srcset=\"https:\/\/cheminsplestinais.dcea.fr\/wp-content\/uploads\/2015\/09\/P1060044-300x225.jpg 300w, https:\/\/cheminsplestinais.dcea.fr\/wp-content\/uploads\/2015\/09\/P1060044.jpg 700w\" sizes=\"(max-width: 300px) 100vw, 300px\" \/><\/a><\/p>\n<p><a href=\"https:\/\/cheminsplestinais.dcea.fr\/wp-content\/uploads\/2015\/09\/P1060115.jpg\"><img loading=\"lazy\" decoding=\"async\" class=\"aligncenter size-full wp-image-1330\" src=\"https:\/\/cheminsplestinais.dcea.fr\/wp-content\/uploads\/2015\/09\/P1060115.jpg\" alt=\"P1060115\" width=\"700\" height=\"525\" srcset=\"https:\/\/cheminsplestinais.dcea.fr\/wp-content\/uploads\/2015\/09\/P1060115.jpg 700w, https:\/\/cheminsplestinais.dcea.fr\/wp-content\/uploads\/2015\/09\/P1060115-300x225.jpg 300w\" sizes=\"(max-width: 700px) 100vw, 700px\" \/><\/a><br \/>\n<a href=\"https:\/\/cheminsplestinais.dcea.fr\/wp-content\/uploads\/2015\/09\/P1060048.jpg\"><img loading=\"lazy\" decoding=\"async\" class=\"alignright size-full wp-image-1318\" src=\"https:\/\/cheminsplestinais.dcea.fr\/wp-content\/uploads\/2015\/09\/P1060048.jpg\" alt=\"P1060048\" width=\"700\" height=\"525\" srcset=\"https:\/\/cheminsplestinais.dcea.fr\/wp-content\/uploads\/2015\/09\/P1060048.jpg 700w, https:\/\/cheminsplestinais.dcea.fr\/wp-content\/uploads\/2015\/09\/P1060048-300x225.jpg 300w\" sizes=\"(max-width: 700px) 100vw, 700px\" \/><\/a><\/p>\n<p>&nbsp;<\/p>\n<p>&nbsp;<\/p>\n<p>Belle<\/p>\n<p>vue<\/p>\n<p>dominant<\/p>\n<p>la vall\u00e9e.<\/p>\n<p>&nbsp;<\/p>\n<p>&nbsp;<\/p>\n<p>&nbsp;<\/p>\n<p>D\u00e9but de la visite guid\u00e9e.<br \/>\nNous avons rev\u00eatu de bien s\u00e9ants gilets !<\/p>\n<p><a href=\"https:\/\/cheminsplestinais.dcea.fr\/wp-content\/uploads\/2015\/09\/P1060056.jpg\"><img loading=\"lazy\" decoding=\"async\" class=\" size-medium wp-image-1319 alignleft\" src=\"https:\/\/cheminsplestinais.dcea.fr\/wp-content\/uploads\/2015\/09\/P1060056-300x225.jpg\" alt=\"P1060056\" width=\"300\" height=\"225\" srcset=\"https:\/\/cheminsplestinais.dcea.fr\/wp-content\/uploads\/2015\/09\/P1060056-300x225.jpg 300w, https:\/\/cheminsplestinais.dcea.fr\/wp-content\/uploads\/2015\/09\/P1060056.jpg 700w\" sizes=\"(max-width: 300px) 100vw, 300px\" \/><\/a><\/p>\n<p><a href=\"https:\/\/cheminsplestinais.dcea.fr\/wp-content\/uploads\/2015\/09\/P1060063.jpg\"><img loading=\"lazy\" decoding=\"async\" class=\" size-medium wp-image-1320 alignright\" src=\"https:\/\/cheminsplestinais.dcea.fr\/wp-content\/uploads\/2015\/09\/P1060063-300x225.jpg\" alt=\"P1060063\" width=\"300\" height=\"225\" srcset=\"https:\/\/cheminsplestinais.dcea.fr\/wp-content\/uploads\/2015\/09\/P1060063-300x225.jpg 300w, https:\/\/cheminsplestinais.dcea.fr\/wp-content\/uploads\/2015\/09\/P1060063.jpg 700w\" sizes=\"(max-width: 300px) 100vw, 300px\" \/><\/a><\/p>\n<p>&nbsp;<\/p>\n<p>&nbsp;<\/p>\n<p>&nbsp;<\/p>\n<p>&nbsp;<\/p>\n<p>&nbsp;<\/p>\n<p>&nbsp;<\/p>\n<p>La v\u00e9g\u00e9tation a repris ses droits sur un sol quasi-lunaire.<\/p>\n<p><a href=\"https:\/\/cheminsplestinais.dcea.fr\/wp-content\/uploads\/2015\/09\/P1060071.jpg\"><img loading=\"lazy\" decoding=\"async\" class=\"aligncenter size-full wp-image-1321\" src=\"https:\/\/cheminsplestinais.dcea.fr\/wp-content\/uploads\/2015\/09\/P1060071.jpg\" alt=\"P1060071\" width=\"700\" height=\"525\" srcset=\"https:\/\/cheminsplestinais.dcea.fr\/wp-content\/uploads\/2015\/09\/P1060071.jpg 700w, https:\/\/cheminsplestinais.dcea.fr\/wp-content\/uploads\/2015\/09\/P1060071-300x225.jpg 300w\" sizes=\"(max-width: 700px) 100vw, 700px\" \/><\/a><\/p>\n<p>&nbsp;<\/p>\n<p><img loading=\"lazy\" decoding=\"async\" class=\"alignright size-medium wp-image-1322\" src=\"https:\/\/cheminsplestinais.dcea.fr\/wp-content\/uploads\/2015\/09\/P1060074-300x225.jpg\" alt=\"P1060074\" width=\"300\" height=\"225\" srcset=\"https:\/\/cheminsplestinais.dcea.fr\/wp-content\/uploads\/2015\/09\/P1060074-300x225.jpg 300w, https:\/\/cheminsplestinais.dcea.fr\/wp-content\/uploads\/2015\/09\/P1060074.jpg 700w\" sizes=\"(max-width: 300px) 100vw, 300px\" \/><\/p>\n<p>&nbsp;<\/p>\n<p>&nbsp;<\/p>\n<p>&nbsp;<\/p>\n<p>&nbsp;<\/p>\n<p><span style=\"color: #ffffff;\">&#8230;&#8230;&#8230;&#8230;&#8230;&#8230;&#8230;&#8230;&#8230;&#8230;&#8230;&#8230;<\/span>Schiste noir<\/p>\n<p>&nbsp;<\/p>\n<p><a href=\"https:\/\/cheminsplestinais.dcea.fr\/wp-content\/uploads\/2015\/09\/P1060083.jpg\"><img loading=\"lazy\" decoding=\"async\" class=\"alignleft size-medium wp-image-1326\" src=\"https:\/\/cheminsplestinais.dcea.fr\/wp-content\/uploads\/2015\/09\/P1060083-300x225.jpg\" alt=\"P1060083\" width=\"300\" height=\"225\" srcset=\"https:\/\/cheminsplestinais.dcea.fr\/wp-content\/uploads\/2015\/09\/P1060083-300x225.jpg 300w, https:\/\/cheminsplestinais.dcea.fr\/wp-content\/uploads\/2015\/09\/P1060083.jpg 700w\" sizes=\"(max-width: 300px) 100vw, 300px\" \/><\/a><\/p>\n<p>Entr\u00e9e de 2\u00a0anciennes galeries\u00a0de mines d&rsquo;ardoises.<\/p>\n<p>&nbsp;<\/p>\n<p><a href=\"https:\/\/cheminsplestinais.dcea.fr\/wp-content\/uploads\/2015\/09\/P1060082.jpg\"><img loading=\"lazy\" decoding=\"async\" class=\"alignright size-medium wp-image-1325\" src=\"https:\/\/cheminsplestinais.dcea.fr\/wp-content\/uploads\/2015\/09\/P1060082-300x225.jpg\" alt=\"P1060082\" width=\"300\" height=\"225\" srcset=\"https:\/\/cheminsplestinais.dcea.fr\/wp-content\/uploads\/2015\/09\/P1060082-300x225.jpg 300w, https:\/\/cheminsplestinais.dcea.fr\/wp-content\/uploads\/2015\/09\/P1060082.jpg 700w\" sizes=\"(max-width: 300px) 100vw, 300px\" \/><\/a><\/p>\n<p>&nbsp;<\/p>\n<p>&nbsp;<\/p>\n<p>&nbsp;<\/p>\n<p>&nbsp;<\/p>\n<p>Une barque oubli\u00e9e avant l&rsquo;ennoiement de la vall\u00e9e.<\/p>\n<p>&nbsp;<\/p>\n<p><a href=\"https:\/\/cheminsplestinais.dcea.fr\/wp-content\/uploads\/2015\/09\/P1060079.jpg\"><img loading=\"lazy\" decoding=\"async\" class=\"alignnone wp-image-1323\" src=\"https:\/\/cheminsplestinais.dcea.fr\/wp-content\/uploads\/2015\/09\/P1060079-225x300.jpg\" alt=\"P1060079\" width=\"200\" height=\"267\" srcset=\"https:\/\/cheminsplestinais.dcea.fr\/wp-content\/uploads\/2015\/09\/P1060079-225x300.jpg 225w, https:\/\/cheminsplestinais.dcea.fr\/wp-content\/uploads\/2015\/09\/P1060079.jpg 525w\" sizes=\"(max-width: 200px) 100vw, 200px\" \/><\/a>\u00a0\u00a0<a href=\"https:\/\/cheminsplestinais.dcea.fr\/wp-content\/uploads\/2015\/09\/P1060081.jpg\"><img loading=\"lazy\" decoding=\"async\" class=\"alignnone wp-image-1324\" src=\"https:\/\/cheminsplestinais.dcea.fr\/wp-content\/uploads\/2015\/09\/P1060081-300x225.jpg\" alt=\"P1060081\" width=\"260\" height=\"195\" srcset=\"https:\/\/cheminsplestinais.dcea.fr\/wp-content\/uploads\/2015\/09\/P1060081-300x225.jpg 300w, https:\/\/cheminsplestinais.dcea.fr\/wp-content\/uploads\/2015\/09\/P1060081.jpg 700w\" sizes=\"(max-width: 260px) 100vw, 260px\" \/><\/a>Tr\u00e8s int\u00e9ressants commentaires de notre jeune guide sympathique.<\/p>\n<p><span style=\"color: #ffffff;\"> &#8230;<\/span><a href=\"https:\/\/cheminsplestinais.dcea.fr\/wp-content\/uploads\/2015\/09\/P1060090.jpg\"><img loading=\"lazy\" decoding=\"async\" class=\"alignnone wp-image-1327\" src=\"https:\/\/cheminsplestinais.dcea.fr\/wp-content\/uploads\/2015\/09\/P1060090-225x300.jpg\" alt=\"P1060090\" width=\"175\" height=\"233\" srcset=\"https:\/\/cheminsplestinais.dcea.fr\/wp-content\/uploads\/2015\/09\/P1060090-225x300.jpg 225w, https:\/\/cheminsplestinais.dcea.fr\/wp-content\/uploads\/2015\/09\/P1060090.jpg 525w\" sizes=\"(max-width: 175px) 100vw, 175px\" \/><\/a>\u00a0Borne du\u00a0chemin\u00a0de halage<a href=\"https:\/\/cheminsplestinais.dcea.fr\/wp-content\/uploads\/2015\/09\/P1060097.jpg\"><img loading=\"lazy\" decoding=\"async\" class=\"alignright size-medium wp-image-1328\" src=\"https:\/\/cheminsplestinais.dcea.fr\/wp-content\/uploads\/2015\/09\/P1060097-225x300.jpg\" alt=\"P1060097\" width=\"225\" height=\"300\" srcset=\"https:\/\/cheminsplestinais.dcea.fr\/wp-content\/uploads\/2015\/09\/P1060097-225x300.jpg 225w, https:\/\/cheminsplestinais.dcea.fr\/wp-content\/uploads\/2015\/09\/P1060097.jpg 525w\" sizes=\"(max-width: 225px) 100vw, 225px\" \/><\/a><\/p>\n<p>Il serait temps que les Chemins Plestinais interviennent !<\/p>\n<p><a href=\"https:\/\/cheminsplestinais.dcea.fr\/wp-content\/uploads\/2015\/09\/P1060098r.jpg\"><img loading=\"lazy\" decoding=\"async\" class=\"alignright size-medium wp-image-1366\" src=\"https:\/\/cheminsplestinais.dcea.fr\/wp-content\/uploads\/2015\/09\/P1060098r-300x225.jpg\" alt=\"P1060098r\" width=\"300\" height=\"225\" srcset=\"https:\/\/cheminsplestinais.dcea.fr\/wp-content\/uploads\/2015\/09\/P1060098r-300x225.jpg 300w, https:\/\/cheminsplestinais.dcea.fr\/wp-content\/uploads\/2015\/09\/P1060098r.jpg 700w\" sizes=\"(max-width: 300px) 100vw, 300px\" \/><\/a><\/p>\n<p>Arriv\u00e9e \u00e0 l&rsquo;ancien\u00a0village\u00a0de mineurs,<br \/>\navec son \u00ab\u00a0Tue-vent\u00a0\u00bb<\/p>\n<p><a href=\"https:\/\/cheminsplestinais.dcea.fr\/wp-content\/uploads\/2015\/09\/P1060105.jpg\"><img loading=\"lazy\" decoding=\"async\" class=\"alignleft size-medium wp-image-1329\" src=\"https:\/\/cheminsplestinais.dcea.fr\/wp-content\/uploads\/2015\/09\/P1060105-300x225.jpg\" alt=\"P1060105\" width=\"300\" height=\"225\" srcset=\"https:\/\/cheminsplestinais.dcea.fr\/wp-content\/uploads\/2015\/09\/P1060105-300x225.jpg 300w, https:\/\/cheminsplestinais.dcea.fr\/wp-content\/uploads\/2015\/09\/P1060105.jpg 700w\" sizes=\"(max-width: 300px) 100vw, 300px\" \/><\/a><\/p>\n<p>&nbsp;<\/p>\n<p>&nbsp;<\/p>\n<p>&nbsp;<\/p>\n<p>&nbsp;<\/p>\n<p>&nbsp;<\/p>\n<p style=\"padding-left: 30px;\">Apr\u00e8s la visite, nous nous rendons \u00e0 l&rsquo;auberge de Caurelpour un repas tr\u00e8s appr\u00e9ci\u00e9.<\/p>\n<p><a href=\"https:\/\/cheminsplestinais.dcea.fr\/wp-content\/uploads\/2015\/09\/P1060118.jpg\"><img loading=\"lazy\" decoding=\"async\" class=\"aligncenter size-full wp-image-1331\" src=\"https:\/\/cheminsplestinais.dcea.fr\/wp-content\/uploads\/2015\/09\/P1060118.jpg\" alt=\"P1060118\" width=\"700\" height=\"525\" srcset=\"https:\/\/cheminsplestinais.dcea.fr\/wp-content\/uploads\/2015\/09\/P1060118.jpg 700w, https:\/\/cheminsplestinais.dcea.fr\/wp-content\/uploads\/2015\/09\/P1060118-300x225.jpg 300w\" sizes=\"(max-width: 700px) 100vw, 700px\" \/><\/a><\/p>\n<p>La pluie a choisi son moment : pendant le repas, puis pendant la tr\u00e8s int\u00e9ressante visite de la \u00ab\u00a0Maison des Toiles\u00a0\u00bb \u00e0 Saint-Th\u00e9lo.<\/p>\n<p><a href=\"https:\/\/cheminsplestinais.dcea.fr\/wp-content\/uploads\/2015\/09\/P1060145.jpg\"><img loading=\"lazy\" decoding=\"async\" class=\"alignnone wp-image-1334\" src=\"https:\/\/cheminsplestinais.dcea.fr\/wp-content\/uploads\/2015\/09\/P1060145.jpg\" alt=\"P1060145\" width=\"280\" height=\"210\" srcset=\"https:\/\/cheminsplestinais.dcea.fr\/wp-content\/uploads\/2015\/09\/P1060145.jpg 700w, https:\/\/cheminsplestinais.dcea.fr\/wp-content\/uploads\/2015\/09\/P1060145-300x225.jpg 300w\" sizes=\"(max-width: 280px) 100vw, 280px\" \/><\/a>\u00a0 \u00a0 \u00a0\u00a0<a href=\"https:\/\/cheminsplestinais.dcea.fr\/wp-content\/uploads\/2015\/09\/P1060146.jpg\"><img loading=\"lazy\" decoding=\"async\" class=\"alignnone wp-image-1335\" src=\"https:\/\/cheminsplestinais.dcea.fr\/wp-content\/uploads\/2015\/09\/P1060146.jpg\" alt=\"P1060146\" width=\"150\" height=\"200\" srcset=\"https:\/\/cheminsplestinais.dcea.fr\/wp-content\/uploads\/2015\/09\/P1060146.jpg 525w, https:\/\/cheminsplestinais.dcea.fr\/wp-content\/uploads\/2015\/09\/P1060146-225x300.jpg 225w\" sizes=\"(max-width: 150px) 100vw, 150px\" \/><\/a><\/p>\n<p><a href=\"https:\/\/cheminsplestinais.dcea.fr\/wp-content\/uploads\/2015\/09\/P1060130.jpg\"><img loading=\"lazy\" decoding=\"async\" class=\"alignleft size-medium wp-image-1332\" src=\"https:\/\/cheminsplestinais.dcea.fr\/wp-content\/uploads\/2015\/09\/P1060130-300x225.jpg\" alt=\"P1060130\" width=\"300\" height=\"225\" srcset=\"https:\/\/cheminsplestinais.dcea.fr\/wp-content\/uploads\/2015\/09\/P1060130-300x225.jpg 300w, https:\/\/cheminsplestinais.dcea.fr\/wp-content\/uploads\/2015\/09\/P1060130.jpg 700w\" sizes=\"(max-width: 300px) 100vw, 300px\" \/><\/a><\/p>\n<p><a href=\"https:\/\/cheminsplestinais.dcea.fr\/wp-content\/uploads\/2015\/09\/P1060141.jpg\"><img loading=\"lazy\" decoding=\"async\" class=\"alignnone size-medium wp-image-1333\" src=\"https:\/\/cheminsplestinais.dcea.fr\/wp-content\/uploads\/2015\/09\/P1060141-300x225.jpg\" alt=\"P1060141\" width=\"300\" height=\"225\" srcset=\"https:\/\/cheminsplestinais.dcea.fr\/wp-content\/uploads\/2015\/09\/P1060141-300x225.jpg 300w, https:\/\/cheminsplestinais.dcea.fr\/wp-content\/uploads\/2015\/09\/P1060141.jpg 700w\" sizes=\"(max-width: 300px) 100vw, 300px\" \/><\/a><\/p>\n<p>&nbsp;<\/p>\n<p style=\"text-align: center;\">Pour couronner le tout, un go\u00fbter nous est offert dans la salle municipale.<\/p>\n<p><a href=\"https:\/\/cheminsplestinais.dcea.fr\/wp-content\/uploads\/2015\/09\/P1060149.jpg\"><img loading=\"lazy\" decoding=\"async\" class=\"alignnone size-full wp-image-1336\" src=\"https:\/\/cheminsplestinais.dcea.fr\/wp-content\/uploads\/2015\/09\/P1060149.jpg\" alt=\"P1060149\" width=\"700\" height=\"525\" srcset=\"https:\/\/cheminsplestinais.dcea.fr\/wp-content\/uploads\/2015\/09\/P1060149.jpg 700w, https:\/\/cheminsplestinais.dcea.fr\/wp-content\/uploads\/2015\/09\/P1060149-300x225.jpg 300w\" sizes=\"(max-width: 700px) 100vw, 700px\" \/><\/a><\/p>\n<p>&nbsp;<\/p>\n<p style=\"padding-left: 30px;\">Tous les participants ont \u00e9t\u00e9 enchant\u00e9s de cette journ\u00e9e tr\u00e8s enrichissante. Un grand merci aux organisateurs !<\/p>\n<p>&nbsp;<\/p>\n<p><span style=\"text-decoration: underline;\"><strong>N.B.<\/strong><\/span> : <em>Vous pouvez retrouver davantage de photos sur l&rsquo;<a href=\"https:\/\/cheminsplestinais.dcea.fr\/?p=1390\">album-photo.<\/a><\/em><\/p>\n","protected":false},"excerpt":{"rendered":"<p>Comme de nombreux touristes, nous avons voulu profiter de la mise \u00e0 sec de Guerl\u00e9dan pour visiter le fond de la vall\u00e9e du Blavet. Le dimanche 13 septembre \u00e0 8h, rassemblement aux \u00ab\u00a04 chemins\u00a0\u00bb. &nbsp; Nous faisons voiture commune jusqu&rsquo;au parking du \u00ab\u00a0Beau rivage\u00a0\u00bb \u00e0 Caurel. La pluie annonc\u00e9e n&rsquo;est heureusement pas au rendez-vous ! [&hellip;]<\/p>\n","protected":false},"author":1,"featured_media":0,"comment_status":"open","ping_status":"closed","sticky":false,"template":"","format":"standard","meta":{"footnotes":""},"categories":[3],"tags":[],"_links":{"self":[{"href":"https:\/\/cheminsplestinais.dcea.fr\/index.php?rest_route=\/wp\/v2\/posts\/1419"}],"collection":[{"href":"https:\/\/cheminsplestinais.dcea.fr\/index.php?rest_route=\/wp\/v2\/posts"}],"about":[{"href":"https:\/\/cheminsplestinais.dcea.fr\/index.php?rest_route=\/wp\/v2\/types\/post"}],"author":[{"embeddable":true,"href":"https:\/\/cheminsplestinais.dcea.fr\/index.php?rest_route=\/wp\/v2\/users\/1"}],"replies":[{"embeddable":true,"href":"https:\/\/cheminsplestinais.dcea.fr\/index.php?rest_route=%2Fwp%2Fv2%2Fcomments&post=1419"}],"version-history":[{"count":70,"href":"https:\/\/cheminsplestinais.dcea.fr\/index.php?rest_route=\/wp\/v2\/posts\/1419\/revisions"}],"predecessor-version":[{"id":2164,"href":"https:\/\/cheminsplestinais.dcea.fr\/index.php?rest_route=\/wp\/v2\/posts\/1419\/revisions\/2164"}],"wp:attachment":[{"href":"https:\/\/cheminsplestinais.dcea.fr\/index.php?rest_route=%2Fwp%2Fv2%2Fmedia&parent=1419"}],"wp:term":[{"taxonomy":"category","embeddable":true,"href":"https:\/\/cheminsplestinais.dcea.fr\/index.php?rest_route=%2Fwp%2Fv2%2Fcategories&post=1419"},{"taxonomy":"post_tag","embeddable":true,"href":"https:\/\/cheminsplestinais.dcea.fr\/index.php?rest_route=%2Fwp%2Fv2%2Ftags&post=1419"}],"curies":[{"name":"wp","href":"https:\/\/api.w.org\/{rel}","templated":true}]}}