{"id":1700,"date":"2015-10-04T12:51:42","date_gmt":"2015-10-04T11:51:42","guid":{"rendered":"http:\/\/www.cheminsplestinais.dcea.fr\/?p=1700"},"modified":"2015-10-05T12:39:53","modified_gmt":"2015-10-05T11:39:53","slug":"tro-plistin-edition-2015","status":"publish","type":"post","link":"https:\/\/cheminsplestinais.dcea.fr\/?p=1700","title":{"rendered":"Tro Plistin &#8211; \u00c9dition 2015"},"content":{"rendered":"<p>Et de 3 ! Notre association est partie pour faire du tour de Plestin \u00e0 pied (Tro Plistin) un rendez-vous annuel o\u00f9 seront convi\u00e9s de plus en plus de participants.<\/p>\n<p style=\"padding-left: 30px;\">Cette ann\u00e9e, la\u00a0randonn\u00e9e \u00e9tait organis\u00e9e\u00a0le dimanche 27 septembre, dans le sens inverse des ann\u00e9es pr\u00e9c\u00e9dentes.<\/p>\n<p>D\u00e9part au port de Toul An Hery,\u00a0d\u00e8s\u00a08h00, car 16 km nous attendent avant la pause de midi !<\/p>\n<p><a href=\"https:\/\/cheminsplestinais.dcea.fr\/wp-content\/uploads\/2015\/10\/1d-5.jpg\"><img loading=\"lazy\" decoding=\"async\" class=\"aligncenter size-full wp-image-1645\" src=\"https:\/\/cheminsplestinais.dcea.fr\/wp-content\/uploads\/2015\/10\/1d-5.jpg\" alt=\"1d (5)\" width=\"1084\" height=\"813\" srcset=\"https:\/\/cheminsplestinais.dcea.fr\/wp-content\/uploads\/2015\/10\/1d-5.jpg 1084w, https:\/\/cheminsplestinais.dcea.fr\/wp-content\/uploads\/2015\/10\/1d-5-300x225.jpg 300w, https:\/\/cheminsplestinais.dcea.fr\/wp-content\/uploads\/2015\/10\/1d-5-1024x768.jpg 1024w\" sizes=\"(max-width: 1084px) 100vw, 1084px\" \/><\/a><\/p>\n<p>&nbsp;<\/p>\n<p>Petit matin frisquet, mais plein de promesses de soleil.<\/p>\n<p><a href=\"https:\/\/cheminsplestinais.dcea.fr\/wp-content\/uploads\/2015\/10\/1d-2.jpg\"><img loading=\"lazy\" decoding=\"async\" class=\"alignleft size-medium wp-image-1643\" src=\"https:\/\/cheminsplestinais.dcea.fr\/wp-content\/uploads\/2015\/10\/1d-2-300x225.jpg\" alt=\"1d (2)\" width=\"300\" height=\"225\" srcset=\"https:\/\/cheminsplestinais.dcea.fr\/wp-content\/uploads\/2015\/10\/1d-2-300x225.jpg 300w, https:\/\/cheminsplestinais.dcea.fr\/wp-content\/uploads\/2015\/10\/1d-2-1024x768.jpg 1024w, https:\/\/cheminsplestinais.dcea.fr\/wp-content\/uploads\/2015\/10\/1d-2.jpg 1056w\" sizes=\"(max-width: 300px) 100vw, 300px\" \/><\/a><\/p>\n<p><a href=\"https:\/\/cheminsplestinais.dcea.fr\/wp-content\/uploads\/2015\/10\/1d-6.jpg\"><img loading=\"lazy\" decoding=\"async\" class=\"alignright size-medium wp-image-1640\" src=\"https:\/\/cheminsplestinais.dcea.fr\/wp-content\/uploads\/2015\/10\/1d-6-300x225.jpg\" alt=\"1d (6)\" width=\"300\" height=\"225\" srcset=\"https:\/\/cheminsplestinais.dcea.fr\/wp-content\/uploads\/2015\/10\/1d-6-300x225.jpg 300w, https:\/\/cheminsplestinais.dcea.fr\/wp-content\/uploads\/2015\/10\/1d-6-1024x768.jpg 1024w, https:\/\/cheminsplestinais.dcea.fr\/wp-content\/uploads\/2015\/10\/1d-6.jpg 1084w\" sizes=\"(max-width: 300px) 100vw, 300px\" \/><\/a><\/p>\n<p>&nbsp;<\/p>\n<p>&nbsp;<\/p>\n<p>32 courageux<br \/>\nau d\u00e9part.<\/p>\n<p>&nbsp;<\/p>\n<p>&nbsp;<\/p>\n<p>La corniche de l&rsquo;Armorique &#8230;<\/p>\n<p><a href=\"https:\/\/cheminsplestinais.dcea.fr\/wp-content\/uploads\/2015\/10\/1m-6.jpg\"><img loading=\"lazy\" decoding=\"async\" class=\"alignnone  wp-image-1636\" src=\"https:\/\/cheminsplestinais.dcea.fr\/wp-content\/uploads\/2015\/10\/1m-6-300x225.jpg\" alt=\"1m (6)\" width=\"388\" height=\"291\" srcset=\"https:\/\/cheminsplestinais.dcea.fr\/wp-content\/uploads\/2015\/10\/1m-6-300x225.jpg 300w, https:\/\/cheminsplestinais.dcea.fr\/wp-content\/uploads\/2015\/10\/1m-6.jpg 800w\" sizes=\"(max-width: 388px) 100vw, 388px\" \/><\/a><\/p>\n<p><img loading=\"lazy\" decoding=\"async\" class=\"alignright wp-image-1632\" src=\"https:\/\/cheminsplestinais.dcea.fr\/wp-content\/uploads\/2015\/10\/2m-1-300x225.jpg\" alt=\"2m (1)\" width=\"340\" height=\"255\" srcset=\"https:\/\/cheminsplestinais.dcea.fr\/wp-content\/uploads\/2015\/10\/2m-1-300x225.jpg 300w, https:\/\/cheminsplestinais.dcea.fr\/wp-content\/uploads\/2015\/10\/2m-1.jpg 800w\" sizes=\"(max-width: 340px) 100vw, 340px\" \/><\/p>\n<p>&nbsp;<\/p>\n<p>et ses premi\u00e8res difficult\u00e9s&#8230;<\/p>\n<p><a href=\"https:\/\/cheminsplestinais.dcea.fr\/wp-content\/uploads\/2015\/10\/2m-2.jpg\"><img loading=\"lazy\" decoding=\"async\" class=\"alignleft size-medium wp-image-1633\" src=\"https:\/\/cheminsplestinais.dcea.fr\/wp-content\/uploads\/2015\/10\/2m-2-225x300.jpg\" alt=\"2m (2)\" width=\"225\" height=\"300\" srcset=\"https:\/\/cheminsplestinais.dcea.fr\/wp-content\/uploads\/2015\/10\/2m-2-225x300.jpg 225w, https:\/\/cheminsplestinais.dcea.fr\/wp-content\/uploads\/2015\/10\/2m-2.jpg 750w\" sizes=\"(max-width: 225px) 100vw, 225px\" \/><\/a><\/p>\n<p>&nbsp;<\/p>\n<p>&nbsp;<\/p>\n<p>&nbsp;<\/p>\n<p>&nbsp;<\/p>\n<p>&nbsp;<\/p>\n<p>comme des petits cailloux<br \/>\ndans la chaussure.<\/p>\n<p>&nbsp;<\/p>\n<p>1\u00e8re pause \u00e0 Beg Douar sous le soleil.<\/p>\n<p><a href=\"https:\/\/cheminsplestinais.dcea.fr\/wp-content\/uploads\/2015\/10\/2m-5.jpg\"><img loading=\"lazy\" decoding=\"async\" class=\"aligncenter size-full wp-image-1623\" src=\"https:\/\/cheminsplestinais.dcea.fr\/wp-content\/uploads\/2015\/10\/2m-5.jpg\" alt=\"2m (5)\" width=\"760\" height=\"570\" srcset=\"https:\/\/cheminsplestinais.dcea.fr\/wp-content\/uploads\/2015\/10\/2m-5.jpg 760w, https:\/\/cheminsplestinais.dcea.fr\/wp-content\/uploads\/2015\/10\/2m-5-300x225.jpg 300w\" sizes=\"(max-width: 760px) 100vw, 760px\" \/><\/a><\/p>\n<p>&nbsp;<\/p>\n<p><a href=\"https:\/\/cheminsplestinais.dcea.fr\/wp-content\/uploads\/2015\/10\/3an-3.jpg\"><img loading=\"lazy\" decoding=\"async\" class=\"alignleft size-medium wp-image-1619\" src=\"https:\/\/cheminsplestinais.dcea.fr\/wp-content\/uploads\/2015\/10\/3an-3-300x225.jpg\" alt=\"3an (3)\" width=\"300\" height=\"225\" srcset=\"https:\/\/cheminsplestinais.dcea.fr\/wp-content\/uploads\/2015\/10\/3an-3-300x225.jpg 300w, https:\/\/cheminsplestinais.dcea.fr\/wp-content\/uploads\/2015\/10\/3an-3-1024x768.jpg 1024w, https:\/\/cheminsplestinais.dcea.fr\/wp-content\/uploads\/2015\/10\/3an-3.jpg 1064w\" sizes=\"(max-width: 300px) 100vw, 300px\" \/><\/a><\/p>\n<p><a href=\"https:\/\/cheminsplestinais.dcea.fr\/wp-content\/uploads\/2015\/10\/3al-2.jpg\"><img loading=\"lazy\" decoding=\"async\" class=\"size-medium wp-image-1615\" src=\"https:\/\/cheminsplestinais.dcea.fr\/wp-content\/uploads\/2015\/10\/3al-2-300x201.jpg\" alt=\"SONY DSC\" width=\"300\" height=\"201\" srcset=\"https:\/\/cheminsplestinais.dcea.fr\/wp-content\/uploads\/2015\/10\/3al-2-300x201.jpg 300w, https:\/\/cheminsplestinais.dcea.fr\/wp-content\/uploads\/2015\/10\/3al-2-1024x686.jpg 1024w, https:\/\/cheminsplestinais.dcea.fr\/wp-content\/uploads\/2015\/10\/3al-2.jpg 1072w\" sizes=\"(max-width: 300px) 100vw, 300px\" \/><\/a><\/p>\n<p>Arriv\u00e9s \u00e0 St-Efflam, une cueillette de figues est la bienvenue.<br \/>\n<a href=\"https:\/\/cheminsplestinais.dcea.fr\/wp-content\/uploads\/2015\/10\/3m-5.jpg\"><img loading=\"lazy\" decoding=\"async\" class=\"alignleft size-medium wp-image-1613\" src=\"https:\/\/cheminsplestinais.dcea.fr\/wp-content\/uploads\/2015\/10\/3m-5-300x225.jpg\" alt=\"3m (5)\" width=\"300\" height=\"225\" srcset=\"https:\/\/cheminsplestinais.dcea.fr\/wp-content\/uploads\/2015\/10\/3m-5-300x225.jpg 300w, https:\/\/cheminsplestinais.dcea.fr\/wp-content\/uploads\/2015\/10\/3m-5-1024x768.jpg 1024w, https:\/\/cheminsplestinais.dcea.fr\/wp-content\/uploads\/2015\/10\/3m-5.jpg 1060w\" sizes=\"(max-width: 300px) 100vw, 300px\" \/><\/a>\u00a0<a href=\"https:\/\/cheminsplestinais.dcea.fr\/wp-content\/uploads\/2015\/10\/3an-12.jpg\"><img loading=\"lazy\" decoding=\"async\" class=\"alignright size-medium wp-image-1610\" src=\"https:\/\/cheminsplestinais.dcea.fr\/wp-content\/uploads\/2015\/10\/3an-12-300x225.jpg\" alt=\"3an (12)\" width=\"300\" height=\"225\" srcset=\"https:\/\/cheminsplestinais.dcea.fr\/wp-content\/uploads\/2015\/10\/3an-12-300x225.jpg 300w, https:\/\/cheminsplestinais.dcea.fr\/wp-content\/uploads\/2015\/10\/3an-12-1024x768.jpg 1024w, https:\/\/cheminsplestinais.dcea.fr\/wp-content\/uploads\/2015\/10\/3an-12.jpg 1064w\" sizes=\"(max-width: 300px) 100vw, 300px\" \/><\/a><\/p>\n<p>&nbsp;<\/p>\n<p>Puis vient<br \/>\nla longue<br \/>\ntravers\u00e9e<br \/>\n&#8230;<\/p>\n<p>vers le Grand Rocher.<\/p>\n<p><a href=\"https:\/\/cheminsplestinais.dcea.fr\/wp-content\/uploads\/2015\/10\/3an-8.jpg\"><img loading=\"lazy\" decoding=\"async\" class=\"alignnone wp-image-1608\" src=\"https:\/\/cheminsplestinais.dcea.fr\/wp-content\/uploads\/2015\/10\/3an-8-300x225.jpg\" alt=\"3an (8)\" width=\"230\" height=\"173\" srcset=\"https:\/\/cheminsplestinais.dcea.fr\/wp-content\/uploads\/2015\/10\/3an-8-300x225.jpg 300w, https:\/\/cheminsplestinais.dcea.fr\/wp-content\/uploads\/2015\/10\/3an-8-1024x768.jpg 1024w, https:\/\/cheminsplestinais.dcea.fr\/wp-content\/uploads\/2015\/10\/3an-8.jpg 1064w\" sizes=\"(max-width: 230px) 100vw, 230px\" \/><\/a>\u00a0<a href=\"https:\/\/cheminsplestinais.dcea.fr\/wp-content\/uploads\/2015\/10\/3m-6.jpg\"><img loading=\"lazy\" decoding=\"async\" class=\"alignnone wp-image-1604\" src=\"https:\/\/cheminsplestinais.dcea.fr\/wp-content\/uploads\/2015\/10\/3m-6-300x225.jpg\" alt=\"3m (6)\" width=\"239\" height=\"179\" srcset=\"https:\/\/cheminsplestinais.dcea.fr\/wp-content\/uploads\/2015\/10\/3m-6-300x225.jpg 300w, https:\/\/cheminsplestinais.dcea.fr\/wp-content\/uploads\/2015\/10\/3m-6.jpg 1000w\" sizes=\"(max-width: 239px) 100vw, 239px\" \/><\/a><\/p>\n<p>&nbsp;<\/p>\n<p style=\"text-align: center;\">L&rsquo;ascension du Grand Rocher est fatigante et justifie une pause.<\/p>\n<p style=\"text-align: center;\"><a href=\"https:\/\/cheminsplestinais.dcea.fr\/wp-content\/uploads\/2015\/10\/3m-7.jpg\"><img loading=\"lazy\" decoding=\"async\" class=\"alignnone  wp-image-1603\" src=\"https:\/\/cheminsplestinais.dcea.fr\/wp-content\/uploads\/2015\/10\/3m-7-300x225.jpg\" alt=\"3m (7)\" width=\"369\" height=\"277\" srcset=\"https:\/\/cheminsplestinais.dcea.fr\/wp-content\/uploads\/2015\/10\/3m-7-300x225.jpg 300w, https:\/\/cheminsplestinais.dcea.fr\/wp-content\/uploads\/2015\/10\/3m-7.jpg 1000w\" sizes=\"(max-width: 369px) 100vw, 369px\" \/><\/a><\/p>\n<p style=\"text-align: left;\"><a href=\"https:\/\/cheminsplestinais.dcea.fr\/wp-content\/uploads\/2015\/10\/4d-3.jpg\"><img loading=\"lazy\" decoding=\"async\" class=\"alignleft size-medium wp-image-1600\" src=\"https:\/\/cheminsplestinais.dcea.fr\/wp-content\/uploads\/2015\/10\/4d-3-300x225.jpg\" alt=\"4d (3)\" width=\"300\" height=\"225\" srcset=\"https:\/\/cheminsplestinais.dcea.fr\/wp-content\/uploads\/2015\/10\/4d-3-300x225.jpg 300w, https:\/\/cheminsplestinais.dcea.fr\/wp-content\/uploads\/2015\/10\/4d-3.jpg 784w\" sizes=\"(max-width: 300px) 100vw, 300px\" \/><\/a>Nous passons devant le ch\u00e2teau du Leslac&rsquo;h.<\/p>\n<p style=\"text-align: left;\"><a href=\"https:\/\/cheminsplestinais.dcea.fr\/wp-content\/uploads\/2015\/10\/4an-1.jpg\"><img loading=\"lazy\" decoding=\"async\" class=\"alignright size-medium wp-image-1596\" src=\"https:\/\/cheminsplestinais.dcea.fr\/wp-content\/uploads\/2015\/10\/4an-1-300x225.jpg\" alt=\"4an (1)\" width=\"300\" height=\"225\" srcset=\"https:\/\/cheminsplestinais.dcea.fr\/wp-content\/uploads\/2015\/10\/4an-1-300x225.jpg 300w, https:\/\/cheminsplestinais.dcea.fr\/wp-content\/uploads\/2015\/10\/4an-1.jpg 864w\" sizes=\"(max-width: 300px) 100vw, 300px\" \/><\/a><\/p>\n<p style=\"text-align: left;\"><span style=\"color: #ffffff;\">..<\/span><\/p>\n<p style=\"text-align: left;\"><span style=\"color: #ffffff;\">.<\/span>Puis par de beaux chemins&#8230;<\/p>\n<p style=\"text-align: left;\"><span style=\"color: #ffffff;\">..<\/span><\/p>\n<p style=\"text-align: left;\"><span style=\"color: #ffffff;\">&#8230;.<\/span><\/p>\n<p style=\"text-align: left;\"><span style=\"color: #ffffff;\">&#8230;<\/span><\/p>\n<p style=\"text-align: left;\">Premier ravitaillement, apr\u00e8s 12 km !<\/p>\n<p style=\"text-align: left;\"><a href=\"https:\/\/cheminsplestinais.dcea.fr\/wp-content\/uploads\/2015\/10\/4an-4.jpg\"><img loading=\"lazy\" decoding=\"async\" class=\"alignnone wp-image-1588\" src=\"https:\/\/cheminsplestinais.dcea.fr\/wp-content\/uploads\/2015\/10\/4an-4-300x225.jpg\" alt=\"4an (4)\" width=\"230\" height=\"173\" srcset=\"https:\/\/cheminsplestinais.dcea.fr\/wp-content\/uploads\/2015\/10\/4an-4-300x225.jpg 300w, https:\/\/cheminsplestinais.dcea.fr\/wp-content\/uploads\/2015\/10\/4an-4.jpg 864w\" sizes=\"(max-width: 230px) 100vw, 230px\" \/><\/a>\u00a0<img loading=\"lazy\" decoding=\"async\" class=\"alignnone wp-image-1586\" src=\"https:\/\/cheminsplestinais.dcea.fr\/wp-content\/uploads\/2015\/10\/4al-1-300x201.jpg\" alt=\"SONY DSC\" width=\"230\" height=\"154\" srcset=\"https:\/\/cheminsplestinais.dcea.fr\/wp-content\/uploads\/2015\/10\/4al-1-300x201.jpg 300w, https:\/\/cheminsplestinais.dcea.fr\/wp-content\/uploads\/2015\/10\/4al-1-1024x686.jpg 1024w, https:\/\/cheminsplestinais.dcea.fr\/wp-content\/uploads\/2015\/10\/4al-1.jpg 1072w\" sizes=\"(max-width: 230px) 100vw, 230px\" \/><\/p>\n<p style=\"text-align: left;\">\u00a0\u00a0<a href=\"https:\/\/cheminsplestinais.dcea.fr\/wp-content\/uploads\/2015\/10\/4m-4.jpg\"><img loading=\"lazy\" decoding=\"async\" class=\"alignnone size-medium wp-image-1579\" src=\"https:\/\/cheminsplestinais.dcea.fr\/wp-content\/uploads\/2015\/10\/4m-4-225x300.jpg\" alt=\"4m (4)\" width=\"225\" height=\"300\" srcset=\"https:\/\/cheminsplestinais.dcea.fr\/wp-content\/uploads\/2015\/10\/4m-4-225x300.jpg 225w, https:\/\/cheminsplestinais.dcea.fr\/wp-content\/uploads\/2015\/10\/4m-4.jpg 600w\" sizes=\"(max-width: 225px) 100vw, 225px\" \/><\/a>\u00a0 \u00a0 \u00a0<a href=\"https:\/\/cheminsplestinais.dcea.fr\/wp-content\/uploads\/2015\/10\/4m-5.jpg\"><img loading=\"lazy\" decoding=\"async\" class=\"alignnone size-medium wp-image-1580\" src=\"https:\/\/cheminsplestinais.dcea.fr\/wp-content\/uploads\/2015\/10\/4m-5-225x300.jpg\" alt=\"4m (5)\" width=\"225\" height=\"300\" srcset=\"https:\/\/cheminsplestinais.dcea.fr\/wp-content\/uploads\/2015\/10\/4m-5-225x300.jpg 225w, https:\/\/cheminsplestinais.dcea.fr\/wp-content\/uploads\/2015\/10\/4m-5.jpg 600w\" sizes=\"(max-width: 225px) 100vw, 225px\" \/><\/a><\/p>\n<p style=\"text-align: center;\">Le fameux chemin creux de Collogot<\/p>\n<p style=\"text-align: left;\">Et c&rsquo;est l&rsquo;arriv\u00e9e\u00a0au lieu de notre pause d\u00e9jeuner o\u00f9 nous sommes toujours aussi bien accueillis.<\/p>\n<p style=\"text-align: left;\"><a href=\"https:\/\/cheminsplestinais.dcea.fr\/wp-content\/uploads\/2015\/10\/5m-1.jpg\"><img loading=\"lazy\" decoding=\"async\" class=\"alignleft size-medium wp-image-1576\" src=\"https:\/\/cheminsplestinais.dcea.fr\/wp-content\/uploads\/2015\/10\/5m-1-300x225.jpg\" alt=\"5m (1)\" width=\"300\" height=\"225\" srcset=\"https:\/\/cheminsplestinais.dcea.fr\/wp-content\/uploads\/2015\/10\/5m-1-300x225.jpg 300w, https:\/\/cheminsplestinais.dcea.fr\/wp-content\/uploads\/2015\/10\/5m-1.jpg 800w\" sizes=\"(max-width: 300px) 100vw, 300px\" \/><\/a><\/p>\n<p>&nbsp;<\/p>\n<p><img loading=\"lazy\" decoding=\"async\" class=\"alignright size-medium wp-image-1575\" src=\"https:\/\/cheminsplestinais.dcea.fr\/wp-content\/uploads\/2015\/10\/5d-2-300x225.jpg\" alt=\"5d (2)\" width=\"300\" height=\"225\" srcset=\"https:\/\/cheminsplestinais.dcea.fr\/wp-content\/uploads\/2015\/10\/5d-2-300x225.jpg 300w, https:\/\/cheminsplestinais.dcea.fr\/wp-content\/uploads\/2015\/10\/5d-2-1024x768.jpg 1024w, https:\/\/cheminsplestinais.dcea.fr\/wp-content\/uploads\/2015\/10\/5d-2.jpg 1280w\" sizes=\"(max-width: 300px) 100vw, 300px\" \/><\/p>\n<p>&nbsp;<\/p>\n<p>&nbsp;<\/p>\n<p>&nbsp;<\/p>\n<p>&nbsp;<\/p>\n<p>Quelques adh\u00e9rents\u00a0nous ont rejoints<br \/>\npour l&rsquo;ap\u00e9ritif\u00a0et le pique-nique.<\/p>\n<p>&nbsp;<\/p>\n<p>&nbsp;<\/p>\n<p><a href=\"https:\/\/cheminsplestinais.dcea.fr\/wp-content\/uploads\/2015\/10\/5m-3.jpg\"><img loading=\"lazy\" decoding=\"async\" class=\"alignnone size-medium wp-image-1563\" src=\"https:\/\/cheminsplestinais.dcea.fr\/wp-content\/uploads\/2015\/10\/5m-3-225x300.jpg\" alt=\"5m (3)\" width=\"225\" height=\"300\" srcset=\"https:\/\/cheminsplestinais.dcea.fr\/wp-content\/uploads\/2015\/10\/5m-3-225x300.jpg 225w, https:\/\/cheminsplestinais.dcea.fr\/wp-content\/uploads\/2015\/10\/5m-3.jpg 600w\" sizes=\"(max-width: 225px) 100vw, 225px\" \/><\/a>\u00a0 \u00a0<a href=\"https:\/\/cheminsplestinais.dcea.fr\/wp-content\/uploads\/2015\/10\/5m-4.jpg\"><img loading=\"lazy\" decoding=\"async\" class=\"alignnone size-medium wp-image-1564\" src=\"https:\/\/cheminsplestinais.dcea.fr\/wp-content\/uploads\/2015\/10\/5m-4-225x300.jpg\" alt=\"5m (4)\" width=\"225\" height=\"300\" srcset=\"https:\/\/cheminsplestinais.dcea.fr\/wp-content\/uploads\/2015\/10\/5m-4-225x300.jpg 225w, https:\/\/cheminsplestinais.dcea.fr\/wp-content\/uploads\/2015\/10\/5m-4.jpg 600w\" sizes=\"(max-width: 225px) 100vw, 225px\" \/><\/a><\/p>\n<p><a href=\"https:\/\/cheminsplestinais.dcea.fr\/wp-content\/uploads\/2015\/10\/5an-11.jpg\"><img loading=\"lazy\" decoding=\"async\" class=\"alignnone  wp-image-1568\" src=\"https:\/\/cheminsplestinais.dcea.fr\/wp-content\/uploads\/2015\/10\/5an-11-300x225.jpg\" alt=\"5an (11)\" width=\"251\" height=\"188\" srcset=\"https:\/\/cheminsplestinais.dcea.fr\/wp-content\/uploads\/2015\/10\/5an-11-300x225.jpg 300w, https:\/\/cheminsplestinais.dcea.fr\/wp-content\/uploads\/2015\/10\/5an-11.jpg 864w\" sizes=\"(max-width: 251px) 100vw, 251px\" \/><\/a>\u00a0<a href=\"https:\/\/cheminsplestinais.dcea.fr\/wp-content\/uploads\/2015\/10\/5m-5.jpg\"><img loading=\"lazy\" decoding=\"async\" class=\"alignnone  wp-image-1562\" src=\"https:\/\/cheminsplestinais.dcea.fr\/wp-content\/uploads\/2015\/10\/5m-5-300x225.jpg\" alt=\"5m (5)\" width=\"216\" height=\"162\" srcset=\"https:\/\/cheminsplestinais.dcea.fr\/wp-content\/uploads\/2015\/10\/5m-5-300x225.jpg 300w, https:\/\/cheminsplestinais.dcea.fr\/wp-content\/uploads\/2015\/10\/5m-5.jpg 800w\" sizes=\"(max-width: 216px) 100vw, 216px\" \/><\/a><\/p>\n<p style=\"text-align: right;\">Les futurs adh\u00e9rents sont m\u00eame admis \u00e0 notre table.<\/p>\n<p style=\"text-align: right;\"><a href=\"https:\/\/cheminsplestinais.dcea.fr\/wp-content\/uploads\/2015\/10\/5d-5.jpg\"><img loading=\"lazy\" decoding=\"async\" class=\"aligncenter size-full wp-image-1558\" src=\"https:\/\/cheminsplestinais.dcea.fr\/wp-content\/uploads\/2015\/10\/5d-5.jpg\" alt=\"5d (5)\" width=\"784\" height=\"588\" srcset=\"https:\/\/cheminsplestinais.dcea.fr\/wp-content\/uploads\/2015\/10\/5d-5.jpg 784w, https:\/\/cheminsplestinais.dcea.fr\/wp-content\/uploads\/2015\/10\/5d-5-300x225.jpg 300w\" sizes=\"(max-width: 784px) 100vw, 784px\" \/><\/a><\/p>\n<p>Et c&rsquo;est d\u00e9j\u00e0 l&rsquo;heure de repartir pour les 13 km \u00a0restants.<\/p>\n<p><a href=\"https:\/\/cheminsplestinais.dcea.fr\/wp-content\/uploads\/2015\/10\/6m-2.jpg\"><img loading=\"lazy\" decoding=\"async\" class=\"alignleft size-medium wp-image-1554\" src=\"https:\/\/cheminsplestinais.dcea.fr\/wp-content\/uploads\/2015\/10\/6m-2-300x225.jpg\" alt=\"6m (2)\" width=\"300\" height=\"225\" srcset=\"https:\/\/cheminsplestinais.dcea.fr\/wp-content\/uploads\/2015\/10\/6m-2-300x225.jpg 300w, https:\/\/cheminsplestinais.dcea.fr\/wp-content\/uploads\/2015\/10\/6m-2.jpg 800w\" sizes=\"(max-width: 300px) 100vw, 300px\" \/><\/a><\/p>\n<p>&nbsp;<\/p>\n<p>&nbsp;<\/p>\n<p>&nbsp;<\/p>\n<p><a href=\"https:\/\/cheminsplestinais.dcea.fr\/wp-content\/uploads\/2015\/10\/6al-1.jpg\"><img loading=\"lazy\" decoding=\"async\" class=\"size-medium wp-image-1543\" src=\"https:\/\/cheminsplestinais.dcea.fr\/wp-content\/uploads\/2015\/10\/6al-1-300x201.jpg\" alt=\"SONY DSC\" width=\"300\" height=\"201\" srcset=\"https:\/\/cheminsplestinais.dcea.fr\/wp-content\/uploads\/2015\/10\/6al-1-300x201.jpg 300w, https:\/\/cheminsplestinais.dcea.fr\/wp-content\/uploads\/2015\/10\/6al-1-1024x686.jpg 1024w, https:\/\/cheminsplestinais.dcea.fr\/wp-content\/uploads\/2015\/10\/6al-1.jpg 1072w\" sizes=\"(max-width: 300px) 100vw, 300px\" \/><\/a><\/p>\n<p>Nous p\u00e9n\u00e9trons dans le bois de Coat Ar Bescond.<\/p>\n<p><a href=\"https:\/\/cheminsplestinais.dcea.fr\/wp-content\/uploads\/2015\/10\/6d-4.jpg\"><img loading=\"lazy\" decoding=\"async\" class=\"alignnone wp-image-1550\" src=\"https:\/\/cheminsplestinais.dcea.fr\/wp-content\/uploads\/2015\/10\/6d-4-300x225.jpg\" alt=\"6d (4)\" width=\"200\" height=\"150\" srcset=\"https:\/\/cheminsplestinais.dcea.fr\/wp-content\/uploads\/2015\/10\/6d-4-300x225.jpg 300w, https:\/\/cheminsplestinais.dcea.fr\/wp-content\/uploads\/2015\/10\/6d-4.jpg 784w\" sizes=\"(max-width: 200px) 100vw, 200px\" \/><\/a>\u00a0<a href=\"https:\/\/cheminsplestinais.dcea.fr\/wp-content\/uploads\/2015\/10\/6d-3.jpg\"><img loading=\"lazy\" decoding=\"async\" class=\"alignnone wp-image-1549\" src=\"https:\/\/cheminsplestinais.dcea.fr\/wp-content\/uploads\/2015\/10\/6d-3-300x225.jpg\" alt=\"6d (3)\" width=\"260\" height=\"195\" srcset=\"https:\/\/cheminsplestinais.dcea.fr\/wp-content\/uploads\/2015\/10\/6d-3-300x225.jpg 300w, https:\/\/cheminsplestinais.dcea.fr\/wp-content\/uploads\/2015\/10\/6d-3.jpg 784w\" sizes=\"(max-width: 260px) 100vw, 260px\" \/><\/a><\/p>\n<p>&nbsp;<\/p>\n<p><a href=\"https:\/\/cheminsplestinais.dcea.fr\/wp-content\/uploads\/2015\/10\/6al-7.jpg\"><img loading=\"lazy\" decoding=\"async\" class=\"size-full wp-image-1540\" src=\"https:\/\/cheminsplestinais.dcea.fr\/wp-content\/uploads\/2015\/10\/6al-7.jpg\" alt=\"SONY DSC\" width=\"1072\" height=\"718\" srcset=\"https:\/\/cheminsplestinais.dcea.fr\/wp-content\/uploads\/2015\/10\/6al-7.jpg 1072w, https:\/\/cheminsplestinais.dcea.fr\/wp-content\/uploads\/2015\/10\/6al-7-300x201.jpg 300w, https:\/\/cheminsplestinais.dcea.fr\/wp-content\/uploads\/2015\/10\/6al-7-1024x686.jpg 1024w\" sizes=\"(max-width: 1072px) 100vw, 1072px\" \/><\/a><\/p>\n<p style=\"text-align: center;\">Pause dans le cadre enchanteur de la chapelle de St-Jagut.<\/p>\n<p style=\"text-align: left;\"><a href=\"https:\/\/cheminsplestinais.dcea.fr\/wp-content\/uploads\/2015\/10\/6m-7.jpg\"><img loading=\"lazy\" decoding=\"async\" class=\"alignright wp-image-1539 size-medium\" src=\"https:\/\/cheminsplestinais.dcea.fr\/wp-content\/uploads\/2015\/10\/6m-7-300x225.jpg\" alt=\"6m (7)\" width=\"300\" height=\"225\" srcset=\"https:\/\/cheminsplestinais.dcea.fr\/wp-content\/uploads\/2015\/10\/6m-7-300x225.jpg 300w, https:\/\/cheminsplestinais.dcea.fr\/wp-content\/uploads\/2015\/10\/6m-7.jpg 800w\" sizes=\"(max-width: 300px) 100vw, 300px\" \/><\/a><\/p>\n<p>&nbsp;<\/p>\n<p><span style=\"color: #ffffff;\">&#8230;..<\/span>La belle all\u00e9e du ch\u00e2teau de Lesma\u00ebs.<\/p>\n<p>&nbsp;<\/p>\n<p>&nbsp;<\/p>\n<p>Le vieux pont de l&rsquo;ancien moulin \u00e9lectrique<\/p>\n<p style=\"text-align: right;\"><a href=\"https:\/\/cheminsplestinais.dcea.fr\/wp-content\/uploads\/2015\/10\/7al.jpg\"><img loading=\"lazy\" decoding=\"async\" class=\"wp-image-1538\" src=\"https:\/\/cheminsplestinais.dcea.fr\/wp-content\/uploads\/2015\/10\/7al-300x201.jpg\" alt=\"SONY DSC\" width=\"260\" height=\"174\" srcset=\"https:\/\/cheminsplestinais.dcea.fr\/wp-content\/uploads\/2015\/10\/7al-300x201.jpg 300w, https:\/\/cheminsplestinais.dcea.fr\/wp-content\/uploads\/2015\/10\/7al-1024x686.jpg 1024w, https:\/\/cheminsplestinais.dcea.fr\/wp-content\/uploads\/2015\/10\/7al.jpg 1072w\" sizes=\"(max-width: 260px) 100vw, 260px\" \/><\/a>\u00a0 \u00a0\u00a0<a href=\"https:\/\/cheminsplestinais.dcea.fr\/wp-content\/uploads\/2015\/10\/7m-3.jpg\"><img loading=\"lazy\" decoding=\"async\" class=\"alignnone wp-image-1536\" src=\"https:\/\/cheminsplestinais.dcea.fr\/wp-content\/uploads\/2015\/10\/7m-3-300x225.jpg\" alt=\"7m (3)\" width=\"200\" height=\"150\" srcset=\"https:\/\/cheminsplestinais.dcea.fr\/wp-content\/uploads\/2015\/10\/7m-3-300x225.jpg 300w, https:\/\/cheminsplestinais.dcea.fr\/wp-content\/uploads\/2015\/10\/7m-3.jpg 800w\" sizes=\"(max-width: 200px) 100vw, 200px\" \/><\/a>Il serait temps que \u00e7a se termine !<\/p>\n<p style=\"text-align: left;\"><a href=\"https:\/\/cheminsplestinais.dcea.fr\/wp-content\/uploads\/2015\/10\/7m-6.jpg\"><img loading=\"lazy\" decoding=\"async\" class=\"alignnone wp-image-1534\" src=\"https:\/\/cheminsplestinais.dcea.fr\/wp-content\/uploads\/2015\/10\/7m-6-300x225.jpg\" alt=\"7m (6)\" width=\"230\" height=\"173\" srcset=\"https:\/\/cheminsplestinais.dcea.fr\/wp-content\/uploads\/2015\/10\/7m-6-300x225.jpg 300w, https:\/\/cheminsplestinais.dcea.fr\/wp-content\/uploads\/2015\/10\/7m-6.jpg 800w\" sizes=\"(max-width: 230px) 100vw, 230px\" \/><\/a>\u00a0\u00a0<a href=\"https:\/\/cheminsplestinais.dcea.fr\/wp-content\/uploads\/2015\/10\/7m-5.jpg\"><img loading=\"lazy\" decoding=\"async\" class=\"alignnone wp-image-1533\" src=\"https:\/\/cheminsplestinais.dcea.fr\/wp-content\/uploads\/2015\/10\/7m-5-300x225.jpg\" alt=\"7m (5)\" width=\"235\" height=\"176\" srcset=\"https:\/\/cheminsplestinais.dcea.fr\/wp-content\/uploads\/2015\/10\/7m-5-300x225.jpg 300w, https:\/\/cheminsplestinais.dcea.fr\/wp-content\/uploads\/2015\/10\/7m-5.jpg 800w\" sizes=\"(max-width: 235px) 100vw, 235px\" \/><\/a><\/p>\n<p style=\"text-align: center;\">Passage au \u00ab\u00a0col de St-Haran\u00a0\u00bb. Chacun apporte sa pierre \u00e0 l&rsquo;\u00e9difice.<\/p>\n<p style=\"text-align: center;\"><a href=\"https:\/\/cheminsplestinais.dcea.fr\/wp-content\/uploads\/2015\/10\/7an-2.jpg\"><img loading=\"lazy\" decoding=\"async\" class=\"aligncenter size-full wp-image-1532\" src=\"https:\/\/cheminsplestinais.dcea.fr\/wp-content\/uploads\/2015\/10\/7an-2.jpg\" alt=\"7an (2)\" width=\"864\" height=\"648\" srcset=\"https:\/\/cheminsplestinais.dcea.fr\/wp-content\/uploads\/2015\/10\/7an-2.jpg 864w, https:\/\/cheminsplestinais.dcea.fr\/wp-content\/uploads\/2015\/10\/7an-2-300x225.jpg 300w\" sizes=\"(max-width: 864px) 100vw, 864px\" \/><\/a><\/p>\n<p style=\"text-align: center;\">L&#8217;embouchure su Douron. Derni\u00e8re photo de groupe<br \/>\n(Il ne manque que les photographes)<\/p>\n<p style=\"text-align: left;\"><a href=\"https:\/\/cheminsplestinais.dcea.fr\/wp-content\/uploads\/2015\/10\/7d-4.jpg\"><img loading=\"lazy\" decoding=\"async\" class=\"alignnone size-medium wp-image-1530\" src=\"https:\/\/cheminsplestinais.dcea.fr\/wp-content\/uploads\/2015\/10\/7d-4-300x225.jpg\" alt=\"7d (4)\" width=\"300\" height=\"225\" srcset=\"https:\/\/cheminsplestinais.dcea.fr\/wp-content\/uploads\/2015\/10\/7d-4-300x225.jpg 300w, https:\/\/cheminsplestinais.dcea.fr\/wp-content\/uploads\/2015\/10\/7d-4.jpg 784w\" sizes=\"(max-width: 300px) 100vw, 300px\" \/>\u00a0<img loading=\"lazy\" decoding=\"async\" class=\"alignright  wp-image-1531\" src=\"https:\/\/cheminsplestinais.dcea.fr\/wp-content\/uploads\/2015\/10\/7m-10-150x150.jpg\" alt=\"7m (10)\" width=\"145\" height=\"145\" \/><br \/>\n<\/a><\/p>\n<p style=\"text-align: center;\">Apr\u00e8s 29km, fourbus, mais heureux d&rsquo;\u00eatre enfin arriv\u00e9s !<\/p>\n<p style=\"text-align: center;\"><a href=\"https:\/\/cheminsplestinais.dcea.fr\/wp-content\/uploads\/2015\/10\/7d-3.jpg\"><img loading=\"lazy\" decoding=\"async\" class=\"aligncenter  wp-image-1529\" src=\"https:\/\/cheminsplestinais.dcea.fr\/wp-content\/uploads\/2015\/10\/7d-3.jpg\" alt=\"7d (3)\" width=\"379\" height=\"284\" srcset=\"https:\/\/cheminsplestinais.dcea.fr\/wp-content\/uploads\/2015\/10\/7d-3.jpg 784w, https:\/\/cheminsplestinais.dcea.fr\/wp-content\/uploads\/2015\/10\/7d-3-300x225.jpg 300w\" sizes=\"(max-width: 379px) 100vw, 379px\" \/><\/a><\/p>\n<p style=\"text-align: center;\">A l&rsquo;ann\u00e9e prochaine !<\/p>\n<p style=\"text-align: center;\"><strong>\u00a0N.B. :<\/strong><em><span style=\"color: #000080;\"> Pour voir l&rsquo;album-photo complet, cliquer sur <strong><a href=\"https:\/\/cheminsplestinais.dcea.fr\/?p=1648\">ce lien<\/a><\/strong><\/span>.<\/em><\/p>\n","protected":false},"excerpt":{"rendered":"<p>Et de 3 ! Notre association est partie pour faire du tour de Plestin \u00e0 pied (Tro Plistin) un rendez-vous annuel o\u00f9 seront convi\u00e9s de plus en plus de participants. Cette ann\u00e9e, la\u00a0randonn\u00e9e \u00e9tait organis\u00e9e\u00a0le dimanche 27 septembre, dans le sens inverse des ann\u00e9es pr\u00e9c\u00e9dentes. D\u00e9part au port de Toul An Hery,\u00a0d\u00e8s\u00a08h00, car 16 km [&hellip;]<\/p>\n","protected":false},"author":1,"featured_media":0,"comment_status":"open","ping_status":"closed","sticky":false,"template":"","format":"standard","meta":{"footnotes":""},"categories":[3],"tags":[],"_links":{"self":[{"href":"https:\/\/cheminsplestinais.dcea.fr\/index.php?rest_route=\/wp\/v2\/posts\/1700"}],"collection":[{"href":"https:\/\/cheminsplestinais.dcea.fr\/index.php?rest_route=\/wp\/v2\/posts"}],"about":[{"href":"https:\/\/cheminsplestinais.dcea.fr\/index.php?rest_route=\/wp\/v2\/types\/post"}],"author":[{"embeddable":true,"href":"https:\/\/cheminsplestinais.dcea.fr\/index.php?rest_route=\/wp\/v2\/users\/1"}],"replies":[{"embeddable":true,"href":"https:\/\/cheminsplestinais.dcea.fr\/index.php?rest_route=%2Fwp%2Fv2%2Fcomments&post=1700"}],"version-history":[{"count":81,"href":"https:\/\/cheminsplestinais.dcea.fr\/index.php?rest_route=\/wp\/v2\/posts\/1700\/revisions"}],"predecessor-version":[{"id":1788,"href":"https:\/\/cheminsplestinais.dcea.fr\/index.php?rest_route=\/wp\/v2\/posts\/1700\/revisions\/1788"}],"wp:attachment":[{"href":"https:\/\/cheminsplestinais.dcea.fr\/index.php?rest_route=%2Fwp%2Fv2%2Fmedia&parent=1700"}],"wp:term":[{"taxonomy":"category","embeddable":true,"href":"https:\/\/cheminsplestinais.dcea.fr\/index.php?rest_route=%2Fwp%2Fv2%2Fcategories&post=1700"},{"taxonomy":"post_tag","embeddable":true,"href":"https:\/\/cheminsplestinais.dcea.fr\/index.php?rest_route=%2Fwp%2Fv2%2Ftags&post=1700"}],"curies":[{"name":"wp","href":"https:\/\/api.w.org\/{rel}","templated":true}]}}