{"id":1813,"date":"2015-11-08T09:40:55","date_gmt":"2015-11-08T08:40:55","guid":{"rendered":"http:\/\/www.cheminsplestinais.dcea.fr\/?p=1813"},"modified":"2015-11-08T09:40:55","modified_gmt":"2015-11-08T08:40:55","slug":"jonction-tremel-plestin-les-greves","status":"publish","type":"post","link":"https:\/\/cheminsplestinais.dcea.fr\/?p=1813","title":{"rendered":"Jonction Tremel-Plestin-les-Gr\u00e8ves"},"content":{"rendered":"<p><span style=\"color: #ffffff;\">&#8230;<\/span>Le projet avait d\u00e9j\u00e0 \u00e9t\u00e9 \u00a0lanc\u00e9 l&rsquo;an pass\u00e9 ;\u00a0nous l&rsquo;avons concr\u00e9tis\u00e9 cette ann\u00e9e : mettre en place des chantiers communs entre notre association et l&rsquo;association \u00ab\u00a0Les petits sentiers de Tremel\u00a0\u00bb.<\/p>\n<p><span style=\"color: #ffffff;\">&#8230;<\/span>Nous avons tout naturellement opt\u00e9 pour l&rsquo;entretien d&rsquo;un sentier qui reliait nos 2 communes.<\/p>\n<p><a href=\"https:\/\/cheminsplestinais.dcea.fr\/wp-content\/uploads\/2015\/11\/plan.jpg\" target=\"_blank\"><img loading=\"lazy\" decoding=\"async\" class=\"aligncenter size-full wp-image-1812\" src=\"https:\/\/cheminsplestinais.dcea.fr\/wp-content\/uploads\/2015\/11\/plan.jpg\" alt=\"plan\" width=\"990\" height=\"712\" srcset=\"https:\/\/cheminsplestinais.dcea.fr\/wp-content\/uploads\/2015\/11\/plan.jpg 990w, https:\/\/cheminsplestinais.dcea.fr\/wp-content\/uploads\/2015\/11\/plan-300x216.jpg 300w\" sizes=\"(max-width: 990px) 100vw, 990px\" \/><\/a><\/p>\n<p style=\"text-align: center;\"><em>Si n\u00e9cessaire, cliquer sur le plan pour l&rsquo;agrandir.<\/em><\/p>\n<p style=\"text-align: left;\"><span style=\"text-decoration: underline;\"><strong>L\u00e9gende<\/strong><\/span> : en <strong><span style=\"color: #3366ff;\">bleu<\/span><\/strong>, le circuit des chapelle de Saint-Jagut (Plestin) ,<\/p>\n<p style=\"text-align: left; padding-left: 60px;\">en <span style=\"color: #ff0000;\">rouge<\/span> (\u00e0 droite de la carte), le trac\u00e9 du GR34D,<br \/>\nqui permet de rejoindre le bourg de Tremel<\/p>\n<p style=\"text-align: left; padding-left: 60px;\">en <span style=\"color: #ff0000;\">rouge<\/span> (\u00e0 gauche de la carte), le trac\u00e9 du \u00ab\u00a0Sentier du Douron\u00a0\u00bb \u00e0 Plou\u00ebgat-Guerrand (13 km)<\/p>\n<p style=\"text-align: left; padding-left: 60px;\">en <strong><span style=\"color: #ffcc00;\">jaune<\/span><\/strong>, le tron\u00e7on que nous avons r\u00e9am\u00e9nag\u00e9<br \/>\n(en<strong><span style=\"color: #008080;\"> vert\u00a0turquoise<\/span><\/strong>, un sentier permet de rejoindre le circuit de Plou\u00ebgat).<\/p>\n<p style=\"text-align: left;\"><span style=\"color: #ffffff;\">&#8230;<\/span>Les promeneur pourront donc dor\u00e9navant joindre l&rsquo;une ou l&rsquo;autre de ces commune par de jolis chemins le long de la vall\u00e9e du Douron.<br \/>\n<span style=\"color: #ffffff;\">&#8230;<\/span>(<em>Un panneau d&rsquo;information sera prochainement implant\u00e9 au point de jonction des 3 communes<\/em>).<\/p>\n<p style=\"text-align: left;\"><span style=\"color: #ffffff;\">&#8230;<\/span>Les lundis 12, 19 et 26 octobre, nous nous sommes ainsi retouv\u00e9s au lieu-dit Kerdudavel.<\/p>\n<p style=\"text-align: left;\"><a href=\"https:\/\/cheminsplestinais.dcea.fr\/wp-content\/uploads\/2015\/11\/IMG_0586.jpg\" target=\"_blank\"><img loading=\"lazy\" decoding=\"async\" class=\"aligncenter size-full wp-image-1806\" src=\"https:\/\/cheminsplestinais.dcea.fr\/wp-content\/uploads\/2015\/11\/IMG_0586.jpg\" alt=\"IMG_0586\" width=\"1280\" height=\"960\" srcset=\"https:\/\/cheminsplestinais.dcea.fr\/wp-content\/uploads\/2015\/11\/IMG_0586.jpg 1280w, https:\/\/cheminsplestinais.dcea.fr\/wp-content\/uploads\/2015\/11\/IMG_0586-300x225.jpg 300w, https:\/\/cheminsplestinais.dcea.fr\/wp-content\/uploads\/2015\/11\/IMG_0586-1024x768.jpg 1024w\" sizes=\"(max-width: 1280px) 100vw, 1280px\" \/><\/a><\/p>\n<p style=\"padding-left: 30px;\">Une belle \u00e9quipe ! Merci aux Tremelois d&rsquo;avoir chang\u00e9 leurs habitudes en venant le lundi au lieu du samedi.<\/p>\n<p><a href=\"https:\/\/cheminsplestinais.dcea.fr\/wp-content\/uploads\/2015\/11\/IMG_0554.jpg\" target=\"_blank\"><img loading=\"lazy\" decoding=\"async\" class=\"alignleft size-medium wp-image-1797\" src=\"https:\/\/cheminsplestinais.dcea.fr\/wp-content\/uploads\/2015\/11\/IMG_0554-300x225.jpg\" alt=\"IMG_0554\" width=\"300\" height=\"225\" srcset=\"https:\/\/cheminsplestinais.dcea.fr\/wp-content\/uploads\/2015\/11\/IMG_0554-300x225.jpg 300w, https:\/\/cheminsplestinais.dcea.fr\/wp-content\/uploads\/2015\/11\/IMG_0554-1024x768.jpg 1024w, https:\/\/cheminsplestinais.dcea.fr\/wp-content\/uploads\/2015\/11\/IMG_0554.jpg 1280w\" sizes=\"(max-width: 300px) 100vw, 300px\" \/><\/a><\/p>\n<p>&nbsp;<\/p>\n<p><a href=\"https:\/\/cheminsplestinais.dcea.fr\/wp-content\/uploads\/2015\/11\/IMG_0553.jpg\" target=\"_blank\"><img loading=\"lazy\" decoding=\"async\" class=\"alignright size-medium wp-image-1796\" src=\"https:\/\/cheminsplestinais.dcea.fr\/wp-content\/uploads\/2015\/11\/IMG_0553-300x225.jpg\" alt=\"IMG_0553\" width=\"300\" height=\"225\" srcset=\"https:\/\/cheminsplestinais.dcea.fr\/wp-content\/uploads\/2015\/11\/IMG_0553-300x225.jpg 300w, https:\/\/cheminsplestinais.dcea.fr\/wp-content\/uploads\/2015\/11\/IMG_0553-1024x768.jpg 1024w, https:\/\/cheminsplestinais.dcea.fr\/wp-content\/uploads\/2015\/11\/IMG_0553.jpg 1280w\" sizes=\"(max-width: 300px) 100vw, 300px\" \/><\/a><\/p>\n<p>&nbsp;<\/p>\n<p>&nbsp;<\/p>\n<p>&nbsp;<\/p>\n<p>&nbsp;<\/p>\n<p>Le chemin m\u00e9ritait un s\u00e9rieux d\u00e9broussaillage &#8230;<\/p>\n<p style=\"text-align: right;\">et surtout un s\u00e9rieux drainage en pr\u00e9vision des pluies \u00e0 venir.<\/p>\n<p><a href=\"https:\/\/cheminsplestinais.dcea.fr\/wp-content\/uploads\/2015\/11\/IMG_0579.jpg\"><img loading=\"lazy\" decoding=\"async\" class=\"aligncenter size-full wp-image-1804\" src=\"https:\/\/cheminsplestinais.dcea.fr\/wp-content\/uploads\/2015\/11\/IMG_0579.jpg\" alt=\"IMG_0579\" width=\"1280\" height=\"960\" srcset=\"https:\/\/cheminsplestinais.dcea.fr\/wp-content\/uploads\/2015\/11\/IMG_0579.jpg 1280w, https:\/\/cheminsplestinais.dcea.fr\/wp-content\/uploads\/2015\/11\/IMG_0579-300x225.jpg 300w, https:\/\/cheminsplestinais.dcea.fr\/wp-content\/uploads\/2015\/11\/IMG_0579-1024x768.jpg 1024w\" sizes=\"(max-width: 1280px) 100vw, 1280px\" \/><\/a><\/p>\n<p>&nbsp;<\/p>\n<p>En conjuguant nos efforts ,<a href=\"https:\/\/cheminsplestinais.dcea.fr\/wp-content\/uploads\/2015\/11\/Andr\u00e9-26-10-7r.jpg\"><img loading=\"lazy\" decoding=\"async\" class=\"alignright size-medium wp-image-1793\" src=\"https:\/\/cheminsplestinais.dcea.fr\/wp-content\/uploads\/2015\/11\/Andr\u00e9-26-10-7r-300x225.jpg\" alt=\"Andr\u00e9-26-10 (7r)\" width=\"300\" height=\"225\" srcset=\"https:\/\/cheminsplestinais.dcea.fr\/wp-content\/uploads\/2015\/11\/Andr\u00e9-26-10-7r-300x225.jpg 300w, https:\/\/cheminsplestinais.dcea.fr\/wp-content\/uploads\/2015\/11\/Andr\u00e9-26-10-7r.jpg 664w\" sizes=\"(max-width: 300px) 100vw, 300px\" \/><\/a><br \/>\nnous sommes plus efficaces.<\/p>\n<p><a href=\"https:\/\/cheminsplestinais.dcea.fr\/wp-content\/uploads\/2015\/11\/Moi-2-10-2r.jpg\"><img loading=\"lazy\" decoding=\"async\" class=\"alignleft size-medium wp-image-1809\" src=\"https:\/\/cheminsplestinais.dcea.fr\/wp-content\/uploads\/2015\/11\/Moi-2-10-2r-300x225.jpg\" alt=\"Moi-2-10 (2r)\" width=\"300\" height=\"225\" srcset=\"https:\/\/cheminsplestinais.dcea.fr\/wp-content\/uploads\/2015\/11\/Moi-2-10-2r-300x225.jpg 300w, https:\/\/cheminsplestinais.dcea.fr\/wp-content\/uploads\/2015\/11\/Moi-2-10-2r.jpg 800w\" sizes=\"(max-width: 300px) 100vw, 300px\" \/><\/a><\/p>\n<p>&nbsp;<\/p>\n<p>&nbsp;<\/p>\n<p>&nbsp;<\/p>\n<p>&nbsp;<\/p>\n<p>&nbsp;<\/p>\n<p style=\"text-align: right;\">L&rsquo;heure de la pause caf\u00e9\u00a0est\u00a0la bienvenue.<\/p>\n<p><a href=\"https:\/\/cheminsplestinais.dcea.fr\/wp-content\/uploads\/2015\/11\/IMG_0560.jpg\" target=\"_blank\"><img loading=\"lazy\" decoding=\"async\" class=\"alignleft size-medium wp-image-1854\" src=\"https:\/\/cheminsplestinais.dcea.fr\/wp-content\/uploads\/2015\/11\/IMG_0560-300x225.jpg\" alt=\"IMG_0560\" width=\"300\" height=\"225\" srcset=\"https:\/\/cheminsplestinais.dcea.fr\/wp-content\/uploads\/2015\/11\/IMG_0560-300x225.jpg 300w, https:\/\/cheminsplestinais.dcea.fr\/wp-content\/uploads\/2015\/11\/IMG_0560-1024x768.jpg 1024w, https:\/\/cheminsplestinais.dcea.fr\/wp-content\/uploads\/2015\/11\/IMG_0560.jpg 1280w\" sizes=\"(max-width: 300px) 100vw, 300px\" \/><\/a><\/p>\n<p><a href=\"https:\/\/cheminsplestinais.dcea.fr\/wp-content\/uploads\/2015\/11\/Moi-2-10-4r.jpg\" target=\"_blank\"><img loading=\"lazy\" decoding=\"async\" class=\"alignnone size-medium wp-image-1810\" src=\"https:\/\/cheminsplestinais.dcea.fr\/wp-content\/uploads\/2015\/11\/Moi-2-10-4r-300x225.jpg\" alt=\"Moi-2-10 (4r)\" width=\"300\" height=\"225\" srcset=\"https:\/\/cheminsplestinais.dcea.fr\/wp-content\/uploads\/2015\/11\/Moi-2-10-4r-300x225.jpg 300w, https:\/\/cheminsplestinais.dcea.fr\/wp-content\/uploads\/2015\/11\/Moi-2-10-4r.jpg 800w\" sizes=\"(max-width: 300px) 100vw, 300px\" \/><\/a><\/p>\n<p style=\"text-align: right;\">Nous acceptons m\u00eame les jeunes recrues.<\/p>\n<p style=\"text-align: right;\">\n<p><span style=\"color: #ffffff;\">&#8230;&#8230;&#8230;&#8230;&#8230;&#8230;<\/span>En descendant le chemin,<a href=\"https:\/\/cheminsplestinais.dcea.fr\/wp-content\/uploads\/2015\/11\/IMG_0564.jpg\" target=\"_blank\"><img loading=\"lazy\" decoding=\"async\" class=\"alignright size-medium wp-image-1799\" src=\"https:\/\/cheminsplestinais.dcea.fr\/wp-content\/uploads\/2015\/11\/IMG_0564-300x225.jpg\" alt=\"IMG_0564\" width=\"300\" height=\"225\" srcset=\"https:\/\/cheminsplestinais.dcea.fr\/wp-content\/uploads\/2015\/11\/IMG_0564-300x225.jpg 300w, https:\/\/cheminsplestinais.dcea.fr\/wp-content\/uploads\/2015\/11\/IMG_0564-1024x768.jpg 1024w, https:\/\/cheminsplestinais.dcea.fr\/wp-content\/uploads\/2015\/11\/IMG_0564.jpg 1280w\" sizes=\"(max-width: 300px) 100vw, 300px\" \/><\/a><\/p>\n<p>on atteint les berges du Douron.<\/p>\n<p><a href=\"https:\/\/cheminsplestinais.dcea.fr\/wp-content\/uploads\/2015\/11\/IMG_0568.jpg\" target=\"_blank\"><img loading=\"lazy\" decoding=\"async\" class=\"alignleft size-medium wp-image-1800\" src=\"https:\/\/cheminsplestinais.dcea.fr\/wp-content\/uploads\/2015\/11\/IMG_0568-300x225.jpg\" alt=\"IMG_0568\" width=\"300\" height=\"225\" srcset=\"https:\/\/cheminsplestinais.dcea.fr\/wp-content\/uploads\/2015\/11\/IMG_0568-300x225.jpg 300w, https:\/\/cheminsplestinais.dcea.fr\/wp-content\/uploads\/2015\/11\/IMG_0568-1024x768.jpg 1024w, https:\/\/cheminsplestinais.dcea.fr\/wp-content\/uploads\/2015\/11\/IMG_0568.jpg 1280w\" sizes=\"(max-width: 300px) 100vw, 300px\" \/><\/a><\/p>\n<p>&nbsp;<\/p>\n<p>&nbsp;<\/p>\n<p>&nbsp;<\/p>\n<p>&nbsp;<\/p>\n<p style=\"text-align: right;\">Au hasard du nettoyage, nous faisons des rencontres inattendues.<\/p>\n<p><a href=\"https:\/\/cheminsplestinais.dcea.fr\/wp-content\/uploads\/2015\/11\/IMG_0569.jpg\" target=\"_blank\"><img loading=\"lazy\" decoding=\"async\" class=\"alignnone wp-image-1801\" src=\"https:\/\/cheminsplestinais.dcea.fr\/wp-content\/uploads\/2015\/11\/IMG_0569-300x225.jpg\" alt=\"IMG_0569\" width=\"320\" height=\"240\" srcset=\"https:\/\/cheminsplestinais.dcea.fr\/wp-content\/uploads\/2015\/11\/IMG_0569-300x225.jpg 300w, https:\/\/cheminsplestinais.dcea.fr\/wp-content\/uploads\/2015\/11\/IMG_0569-1024x768.jpg 1024w, https:\/\/cheminsplestinais.dcea.fr\/wp-content\/uploads\/2015\/11\/IMG_0569.jpg 1280w\" sizes=\"(max-width: 320px) 100vw, 320px\" \/><\/a><a href=\"https:\/\/cheminsplestinais.dcea.fr\/wp-content\/uploads\/2015\/11\/IMG_0575.jpg\" target=\"_blank\"><img loading=\"lazy\" decoding=\"async\" class=\"alignright size-medium wp-image-1802\" src=\"https:\/\/cheminsplestinais.dcea.fr\/wp-content\/uploads\/2015\/11\/IMG_0575-225x300.jpg\" alt=\"IMG_0575\" width=\"225\" height=\"300\" srcset=\"https:\/\/cheminsplestinais.dcea.fr\/wp-content\/uploads\/2015\/11\/IMG_0575-225x300.jpg 225w, https:\/\/cheminsplestinais.dcea.fr\/wp-content\/uploads\/2015\/11\/IMG_0575.jpg 768w\" sizes=\"(max-width: 225px) 100vw, 225px\" \/><\/a><\/p>\n<p>&nbsp;<\/p>\n<p>V\u00e9rification : l&rsquo;eau s&rsquo;\u00e9coule bien dans les tranch\u00e9es<br \/>\nque nous avons r\u00e9alis\u00e9es.<\/p>\n<p><a href=\"https:\/\/cheminsplestinais.dcea.fr\/wp-content\/uploads\/2015\/11\/IMG_0578.jpg\" target=\"_blank\"><img loading=\"lazy\" decoding=\"async\" class=\"alignnone size-full wp-image-1803\" src=\"https:\/\/cheminsplestinais.dcea.fr\/wp-content\/uploads\/2015\/11\/IMG_0578.jpg\" alt=\"IMG_0578\" width=\"1280\" height=\"960\" srcset=\"https:\/\/cheminsplestinais.dcea.fr\/wp-content\/uploads\/2015\/11\/IMG_0578.jpg 1280w, https:\/\/cheminsplestinais.dcea.fr\/wp-content\/uploads\/2015\/11\/IMG_0578-300x225.jpg 300w, https:\/\/cheminsplestinais.dcea.fr\/wp-content\/uploads\/2015\/11\/IMG_0578-1024x768.jpg 1024w\" sizes=\"(max-width: 1280px) 100vw, 1280px\" \/><\/a><\/p>\n<p>&nbsp;<\/p>\n<p style=\"text-align: center;\">Quel beau site pour les amoureux de la nature !<\/p>\n<p><a href=\"https:\/\/cheminsplestinais.dcea.fr\/wp-content\/uploads\/2015\/11\/IMG_0589.jpg\" target=\"_blank\"><img loading=\"lazy\" decoding=\"async\" class=\"alignleft size-medium wp-image-1807\" src=\"https:\/\/cheminsplestinais.dcea.fr\/wp-content\/uploads\/2015\/11\/IMG_0589-300x225.jpg\" alt=\"IMG_0589\" width=\"300\" height=\"225\" srcset=\"https:\/\/cheminsplestinais.dcea.fr\/wp-content\/uploads\/2015\/11\/IMG_0589-300x225.jpg 300w, https:\/\/cheminsplestinais.dcea.fr\/wp-content\/uploads\/2015\/11\/IMG_0589-1024x768.jpg 1024w, https:\/\/cheminsplestinais.dcea.fr\/wp-content\/uploads\/2015\/11\/IMG_0589.jpg 1280w\" sizes=\"(max-width: 300px) 100vw, 300px\" \/><\/a><\/p>\n<p>Un ancien pont romain &#8230;<\/p>\n<p><a href=\"https:\/\/cheminsplestinais.dcea.fr\/wp-content\/uploads\/2015\/11\/IMG_0598.jpg\" target=\"_blank\"><img loading=\"lazy\" decoding=\"async\" class=\"alignright size-medium wp-image-1808\" src=\"https:\/\/cheminsplestinais.dcea.fr\/wp-content\/uploads\/2015\/11\/IMG_0598-300x225.jpg\" alt=\"IMG_0598\" width=\"300\" height=\"225\" srcset=\"https:\/\/cheminsplestinais.dcea.fr\/wp-content\/uploads\/2015\/11\/IMG_0598-300x225.jpg 300w, https:\/\/cheminsplestinais.dcea.fr\/wp-content\/uploads\/2015\/11\/IMG_0598-1024x768.jpg 1024w, https:\/\/cheminsplestinais.dcea.fr\/wp-content\/uploads\/2015\/11\/IMG_0598.jpg 1280w\" sizes=\"(max-width: 300px) 100vw, 300px\" \/><\/a><\/p>\n<p>&nbsp;<\/p>\n<p>&nbsp;<\/p>\n<p>&nbsp;<\/p>\n<p>&nbsp;<\/p>\n<p style=\"text-align: right;\">et le bief du moulin de Kerhalon.<\/p>\n<p>&nbsp;<\/p>\n<p>Photo de groupe pour \u00a0conserver une trace de ce premier chantier en commun.<\/p>\n<p><a href=\"https:\/\/cheminsplestinais.dcea.fr\/wp-content\/uploads\/2015\/11\/Moi-2-10-8r.jpg\"><img loading=\"lazy\" decoding=\"async\" class=\"aligncenter size-full wp-image-1811\" src=\"https:\/\/cheminsplestinais.dcea.fr\/wp-content\/uploads\/2015\/11\/Moi-2-10-8r.jpg\" alt=\"Moi-2-10 (8r)\" width=\"800\" height=\"600\" srcset=\"https:\/\/cheminsplestinais.dcea.fr\/wp-content\/uploads\/2015\/11\/Moi-2-10-8r.jpg 800w, https:\/\/cheminsplestinais.dcea.fr\/wp-content\/uploads\/2015\/11\/Moi-2-10-8r-300x225.jpg 300w\" sizes=\"(max-width: 800px) 100vw, 800px\" \/><\/a><\/p>\n<p>&nbsp;<\/p>\n","protected":false},"excerpt":{"rendered":"<p>&#8230;Le projet avait d\u00e9j\u00e0 \u00e9t\u00e9 \u00a0lanc\u00e9 l&rsquo;an pass\u00e9 ;\u00a0nous l&rsquo;avons concr\u00e9tis\u00e9 cette ann\u00e9e : mettre en place des chantiers communs entre notre association et l&rsquo;association \u00ab\u00a0Les petits sentiers de Tremel\u00a0\u00bb. &#8230;Nous avons tout naturellement opt\u00e9 pour l&rsquo;entretien d&rsquo;un sentier qui reliait nos 2 communes. Si n\u00e9cessaire, cliquer sur le plan pour l&rsquo;agrandir. L\u00e9gende : en [&hellip;]<\/p>\n","protected":false},"author":1,"featured_media":0,"comment_status":"open","ping_status":"closed","sticky":false,"template":"","format":"standard","meta":{"footnotes":""},"categories":[2],"tags":[],"_links":{"self":[{"href":"https:\/\/cheminsplestinais.dcea.fr\/index.php?rest_route=\/wp\/v2\/posts\/1813"}],"collection":[{"href":"https:\/\/cheminsplestinais.dcea.fr\/index.php?rest_route=\/wp\/v2\/posts"}],"about":[{"href":"https:\/\/cheminsplestinais.dcea.fr\/index.php?rest_route=\/wp\/v2\/types\/post"}],"author":[{"embeddable":true,"href":"https:\/\/cheminsplestinais.dcea.fr\/index.php?rest_route=\/wp\/v2\/users\/1"}],"replies":[{"embeddable":true,"href":"https:\/\/cheminsplestinais.dcea.fr\/index.php?rest_route=%2Fwp%2Fv2%2Fcomments&post=1813"}],"version-history":[{"count":78,"href":"https:\/\/cheminsplestinais.dcea.fr\/index.php?rest_route=\/wp\/v2\/posts\/1813\/revisions"}],"predecessor-version":[{"id":2166,"href":"https:\/\/cheminsplestinais.dcea.fr\/index.php?rest_route=\/wp\/v2\/posts\/1813\/revisions\/2166"}],"wp:attachment":[{"href":"https:\/\/cheminsplestinais.dcea.fr\/index.php?rest_route=%2Fwp%2Fv2%2Fmedia&parent=1813"}],"wp:term":[{"taxonomy":"category","embeddable":true,"href":"https:\/\/cheminsplestinais.dcea.fr\/index.php?rest_route=%2Fwp%2Fv2%2Fcategories&post=1813"},{"taxonomy":"post_tag","embeddable":true,"href":"https:\/\/cheminsplestinais.dcea.fr\/index.php?rest_route=%2Fwp%2Fv2%2Ftags&post=1813"}],"curies":[{"name":"wp","href":"https:\/\/api.w.org\/{rel}","templated":true}]}}