{"id":1956,"date":"2015-12-08T21:15:41","date_gmt":"2015-12-08T20:15:41","guid":{"rendered":"http:\/\/www.cheminsplestinais.dcea.fr\/?p=1956"},"modified":"2015-12-08T21:15:41","modified_gmt":"2015-12-08T20:15:41","slug":"rando-telethon-2015","status":"publish","type":"post","link":"https:\/\/cheminsplestinais.dcea.fr\/?p=1956","title":{"rendered":"Rando T\u00e9l\u00e9thon 2015"},"content":{"rendered":"<p>Comme l&rsquo;ann\u00e9e pass\u00e9e, les Chemins Plestinais et Patrimoine ont apport\u00e9 leur contribution au t\u00e9l\u00e9thon en organisant 2 randonn\u00e9es d&rsquo;environ 9 km, le samedi 5 (en violet) et le dimanche 6 d\u00e9cembre (en bleu).<\/p>\n<p><a href=\"https:\/\/cheminsplestinais.dcea.fr\/wp-content\/uploads\/2015\/12\/t\u00e9l\u00e9thon-s-2015.jpg\"><img loading=\"lazy\" decoding=\"async\" class=\"aligncenter size-full wp-image-1959\" src=\"https:\/\/cheminsplestinais.dcea.fr\/wp-content\/uploads\/2015\/12\/t\u00e9l\u00e9thon-s-2015.jpg\" alt=\"t\u00e9l\u00e9thon-s-2015\" width=\"984\" height=\"712\" srcset=\"https:\/\/cheminsplestinais.dcea.fr\/wp-content\/uploads\/2015\/12\/t\u00e9l\u00e9thon-s-2015.jpg 984w, https:\/\/cheminsplestinais.dcea.fr\/wp-content\/uploads\/2015\/12\/t\u00e9l\u00e9thon-s-2015-300x217.jpg 300w\" sizes=\"(max-width: 984px) 100vw, 984px\" \/><\/a><\/p>\n<p style=\"padding-left: 30px;\">Apr\u00e8s l&rsquo;omelette-frite prise en commun au boulodrome,<br \/>\n35 marcheurs ont pris le d\u00e9part de la 1\u00e8re randonn\u00e9e.<\/p>\n<p>&nbsp;<\/p>\n<p><a href=\"https:\/\/cheminsplestinais.dcea.fr\/wp-content\/uploads\/2015\/12\/2015.12.05-14.35.53r.jpg\"><img loading=\"lazy\" decoding=\"async\" class=\"alignnone wp-image-1984\" src=\"https:\/\/cheminsplestinais.dcea.fr\/wp-content\/uploads\/2015\/12\/2015.12.05-14.35.53r-300x201.jpg\" alt=\"SONY DSC\" width=\"230\" height=\"154\" srcset=\"https:\/\/cheminsplestinais.dcea.fr\/wp-content\/uploads\/2015\/12\/2015.12.05-14.35.53r-300x201.jpg 300w, https:\/\/cheminsplestinais.dcea.fr\/wp-content\/uploads\/2015\/12\/2015.12.05-14.35.53r.jpg 872w\" sizes=\"(max-width: 230px) 100vw, 230px\" \/><\/a><a href=\"https:\/\/cheminsplestinais.dcea.fr\/wp-content\/uploads\/2015\/12\/DSC04097.jpg\"><img loading=\"lazy\" decoding=\"async\" class=\"alignnone wp-image-1963\" src=\"https:\/\/cheminsplestinais.dcea.fr\/wp-content\/uploads\/2015\/12\/DSC04097-300x225.jpg\" alt=\"DSC04097\" width=\"230\" height=\"173\" srcset=\"https:\/\/cheminsplestinais.dcea.fr\/wp-content\/uploads\/2015\/12\/DSC04097-300x225.jpg 300w, https:\/\/cheminsplestinais.dcea.fr\/wp-content\/uploads\/2015\/12\/DSC04097-1024x768.jpg 1024w, https:\/\/cheminsplestinais.dcea.fr\/wp-content\/uploads\/2015\/12\/DSC04097.jpg 1280w\" sizes=\"(max-width: 230px) 100vw, 230px\" \/><\/a><\/p>\n<p>&nbsp;<\/p>\n<p>Ce parcours nous a permis de d\u00e9couvrir (ou revoir) des sentiers et des sites pittoresques de notre commune.<\/p>\n<p><a href=\"https:\/\/cheminsplestinais.dcea.fr\/wp-content\/uploads\/2015\/12\/DSC04201.jpg\"><img loading=\"lazy\" decoding=\"async\" class=\"alignleft size-medium wp-image-1951\" src=\"https:\/\/cheminsplestinais.dcea.fr\/wp-content\/uploads\/2015\/12\/DSC04201-300x225.jpg\" alt=\"DSC04201\" width=\"300\" height=\"225\" srcset=\"https:\/\/cheminsplestinais.dcea.fr\/wp-content\/uploads\/2015\/12\/DSC04201-300x225.jpg 300w, https:\/\/cheminsplestinais.dcea.fr\/wp-content\/uploads\/2015\/12\/DSC04201-1024x768.jpg 1024w, https:\/\/cheminsplestinais.dcea.fr\/wp-content\/uploads\/2015\/12\/DSC04201.jpg 1280w\" sizes=\"(max-width: 300px) 100vw, 300px\" \/><\/a><\/p>\n<p>&nbsp;<\/p>\n<p>La chapelle Saint-Roch,<br \/>\npoint de d\u00e9part des 2 randonn\u00e9es.<\/p>\n<p><a href=\"https:\/\/cheminsplestinais.dcea.fr\/wp-content\/uploads\/2015\/12\/DSC04121.jpg\"><img loading=\"lazy\" decoding=\"async\" class=\"alignright size-medium wp-image-1964\" src=\"https:\/\/cheminsplestinais.dcea.fr\/wp-content\/uploads\/2015\/12\/DSC04121-300x225.jpg\" alt=\"DSC04121\" width=\"300\" height=\"225\" srcset=\"https:\/\/cheminsplestinais.dcea.fr\/wp-content\/uploads\/2015\/12\/DSC04121-300x225.jpg 300w, https:\/\/cheminsplestinais.dcea.fr\/wp-content\/uploads\/2015\/12\/DSC04121-1024x768.jpg 1024w, https:\/\/cheminsplestinais.dcea.fr\/wp-content\/uploads\/2015\/12\/DSC04121.jpg 1280w\" sizes=\"(max-width: 300px) 100vw, 300px\" \/><\/a><\/p>\n<p>&nbsp;<\/p>\n<p>&nbsp;<\/p>\n<p>&nbsp;<\/p>\n<p>&nbsp;<\/p>\n<p><span style=\"color: #ffffff;\"><a style=\"color: #ffffff;\" href=\"https:\/\/cheminsplestinais.dcea.fr\/wp-content\/uploads\/2015\/12\/DSC04121.jpg\">\u00a0<\/a>&#8230;&#8230;<\/span>Le site Gallo-Romain de Coz Ilis.<\/p>\n<p>&nbsp;<\/p>\n<p>Puis la longue descente vers la plage de Saint-Efflam,<br \/>\nam\u00e9nag\u00e9e par notre association.<\/p>\n<p><a href=\"https:\/\/cheminsplestinais.dcea.fr\/wp-content\/uploads\/2015\/12\/DSC04124.jpg\"><img loading=\"lazy\" decoding=\"async\" class=\"aligncenter wp-image-1965\" src=\"https:\/\/cheminsplestinais.dcea.fr\/wp-content\/uploads\/2015\/12\/DSC04124.jpg\" alt=\"DSC04124\" width=\"880\" height=\"660\" srcset=\"https:\/\/cheminsplestinais.dcea.fr\/wp-content\/uploads\/2015\/12\/DSC04124.jpg 1280w, https:\/\/cheminsplestinais.dcea.fr\/wp-content\/uploads\/2015\/12\/DSC04124-300x225.jpg 300w, https:\/\/cheminsplestinais.dcea.fr\/wp-content\/uploads\/2015\/12\/DSC04124-1024x768.jpg 1024w\" sizes=\"(max-width: 880px) 100vw, 880px\" \/><\/a><\/p>\n<p style=\"text-align: center;\">Arriv\u00e9e sur la plage&#8230;<\/p>\n<figure id=\"attachment_1986\" aria-describedby=\"caption-attachment-1986\" style=\"width: 300px\" class=\"wp-caption alignleft\"><a href=\"https:\/\/cheminsplestinais.dcea.fr\/wp-content\/uploads\/2015\/12\/2015.12.05-15.50.18r.jpg\"><img loading=\"lazy\" decoding=\"async\" class=\"size-medium wp-image-1986\" src=\"https:\/\/cheminsplestinais.dcea.fr\/wp-content\/uploads\/2015\/12\/2015.12.05-15.50.18r-300x201.jpg\" alt=\"SONY DSC\" width=\"300\" height=\"201\" srcset=\"https:\/\/cheminsplestinais.dcea.fr\/wp-content\/uploads\/2015\/12\/2015.12.05-15.50.18r-300x201.jpg 300w, https:\/\/cheminsplestinais.dcea.fr\/wp-content\/uploads\/2015\/12\/2015.12.05-15.50.18r.jpg 872w\" sizes=\"(max-width: 300px) 100vw, 300px\" \/><\/a><figcaption id=\"caption-attachment-1986\" class=\"wp-caption-text\"><span style=\"color: #ffffff;\">SONY DSC<\/span><\/figcaption><\/figure>\n<figure id=\"attachment_1987\" aria-describedby=\"caption-attachment-1987\" style=\"width: 300px\" class=\"wp-caption alignright\"><a href=\"https:\/\/cheminsplestinais.dcea.fr\/wp-content\/uploads\/2015\/12\/2015.12.05-15.52.47r.jpg\"><img loading=\"lazy\" decoding=\"async\" class=\"size-medium wp-image-1987\" src=\"https:\/\/cheminsplestinais.dcea.fr\/wp-content\/uploads\/2015\/12\/2015.12.05-15.52.47r-300x201.jpg\" alt=\"SONY DSC\" width=\"300\" height=\"201\" srcset=\"https:\/\/cheminsplestinais.dcea.fr\/wp-content\/uploads\/2015\/12\/2015.12.05-15.52.47r-300x201.jpg 300w, https:\/\/cheminsplestinais.dcea.fr\/wp-content\/uploads\/2015\/12\/2015.12.05-15.52.47r.jpg 872w\" sizes=\"(max-width: 300px) 100vw, 300px\" \/><\/a><figcaption id=\"caption-attachment-1987\" class=\"wp-caption-text\"><span style=\"color: #ffffff;\">SONY DSC<\/span><\/figcaption><\/figure>\n<p>&nbsp;<\/p>\n<p style=\"text-align: center;\"><span style=\"color: #ffffff;\">.<\/span><\/p>\n<p>.<\/p>\n<p>.<\/p>\n<p style=\"text-align: center;\"><span style=\"color: #ffffff;\">.<\/span><\/p>\n<p style=\"text-align: center;\"><span style=\"color: #ffffff;\">.<\/span><\/p>\n<p style=\"text-align: center;\">Panorama sur la baie.<\/p>\n<figure id=\"attachment_1988\" aria-describedby=\"caption-attachment-1988\" style=\"width: 872px\" class=\"wp-caption aligncenter\"><a href=\"https:\/\/cheminsplestinais.dcea.fr\/wp-content\/uploads\/2015\/12\/2015.12.05-16.19.59r.jpg\"><img loading=\"lazy\" decoding=\"async\" class=\"size-full wp-image-1988\" src=\"https:\/\/cheminsplestinais.dcea.fr\/wp-content\/uploads\/2015\/12\/2015.12.05-16.19.59r.jpg\" alt=\"SONY DSC\" width=\"872\" height=\"584\" srcset=\"https:\/\/cheminsplestinais.dcea.fr\/wp-content\/uploads\/2015\/12\/2015.12.05-16.19.59r.jpg 872w, https:\/\/cheminsplestinais.dcea.fr\/wp-content\/uploads\/2015\/12\/2015.12.05-16.19.59r-300x201.jpg 300w\" sizes=\"(max-width: 872px) 100vw, 872px\" \/><\/a><figcaption id=\"caption-attachment-1988\" class=\"wp-caption-text\"><span style=\"color: #ffffff;\">SONY DSC<\/span><\/figcaption><\/figure>\n<p style=\"text-align: center;\">Le lendemain, le groupe est plus restreint, mais plein d&rsquo;entrain.<\/p>\n<p>&nbsp;<\/p>\n<p><a href=\"https:\/\/cheminsplestinais.dcea.fr\/wp-content\/uploads\/2015\/12\/DSC042001.jpg\"><img loading=\"lazy\" decoding=\"async\" class=\"alignnone wp-image-1966\" src=\"https:\/\/cheminsplestinais.dcea.fr\/wp-content\/uploads\/2015\/12\/DSC042001-300x225.jpg\" alt=\"DSC04200\" width=\"225\" height=\"169\" srcset=\"https:\/\/cheminsplestinais.dcea.fr\/wp-content\/uploads\/2015\/12\/DSC042001-300x225.jpg 300w, https:\/\/cheminsplestinais.dcea.fr\/wp-content\/uploads\/2015\/12\/DSC042001-1024x768.jpg 1024w, https:\/\/cheminsplestinais.dcea.fr\/wp-content\/uploads\/2015\/12\/DSC042001.jpg 1280w\" sizes=\"(max-width: 225px) 100vw, 225px\" \/><\/a><a href=\"https:\/\/cheminsplestinais.dcea.fr\/wp-content\/uploads\/2015\/12\/2015.12.06-09.51.19r.jpg\"><img loading=\"lazy\" decoding=\"async\" class=\"alignnone wp-image-2027\" src=\"https:\/\/cheminsplestinais.dcea.fr\/wp-content\/uploads\/2015\/12\/2015.12.06-09.51.19r-300x201.jpg\" alt=\"SONY DSC\" width=\"240\" height=\"161\" srcset=\"https:\/\/cheminsplestinais.dcea.fr\/wp-content\/uploads\/2015\/12\/2015.12.06-09.51.19r-300x201.jpg 300w, https:\/\/cheminsplestinais.dcea.fr\/wp-content\/uploads\/2015\/12\/2015.12.06-09.51.19r.jpg 872w\" sizes=\"(max-width: 240px) 100vw, 240px\" \/><\/a><\/p>\n<p><span style=\"color: #ffffff;\">SONY DSC<\/span>On\u00a0emprunte d&rsquo;autres chemins,<br \/>\n<span style=\"color: #ffffff;\">&#8230;&#8230;&#8230;&#8230;&#8230;<\/span>\u00a0toujours aussi sympathiques.<\/p>\n<p><a href=\"https:\/\/cheminsplestinais.dcea.fr\/wp-content\/uploads\/2015\/12\/DSC04215.jpg\"><img loading=\"lazy\" decoding=\"async\" class=\"alignleft size-medium wp-image-1953\" src=\"https:\/\/cheminsplestinais.dcea.fr\/wp-content\/uploads\/2015\/12\/DSC04215-300x225.jpg\" alt=\"DSC04215\" width=\"300\" height=\"225\" srcset=\"https:\/\/cheminsplestinais.dcea.fr\/wp-content\/uploads\/2015\/12\/DSC04215-300x225.jpg 300w, https:\/\/cheminsplestinais.dcea.fr\/wp-content\/uploads\/2015\/12\/DSC04215-1024x768.jpg 1024w, https:\/\/cheminsplestinais.dcea.fr\/wp-content\/uploads\/2015\/12\/DSC04215.jpg 1280w\" sizes=\"(max-width: 300px) 100vw, 300px\" \/><\/a><\/p>\n<p>&nbsp;<\/p>\n<p><a href=\"https:\/\/cheminsplestinais.dcea.fr\/wp-content\/uploads\/2015\/12\/DSC04209.jpg\"><img loading=\"lazy\" decoding=\"async\" class=\"alignright size-medium wp-image-1952\" src=\"https:\/\/cheminsplestinais.dcea.fr\/wp-content\/uploads\/2015\/12\/DSC04209-300x225.jpg\" alt=\"DSC04209\" width=\"300\" height=\"225\" srcset=\"https:\/\/cheminsplestinais.dcea.fr\/wp-content\/uploads\/2015\/12\/DSC04209-300x225.jpg 300w, https:\/\/cheminsplestinais.dcea.fr\/wp-content\/uploads\/2015\/12\/DSC04209-1024x768.jpg 1024w, https:\/\/cheminsplestinais.dcea.fr\/wp-content\/uploads\/2015\/12\/DSC04209.jpg 1280w\" sizes=\"(max-width: 300px) 100vw, 300px\" \/><\/a><\/p>\n<p>&nbsp;<\/p>\n<p>dont la fontaine et lavoir Saint-Gestin.<\/p>\n<p>&nbsp;<\/p>\n<p>&nbsp;<\/p>\n<p>&nbsp;<\/p>\n<p>&nbsp;<\/p>\n<p style=\"text-align: center;\">Que la campagne est belle !<\/p>\n<figure id=\"attachment_2040\" aria-describedby=\"caption-attachment-2040\" style=\"width: 872px\" class=\"wp-caption aligncenter\"><a href=\"https:\/\/cheminsplestinais.dcea.fr\/wp-content\/uploads\/2015\/12\/2015.12.06-10.39.42r.jpg\"><img loading=\"lazy\" decoding=\"async\" class=\"size-full wp-image-2040\" src=\"https:\/\/cheminsplestinais.dcea.fr\/wp-content\/uploads\/2015\/12\/2015.12.06-10.39.42r.jpg\" alt=\"SONY DSC\" width=\"872\" height=\"584\" srcset=\"https:\/\/cheminsplestinais.dcea.fr\/wp-content\/uploads\/2015\/12\/2015.12.06-10.39.42r.jpg 872w, https:\/\/cheminsplestinais.dcea.fr\/wp-content\/uploads\/2015\/12\/2015.12.06-10.39.42r-300x201.jpg 300w\" sizes=\"(max-width: 872px) 100vw, 872px\" \/><\/a><figcaption id=\"caption-attachment-2040\" class=\"wp-caption-text\"><span style=\"color: #ffffff;\">SONY DSC<\/span><\/figcaption><\/figure>\n<p style=\"text-align: center;\">A l&rsquo;arriv\u00e9e, un bon vin chaud est offert aux marcheurs.<\/p>\n<p><a href=\"https:\/\/cheminsplestinais.dcea.fr\/wp-content\/uploads\/2015\/12\/DSC04224.jpg\"><img loading=\"lazy\" decoding=\"async\" class=\"aligncenter wp-image-1955\" src=\"https:\/\/cheminsplestinais.dcea.fr\/wp-content\/uploads\/2015\/12\/DSC04224-1024x768.jpg\" alt=\"DSC04224\" width=\"420\" height=\"315\" srcset=\"https:\/\/cheminsplestinais.dcea.fr\/wp-content\/uploads\/2015\/12\/DSC04224-1024x768.jpg 1024w, https:\/\/cheminsplestinais.dcea.fr\/wp-content\/uploads\/2015\/12\/DSC04224-300x225.jpg 300w, https:\/\/cheminsplestinais.dcea.fr\/wp-content\/uploads\/2015\/12\/DSC04224.jpg 1280w\" sizes=\"(max-width: 420px) 100vw, 420px\" \/><\/a><\/p>\n<p>Au total, une cinquantaine de\u00a0participants aura permis de collecter 250\u20ac au profit du t\u00e9l\u00e9thon, contribution certes modeste mais que nous essaierons d&rsquo;amplifier l&rsquo;an prochain en am\u00e9liorant notre animation.<\/p>\n<p>&nbsp;<\/p>\n","protected":false},"excerpt":{"rendered":"<p>Comme l&rsquo;ann\u00e9e pass\u00e9e, les Chemins Plestinais et Patrimoine ont apport\u00e9 leur contribution au t\u00e9l\u00e9thon en organisant 2 randonn\u00e9es d&rsquo;environ 9 km, le samedi 5 (en violet) et le dimanche 6 d\u00e9cembre (en bleu). Apr\u00e8s l&rsquo;omelette-frite prise en commun au boulodrome, 35 marcheurs ont pris le d\u00e9part de la 1\u00e8re randonn\u00e9e. &nbsp; &nbsp; Ce parcours nous [&hellip;]<\/p>\n","protected":false},"author":1,"featured_media":0,"comment_status":"open","ping_status":"closed","sticky":false,"template":"","format":"standard","meta":{"footnotes":""},"categories":[3],"tags":[],"_links":{"self":[{"href":"https:\/\/cheminsplestinais.dcea.fr\/index.php?rest_route=\/wp\/v2\/posts\/1956"}],"collection":[{"href":"https:\/\/cheminsplestinais.dcea.fr\/index.php?rest_route=\/wp\/v2\/posts"}],"about":[{"href":"https:\/\/cheminsplestinais.dcea.fr\/index.php?rest_route=\/wp\/v2\/types\/post"}],"author":[{"embeddable":true,"href":"https:\/\/cheminsplestinais.dcea.fr\/index.php?rest_route=\/wp\/v2\/users\/1"}],"replies":[{"embeddable":true,"href":"https:\/\/cheminsplestinais.dcea.fr\/index.php?rest_route=%2Fwp%2Fv2%2Fcomments&post=1956"}],"version-history":[{"count":82,"href":"https:\/\/cheminsplestinais.dcea.fr\/index.php?rest_route=\/wp\/v2\/posts\/1956\/revisions"}],"predecessor-version":[{"id":2051,"href":"https:\/\/cheminsplestinais.dcea.fr\/index.php?rest_route=\/wp\/v2\/posts\/1956\/revisions\/2051"}],"wp:attachment":[{"href":"https:\/\/cheminsplestinais.dcea.fr\/index.php?rest_route=%2Fwp%2Fv2%2Fmedia&parent=1956"}],"wp:term":[{"taxonomy":"category","embeddable":true,"href":"https:\/\/cheminsplestinais.dcea.fr\/index.php?rest_route=%2Fwp%2Fv2%2Fcategories&post=1956"},{"taxonomy":"post_tag","embeddable":true,"href":"https:\/\/cheminsplestinais.dcea.fr\/index.php?rest_route=%2Fwp%2Fv2%2Ftags&post=1956"}],"curies":[{"name":"wp","href":"https:\/\/api.w.org\/{rel}","templated":true}]}}