{"id":2185,"date":"2016-02-23T08:03:21","date_gmt":"2016-02-23T07:03:21","guid":{"rendered":"http:\/\/www.cheminsplestinais.dcea.fr\/?p=2185"},"modified":"2016-02-23T08:03:21","modified_gmt":"2016-02-23T07:03:21","slug":"hiver-pluvieux-chemins-boueux","status":"publish","type":"post","link":"https:\/\/cheminsplestinais.dcea.fr\/?p=2185","title":{"rendered":"Hiver pluvieux, chemins boueux !"},"content":{"rendered":"<p>&#8230; comme le dit l&rsquo;adage\u00a0des Chemins Plestinais.<\/p>\n<p style=\"text-align: left;\">Deux mois sans nouvelles des chantiers.<br \/>\nEt pourtant, nous ne sommes pas (seulement) tourn\u00e9 les pouces !<\/p>\n<p style=\"padding-left: 60px;\">Notre projet d&rsquo;am\u00e9nagement du lavoir Sain-Haran<br \/>\n(cf notre article <a href=\"https:\/\/cheminsplestinais.dcea.fr\/?p=1294\">La saison 2015-2016 sur les rails<\/a>)<br \/>\n\u00e9tait pr\u00eat \u00e0 d\u00e9buter, les plans d&rsquo;am\u00e9nagement du site<br \/>\nayant \u00e9t\u00e9 r\u00e9alis\u00e9s par notre coll\u00e8gue Dominique Julou.<\/p>\n<p><a href=\"https:\/\/cheminsplestinais.dcea.fr\/wp-content\/uploads\/2016\/02\/plan-St-Haran-2.jpg\"><img loading=\"lazy\" decoding=\"async\" class=\"alignleft size-medium wp-image-2191\" src=\"https:\/\/cheminsplestinais.dcea.fr\/wp-content\/uploads\/2016\/02\/plan-St-Haran-2-300x208.jpg\" alt=\"plan-St-Haran (2)\" width=\"300\" height=\"208\" srcset=\"https:\/\/cheminsplestinais.dcea.fr\/wp-content\/uploads\/2016\/02\/plan-St-Haran-2-300x208.jpg 300w, https:\/\/cheminsplestinais.dcea.fr\/wp-content\/uploads\/2016\/02\/plan-St-Haran-2-1024x709.jpg 1024w, https:\/\/cheminsplestinais.dcea.fr\/wp-content\/uploads\/2016\/02\/plan-St-Haran-2.jpg 1089w\" sizes=\"(max-width: 300px) 100vw, 300px\" \/><\/a><\/p>\n<p>&nbsp;<\/p>\n<p><a href=\"https:\/\/cheminsplestinais.dcea.fr\/wp-content\/uploads\/2016\/02\/plan-St-Haran-1.jpg\"><img loading=\"lazy\" decoding=\"async\" class=\"alignnone size-medium wp-image-2190\" src=\"https:\/\/cheminsplestinais.dcea.fr\/wp-content\/uploads\/2016\/02\/plan-St-Haran-1-300x232.jpg\" alt=\"plan-St-Haran (1)\" width=\"300\" height=\"232\" srcset=\"https:\/\/cheminsplestinais.dcea.fr\/wp-content\/uploads\/2016\/02\/plan-St-Haran-1-300x232.jpg 300w, https:\/\/cheminsplestinais.dcea.fr\/wp-content\/uploads\/2016\/02\/plan-St-Haran-1-1024x792.jpg 1024w, https:\/\/cheminsplestinais.dcea.fr\/wp-content\/uploads\/2016\/02\/plan-St-Haran-1.jpg 1125w\" sizes=\"(max-width: 300px) 100vw, 300px\" \/><\/a><\/p>\n<p>Mais d\u00e8s le 1er lundi de janvier, la m\u00e9t\u00e9o nous a jou\u00e9 des tours.<br \/>\nLe chargement de\u00a0pierres dont nous avions besoin pour notre chantier<\/p>\n<p><a href=\"https:\/\/cheminsplestinais.dcea.fr\/wp-content\/uploads\/2016\/02\/01-Goasorguen-5.jpg\"><img loading=\"lazy\" decoding=\"async\" class=\"alignnone wp-image-2176\" src=\"https:\/\/cheminsplestinais.dcea.fr\/wp-content\/uploads\/2016\/02\/01-Goasorguen-5-300x225.jpg\" alt=\"01-Goasorguen (5)\" width=\"270\" height=\"203\" srcset=\"https:\/\/cheminsplestinais.dcea.fr\/wp-content\/uploads\/2016\/02\/01-Goasorguen-5-300x225.jpg 300w, https:\/\/cheminsplestinais.dcea.fr\/wp-content\/uploads\/2016\/02\/01-Goasorguen-5.jpg 800w\" sizes=\"(max-width: 270px) 100vw, 270px\" \/><\/a>\u00a0<a href=\"https:\/\/cheminsplestinais.dcea.fr\/wp-content\/uploads\/2016\/02\/01-Goasorguen-1b.jpg\"><img loading=\"lazy\" decoding=\"async\" class=\"alignnone wp-image-2200\" src=\"https:\/\/cheminsplestinais.dcea.fr\/wp-content\/uploads\/2016\/02\/01-Goasorguen-1b-210x300.jpg\" alt=\"01-Goasorguen (1b)\" width=\"180\" height=\"257\" srcset=\"https:\/\/cheminsplestinais.dcea.fr\/wp-content\/uploads\/2016\/02\/01-Goasorguen-1b-210x300.jpg 210w, https:\/\/cheminsplestinais.dcea.fr\/wp-content\/uploads\/2016\/02\/01-Goasorguen-1b.jpg 371w\" sizes=\"(max-width: 180px) 100vw, 180px\" \/><\/a><\/p>\n<p>&nbsp;<\/p>\n<p style=\"text-align: right;\">s&rsquo;est enlis\u00e9 dans les orni\u00e8res de Goasorguen.<\/p>\n<p style=\"text-align: left;\"><a href=\"https:\/\/cheminsplestinais.dcea.fr\/wp-content\/uploads\/2016\/02\/01-Goasorguen-7b.jpg\"><img loading=\"lazy\" decoding=\"async\" class=\"alignnone size-full wp-image-2205\" src=\"https:\/\/cheminsplestinais.dcea.fr\/wp-content\/uploads\/2016\/02\/01-Goasorguen-7b.jpg\" alt=\"01-Goasorguen (7b)\" width=\"680\" height=\"389\" srcset=\"https:\/\/cheminsplestinais.dcea.fr\/wp-content\/uploads\/2016\/02\/01-Goasorguen-7b.jpg 680w, https:\/\/cheminsplestinais.dcea.fr\/wp-content\/uploads\/2016\/02\/01-Goasorguen-7b-300x172.jpg 300w\" sizes=\"(max-width: 680px) 100vw, 680px\" \/><\/a><\/p>\n<p style=\"text-align: left; padding-left: 30px;\">Pas moins de 2 tractopelles ont \u00e9t\u00e9 n\u00e9cessaires pour\u00a0nous sortir de l\u00e0.\u00a0Il faudra attendre une saison plus s\u00e8che pour reprendre les chargements.<\/p>\n<p style=\"text-align: left;\">Nous nous sommes alors rabattus sur un nouveau projet : ouvrir un chemin dans le sud de la commune, qui servira de nouveau trac\u00e9 \u00e0 notre Tro Plistin.<\/p>\n<p style=\"text-align: left;\"><a href=\"https:\/\/cheminsplestinais.dcea.fr\/wp-content\/uploads\/2016\/02\/Capture02.jpg\"><img loading=\"lazy\" decoding=\"async\" class=\"alignleft size-medium wp-image-2226\" src=\"https:\/\/cheminsplestinais.dcea.fr\/wp-content\/uploads\/2016\/02\/Capture02-262x300.jpg\" alt=\"Capture02\" width=\"262\" height=\"300\" srcset=\"https:\/\/cheminsplestinais.dcea.fr\/wp-content\/uploads\/2016\/02\/Capture02-262x300.jpg 262w, https:\/\/cheminsplestinais.dcea.fr\/wp-content\/uploads\/2016\/02\/Capture02.jpg 617w\" sizes=\"(max-width: 262px) 100vw, 262px\" \/><\/a><\/p>\n<p style=\"text-align: left;\"><span style=\"color: #ffffff;\">.<\/span><\/p>\n<p style=\"text-align: left;\"><span style=\"color: #ffffff;\">.<\/span><\/p>\n<p style=\"text-align: left;\">En violet, le trac\u00e9 actuel<\/p>\n<p style=\"text-align: left;\">En bleu, le trac\u00e9 projet\u00e9.<\/p>\n<p style=\"text-align: left;\"><span style=\"color: #ffffff;\">.<\/span><\/p>\n<p style=\"text-align: left;\"><em>Entre Kerezou et Kerscrinou, le chemin<\/em><br \/>\n<em> avait \u00e9t\u00e9 ouvert en 2011 mais rarement<\/em><br \/>\n<em>utilis\u00e9 par les randonneurs<\/em>.<\/p>\n<p style=\"text-align: left;\"><a href=\"https:\/\/cheminsplestinais.dcea.fr\/wp-content\/uploads\/2016\/02\/Kerscrinou-3.jpg\"><img loading=\"lazy\" decoding=\"async\" class=\"alignnone wp-image-2180\" src=\"https:\/\/cheminsplestinais.dcea.fr\/wp-content\/uploads\/2016\/02\/Kerscrinou-3-300x225.jpg\" alt=\"Kerscrinou (3)\" width=\"280\" height=\"210\" srcset=\"https:\/\/cheminsplestinais.dcea.fr\/wp-content\/uploads\/2016\/02\/Kerscrinou-3-300x225.jpg 300w, https:\/\/cheminsplestinais.dcea.fr\/wp-content\/uploads\/2016\/02\/Kerscrinou-3.jpg 800w\" sizes=\"(max-width: 280px) 100vw, 280px\" \/><\/a>\u00a0<a href=\"https:\/\/cheminsplestinais.dcea.fr\/wp-content\/uploads\/2016\/02\/Kerscrinou-9.jpg\"><img loading=\"lazy\" decoding=\"async\" class=\"alignright size-medium wp-image-2244\" src=\"https:\/\/cheminsplestinais.dcea.fr\/wp-content\/uploads\/2016\/02\/Kerscrinou-9-300x225.jpg\" alt=\"Kerscrinou (9)\" width=\"300\" height=\"225\" srcset=\"https:\/\/cheminsplestinais.dcea.fr\/wp-content\/uploads\/2016\/02\/Kerscrinou-9-300x225.jpg 300w, https:\/\/cheminsplestinais.dcea.fr\/wp-content\/uploads\/2016\/02\/Kerscrinou-9.jpg 800w\" sizes=\"(max-width: 300px) 100vw, 300px\" \/><\/a><\/p>\n<p style=\"text-align: left;\">Mais le chemin est quelque peu humide<br \/>\net encombr\u00e9.<\/p>\n<p style=\"text-align: left;\">Et malgr\u00e9 notre bonne volont\u00e9 &#8230;<\/p>\n<p style=\"text-align: left;\"><a href=\"https:\/\/cheminsplestinais.dcea.fr\/wp-content\/uploads\/2016\/02\/Kerscrinou-8.jpg\"><img loading=\"lazy\" decoding=\"async\" class=\"alignleft size-medium wp-image-2243\" src=\"https:\/\/cheminsplestinais.dcea.fr\/wp-content\/uploads\/2016\/02\/Kerscrinou-8-225x300.jpg\" alt=\"Kerscrinou (8)\" width=\"225\" height=\"300\" srcset=\"https:\/\/cheminsplestinais.dcea.fr\/wp-content\/uploads\/2016\/02\/Kerscrinou-8-225x300.jpg 225w, https:\/\/cheminsplestinais.dcea.fr\/wp-content\/uploads\/2016\/02\/Kerscrinou-8.jpg 450w\" sizes=\"(max-width: 225px) 100vw, 225px\" \/><\/a>\u00a0<a href=\"https:\/\/cheminsplestinais.dcea.fr\/wp-content\/uploads\/2016\/02\/Kerscrinou-2.jpg\"><img loading=\"lazy\" decoding=\"async\" class=\" wp-image-2179 aligncenter\" src=\"https:\/\/cheminsplestinais.dcea.fr\/wp-content\/uploads\/2016\/02\/Kerscrinou-2-300x225.jpg\" alt=\"Kerscrinou (2)\" width=\"345\" height=\"259\" srcset=\"https:\/\/cheminsplestinais.dcea.fr\/wp-content\/uploads\/2016\/02\/Kerscrinou-2-300x225.jpg 300w, https:\/\/cheminsplestinais.dcea.fr\/wp-content\/uploads\/2016\/02\/Kerscrinou-2.jpg 800w\" sizes=\"(max-width: 345px) 100vw, 345px\" \/><\/a><\/p>\n<p style=\"text-align: center;\"><a href=\"https:\/\/cheminsplestinais.dcea.fr\/wp-content\/uploads\/2016\/02\/Kerscrinou-7.jpg\"><img loading=\"lazy\" decoding=\"async\" class=\"alignnone wp-image-2184\" src=\"https:\/\/cheminsplestinais.dcea.fr\/wp-content\/uploads\/2016\/02\/Kerscrinou-7-300x169.jpg\" alt=\"Kerscrinou (7)\" width=\"450\" height=\"253\" srcset=\"https:\/\/cheminsplestinais.dcea.fr\/wp-content\/uploads\/2016\/02\/Kerscrinou-7-300x169.jpg 300w, https:\/\/cheminsplestinais.dcea.fr\/wp-content\/uploads\/2016\/02\/Kerscrinou-7.jpg 800w\" sizes=\"(max-width: 450px) 100vw, 450px\" \/><\/a><\/p>\n<p style=\"text-align: center;\">et nos efforts conjugu\u00e9s,<\/p>\n<p style=\"text-align: left;\">nous avons temporairement suspendu ce chantier.<\/p>\n<p style=\"text-align: left;\"><span style=\"color: #ffffff;\">&#8230;..<\/span>Pour nous occuper utilement, nous avons proc\u00e9d\u00e9 au nettoyage de quelques sentiers dans le secteur du Grand Rocher,<br \/>\npleins de feuilles mortes et de boue<\/p>\n<p style=\"text-align: left;\"><a href=\"https:\/\/cheminsplestinais.dcea.fr\/wp-content\/uploads\/2016\/02\/CozIlis-4.jpg\"><img loading=\"lazy\" decoding=\"async\" class=\"alignleft size-medium wp-image-2242\" src=\"https:\/\/cheminsplestinais.dcea.fr\/wp-content\/uploads\/2016\/02\/CozIlis-4-300x225.jpg\" alt=\"CozIlis (4)\" width=\"300\" height=\"225\" srcset=\"https:\/\/cheminsplestinais.dcea.fr\/wp-content\/uploads\/2016\/02\/CozIlis-4-300x225.jpg 300w, https:\/\/cheminsplestinais.dcea.fr\/wp-content\/uploads\/2016\/02\/CozIlis-4.jpg 800w\" sizes=\"(max-width: 300px) 100vw, 300px\" \/><\/a><\/p>\n<p style=\"text-align: left;\"><a href=\"https:\/\/cheminsplestinais.dcea.fr\/wp-content\/uploads\/2016\/02\/CozIlis-2.jpg\"><img loading=\"lazy\" decoding=\"async\" class=\"alignright size-medium wp-image-2240\" src=\"https:\/\/cheminsplestinais.dcea.fr\/wp-content\/uploads\/2016\/02\/CozIlis-2-300x225.jpg\" alt=\"CozIlis (2)\" width=\"300\" height=\"225\" srcset=\"https:\/\/cheminsplestinais.dcea.fr\/wp-content\/uploads\/2016\/02\/CozIlis-2-300x225.jpg 300w, https:\/\/cheminsplestinais.dcea.fr\/wp-content\/uploads\/2016\/02\/CozIlis-2.jpg 800w\" sizes=\"(max-width: 300px) 100vw, 300px\" \/><\/a>\u00a0<a href=\"https:\/\/cheminsplestinais.dcea.fr\/wp-content\/uploads\/2016\/02\/RunColvez-1.jpg\"><img loading=\"lazy\" decoding=\"async\" class=\"alignnone size-medium wp-image-2219\" src=\"https:\/\/cheminsplestinais.dcea.fr\/wp-content\/uploads\/2016\/02\/RunColvez-1-225x300.jpg\" alt=\"RunColvez (1)\" width=\"225\" height=\"300\" srcset=\"https:\/\/cheminsplestinais.dcea.fr\/wp-content\/uploads\/2016\/02\/RunColvez-1-225x300.jpg 225w, https:\/\/cheminsplestinais.dcea.fr\/wp-content\/uploads\/2016\/02\/RunColvez-1.jpg 450w\" sizes=\"(max-width: 225px) 100vw, 225px\" \/>\u00a0\u00a0<img loading=\"lazy\" decoding=\"async\" class=\"alignnone size-medium wp-image-2220\" src=\"https:\/\/cheminsplestinais.dcea.fr\/wp-content\/uploads\/2016\/02\/RunColvez-2-225x300.jpg\" alt=\"RunColvez (2)\" width=\"225\" height=\"300\" srcset=\"https:\/\/cheminsplestinais.dcea.fr\/wp-content\/uploads\/2016\/02\/RunColvez-2-225x300.jpg 225w, https:\/\/cheminsplestinais.dcea.fr\/wp-content\/uploads\/2016\/02\/RunColvez-2.jpg 450w\" sizes=\"(max-width: 225px) 100vw, 225px\" \/><\/a><\/p>\n<p style=\"text-align: left;\">Mais nous sommes aussi rest\u00e9s 2 lundis, bien au chaud derri\u00e8re nos carreaux, \u00e0 regarder tomber la pluie.<\/p>\n<p style=\"text-align: left;\">En attendant des jours meilleurs,<\/p>\n<p style=\"text-align: center;\"><span style=\"color: #003300;\"><strong>n&rsquo;oubliez pas notre\u00a0Assembl\u00e9e \u00a0G\u00e9n\u00e9rale<\/strong><\/span><br \/>\n<span style=\"color: #003300;\"><strong> le lundi 29 f\u00e9vrier \u00e0 18h\u00e0 Ti An Holl<\/strong><\/span><\/p>\n","protected":false},"excerpt":{"rendered":"<p>&#8230; comme le dit l&rsquo;adage\u00a0des Chemins Plestinais. Deux mois sans nouvelles des chantiers. Et pourtant, nous ne sommes pas (seulement) tourn\u00e9 les pouces ! Notre projet d&rsquo;am\u00e9nagement du lavoir Sain-Haran (cf notre article La saison 2015-2016 sur les rails) \u00e9tait pr\u00eat \u00e0 d\u00e9buter, les plans d&rsquo;am\u00e9nagement du site ayant \u00e9t\u00e9 r\u00e9alis\u00e9s par notre coll\u00e8gue Dominique [&hellip;]<\/p>\n","protected":false},"author":1,"featured_media":0,"comment_status":"open","ping_status":"closed","sticky":false,"template":"","format":"standard","meta":{"footnotes":""},"categories":[2],"tags":[],"_links":{"self":[{"href":"https:\/\/cheminsplestinais.dcea.fr\/index.php?rest_route=\/wp\/v2\/posts\/2185"}],"collection":[{"href":"https:\/\/cheminsplestinais.dcea.fr\/index.php?rest_route=\/wp\/v2\/posts"}],"about":[{"href":"https:\/\/cheminsplestinais.dcea.fr\/index.php?rest_route=\/wp\/v2\/types\/post"}],"author":[{"embeddable":true,"href":"https:\/\/cheminsplestinais.dcea.fr\/index.php?rest_route=\/wp\/v2\/users\/1"}],"replies":[{"embeddable":true,"href":"https:\/\/cheminsplestinais.dcea.fr\/index.php?rest_route=%2Fwp%2Fv2%2Fcomments&post=2185"}],"version-history":[{"count":51,"href":"https:\/\/cheminsplestinais.dcea.fr\/index.php?rest_route=\/wp\/v2\/posts\/2185\/revisions"}],"predecessor-version":[{"id":2252,"href":"https:\/\/cheminsplestinais.dcea.fr\/index.php?rest_route=\/wp\/v2\/posts\/2185\/revisions\/2252"}],"wp:attachment":[{"href":"https:\/\/cheminsplestinais.dcea.fr\/index.php?rest_route=%2Fwp%2Fv2%2Fmedia&parent=2185"}],"wp:term":[{"taxonomy":"category","embeddable":true,"href":"https:\/\/cheminsplestinais.dcea.fr\/index.php?rest_route=%2Fwp%2Fv2%2Fcategories&post=2185"},{"taxonomy":"post_tag","embeddable":true,"href":"https:\/\/cheminsplestinais.dcea.fr\/index.php?rest_route=%2Fwp%2Fv2%2Ftags&post=2185"}],"curies":[{"name":"wp","href":"https:\/\/api.w.org\/{rel}","templated":true}]}}