{"id":2258,"date":"2016-04-09T13:01:31","date_gmt":"2016-04-09T12:01:31","guid":{"rendered":"http:\/\/www.cheminsplestinais.dcea.fr\/?p=2258"},"modified":"2016-04-20T11:05:03","modified_gmt":"2016-04-20T10:05:03","slug":"assechement-remblai-nettoyage","status":"publish","type":"post","link":"https:\/\/cheminsplestinais.dcea.fr\/?p=2258","title":{"rendered":"Ass\u00e8chement, remblai, nettoyage&#8230;"},"content":{"rendered":"<p style=\"padding-left: 30px;\">Sans doute moins enthousiasmant que l&rsquo;ouverture d&rsquo;un nouveau chemin \u00a0ou que la r\u00e9novation d&rsquo;un site !<\/p>\n<p>Pourtant, l&rsquo;entretien des chemins pour l&rsquo;agr\u00e9ment des randonneurs figure bien dans les missions de l&rsquo;association.<\/p>\n<p style=\"text-align: center;\">Nos interventions les plus r\u00e9centes\u00a0:<\/p>\n<ul>\n<li><strong><span style=\"color: #054705;\">Kerguiniou (partie commune aux circuits \u00a0Ste-Anne et \u00a0St-Jagut)<\/span><\/strong><\/li>\n<\/ul>\n<p><a href=\"https:\/\/cheminsplestinais.dcea.fr\/wp-content\/uploads\/2016\/04\/Dumont-2.jpg\"><img loading=\"lazy\" decoding=\"async\" class=\"alignnone wp-image-2266\" src=\"https:\/\/cheminsplestinais.dcea.fr\/wp-content\/uploads\/2016\/04\/Dumont-2-300x225.jpg\" alt=\"Dumont (2)\" width=\"280\" height=\"210\" srcset=\"https:\/\/cheminsplestinais.dcea.fr\/wp-content\/uploads\/2016\/04\/Dumont-2-300x225.jpg 300w, https:\/\/cheminsplestinais.dcea.fr\/wp-content\/uploads\/2016\/04\/Dumont-2-1024x768.jpg 1024w, https:\/\/cheminsplestinais.dcea.fr\/wp-content\/uploads\/2016\/04\/Dumont-2.jpg 1280w\" sizes=\"(max-width: 280px) 100vw, 280px\" \/><\/a>\u00a0<a href=\"https:\/\/cheminsplestinais.dcea.fr\/wp-content\/uploads\/2016\/04\/Dumont-10.jpg\"><img loading=\"lazy\" decoding=\"async\" class=\"alignright size-medium wp-image-2269\" src=\"https:\/\/cheminsplestinais.dcea.fr\/wp-content\/uploads\/2016\/04\/Dumont-10-300x225.jpg\" alt=\"Dumont (10)\" width=\"300\" height=\"225\" srcset=\"https:\/\/cheminsplestinais.dcea.fr\/wp-content\/uploads\/2016\/04\/Dumont-10-300x225.jpg 300w, https:\/\/cheminsplestinais.dcea.fr\/wp-content\/uploads\/2016\/04\/Dumont-10-1024x768.jpg 1024w, https:\/\/cheminsplestinais.dcea.fr\/wp-content\/uploads\/2016\/04\/Dumont-10.jpg 1280w\" sizes=\"(max-width: 300px) 100vw, 300px\" \/><\/a><\/p>\n<p><span style=\"color: #ffffff;\">&#8230;&#8230;<\/span>Le sentier qui m\u00e8ne au Dour Meur<br \/>\n<span style=\"color: #ffffff;\">&#8230;&#8230;<\/span>\u00e9tait<span style=\"color: #ffffff;\">.<\/span>impraticable.<\/p>\n<p style=\"text-align: center;\"><a href=\"https:\/\/cheminsplestinais.dcea.fr\/wp-content\/uploads\/2016\/04\/Dumont-5.jpg\"><img loading=\"lazy\" decoding=\"async\" class=\"alignleft size-medium wp-image-2267\" src=\"https:\/\/cheminsplestinais.dcea.fr\/wp-content\/uploads\/2016\/04\/Dumont-5-300x225.jpg\" alt=\"Dumont (5)\" width=\"300\" height=\"225\" srcset=\"https:\/\/cheminsplestinais.dcea.fr\/wp-content\/uploads\/2016\/04\/Dumont-5-300x225.jpg 300w, https:\/\/cheminsplestinais.dcea.fr\/wp-content\/uploads\/2016\/04\/Dumont-5-1024x768.jpg 1024w, https:\/\/cheminsplestinais.dcea.fr\/wp-content\/uploads\/2016\/04\/Dumont-5.jpg 1280w\" sizes=\"(max-width: 300px) 100vw, 300px\" \/><\/a>Nous avons creus\u00e9 une tranch\u00e9e<br \/>\npour faire \u00e9couler l&rsquo;eau&#8230;<\/p>\n<p><a href=\"https:\/\/cheminsplestinais.dcea.fr\/wp-content\/uploads\/2016\/04\/Dumont-8.jpg\"><img loading=\"lazy\" decoding=\"async\" class=\"alignnone wp-image-2268\" src=\"https:\/\/cheminsplestinais.dcea.fr\/wp-content\/uploads\/2016\/04\/Dumont-8-300x225.jpg\" alt=\"Dumont (8)\" width=\"287\" height=\"215\" srcset=\"https:\/\/cheminsplestinais.dcea.fr\/wp-content\/uploads\/2016\/04\/Dumont-8-300x225.jpg 300w, https:\/\/cheminsplestinais.dcea.fr\/wp-content\/uploads\/2016\/04\/Dumont-8-1024x768.jpg 1024w, https:\/\/cheminsplestinais.dcea.fr\/wp-content\/uploads\/2016\/04\/Dumont-8.jpg 1280w\" sizes=\"(max-width: 287px) 100vw, 287px\" \/><\/a><\/p>\n<p style=\"text-align: right;\"><a href=\"https:\/\/cheminsplestinais.dcea.fr\/wp-content\/uploads\/2016\/04\/vlcsnap1-r.jpg\"><img loading=\"lazy\" decoding=\"async\" class=\"aligncenter wp-image-2270\" src=\"https:\/\/cheminsplestinais.dcea.fr\/wp-content\/uploads\/2016\/04\/vlcsnap1-r.jpg\" alt=\"vlcsnap1-r\" width=\"644\" height=\"366\" srcset=\"https:\/\/cheminsplestinais.dcea.fr\/wp-content\/uploads\/2016\/04\/vlcsnap1-r.jpg 820w, https:\/\/cheminsplestinais.dcea.fr\/wp-content\/uploads\/2016\/04\/vlcsnap1-r-300x170.jpg 300w\" sizes=\"(max-width: 644px) 100vw, 644px\" \/><\/a>et r\u00e9alis\u00e9 un empierrement pour faciliter le cheminement.<\/p>\n<p style=\"text-align: left; padding-left: 30px;\">En attendant le petit pont de bois qui permettra de franchir<br \/>\nle Dour Meur \u00e0 pied sec.<\/p>\n<ul>\n<li style=\"text-align: left;\"><strong><span style=\"color: #054705;\">Coat Ar Bescond (circuit de Saint-Jagut)<\/span><\/strong><\/li>\n<\/ul>\n<p><span style=\"color: #008000;\"><a style=\"color: #008000;\" href=\"https:\/\/cheminsplestinais.dcea.fr\/wp-content\/uploads\/2016\/04\/CoatArBescon-7-mars-4.jpg\"><img loading=\"lazy\" decoding=\"async\" class=\"alignnone wp-image-2298\" src=\"https:\/\/cheminsplestinais.dcea.fr\/wp-content\/uploads\/2016\/04\/CoatArBescon-7-mars-4-300x225.jpg\" alt=\"CoatArBescon-7 mars (4)\" width=\"280\" height=\"210\" srcset=\"https:\/\/cheminsplestinais.dcea.fr\/wp-content\/uploads\/2016\/04\/CoatArBescon-7-mars-4-300x225.jpg 300w, https:\/\/cheminsplestinais.dcea.fr\/wp-content\/uploads\/2016\/04\/CoatArBescon-7-mars-4-1024x768.jpg 1024w, https:\/\/cheminsplestinais.dcea.fr\/wp-content\/uploads\/2016\/04\/CoatArBescon-7-mars-4.jpg 1280w\" sizes=\"(max-width: 280px) 100vw, 280px\" \/><\/a>\u00a0\u00a0<a href=\"https:\/\/cheminsplestinais.dcea.fr\/wp-content\/uploads\/2016\/04\/CoatArBescon-7-mars-1.jpg\"><img loading=\"lazy\" decoding=\"async\" class=\"alignright size-medium wp-image-2297\" src=\"https:\/\/cheminsplestinais.dcea.fr\/wp-content\/uploads\/2016\/04\/CoatArBescon-7-mars-1-300x225.jpg\" alt=\"CoatArBescon-7 mars (1)\" width=\"300\" height=\"225\" srcset=\"https:\/\/cheminsplestinais.dcea.fr\/wp-content\/uploads\/2016\/04\/CoatArBescon-7-mars-1-300x225.jpg 300w, https:\/\/cheminsplestinais.dcea.fr\/wp-content\/uploads\/2016\/04\/CoatArBescon-7-mars-1-1024x768.jpg 1024w, https:\/\/cheminsplestinais.dcea.fr\/wp-content\/uploads\/2016\/04\/CoatArBescon-7-mars-1.jpg 1280w\" sizes=\"(max-width: 300px) 100vw, 300px\" \/><\/a><\/span><\/p>\n<p style=\"padding-left: 90px;\"><span style=\"color: #008000;\"><span style=\"color: #000000;\">Cent fois sur le m\u00e9tier<br \/>\n<\/span><\/span><\/p>\n<p style=\"padding-left: 90px;\">remettez votre ouvrage.<a href=\"https:\/\/cheminsplestinais.dcea.fr\/wp-content\/uploads\/2016\/04\/CoatArBescon-7-mars-11.jpg\">\u00a0<\/a><a href=\"https:\/\/cheminsplestinais.dcea.fr\/wp-content\/uploads\/2016\/04\/CoatArBescon-7-mars-17.jpg\"><img loading=\"lazy\" decoding=\"async\" class=\"alignright size-medium wp-image-2300\" src=\"https:\/\/cheminsplestinais.dcea.fr\/wp-content\/uploads\/2016\/04\/CoatArBescon-7-mars-17-300x225.jpg\" alt=\"CoatArBescon-7 mars (17)\" width=\"300\" height=\"225\" srcset=\"https:\/\/cheminsplestinais.dcea.fr\/wp-content\/uploads\/2016\/04\/CoatArBescon-7-mars-17-300x225.jpg 300w, https:\/\/cheminsplestinais.dcea.fr\/wp-content\/uploads\/2016\/04\/CoatArBescon-7-mars-17-1024x768.jpg 1024w, https:\/\/cheminsplestinais.dcea.fr\/wp-content\/uploads\/2016\/04\/CoatArBescon-7-mars-17.jpg 1280w\" sizes=\"(max-width: 300px) 100vw, 300px\" \/><\/a><\/p>\n<p><a href=\"https:\/\/cheminsplestinais.dcea.fr\/wp-content\/uploads\/2016\/04\/CoatArBescon-7-mars-11.jpg\"><img loading=\"lazy\" decoding=\"async\" class=\"alignnone size-medium wp-image-2299\" src=\"https:\/\/cheminsplestinais.dcea.fr\/wp-content\/uploads\/2016\/04\/CoatArBescon-7-mars-11-300x225.jpg\" alt=\"CoatArBescon-7 mars (11)\" width=\"300\" height=\"225\" srcset=\"https:\/\/cheminsplestinais.dcea.fr\/wp-content\/uploads\/2016\/04\/CoatArBescon-7-mars-11-300x225.jpg 300w, https:\/\/cheminsplestinais.dcea.fr\/wp-content\/uploads\/2016\/04\/CoatArBescon-7-mars-11-1024x768.jpg 1024w, https:\/\/cheminsplestinais.dcea.fr\/wp-content\/uploads\/2016\/04\/CoatArBescon-7-mars-11.jpg 1280w\" sizes=\"(max-width: 300px) 100vw, 300px\" \/><\/a><\/p>\n<p>&nbsp;<\/p>\n<ul>\n<li><strong><span style=\"color: #054705;\">Collogot (circuit de St-S\u00e9bastien)<\/span><\/strong><\/li>\n<\/ul>\n<p><a href=\"https:\/\/cheminsplestinais.dcea.fr\/wp-content\/uploads\/2016\/04\/collogot-14-mars-1.jpg\"><img loading=\"lazy\" decoding=\"async\" class=\"alignleft size-medium wp-image-2327\" src=\"https:\/\/cheminsplestinais.dcea.fr\/wp-content\/uploads\/2016\/04\/collogot-14-mars-1-300x225.jpg\" alt=\"collogot-14 mars (1)\" width=\"300\" height=\"225\" srcset=\"https:\/\/cheminsplestinais.dcea.fr\/wp-content\/uploads\/2016\/04\/collogot-14-mars-1-300x225.jpg 300w, https:\/\/cheminsplestinais.dcea.fr\/wp-content\/uploads\/2016\/04\/collogot-14-mars-1-1024x768.jpg 1024w, https:\/\/cheminsplestinais.dcea.fr\/wp-content\/uploads\/2016\/04\/collogot-14-mars-1.jpg 1280w\" sizes=\"(max-width: 300px) 100vw, 300px\" \/><\/a><br \/>\n<a href=\"https:\/\/cheminsplestinais.dcea.fr\/wp-content\/uploads\/2016\/04\/collogot-14-mars-nobili-1-r.jpg\"><img loading=\"lazy\" decoding=\"async\" class=\"alignright size-medium wp-image-2329\" src=\"https:\/\/cheminsplestinais.dcea.fr\/wp-content\/uploads\/2016\/04\/collogot-14-mars-nobili-1-r-225x300.jpg\" alt=\"collogot-14 mars-nobili (1)-r\" width=\"225\" height=\"300\" srcset=\"https:\/\/cheminsplestinais.dcea.fr\/wp-content\/uploads\/2016\/04\/collogot-14-mars-nobili-1-r-225x300.jpg 225w, https:\/\/cheminsplestinais.dcea.fr\/wp-content\/uploads\/2016\/04\/collogot-14-mars-nobili-1-r.jpg 564w\" sizes=\"(max-width: 225px) 100vw, 225px\" \/><\/a><\/p>\n<p>&nbsp;<\/p>\n<p>Le nombre fait la force !<\/p>\n<p>&nbsp;<\/p>\n<p>&nbsp;<\/p>\n<p style=\"text-align: right;\">Nous r\u00e9am\u00e9nageons le passage d&rsquo;un ruisseau.<\/p>\n<p style=\"text-align: left;\">\u00a0<a href=\"https:\/\/cheminsplestinais.dcea.fr\/wp-content\/uploads\/2016\/04\/vlcsnap-2016-04-09-11h39m10s711.jpg\"><img loading=\"lazy\" decoding=\"async\" class=\"alignnone wp-image-2330\" src=\"https:\/\/cheminsplestinais.dcea.fr\/wp-content\/uploads\/2016\/04\/vlcsnap-2016-04-09-11h39m10s711-300x173.jpg\" alt=\"vlcsnap-2016-04-09-11h39m10s711\" width=\"360\" height=\"207\" srcset=\"https:\/\/cheminsplestinais.dcea.fr\/wp-content\/uploads\/2016\/04\/vlcsnap-2016-04-09-11h39m10s711-300x173.jpg 300w, https:\/\/cheminsplestinais.dcea.fr\/wp-content\/uploads\/2016\/04\/vlcsnap-2016-04-09-11h39m10s711.jpg 800w\" sizes=\"(max-width: 360px) 100vw, 360px\" \/><\/a><\/p>\n<p style=\"text-align: left;\">\u00c7a travaille dur, mais toujours dans la bonne humeur.<\/p>\n<p style=\"text-align: center;\">et pour quel r\u00e9sultat !\u00a0<img loading=\"lazy\" decoding=\"async\" class=\"alignnone wp-image-2328\" src=\"https:\/\/cheminsplestinais.dcea.fr\/wp-content\/uploads\/2016\/04\/collogot-14-mars-3-300x271.jpg\" alt=\"collogot-14 mars (3)\" width=\"280\" height=\"253\" srcset=\"https:\/\/cheminsplestinais.dcea.fr\/wp-content\/uploads\/2016\/04\/collogot-14-mars-3-300x271.jpg 300w, https:\/\/cheminsplestinais.dcea.fr\/wp-content\/uploads\/2016\/04\/collogot-14-mars-3.jpg 626w\" sizes=\"(max-width: 280px) 100vw, 280px\" \/><a href=\"https:\/\/cheminsplestinais.dcea.fr\/wp-content\/uploads\/2016\/04\/collogot-14-mars-3.jpg\"><br \/>\n<\/a><\/p>\n<p style=\"text-align: left;\"><span style=\"color: #ffffff;\">.<\/span><\/p>\n<p style=\"text-align: left;\">Enfin, pour changer un peu de registre, nous sommes intervenus le 21 mars sur un terrain jouxtant Ti An Holl, \u00e0 la demande du service Enfance Jeunesse, afin d&rsquo;y cr\u00e9er un potager.<\/p>\n<p style=\"text-align: left;\"><a href=\"https:\/\/cheminsplestinais.dcea.fr\/wp-content\/uploads\/2016\/04\/21-mars-4.jpg\"><img loading=\"lazy\" decoding=\"async\" class=\"alignright wp-image-2358 size-medium\" src=\"https:\/\/cheminsplestinais.dcea.fr\/wp-content\/uploads\/2016\/04\/21-mars-4-300x225.jpg\" alt=\"21-mars (4)\" width=\"300\" height=\"225\" srcset=\"https:\/\/cheminsplestinais.dcea.fr\/wp-content\/uploads\/2016\/04\/21-mars-4-300x225.jpg 300w, https:\/\/cheminsplestinais.dcea.fr\/wp-content\/uploads\/2016\/04\/21-mars-4-1024x768.jpg 1024w, https:\/\/cheminsplestinais.dcea.fr\/wp-content\/uploads\/2016\/04\/21-mars-4.jpg 1280w\" sizes=\"(max-width: 300px) 100vw, 300px\" \/><\/a><\/p>\n<p style=\"text-align: left;\"><span style=\"color: #ffffff;\">.<\/span><\/p>\n<p style=\"text-align: left;\"><span style=\"color: #ffffff;\">.<\/span><\/p>\n<p style=\"text-align: left;\">\u00a0<a href=\"https:\/\/cheminsplestinais.dcea.fr\/wp-content\/uploads\/2016\/04\/21-mars-9.jpg\"><img loading=\"lazy\" decoding=\"async\" class=\"alignleft wp-image-2359 size-medium\" src=\"https:\/\/cheminsplestinais.dcea.fr\/wp-content\/uploads\/2016\/04\/21-mars-9-300x225.jpg\" alt=\"21-mars (9)\" width=\"300\" height=\"225\" srcset=\"https:\/\/cheminsplestinais.dcea.fr\/wp-content\/uploads\/2016\/04\/21-mars-9-300x225.jpg 300w, https:\/\/cheminsplestinais.dcea.fr\/wp-content\/uploads\/2016\/04\/21-mars-9-1024x768.jpg 1024w, https:\/\/cheminsplestinais.dcea.fr\/wp-content\/uploads\/2016\/04\/21-mars-9.jpg 1280w\" sizes=\"(max-width: 300px) 100vw, 300px\" \/><\/a>Les jeunes de Plestin vont maintenant pouvoir y planter carottes et poireaux.<\/p>\n<p style=\"text-align: left;\">\n<p style=\"text-align: left;\">Ils s&rsquo;y sont d&rsquo;ailleurs d\u00e9j\u00e0 mis.<\/p>\n<p style=\"text-align: left;\"><a href=\"https:\/\/cheminsplestinais.dcea.fr\/wp-content\/uploads\/2016\/04\/SIJ-TAH.jpg\"><img loading=\"lazy\" decoding=\"async\" class=\"aligncenter wp-image-2372 size-medium\" src=\"https:\/\/cheminsplestinais.dcea.fr\/wp-content\/uploads\/2016\/04\/SIJ-TAH-300x225.jpg\" alt=\"SIJ-TAH\" width=\"300\" height=\"225\" srcset=\"https:\/\/cheminsplestinais.dcea.fr\/wp-content\/uploads\/2016\/04\/SIJ-TAH-300x225.jpg 300w, https:\/\/cheminsplestinais.dcea.fr\/wp-content\/uploads\/2016\/04\/SIJ-TAH.jpg 600w\" sizes=\"(max-width: 300px) 100vw, 300px\" \/><\/a><\/p>\n","protected":false},"excerpt":{"rendered":"<p>Sans doute moins enthousiasmant que l&rsquo;ouverture d&rsquo;un nouveau chemin \u00a0ou que la r\u00e9novation d&rsquo;un site ! Pourtant, l&rsquo;entretien des chemins pour l&rsquo;agr\u00e9ment des randonneurs figure bien dans les missions de l&rsquo;association. Nos interventions les plus r\u00e9centes\u00a0: Kerguiniou (partie commune aux circuits \u00a0Ste-Anne et \u00a0St-Jagut) \u00a0 &#8230;&#8230;Le sentier qui m\u00e8ne au Dour Meur &#8230;&#8230;\u00e9tait.impraticable. Nous avons [&hellip;]<\/p>\n","protected":false},"author":1,"featured_media":0,"comment_status":"open","ping_status":"closed","sticky":false,"template":"","format":"standard","meta":{"footnotes":""},"categories":[2,1],"tags":[],"_links":{"self":[{"href":"https:\/\/cheminsplestinais.dcea.fr\/index.php?rest_route=\/wp\/v2\/posts\/2258"}],"collection":[{"href":"https:\/\/cheminsplestinais.dcea.fr\/index.php?rest_route=\/wp\/v2\/posts"}],"about":[{"href":"https:\/\/cheminsplestinais.dcea.fr\/index.php?rest_route=\/wp\/v2\/types\/post"}],"author":[{"embeddable":true,"href":"https:\/\/cheminsplestinais.dcea.fr\/index.php?rest_route=\/wp\/v2\/users\/1"}],"replies":[{"embeddable":true,"href":"https:\/\/cheminsplestinais.dcea.fr\/index.php?rest_route=%2Fwp%2Fv2%2Fcomments&post=2258"}],"version-history":[{"count":92,"href":"https:\/\/cheminsplestinais.dcea.fr\/index.php?rest_route=\/wp\/v2\/posts\/2258\/revisions"}],"predecessor-version":[{"id":2367,"href":"https:\/\/cheminsplestinais.dcea.fr\/index.php?rest_route=\/wp\/v2\/posts\/2258\/revisions\/2367"}],"wp:attachment":[{"href":"https:\/\/cheminsplestinais.dcea.fr\/index.php?rest_route=%2Fwp%2Fv2%2Fmedia&parent=2258"}],"wp:term":[{"taxonomy":"category","embeddable":true,"href":"https:\/\/cheminsplestinais.dcea.fr\/index.php?rest_route=%2Fwp%2Fv2%2Fcategories&post=2258"},{"taxonomy":"post_tag","embeddable":true,"href":"https:\/\/cheminsplestinais.dcea.fr\/index.php?rest_route=%2Fwp%2Fv2%2Ftags&post=2258"}],"curies":[{"name":"wp","href":"https:\/\/api.w.org\/{rel}","templated":true}]}}