{"id":232,"date":"2014-02-18T13:29:46","date_gmt":"2014-02-18T12:29:46","guid":{"rendered":"http:\/\/www.cheminsplestinais.dcea.fr\/?p=232"},"modified":"2014-11-06T17:11:55","modified_gmt":"2014-11-06T16:11:55","slug":"assemblee-generale-2014","status":"publish","type":"post","link":"https:\/\/cheminsplestinais.dcea.fr\/?p=232","title":{"rendered":"ASSEMBL\u00c9E G\u00c9N\u00c9RALE 2014"},"content":{"rendered":"<p>Le lundi 10 f\u00e9vrier s&rsquo;est\u00a0 tenue \u00e0 Ti An Holl l&rsquo;assembl\u00e9e g\u00e9n\u00e9rale annuelle de notre association \u00ab\u00a0Chemins Plestinais et Patrimoine\u00a0\u00bb. Nous abordons\u00a0 notre 5\u00e8me ann\u00e9e d&rsquo;existence.<\/p>\n<p>&nbsp;<\/p>\n<p><img loading=\"lazy\" decoding=\"async\" class=\"CtreTexte\" src=\"http:\/\/img.over-blog.com\/600x344\/3\/88\/85\/99\/AG\/ag2014--2-.jpg\" alt=\"ag2014 (2)\" width=\"600\" height=\"344\" \/><\/p>\n<p>&nbsp;<\/p>\n<p><strong>Devant un auditoire attentif, les membres du bureau ont d&rsquo;abord rappel\u00e9 les actions de l&rsquo;association durant l&rsquo;ann\u00e9e \u00e9coul\u00e9e :<\/strong><\/p>\n<p>&nbsp;<\/p>\n<p>* <em>Le gros chantier de d\u00e9but d\u2019ann\u00e9e \u00e9tait le <span style=\"color: #ff6600;\">Bois de Coat Ar Bescon<\/span>.<\/em><br \/>\n<em> Il a d\u00e9but\u00e9 fin 2012 pour s\u2019achever en mars 2013<\/em><\/p>\n<blockquote><p>* <span style=\"color: #000000;\">De Mi-avril \u00e0 mi-mai, am\u00e9nagement du passage de <span style=\"color: #ff6600;\">Collogot \u00e0 Goasorguen.<\/span> Cette portion fait partie de la grande boucle de Saint S\u00e9bastien et permet \u00e9galement de boucler le \u00ab\u00a0Tro Plistin\u00a0\u00bb<\/span><\/p><\/blockquote>\n<p>*A<em>u printemps\u00a0: d\u00e9broussaillage et nettoyage des diff\u00e9rents circuits des chapelles<\/em><\/p>\n<p>* <em>Fin mai, d\u00e9but juin, la grande boucle \u00ab\u00a0<span style=\"color: #ff6600;\">Tro Plistin<\/span>\u00a0\u00bb longue de 29 Km a enfin vu le jour.<\/em><br \/>\n<em> Un gros travail de balisage a \u00e9t\u00e9 r\u00e9alis\u00e9.<\/em><\/p>\n<p>* <em>Les circuits sont en constante \u00e9volution du fait de l\u2019ouverture de certains chemins<\/em><br \/>\n<em> (Saint Jagut, St S\u00e9bastien).<\/em><\/p>\n<p>* <em>L\u2019objectif de l\u2019association n\u2019\u00e9tant pas uniquement la cr\u00e9ation et l\u2019entretien de chemins,<\/em><br \/>\n<em> les b\u00e9n\u00e9voles s\u2019attaquent aussi au petit patrimoine plestinais.<\/em><br \/>\n<em> Depuis Octobre dernier, la fontaine et le lavoir Saint Gestin sont en cours de restauration<\/em><br \/>\n(<em>voir articles correspondants sur l&rsquo;ancien blog<\/em>)<\/p>\n<p>&nbsp;<\/p>\n<p style=\"padding-left: 30px;\"><strong>Plusieurs sorties ont \u00e9t\u00e9 \u00e9galement organis\u00e9es :<\/strong><\/p>\n<p>&nbsp;<\/p>\n<p>* <em>Le 8 mai, <span style=\"color: #000080;\">inauguration<\/span> <span style=\"color: #000080;\">du chemin de Coat Ar Bescon<\/span> (nouvelle boucle de St-Jagut) : environ 75 participants sur une boucle de 8 km<\/em><\/p>\n<p>&nbsp;<\/p>\n<p>* <em>En juin, <span style=\"color: #000080;\">sortie annuelle<\/span> de l&rsquo;association dans les Monts d&rsquo;Arr\u00e9e (St-Michel de Braspart, St-Rivoal, parc animalier de Menez Meur, lac du Drennec<\/em><\/p>\n<p>&nbsp;<\/p>\n<p>* Le 9 septembre, <span style=\"color: #000080;\">inauguration du \u00ab\u00a0Tro Plistin\u00a0\u00bb<\/span> : une vingtaine de participants ont r\u00e9alis\u00e9 les 29 km du parcours (25 km pour ceux qui ont opt\u00e9 pour la version courte).<\/p>\n<p>&nbsp;<\/p>\n<p style=\"text-align: center;\"><img loading=\"lazy\" decoding=\"async\" class=\"GcheTexte aligncenter\" src=\"http:\/\/img.over-blog.com\/300x272\/3\/88\/85\/99\/AG\/ag2014--3-.jpg\" alt=\"ag2014 (3)\" width=\"300\" height=\"272\" \/><br \/>\n<strong>\u00a0\u00a0 Approbation des bilans moral<\/strong><strong>\u00a0et financier \u00e0 l&rsquo;unanimit\u00e9.<\/strong><\/p>\n<p>&nbsp;<\/p>\n<p><strong>\u00a0\u00a0\u00a0\u00a0\u00a0 Puis pr\u00e9sentation des projets<\/strong><strong>\u00a0 pour l&rsquo;ann\u00e9e 2014 :<\/strong><\/p>\n<p>&nbsp;<\/p>\n<ul>\n<li>Ouverture d\u2019un chemin communal entre le Poul et Kervourdon (secteur St-S\u00e9bastien)<\/li>\n<\/ul>\n<p>&nbsp;<\/p>\n<ul>\n<li>\u00a0Am\u00e9lioration de certains passages dans les diff\u00e9rents circuits des chapelles (Sainte Anne, Coat ar Bescon)<\/li>\n<\/ul>\n<p>&nbsp;<\/p>\n<ul>\n<li>Eventuellement restauration et mise en valeur de la fontaine et du lavoir de St Haran<\/li>\n<\/ul>\n<p>&nbsp;<\/p>\n<ul>\n<li>R\u00e9fection de certains panneaux de signalisation\u00a0 car ab\u00eem\u00e9s par les intemp\u00e9ries<\/li>\n<\/ul>\n<p>&nbsp;<\/p>\n<ul>\n<li>R\u00e9flexion \u00e0 mener pour mettre des panneaux p\u00e9dagogiques le long du Douron (ou sur d&rsquo;autres circuits)<\/li>\n<\/ul>\n<p>&nbsp;<\/p>\n<ul>\n<li>Semaine du D\u00e9veloppement durable \u00e0 Ti an Holl du 14 avril au 10 mai : notre association y participera sous la forme d&rsquo;une exposition de nos activit\u00e9s (photos et diaporamas) et de l&rsquo;accompagnement de 2 classes de l&rsquo;\u00e9cole primaire \u00e0 la d\u00e9couverte de la fontaine et du lavoir St-Gestin .<\/li>\n<\/ul>\n<p>&nbsp;<\/p>\n<ul>\n<li>Le 11 mai : inauguration officielle de ce site. Une randonn\u00e9e ouverte \u00e0 tous est pr\u00e9vue \u00e0 cette occasion.<\/li>\n<\/ul>\n<p>&nbsp;<\/p>\n<ul>\n<li>Fin 2014 : participation au T\u00e9l\u00e9thon : organistion de diverses randonn\u00e9es \u00e0 partir du boulodrome.<\/li>\n<\/ul>\n<p>Lors des questions diverses, il est sugg\u00e9r\u00e9 d&rsquo;envisager la cr\u00e9ation d&rsquo;un th\u00e9\u00e2tre de verdure.<\/p>\n<p>&nbsp;<\/p>\n<p><em>De nouveaux membres sont \u00e9lus au conseil d&rsquo;administration :<\/em><\/p>\n<p style=\"padding-left: 30px;\">\u00a0&#8211; Jean-Yves Boennec<\/p>\n<p style=\"padding-left: 30px;\">&#8211; Yvon Le Guen<\/p>\n<p style=\"padding-left: 30px;\">&#8211; Michel Menou<\/p>\n<p>&nbsp;<\/p>\n<p>Avant le traditionnel pot de l&rsquo;amiti\u00e9, projection d&rsquo;un diaporama sur les activit\u00e9s de l&rsquo;association durant l&rsquo;ann\u00e9e \u00e9coul\u00e9e.<\/p>\n<p>&nbsp;<\/p>\n<p style=\"padding-left: 30px;\">Remerciements \u00e0 :<\/p>\n<p style=\"padding-left: 60px;\">\u00a0&#8211; la municipalit\u00e9 et les services techniques<\/p>\n<p style=\"padding-left: 60px;\">&#8211; les b\u00e9n\u00e9voles qui participent activement aux chantiers<\/p>\n<p style=\"padding-left: 60px;\">&#8211; les adh\u00e9rents et donateurs<\/p>\n<p style=\"padding-left: 60px;\">&#8211; les signaleurs qui ont particip\u00e9 \u00e0 l\u2019organisation du trail du mois d\u2019octobre<\/p>\n<p>&nbsp;<\/p>\n","protected":false},"excerpt":{"rendered":"<p>Le lundi 10 f\u00e9vrier s&rsquo;est\u00a0 tenue \u00e0 Ti An Holl l&rsquo;assembl\u00e9e g\u00e9n\u00e9rale annuelle de notre association \u00ab\u00a0Chemins Plestinais et Patrimoine\u00a0\u00bb. Nous abordons\u00a0 notre 5\u00e8me ann\u00e9e d&rsquo;existence. &nbsp; &nbsp; Devant un auditoire attentif, les membres du bureau ont d&rsquo;abord rappel\u00e9 les actions de l&rsquo;association durant l&rsquo;ann\u00e9e \u00e9coul\u00e9e : &nbsp; * Le gros chantier de d\u00e9but d\u2019ann\u00e9e [&hellip;]<\/p>\n","protected":false},"author":1,"featured_media":0,"comment_status":"open","ping_status":"open","sticky":false,"template":"","format":"standard","meta":{"footnotes":""},"categories":[7],"tags":[],"_links":{"self":[{"href":"https:\/\/cheminsplestinais.dcea.fr\/index.php?rest_route=\/wp\/v2\/posts\/232"}],"collection":[{"href":"https:\/\/cheminsplestinais.dcea.fr\/index.php?rest_route=\/wp\/v2\/posts"}],"about":[{"href":"https:\/\/cheminsplestinais.dcea.fr\/index.php?rest_route=\/wp\/v2\/types\/post"}],"author":[{"embeddable":true,"href":"https:\/\/cheminsplestinais.dcea.fr\/index.php?rest_route=\/wp\/v2\/users\/1"}],"replies":[{"embeddable":true,"href":"https:\/\/cheminsplestinais.dcea.fr\/index.php?rest_route=%2Fwp%2Fv2%2Fcomments&post=232"}],"version-history":[{"count":4,"href":"https:\/\/cheminsplestinais.dcea.fr\/index.php?rest_route=\/wp\/v2\/posts\/232\/revisions"}],"predecessor-version":[{"id":236,"href":"https:\/\/cheminsplestinais.dcea.fr\/index.php?rest_route=\/wp\/v2\/posts\/232\/revisions\/236"}],"wp:attachment":[{"href":"https:\/\/cheminsplestinais.dcea.fr\/index.php?rest_route=%2Fwp%2Fv2%2Fmedia&parent=232"}],"wp:term":[{"taxonomy":"category","embeddable":true,"href":"https:\/\/cheminsplestinais.dcea.fr\/index.php?rest_route=%2Fwp%2Fv2%2Fcategories&post=232"},{"taxonomy":"post_tag","embeddable":true,"href":"https:\/\/cheminsplestinais.dcea.fr\/index.php?rest_route=%2Fwp%2Fv2%2Ftags&post=232"}],"curies":[{"name":"wp","href":"https:\/\/api.w.org\/{rel}","templated":true}]}}