{"id":237,"date":"2014-10-11T17:13:45","date_gmt":"2014-10-11T16:13:45","guid":{"rendered":"http:\/\/www.cheminsplestinais.dcea.fr\/?p=237"},"modified":"2014-11-06T18:23:08","modified_gmt":"2014-11-06T17:23:08","slug":"la-saison-2014-2015-sur-les-rails","status":"publish","type":"post","link":"https:\/\/cheminsplestinais.dcea.fr\/?p=237","title":{"rendered":"La saison 2014-2015 sur les rails"},"content":{"rendered":"<p><em>Le 6 octobre, apr\u00e8s de longues, longues vacances, les b\u00e9n\u00e9voles des \u00ab\u00a0Chemins Plestinais et Patrimoine\u00a0\u00bb ont ressorti leur panoplie de parfaits \u00ab\u00a0CPPistes\u00a0\u00bb \u00a0<\/em><em>pour revenir am\u00e9liorer les sentiers de la commune.<\/em><\/p>\n<p><img loading=\"lazy\" decoding=\"async\" class=\" CtreTexte aligncenter\" src=\"http:\/\/img.over-blog.com\/500x375\/3\/88\/85\/99\/m-automne-2014\/m-automne-2014-8921r.JPG\" alt=\"m-automne-2014 8921r\" width=\"400\" height=\"300\" \/><\/p>\n<p>Le premier chantier de cette nouvelle ann\u00e9e concerne le circuit de Sainte-Barbe, dans sa partie GR34. En effet, ce sentier, pourtant tr\u00e8s fr\u00e9quent\u00e9 par les touristes, est difficilement praticable au niveau de la plage \u00a0de Tossen Ar C&rsquo;hoz (rochers escarp\u00e9s et glissants) et juste au-dessus, en raison d&rsquo;une fontaine et de sources rendant le chemin mar\u00e9cageux. \u00a0 \u00a0 \u00a0 \u00a0 \u00a0 \u00a0 \u00a0 \u00a0 \u00a0 \u00a0 \u00a0 \u00a0 \u00a0 \u00a0 \u00a0 \u00a0 \u00a0 \u00a0 \u00a0 \u00a0 \u00a0 \u00a0 \u00a0 \u00a0 \u00a0 \u00a0 \u00a0 \u00a0 \u00a0 \u00a0 \u00a0 \u00a0 \u00a0 \u00a0 \u00a0 \u00a0 \u00a0 \u00a0 \u00a0 \u00a0 \u00a0 \u00a0 \u00a0 \u00a0 \u00a0 \u00a0 \u00a0 \u00a0 \u00a0 \u00a0 \u00a0 \u00a0\u00a0<!--more--><\/p>\n<p style=\"text-align: left;\"><img loading=\"lazy\" decoding=\"async\" class=\"GcheTexte alignright\" src=\"http:\/\/img.over-blog.com\/225x300\/3\/88\/85\/99\/m-automne-2014\/m-automne-2014-8918r.JPG\" alt=\"m-automne-2014 8918r\" width=\"225\" height=\"300\" \/><\/p>\n<p style=\"text-align: left;\">Notre but :<br \/>\ncanaliser les \u00e9coulements<br \/>\net empierrer les passages<br \/>\nboueux et glissants.<\/p>\n<p>&nbsp;<\/p>\n<p><em>Pour cette reprise, la m\u00e9t\u00e9o<br \/>\nne nous avait pas \u00e9pargn\u00e9s,<br \/>\n<\/em><em>mais la pluie n&rsquo;arr\u00eate pas<br \/>\nles plus courageux.<\/em><\/p>\n<p>&nbsp;<\/p>\n<p>&nbsp;<\/p>\n<p><img loading=\"lazy\" decoding=\"async\" class=\"DrteTexte aligncenter\" src=\"http:\/\/img.over-blog.com\/300x225\/3\/88\/85\/99\/m-automne-2014\/m-automne-2014-0226--1-r.JPG\" alt=\"m-automne-2014 0226 (1)r\" width=\"379\" height=\"284\" \/><\/p>\n<p style=\"text-align: center;\">\u00a0\u00a0<em>L&rsquo;aspect du chemin commence \u00e0 s&rsquo;am\u00e9liorer.<\/em><\/p>\n<p>&nbsp;<\/p>\n<p><em><img loading=\"lazy\" decoding=\"async\" class=\"GcheTexte\" src=\"http:\/\/img.over-blog.com\/300x225\/3\/88\/85\/99\/m-automne-2014\/m-automne-2014-8925r.JPG\" alt=\"m-automne-2014 8925r\" width=\"356\" height=\"267\" \/><br \/>\n<\/em><\/p>\n<p><em>\u00a0 \u00a0<\/em><em>\u00a0 \u00a0 Retour de chantier p\u00e9rilleux pour acc\u00e9der<br \/>\n<\/em><em>\u00a0 \u00a0 \u00a0 \u00a0\u00e0 la plage de Tossen Ar C&rsquo;hoz !<\/em><\/p>\n<p>&nbsp;<\/p>\n<p><em>\u00a0 \u00a0 Nous reviendrons la semaine prochaine<\/em><em>\u00a0pour terminer le travail.<\/em><\/p>\n<p>&nbsp;<\/p>\n<p>D\u00e8s le lendemain, une<span style=\"color: #800000;\"> r\u00e9union du conseil d&rsquo;administration<\/span> nous permettait de r\u00e9fl\u00e9chir\u00a0aux activit\u00e9s de l&rsquo;ann\u00e9e \u00e0 venir.<\/p>\n<p>Les t\u00e2ches qui nous attendent sont encore tr\u00e8s nombreuses et vari\u00e9es !<\/p>\n<ul>\n<li><em>ouverture possible de nouveaux tron\u00e7ons : jonction Plestin-Tremel, descente de Coz Ilis vers St-Efflam, modification de la boucle de St-Jagut&#8230; ont \u00e9t\u00e9 \u00e9voqu\u00e9s<\/em><\/li>\n<li><em>rendre praticables les tron\u00e7ons qui restent trop humides une bonne partie de l&rsquo;ann\u00e9e<\/em><\/li>\n<li><em>r\u00e9fection du lavoir de St-Haran<\/em><\/li>\n<li><em>r\u00e9alisation de jonctions entre les diff\u00e9rents circuits des chapelles<\/em><\/li>\n<li><em>am\u00e9lioration du balisage<\/em><\/li>\n<li><em>&#8230; en plus de l&rsquo;entretien des sentiers existants, t\u00e2che d&rsquo;autant plus lourde que le nombre de km augmente chaque ann\u00e9e !<\/em><\/li>\n<\/ul>\n<p>&nbsp;<\/p>\n<p>En outre, <span style=\"color: #800000;\">3 \u00ab\u00a0manifestations\u00a0\u00bb<\/span> ont \u00e9t\u00e9 programm\u00e9es dans un futur proche :<\/p>\n<ul>\n<li><em>Le 26\/10, nous effectuerons notre sortie annuelle, encore une fois dans le Finist\u00e8re (ch\u00e2teau de Kerjean, la Roche Maurice, Menez ham &#8230;)<\/em><\/li>\n<li><em>Le 16\/11, nous invitons les plus courageux d&rsquo;entre nous \u00e0 un \u00ab\u00a0Tro Plistin\u00a0\u00bb (29km)<\/em><\/li>\n<li><em>Les samedi 6\/12 et dimanche 7\/12, nous proposons une participation au t\u00e9l\u00e9thon sous la forme d&rsquo;une randonn\u00e9e d&rsquo;environ 9 km (d\u00e9part du boulodrome).<\/em><\/li>\n<\/ul>\n<p>&nbsp;<\/p>\n<p><em>Nous aurons<\/em> <em>l&rsquo;occ<\/em><em>asion de d\u00e9velopper<\/em> <em>ces diff\u00e9rents th\u00e8mes dans les articles qui suivront.<\/em><\/p>\n","protected":false},"excerpt":{"rendered":"<p>Le 6 octobre, apr\u00e8s de longues, longues vacances, les b\u00e9n\u00e9voles des \u00ab\u00a0Chemins Plestinais et Patrimoine\u00a0\u00bb ont ressorti leur panoplie de parfaits \u00ab\u00a0CPPistes\u00a0\u00bb \u00a0pour revenir am\u00e9liorer les sentiers de la commune. Le premier chantier de cette nouvelle ann\u00e9e concerne le circuit de Sainte-Barbe, dans sa partie GR34. En effet, ce sentier, pourtant tr\u00e8s fr\u00e9quent\u00e9 par les [&hellip;]<\/p>\n","protected":false},"author":1,"featured_media":0,"comment_status":"open","ping_status":"open","sticky":false,"template":"","format":"standard","meta":{"footnotes":""},"categories":[2],"tags":[],"_links":{"self":[{"href":"https:\/\/cheminsplestinais.dcea.fr\/index.php?rest_route=\/wp\/v2\/posts\/237"}],"collection":[{"href":"https:\/\/cheminsplestinais.dcea.fr\/index.php?rest_route=\/wp\/v2\/posts"}],"about":[{"href":"https:\/\/cheminsplestinais.dcea.fr\/index.php?rest_route=\/wp\/v2\/types\/post"}],"author":[{"embeddable":true,"href":"https:\/\/cheminsplestinais.dcea.fr\/index.php?rest_route=\/wp\/v2\/users\/1"}],"replies":[{"embeddable":true,"href":"https:\/\/cheminsplestinais.dcea.fr\/index.php?rest_route=%2Fwp%2Fv2%2Fcomments&post=237"}],"version-history":[{"count":3,"href":"https:\/\/cheminsplestinais.dcea.fr\/index.php?rest_route=\/wp\/v2\/posts\/237\/revisions"}],"predecessor-version":[{"id":241,"href":"https:\/\/cheminsplestinais.dcea.fr\/index.php?rest_route=\/wp\/v2\/posts\/237\/revisions\/241"}],"wp:attachment":[{"href":"https:\/\/cheminsplestinais.dcea.fr\/index.php?rest_route=%2Fwp%2Fv2%2Fmedia&parent=237"}],"wp:term":[{"taxonomy":"category","embeddable":true,"href":"https:\/\/cheminsplestinais.dcea.fr\/index.php?rest_route=%2Fwp%2Fv2%2Fcategories&post=237"},{"taxonomy":"post_tag","embeddable":true,"href":"https:\/\/cheminsplestinais.dcea.fr\/index.php?rest_route=%2Fwp%2Fv2%2Ftags&post=237"}],"curies":[{"name":"wp","href":"https:\/\/api.w.org\/{rel}","templated":true}]}}