{"id":242,"date":"2014-05-12T18:26:42","date_gmt":"2014-05-12T17:26:42","guid":{"rendered":"http:\/\/www.cheminsplestinais.dcea.fr\/?p=242"},"modified":"2014-11-07T17:03:32","modified_gmt":"2014-11-07T16:03:32","slug":"inauguration-de-la-fontaine-saint-gestin","status":"publish","type":"post","link":"https:\/\/cheminsplestinais.dcea.fr\/?p=242","title":{"rendered":"Inauguration de la fontaine Saint-Gestin"},"content":{"rendered":"<p>&nbsp;<\/p>\n<p>Malgr\u00e9 6 mois de travaux, l&rsquo;effervescence r\u00e9gnait encore sur le site de SAINT-GESTIN\u00a0quelques jours avant l&rsquo;inauguration du dimanche 11 mai.<\/p>\n<p><img loading=\"lazy\" decoding=\"async\" class=\"GcheTexte\" src=\"http:\/\/img.over-blog.com\/210x280\/3\/88\/85\/99\/o-Saint-Gestin\/P1040083-r.JPG\" alt=\"P1040083-r\" width=\"232\" height=\"311\" \/>\u00a0 Pose des dalles\u00a0au fond du lavoir<\/p>\n<p>&nbsp;<\/p>\n<p>&nbsp;<\/p>\n<p><img loading=\"lazy\" decoding=\"async\" class=\"DrteTexte aligncenter\" src=\"http:\/\/img.over-blog.com\/300x168\/3\/88\/85\/99\/o-Saint-Gestin\/P1040087-r.JPG\" alt=\"P1040087-r\" width=\"325\" height=\"183\" \/><\/p>\n<p style=\"text-align: right;\">\u00a0\u00a0et nettoyage des abords \u00e0 la d\u00e9broussailleuse.<\/p>\n<p>\u00a0<!--more--><\/p>\n<p>Le jour venu, la manifestation commence d\u00e8s 9h30 par une randonn\u00e9e d&rsquo;environ 6 km,<\/p>\n<p>permettant\u00a0de rejoindre le site de Saint-Gestin par des chemins entretenus par notre Association.<\/p>\n<p>&nbsp;<\/p>\n<p><img loading=\"lazy\" decoding=\"async\" class=\"GcheTexte alignright\" src=\"http:\/\/img.over-blog.com\/300x195\/3\/88\/85\/99\/n-inauguration-St-Gestin\/P1040088-r.jpg\" alt=\"P1040088-r\" width=\"345\" height=\"225\" \/><\/p>\n<p>Malgr\u00e9 les averses annonc\u00e9es(et r\u00e9elles !), \u00a0une centaine de randonneurs a pris le d\u00e9part.<\/p>\n<p>&nbsp;<\/p>\n<p>&nbsp;<\/p>\n<p><img loading=\"lazy\" decoding=\"async\" class=\"DrteTexte\" src=\"http:\/\/img.over-blog.com\/260x174\/3\/88\/85\/99\/n-inauguration-St-Gestin\/DSC00823.JPG\" alt=\"DSC00823\" width=\"322\" height=\"217\" \/><\/p>\n<p>&nbsp;<\/p>\n<p>&nbsp;<\/p>\n<p>&nbsp;<\/p>\n<p>&nbsp;<\/p>\n<p>&nbsp;<\/p>\n<p>&nbsp;<\/p>\n<p>&nbsp;<\/p>\n<p>&nbsp;<\/p>\n<p>&nbsp;<\/p>\n<p>&nbsp;<\/p>\n<p style=\"text-align: center;\">Encourag\u00e9e par le son des bombardes,<\/p>\n<p>&nbsp;<\/p>\n<p><img loading=\"lazy\" decoding=\"async\" class=\"noAlign aligncenter\" src=\"http:\/\/img.over-blog.com\/300x201\/3\/88\/85\/99\/n-inauguration-St-Gestin\/DSC00837-copie-1.JPG\" alt=\"DSC00837-copie-1.JPG\" width=\"300\" height=\"201\" \/><\/p>\n<p><img loading=\"lazy\" decoding=\"async\" class=\"noAlign\" src=\"http:\/\/img.over-blog.com\/280x187\/3\/88\/85\/99\/n-inauguration-St-Gestin\/DSC00833.JPG\" alt=\"DSC00833\" width=\"308\" height=\"207\" \/><\/p>\n<p>la longue file des promeneurs parcourt bois et clairi\u00e8res.<\/p>\n<p>&nbsp;<\/p>\n<p><img loading=\"lazy\" decoding=\"async\" class=\"DrteTexte alignright\" src=\"http:\/\/img.over-blog.com\/300x201\/3\/88\/85\/99\/n-inauguration-St-Gestin\/DSC00849.JPG\" alt=\"DSC00849\" width=\"300\" height=\"201\" \/><\/p>\n<p>&nbsp;<\/p>\n<p>Le chemin est parfois boueux,<\/p>\n<p>&nbsp;<\/p>\n<p>mais tout le monde arrive finalement, certes un peu fatigu\u00e9, jusqu&rsquo;\u00e0 la fontaine de Saint-Gestin<\/p>\n<p>&nbsp;<\/p>\n<p><img loading=\"lazy\" decoding=\"async\" class=\"GcheTexte aligncenter\" src=\"http:\/\/img.over-blog.com\/280x187\/3\/88\/85\/99\/n-inauguration-St-Gestin\/DSC00860.JPG\" alt=\"DSC00860\" width=\"280\" height=\"187\" \/><\/p>\n<p>pr\u00eate pour l&rsquo;inauguration.<\/p>\n<p><img loading=\"lazy\" decoding=\"async\" class=\"DrteTexte\" src=\"http:\/\/img.over-blog.com\/200x134\/3\/88\/85\/99\/n-inauguration-St-Gestin\/DSC00867.JPG\" alt=\"DSC00867\" width=\"245\" height=\"164\" \/><\/p>\n<p>&nbsp;<\/p>\n<p>&nbsp;<\/p>\n<p>&nbsp;<\/p>\n<p>&nbsp;<\/p>\n<p>&nbsp;<\/p>\n<p>&nbsp;<\/p>\n<p>&nbsp;<\/p>\n<p>&nbsp;<\/p>\n<p>Andr\u00e9 Lucas, maire de Plestin-les-Gr\u00e8ves, coupe le cordon&#8230;<\/p>\n<p>&nbsp;<\/p>\n<p><img loading=\"lazy\" decoding=\"async\" class=\"GcheTexte aligncenter\" src=\"http:\/\/img.over-blog.com\/285x190\/3\/88\/85\/99\/n-inauguration-St-Gestin\/DSC00871.JPG\" alt=\"DSC00871\" width=\"285\" height=\"190\" \/><\/p>\n<p><img loading=\"lazy\" decoding=\"async\" class=\"DrteTexte alignright\" src=\"http:\/\/img.over-blog.com\/265x176\/3\/88\/85\/99\/n-inauguration-St-Gestin\/DSC03863.jpeg\" alt=\"DSC03863\" width=\"248\" height=\"165\" \/><br \/>\n&#8230; Marie-Madeleine Corre<br \/>\n\u00e9voque la vie de Saint-Gestin dont la nouvelle statue tr\u00f4ne dans la fontaine.<\/p>\n<p>&nbsp;<\/p>\n<p><img loading=\"lazy\" decoding=\"async\" class=\"DrteTexte alignleft\" src=\"http:\/\/img.over-blog.com\/200x266\/3\/88\/85\/99\/n-inauguration-St-Gestin\/P1040115-r.jpg\" alt=\"P1040115-r\" width=\"200\" height=\"266\" \/><\/p>\n<p>&nbsp;<\/p>\n<p>&nbsp;<\/p>\n<p>Les discours se succ\u00e8dent : Eric Irien, pr\u00e9sident de l&rsquo;association,<\/p>\n<p>puis Marcel Le Guillou, rappellent l&rsquo;historique de la restauration.<\/p>\n<p>&nbsp;<\/p>\n<p><img loading=\"lazy\" decoding=\"async\" class=\"GcheTexte alignright\" src=\"http:\/\/img.over-blog.com\/300x225\/3\/88\/85\/99\/n-inauguration-St-Gestin\/P1040113-r.jpg\" alt=\"P1040113-r\" width=\"300\" height=\"225\" \/><\/p>\n<p>&nbsp;<\/p>\n<p>&nbsp;<\/p>\n<p>&nbsp;<\/p>\n<p>&nbsp;<\/p>\n<p>&nbsp;<\/p>\n<p>&nbsp;<\/p>\n<p>&nbsp;<\/p>\n<p>&nbsp;<\/p>\n<p>&nbsp;<\/p>\n<p>&nbsp;<\/p>\n<p>&nbsp;<\/p>\n<p>&nbsp;<\/p>\n<p>&nbsp;<\/p>\n<p>&nbsp;<\/p>\n<p>&nbsp;<\/p>\n<p>&nbsp;<\/p>\n<p>&nbsp;<\/p>\n<p>&nbsp;<\/p>\n<p>&nbsp;<\/p>\n<p>&nbsp;<\/p>\n<p>&nbsp;<\/p>\n<p>Puis \u00e0 son tour, Andr\u00e9 Lucas prend la parole pour remercier les Chemins Plestinais du travail accompli et souligner l&rsquo;importance de la r\u00e9habilitation de ce site comme ciment pour les habitants de la commune.<\/p>\n<p><img loading=\"lazy\" decoding=\"async\" class=\"noAlign aligncenter\" src=\"http:\/\/img.over-blog.com\/300x225\/3\/88\/85\/99\/n-inauguration-St-Gestin\/P1040126-r.jpg\" alt=\"P1040126-r\" width=\"332\" height=\"249\" \/><\/p>\n<p><img loading=\"lazy\" decoding=\"async\" class=\"noAlign alignleft\" src=\"http:\/\/img.over-blog.com\/280x186\/3\/88\/85\/99\/n-inauguration-St-Gestin\/DSC03878.jpeg\" alt=\"DSC03878\" width=\"299\" height=\"200\" \/><\/p>\n<p>Un vin d&rsquo;honneur champ\u00eatre cl\u00f4ture cette c\u00e9r\u00e9monie.<\/p>\n<p>&nbsp;<\/p>\n<p>&nbsp;<\/p>\n<p>&nbsp;<\/p>\n<p>La matin\u00e9e se termine par un repas de 120 convives \u00e0 la chapelle Sainte-Anne sous un barnum<\/p>\n<p><img loading=\"lazy\" decoding=\"async\" class=\"GcheTexte\" src=\"http:\/\/img.over-blog.com\/300x201\/3\/88\/85\/99\/n-inauguration-St-Gestin\/DSC00883.JPG\" alt=\"DSC00883\" width=\"343\" height=\"230\" \/><\/p>\n<p>&nbsp;<\/p>\n<p>&nbsp;<\/p>\n<p>&nbsp;<\/p>\n<p>&nbsp;<\/p>\n<p>&nbsp;<\/p>\n<p><img loading=\"lazy\" decoding=\"async\" class=\"DrteTexte alignright\" src=\"http:\/\/img.over-blog.com\/275x182\/3\/88\/85\/99\/n-inauguration-St-Gestin\/DSC03900.jpeg\" alt=\"DSC03900\" width=\"275\" height=\"182\" \/><\/p>\n<p>&nbsp;<\/p>\n<p>&nbsp;<\/p>\n<p>&nbsp;<\/p>\n<p>&nbsp;<\/p>\n<p>&nbsp;<\/p>\n<p>&nbsp;<\/p>\n<p>&nbsp;<\/p>\n<p>&nbsp;<\/p>\n<p>&nbsp;<\/p>\n<p>&nbsp;<\/p>\n<p>o\u00f9 c&rsquo;est au tour de Bernard Dumont de prendre haut et fort la parole pour remercier tous les participants<br \/>\nde cette journ\u00e9e si r\u00e9ussie !<\/p>\n","protected":false},"excerpt":{"rendered":"<p>&nbsp; Malgr\u00e9 6 mois de travaux, l&rsquo;effervescence r\u00e9gnait encore sur le site de SAINT-GESTIN\u00a0quelques jours avant l&rsquo;inauguration du dimanche 11 mai. \u00a0 Pose des dalles\u00a0au fond du lavoir &nbsp; &nbsp; \u00a0\u00a0et nettoyage des abords \u00e0 la d\u00e9broussailleuse. \u00a0<\/p>\n","protected":false},"author":1,"featured_media":0,"comment_status":"open","ping_status":"open","sticky":false,"template":"","format":"standard","meta":{"footnotes":""},"categories":[3],"tags":[],"_links":{"self":[{"href":"https:\/\/cheminsplestinais.dcea.fr\/index.php?rest_route=\/wp\/v2\/posts\/242"}],"collection":[{"href":"https:\/\/cheminsplestinais.dcea.fr\/index.php?rest_route=\/wp\/v2\/posts"}],"about":[{"href":"https:\/\/cheminsplestinais.dcea.fr\/index.php?rest_route=\/wp\/v2\/types\/post"}],"author":[{"embeddable":true,"href":"https:\/\/cheminsplestinais.dcea.fr\/index.php?rest_route=\/wp\/v2\/users\/1"}],"replies":[{"embeddable":true,"href":"https:\/\/cheminsplestinais.dcea.fr\/index.php?rest_route=%2Fwp%2Fv2%2Fcomments&post=242"}],"version-history":[{"count":4,"href":"https:\/\/cheminsplestinais.dcea.fr\/index.php?rest_route=\/wp\/v2\/posts\/242\/revisions"}],"predecessor-version":[{"id":247,"href":"https:\/\/cheminsplestinais.dcea.fr\/index.php?rest_route=\/wp\/v2\/posts\/242\/revisions\/247"}],"wp:attachment":[{"href":"https:\/\/cheminsplestinais.dcea.fr\/index.php?rest_route=%2Fwp%2Fv2%2Fmedia&parent=242"}],"wp:term":[{"taxonomy":"category","embeddable":true,"href":"https:\/\/cheminsplestinais.dcea.fr\/index.php?rest_route=%2Fwp%2Fv2%2Fcategories&post=242"},{"taxonomy":"post_tag","embeddable":true,"href":"https:\/\/cheminsplestinais.dcea.fr\/index.php?rest_route=%2Fwp%2Fv2%2Ftags&post=242"}],"curies":[{"name":"wp","href":"https:\/\/api.w.org\/{rel}","templated":true}]}}