{"id":253,"date":"2014-05-10T16:42:31","date_gmt":"2014-05-10T15:42:31","guid":{"rendered":"http:\/\/www.cheminsplestinais.dcea.fr\/?p=253"},"modified":"2014-11-07T17:01:58","modified_gmt":"2014-11-07T16:01:58","slug":"mois-du-developpement-durable","status":"publish","type":"post","link":"https:\/\/cheminsplestinais.dcea.fr\/?p=253","title":{"rendered":"Mois du d\u00e9veloppement durable"},"content":{"rendered":"<p><img loading=\"lazy\" decoding=\"async\" class=\"DrteTexte\" src=\"http:\/\/img.over-blog.com\/215x300\/3\/88\/85\/99\/2014-expo\/Affiche.JPG\" alt=\"Affiche\" width=\"215\" height=\"300\" \/><\/p>\n<p>&nbsp;<\/p>\n<p>Dans la cadre du mois du d\u00e9veloppement durable,<br \/>\nl&rsquo;Office Culturel Municipal (OCM) de Plestin-les-Gr\u00e8ves<br \/>\na d\u00e9cid\u00e9 de mettre \u00e0 l&rsquo;honneur notre association<br \/>\nsous la forme d&rsquo;une exposition photographique<br \/>\nretra\u00e7ant l&rsquo;essentiel de nos travaux<br \/>\ndepuis 2010, ann\u00e9e de sa cr\u00e9ation.<\/p>\n<p>Cette exposition s&rsquo;est tenue \u00e0 \u00ab\u00a0Ti An Holl\u00a0\u00bb<br \/>\ndu 15 avril au 10 mai 2014.<\/p>\n<p><!--more--><\/p>\n<p>Mercredi 16 avril, le vernissage de l&rsquo;exposition s&rsquo;est d\u00e9roul\u00e9 en pr\u00e9sence de M. Andr\u00e9 LUCAS,\u00a0maire de Plestin-les-Gr\u00e8ves.<\/p>\n<p><img loading=\"lazy\" decoding=\"async\" class=\" GcheTexte\" src=\"http:\/\/idata.over-blog.com\/3\/88\/85\/99\/2014-expo\/vernis1.JPG\" alt=\"vernis1\" width=\"318\" height=\"230\" \/><\/p>\n<p>Un public nombreux a pu appr\u00e9cier\u00a0la soixantaine\u00a0de photos<br \/>\nque comporte\u00a0l&rsquo;exposition, les films,\u00a0\u00a0ainsi que les plans<br \/>\nde situation\u00a0des diff\u00e9rents\u00a0circuits et chantiers.<\/p>\n<p>&nbsp;<\/p>\n<p>Le dernier en date, la restauration\u00a0du lavoir\u00a0et de la fontaine<br \/>\nSaint-Gestin,\u00a0a particuli\u00e8rement\u00a0retenu l&rsquo;attention\u00a0des visiteurs.<\/p>\n<p>&nbsp;<\/p>\n<p><img loading=\"lazy\" decoding=\"async\" class=\"DrteTexte alignright\" src=\"http:\/\/img.over-blog.com\/119x159\/3\/88\/85\/99\/2014-expo\/statue.JPG\" alt=\"statue\" width=\"119\" height=\"159\" \/><br \/>\nLa statue\u00a0de\u00a0Saint-Gestin,\u00a0 r\u00e9alis\u00e9e\u00a0par le sculpteur Kito, a\u00a0\u00e9t\u00e9 pr\u00e9sent\u00e9e au public.<\/p>\n<p>Elle rejoindra la fontaine\u00a0lors de\u00a0son inauguration\u00a0le 11 mai prochain.<\/p>\n<p>&nbsp;<\/p>\n<p>Au nom de l&rsquo;OCM, Fran\u00e7oise LEAUTEY a pr\u00e9sent\u00e9 la gen\u00e8se<br \/>\nde l&rsquo;exposition.<\/p>\n<p>Puis Andr\u00e9 LUCAS a remerci\u00e9 l&rsquo;association pour sa contribution\u00a0\u00e0 l&rsquo;attractivit\u00e9\u00a0de la commune\u00a0par la multiplication des sentiers de\u00a0randonn\u00e9e\u00a0et la restauration du patrimoine local.<\/p>\n<p><img loading=\"lazy\" decoding=\"async\" class=\" DrteTexte aligncenter\" src=\"http:\/\/idata.over-blog.com\/3\/88\/85\/99\/2014-expo\/vernis6.JPG\" alt=\"vernis6\" width=\"292\" height=\"174\" \/><\/p>\n<p>Eric IRIEN, pr\u00e9sident de l&rsquo;association,\u00a0a quant \u00e0 lui\u00a0tenu\u00a0\u00e0 remercier\u00a0les services\u00a0municipaux pour\u00a0le concours\u00a0 pr\u00e9cieux<br \/>\nqu&rsquo;ils \u00a0apportent\u00a0notamment\u00a0en termes de mat\u00e9riel\u00a0et de mat\u00e9riaux<\/p>\n<p>Il a \u00e9galement fait la part belle aux nombreux\u00a0b\u00e9n\u00e9voles qui,\u00a0chaque lundi, se retrouvent\u00a0sur les chantiers.<\/p>\n<p>&nbsp;<\/p>\n<p>D\u00e8s\u00a0le lendemain, l&rsquo;exposition recevait la visite de la classe de grande section de maternelle\u00a0de l&rsquo;\u00e9cole du Penker.<\/p>\n<p><img loading=\"lazy\" decoding=\"async\" class=\"noAlign\" src=\"http:\/\/idata.over-blog.com\/3\/88\/85\/99\/2014-expo\/visite1b.jpg\" alt=\"visite1b\" width=\"209\" height=\"219\" \/>\u00a0 \u00a0 \u00a0 \u00a0 \u00a0<img loading=\"lazy\" decoding=\"async\" class=\"noAlign alignleft\" src=\"http:\/\/idata.over-blog.com\/3\/88\/85\/99\/2014-expo\/visite2b.jpg\" alt=\"visite2b\" width=\"208\" height=\"204\" \/><\/p>\n<p>Dominique explique aux bambins attentifs en quoi consiste notre \u00ab\u00a0travail\u00a0\u00bb en leur montrant\u00a0les diff\u00e9rents outils.\u00a0Il commente \u00e9galement \u00e0 leur intention les photos les plus significatives.<\/p>\n<p>Il faut dire que leur motivation avait \u00e9t\u00e9 \u00e9veill\u00e9e 3 jours plus t\u00f4t par une sortie p\u00e9destre\u00a0de leur \u00e9cole jusqu&rsquo;au site de Saint-Gestin.<\/p>\n<p><img loading=\"lazy\" decoding=\"async\" class=\" DrteTexte aligncenter\" src=\"http:\/\/img.over-blog.com\/300x225\/3\/88\/85\/99\/2014-expo\/balade3.JPG\" alt=\"balade3\" width=\"315\" height=\"236\" \/><\/p>\n<p>&nbsp;<\/p>\n<p><img loading=\"lazy\" decoding=\"async\" class=\" GcheTexte alignright\" src=\"http:\/\/img.over-blog.com\/292x220\/3\/88\/85\/99\/2014-expo\/balade1.JPG\" alt=\"balade1\" width=\"218\" height=\"163\" \/><\/p>\n<p>En\u00a0chemin, une accompagnatrice fait d\u00e9couvrir aux enfants certaines plantes&#8230;<\/p>\n<p>&nbsp;<\/p>\n<p>tandis qu&rsquo;une autre commente les \u00e9l\u00e9ments<br \/>\ndu patrimoine\u00a0rencontr\u00e9s\u00a0sur le parcours, tel le manoir du Porjou.<\/p>\n<p>&nbsp;<\/p>\n<p><img loading=\"lazy\" decoding=\"async\" class=\" GcheTexte aligncenter\" src=\"http:\/\/img.over-blog.com\/300x225\/3\/88\/85\/99\/2014-expo\/balade6.JPG\" alt=\"balade6\" width=\"353\" height=\"266\" \/><\/p>\n<p>&nbsp;<\/p>\n<p>Une fois arriv\u00e9s sur le site, ces petits de 5 ans\u00a0seulement s&rsquo;int\u00e9ressent d\u00e9j\u00e0 aux travaux\u00a0de ma\u00e7onnerie et posent<br \/>\nbeaucoup de questions.<\/p>\n<p>Ils reviendront s\u00fbrement, accompagn\u00e9s de leurs\u00a0parents, pour admirer l&rsquo;ensemble de l&rsquo;ouvrage\u00a0termin\u00e9 pour l&rsquo;inauguration du dimanche 11 mai.<\/p>\n<p>&nbsp;<\/p>\n","protected":false},"excerpt":{"rendered":"<p>&nbsp; Dans la cadre du mois du d\u00e9veloppement durable, l&rsquo;Office Culturel Municipal (OCM) de Plestin-les-Gr\u00e8ves a d\u00e9cid\u00e9 de mettre \u00e0 l&rsquo;honneur notre association sous la forme d&rsquo;une exposition photographique retra\u00e7ant l&rsquo;essentiel de nos travaux depuis 2010, ann\u00e9e de sa cr\u00e9ation. Cette exposition s&rsquo;est tenue \u00e0 \u00ab\u00a0Ti An Holl\u00a0\u00bb du 15 avril au 10 mai 2014.<\/p>\n","protected":false},"author":1,"featured_media":0,"comment_status":"open","ping_status":"open","sticky":false,"template":"","format":"standard","meta":{"footnotes":""},"categories":[3],"tags":[],"_links":{"self":[{"href":"https:\/\/cheminsplestinais.dcea.fr\/index.php?rest_route=\/wp\/v2\/posts\/253"}],"collection":[{"href":"https:\/\/cheminsplestinais.dcea.fr\/index.php?rest_route=\/wp\/v2\/posts"}],"about":[{"href":"https:\/\/cheminsplestinais.dcea.fr\/index.php?rest_route=\/wp\/v2\/types\/post"}],"author":[{"embeddable":true,"href":"https:\/\/cheminsplestinais.dcea.fr\/index.php?rest_route=\/wp\/v2\/users\/1"}],"replies":[{"embeddable":true,"href":"https:\/\/cheminsplestinais.dcea.fr\/index.php?rest_route=%2Fwp%2Fv2%2Fcomments&post=253"}],"version-history":[{"count":8,"href":"https:\/\/cheminsplestinais.dcea.fr\/index.php?rest_route=\/wp\/v2\/posts\/253\/revisions"}],"predecessor-version":[{"id":261,"href":"https:\/\/cheminsplestinais.dcea.fr\/index.php?rest_route=\/wp\/v2\/posts\/253\/revisions\/261"}],"wp:attachment":[{"href":"https:\/\/cheminsplestinais.dcea.fr\/index.php?rest_route=%2Fwp%2Fv2%2Fmedia&parent=253"}],"wp:term":[{"taxonomy":"category","embeddable":true,"href":"https:\/\/cheminsplestinais.dcea.fr\/index.php?rest_route=%2Fwp%2Fv2%2Fcategories&post=253"},{"taxonomy":"post_tag","embeddable":true,"href":"https:\/\/cheminsplestinais.dcea.fr\/index.php?rest_route=%2Fwp%2Fv2%2Ftags&post=253"}],"curies":[{"name":"wp","href":"https:\/\/api.w.org\/{rel}","templated":true}]}}