{"id":2947,"date":"2016-06-22T18:34:26","date_gmt":"2016-06-22T17:34:26","guid":{"rendered":"http:\/\/www.cheminsplestinais.dcea.fr\/?p=2947"},"modified":"2016-06-22T18:34:26","modified_gmt":"2016-06-22T17:34:26","slug":"bienvenue-en-ete","status":"publish","type":"post","link":"https:\/\/cheminsplestinais.dcea.fr\/?p=2947","title":{"rendered":"Bienvenue en \u00e9t\u00e9"},"content":{"rendered":"<p style=\"padding-left: 30px;\"><em>M\u00eame si la m\u00e9t\u00e9o de cette fin juin n&rsquo;est pas des plus cl\u00e9mentes,<\/em><br \/>\n<em> les <strong>\u00ab\u00a0Chemins Plestinais et Patrimoine\u00a0\u00bb<\/strong> pr\u00e9parent activement l&rsquo;accueil des estivants sur les sentiers p\u00e9destres de la commune.<\/em><\/p>\n<p style=\"padding-left: 30px;\"><span style=\"color: #ffffff;\">.<\/span><\/p>\n<ol>\n<li>Nous publions \u00a0la 6\u00e8me \u00e9dition de la <span style=\"color: #800000;\">brochure <strong>\u00ab\u00a0Circuits des chapelles\u00a0\u00bb<\/strong><\/span>, comprenant plusieurs nouveaut\u00e9s, notamment :<br \/>\n<span style=\"color: #ffffff;\">.<\/span><\/p>\n<ul>\n<li>Le circuit de Saint-Roch a \u00e9t\u00e9 allong\u00e9 : il passe dor\u00e9navant<br \/>\npar le site de Saint-Gestin<\/li>\n<li>Le circuit de Christ \u00e0 Ploumilliau poss\u00e8de\u00a0\u00e9galement<br \/>\nun nouveau trac\u00e9<\/li>\n<li>Nouvelle boucle autour du site gallo-romain de Kozh Iliz,<br \/>\nbalis\u00e9 au d\u00e9part de Saint-Efflam.<br \/>\n<span style=\"color: #ffffff;\">.<\/span><br \/>\nCette brochure sera distribu\u00e9e \u00e0 la Maison du Tourisme.<br \/>\nVous pouvez \u00e9galement la t\u00e9l\u00e9charger sur ce site,<br \/>\ndans le menu <a href=\"https:\/\/cheminsplestinais.dcea.fr\/?page_id=41\">CIRCUITS<\/a>.<br \/>\n<span style=\"color: #ffffff;\">.<\/span><\/li>\n<\/ul>\n<\/li>\n<li>Nous avons bien entendu effectu\u00e9 sur le terrain le <strong><span style=\"color: #800000;\">balisage<br \/>\n<\/span><\/strong> qui permettra de vous y retrouver.<br \/>\n<img loading=\"lazy\" decoding=\"async\" class=\"aligncenter size-medium wp-image-2968\" src=\"https:\/\/cheminsplestinais.dcea.fr\/wp-content\/uploads\/2016\/06\/P1060913r-300x225.jpg\" alt=\"P1060913r\" width=\"300\" height=\"225\" srcset=\"https:\/\/cheminsplestinais.dcea.fr\/wp-content\/uploads\/2016\/06\/P1060913r-300x225.jpg 300w, https:\/\/cheminsplestinais.dcea.fr\/wp-content\/uploads\/2016\/06\/P1060913r-768x576.jpg 768w, https:\/\/cheminsplestinais.dcea.fr\/wp-content\/uploads\/2016\/06\/P1060913r.jpg 800w\" sizes=\"(max-width: 300px) 100vw, 300px\" \/><br \/>\nNous esp\u00e9rons que vous serez nombreux \u00e0 venir d\u00e9couvrir<br \/>\nces nouveaux sentiers.<br \/>\n<span style=\"color: #ffffff;\">.<\/span><\/li>\n<li>Nous organisons des<strong><span style=\"color: #800000;\"> randonn\u00e9es accompagn\u00e9es<\/span><\/strong> sur 3 de nos circuits les mercredi de juillet-ao\u00fbt, \u00e0 partir de 14 heures :\n<ul>\n<li>boucle de Saint-Jagut : \u00a0 \u00a0 \u00a0 \u00a0 \u00a0 \u00a0 \u00a0 \u00a0 \u00a0 \u00a0 \u00a0 \u00a0 \u00a0 \u00a0 \u00a0 \u00a0 \u00a0 \u00a013 juillet et \u00a0 \u00a03 ao\u00fbt.<\/li>\n<li>boucle de Saint-S\u00e9bastien : \u00a0 \u00a0 \u00a0 \u00a0 \u00a0 \u00a0 \u00a0 \u00a0 \u00a0 \u00a0 \u00a0 \u00a0 \u00a020 juillet et 10 ao\u00fbt.<\/li>\n<li>boucles de Saint-Roche-Sainte-Anne : 27 juillet et 17 ao\u00fbt.<br \/>\n<span style=\"color: #ffffff;\">.<\/span><\/li>\n<\/ul>\n<\/li>\n<li>Notre <strong><span style=\"color: #800000;\">chantier de Saint-Haran<\/span><\/strong> a beaucoup progress\u00e9<br \/>\n(voir les photos dans l&rsquo;article <a href=\"https:\/\/cheminsplestinais.dcea.fr\/?p=2504\">Album photo<\/a>).<br \/>\n<img loading=\"lazy\" decoding=\"async\" class=\"aligncenter wp-image-2951\" src=\"https:\/\/cheminsplestinais.dcea.fr\/wp-content\/uploads\/2016\/06\/DSC07771.jpg\" alt=\"DSC07771\" width=\"400\" height=\"300\" srcset=\"https:\/\/cheminsplestinais.dcea.fr\/wp-content\/uploads\/2016\/06\/DSC07771.jpg 450w, https:\/\/cheminsplestinais.dcea.fr\/wp-content\/uploads\/2016\/06\/DSC07771-300x225.jpg 300w\" sizes=\"(max-width: 400px) 100vw, 400px\" \/><br \/>\nNous esp\u00e9rons que les promeneurs appr\u00e9cieront.<br \/>\n<span style=\"color: #ffffff;\">.<\/span><\/li>\n<li>Enfin, il ne faut pas oublier le <strong><span style=\"color: #800000;\">travail d&rsquo;entretien<\/span><\/strong> effectu\u00e9 r\u00e9guli\u00e8rement sur tous les circuits : ce n&rsquo;est peut-\u00eatre \u00a0pas spectaculaire, mais l&rsquo;herbe pousse beaucoup en ce moment !<\/li>\n<\/ol>\n<p>&nbsp;<\/p>\n","protected":false},"excerpt":{"rendered":"<p>M\u00eame si la m\u00e9t\u00e9o de cette fin juin n&rsquo;est pas des plus cl\u00e9mentes, les \u00ab\u00a0Chemins Plestinais et Patrimoine\u00a0\u00bb pr\u00e9parent activement l&rsquo;accueil des estivants sur les sentiers p\u00e9destres de la commune. . Nous publions \u00a0la 6\u00e8me \u00e9dition de la brochure \u00ab\u00a0Circuits des chapelles\u00a0\u00bb, comprenant plusieurs nouveaut\u00e9s, notamment : . Le circuit de Saint-Roch a \u00e9t\u00e9 allong\u00e9 [&hellip;]<\/p>\n","protected":false},"author":1,"featured_media":0,"comment_status":"open","ping_status":"closed","sticky":false,"template":"","format":"standard","meta":{"footnotes":""},"categories":[1],"tags":[],"_links":{"self":[{"href":"https:\/\/cheminsplestinais.dcea.fr\/index.php?rest_route=\/wp\/v2\/posts\/2947"}],"collection":[{"href":"https:\/\/cheminsplestinais.dcea.fr\/index.php?rest_route=\/wp\/v2\/posts"}],"about":[{"href":"https:\/\/cheminsplestinais.dcea.fr\/index.php?rest_route=\/wp\/v2\/types\/post"}],"author":[{"embeddable":true,"href":"https:\/\/cheminsplestinais.dcea.fr\/index.php?rest_route=\/wp\/v2\/users\/1"}],"replies":[{"embeddable":true,"href":"https:\/\/cheminsplestinais.dcea.fr\/index.php?rest_route=%2Fwp%2Fv2%2Fcomments&post=2947"}],"version-history":[{"count":30,"href":"https:\/\/cheminsplestinais.dcea.fr\/index.php?rest_route=\/wp\/v2\/posts\/2947\/revisions"}],"predecessor-version":[{"id":2980,"href":"https:\/\/cheminsplestinais.dcea.fr\/index.php?rest_route=\/wp\/v2\/posts\/2947\/revisions\/2980"}],"wp:attachment":[{"href":"https:\/\/cheminsplestinais.dcea.fr\/index.php?rest_route=%2Fwp%2Fv2%2Fmedia&parent=2947"}],"wp:term":[{"taxonomy":"category","embeddable":true,"href":"https:\/\/cheminsplestinais.dcea.fr\/index.php?rest_route=%2Fwp%2Fv2%2Fcategories&post=2947"},{"taxonomy":"post_tag","embeddable":true,"href":"https:\/\/cheminsplestinais.dcea.fr\/index.php?rest_route=%2Fwp%2Fv2%2Ftags&post=2947"}],"curies":[{"name":"wp","href":"https:\/\/api.w.org\/{rel}","templated":true}]}}