{"id":2996,"date":"2016-09-12T17:09:40","date_gmt":"2016-09-12T16:09:40","guid":{"rendered":"http:\/\/www.cheminsplestinais.dcea.fr\/?p=2996"},"modified":"2016-09-12T17:10:05","modified_gmt":"2016-09-12T16:10:05","slug":"lete-qui-sacheve","status":"publish","type":"post","link":"https:\/\/cheminsplestinais.dcea.fr\/?p=2996","title":{"rendered":"L&rsquo;\u00e9t\u00e9 qui s\u2019ach\u00e8ve&#8230;"},"content":{"rendered":"<p>Cet \u00e9t\u00e9 2016 aura \u00e9t\u00e9 pour notre association un peu plus dynamique que les pr\u00e9c\u00e9dents.<\/p>\n<p>Tout d&rsquo;abord, un dernier chantier sur le site de <span style=\"color: #003300;\"><strong>Saint-Haran<\/strong><\/span>, qui fleurait \u00a0bon d\u00e9j\u00e0 les vacances prochaines.<\/p>\n<p>Il fallait rendre le site plus agr\u00e9able pour y accueillir les promeneurs.<\/p>\n<p><img loading=\"lazy\" decoding=\"async\" class=\"alignnone wp-image-3004\" src=\"https:\/\/cheminsplestinais.dcea.fr\/wp-content\/uploads\/2016\/09\/IMG_0869-300x225.jpg\" alt=\"img_0869\" width=\"230\" height=\"173\" srcset=\"https:\/\/cheminsplestinais.dcea.fr\/wp-content\/uploads\/2016\/09\/IMG_0869-300x225.jpg 300w, https:\/\/cheminsplestinais.dcea.fr\/wp-content\/uploads\/2016\/09\/IMG_0869-768x576.jpg 768w, https:\/\/cheminsplestinais.dcea.fr\/wp-content\/uploads\/2016\/09\/IMG_0869.jpg 800w\" sizes=\"(max-width: 230px) 100vw, 230px\" \/>\u00a0<img loading=\"lazy\" decoding=\"async\" class=\"alignnone wp-image-3005\" src=\"https:\/\/cheminsplestinais.dcea.fr\/wp-content\/uploads\/2016\/09\/IMG_0871-300x211.jpg\" alt=\"img_0871\" width=\"240\" height=\"169\" srcset=\"https:\/\/cheminsplestinais.dcea.fr\/wp-content\/uploads\/2016\/09\/IMG_0871-300x211.jpg 300w, https:\/\/cheminsplestinais.dcea.fr\/wp-content\/uploads\/2016\/09\/IMG_0871-768x540.jpg 768w, https:\/\/cheminsplestinais.dcea.fr\/wp-content\/uploads\/2016\/09\/IMG_0871.jpg 800w\" sizes=\"(max-width: 240px) 100vw, 240px\" \/><\/p>\n<p style=\"text-align: center;\">Bien ranger les cailloux un peu trop \u00e9parpill\u00e9s,<\/p>\n<p><img loading=\"lazy\" decoding=\"async\" class=\"alignleft wp-image-3002\" src=\"https:\/\/cheminsplestinais.dcea.fr\/wp-content\/uploads\/2016\/09\/DSCN4021-300x225.jpg\" alt=\"dscn4021\" width=\"250\" height=\"188\" srcset=\"https:\/\/cheminsplestinais.dcea.fr\/wp-content\/uploads\/2016\/09\/DSCN4021-300x225.jpg 300w, https:\/\/cheminsplestinais.dcea.fr\/wp-content\/uploads\/2016\/09\/DSCN4021-768x576.jpg 768w, https:\/\/cheminsplestinais.dcea.fr\/wp-content\/uploads\/2016\/09\/DSCN4021.jpg 800w\" sizes=\"(max-width: 250px) 100vw, 250px\" \/><\/p>\n<p>&nbsp;<\/p>\n<p><img loading=\"lazy\" decoding=\"async\" class=\"alignright size-medium wp-image-3003\" src=\"https:\/\/cheminsplestinais.dcea.fr\/wp-content\/uploads\/2016\/09\/DSCN4027-300x225.jpg\" alt=\"dscn4027\" width=\"300\" height=\"225\" srcset=\"https:\/\/cheminsplestinais.dcea.fr\/wp-content\/uploads\/2016\/09\/DSCN4027-300x225.jpg 300w, https:\/\/cheminsplestinais.dcea.fr\/wp-content\/uploads\/2016\/09\/DSCN4027-768x576.jpg 768w, https:\/\/cheminsplestinais.dcea.fr\/wp-content\/uploads\/2016\/09\/DSCN4027.jpg 800w\" sizes=\"(max-width: 300px) 100vw, 300px\" \/><\/p>\n<p>&nbsp;<\/p>\n<p>&nbsp;<\/p>\n<p>&nbsp;<\/p>\n<p>&nbsp;<\/p>\n<p><span style=\"color: #ffffff;\">&#8230;&#8230;&#8230;.<\/span>et fignoler les abords.<\/p>\n<p>La pr\u00e9sence active des petits-enfants<\/p>\n<p><span style=\"color: #ffffff;\">.<\/span><br \/>\n<img loading=\"lazy\" decoding=\"async\" class=\"alignleft size-medium wp-image-3000\" src=\"https:\/\/cheminsplestinais.dcea.fr\/wp-content\/uploads\/2016\/09\/DSCN3973-300x225.jpg\" alt=\"dscn3973\" width=\"300\" height=\"225\" srcset=\"https:\/\/cheminsplestinais.dcea.fr\/wp-content\/uploads\/2016\/09\/DSCN3973-300x225.jpg 300w, https:\/\/cheminsplestinais.dcea.fr\/wp-content\/uploads\/2016\/09\/DSCN3973-768x576.jpg 768w, https:\/\/cheminsplestinais.dcea.fr\/wp-content\/uploads\/2016\/09\/DSCN3973.jpg 800w\" sizes=\"(max-width: 300px) 100vw, 300px\" \/><img loading=\"lazy\" decoding=\"async\" class=\"alignnone wp-image-2999\" src=\"https:\/\/cheminsplestinais.dcea.fr\/wp-content\/uploads\/2016\/09\/DSCN3967-225x300.jpg\" alt=\"dscn3967\" width=\"155\" height=\"207\" srcset=\"https:\/\/cheminsplestinais.dcea.fr\/wp-content\/uploads\/2016\/09\/DSCN3967-225x300.jpg 225w, https:\/\/cheminsplestinais.dcea.fr\/wp-content\/uploads\/2016\/09\/DSCN3967.jpg 600w\" sizes=\"(max-width: 155px) 100vw, 155px\" \/><img loading=\"lazy\" decoding=\"async\" class=\"alignright size-thumbnail wp-image-3001\" src=\"https:\/\/cheminsplestinais.dcea.fr\/wp-content\/uploads\/2016\/09\/DSCN4020-150x150.jpg\" alt=\"dscn4020\" width=\"150\" height=\"150\" \/><\/p>\n<p>&nbsp;<\/p>\n<p style=\"padding-left: 60px;\">apporte un peu de fra\u00eecheur.<\/p>\n<p><span style=\"color: #ffffff;\">.<\/span><\/p>\n<p>&nbsp;<\/p>\n<p>Puis nous avons anim\u00e9 chaque mercredi<br \/>\nune <span style=\"color: #003300;\"><strong>rando-d\u00e9couverte<\/strong><\/span> de nos sentiers \u00ab\u00a0c\u00f4t\u00e9-campagne\u00a0\u00bb.<\/p>\n<p><span style=\"color: #ffffff;\">&#8230;&#8230;&#8230;&#8230;&#8230;.<\/span>A quelques inconditionnels \u00a0randonneurs Plestinais se sont heureusement m\u00eal\u00e9s \u00a0des promeneurs des communes avoisinantes et des vacanciers.<\/p>\n<p><img loading=\"lazy\" decoding=\"async\" class=\"alignnone wp-image-3045\" src=\"https:\/\/cheminsplestinais.dcea.fr\/wp-content\/uploads\/2016\/09\/DSC08715-300x225.jpg\" alt=\"dsc08715\" width=\"280\" height=\"210\" srcset=\"https:\/\/cheminsplestinais.dcea.fr\/wp-content\/uploads\/2016\/09\/DSC08715-300x225.jpg 300w, https:\/\/cheminsplestinais.dcea.fr\/wp-content\/uploads\/2016\/09\/DSC08715-768x576.jpg 768w, https:\/\/cheminsplestinais.dcea.fr\/wp-content\/uploads\/2016\/09\/DSC08715-1024x768.jpg 1024w, https:\/\/cheminsplestinais.dcea.fr\/wp-content\/uploads\/2016\/09\/DSC08715.jpg 1280w\" sizes=\"(max-width: 280px) 100vw, 280px\" \/><img loading=\"lazy\" decoding=\"async\" class=\"alignright size-medium wp-image-3047\" src=\"https:\/\/cheminsplestinais.dcea.fr\/wp-content\/uploads\/2016\/09\/DSC08909-2-300x225.jpg\" alt=\"dsc08909-2\" width=\"300\" height=\"225\" srcset=\"https:\/\/cheminsplestinais.dcea.fr\/wp-content\/uploads\/2016\/09\/DSC08909-2-300x225.jpg 300w, https:\/\/cheminsplestinais.dcea.fr\/wp-content\/uploads\/2016\/09\/DSC08909-2-768x576.jpg 768w, https:\/\/cheminsplestinais.dcea.fr\/wp-content\/uploads\/2016\/09\/DSC08909-2-1024x768.jpg 1024w, https:\/\/cheminsplestinais.dcea.fr\/wp-content\/uploads\/2016\/09\/DSC08909-2.jpg 1280w\" sizes=\"(max-width: 300px) 100vw, 300px\" \/><\/p>\n<p><span style=\"color: #ffffff;\">&#8230;&#8230;..<\/span>Le patrimoine naturel et architectural de notre commune a \u00e9t\u00e9 fort appr\u00e9ci\u00e9.<\/p>\n<p>Ainsi, la visite guid\u00e9e de la chapelle St-Jagut,<a href=\"https:\/\/cheminsplestinais.dcea.fr\/wp-content\/uploads\/2016\/09\/DSC08935-2.jpg\"><img loading=\"lazy\" decoding=\"async\" class=\"alignright size-thumbnail wp-image-3050\" src=\"https:\/\/cheminsplestinais.dcea.fr\/wp-content\/uploads\/2016\/09\/DSC08935-2-150x150.jpg\" alt=\"dsc08935-2\" width=\"150\" height=\"150\" \/><\/a><\/p>\n<p><img loading=\"lazy\" decoding=\"async\" class=\"alignleft size-medium wp-image-3048\" src=\"https:\/\/cheminsplestinais.dcea.fr\/wp-content\/uploads\/2016\/09\/DSC08923-2-225x300.jpg\" alt=\"dsc08923-2\" width=\"225\" height=\"300\" srcset=\"https:\/\/cheminsplestinais.dcea.fr\/wp-content\/uploads\/2016\/09\/DSC08923-2-225x300.jpg 225w, https:\/\/cheminsplestinais.dcea.fr\/wp-content\/uploads\/2016\/09\/DSC08923-2.jpg 768w\" sizes=\"(max-width: 225px) 100vw, 225px\" \/><\/p>\n<p>&nbsp;<\/p>\n<p>&nbsp;<\/p>\n<p><a href=\"https:\/\/cheminsplestinais.dcea.fr\/wp-content\/uploads\/2016\/09\/DSC08929-2.jpg\"><img loading=\"lazy\" decoding=\"async\" class=\"alignnone wp-image-3049\" src=\"https:\/\/cheminsplestinais.dcea.fr\/wp-content\/uploads\/2016\/09\/DSC08929-2-300x205.jpg\" alt=\"dsc08929-2\" width=\"275\" height=\"188\" srcset=\"https:\/\/cheminsplestinais.dcea.fr\/wp-content\/uploads\/2016\/09\/DSC08929-2-300x205.jpg 300w, https:\/\/cheminsplestinais.dcea.fr\/wp-content\/uploads\/2016\/09\/DSC08929-2-768x526.jpg 768w, https:\/\/cheminsplestinais.dcea.fr\/wp-content\/uploads\/2016\/09\/DSC08929-2-1024x701.jpg 1024w, https:\/\/cheminsplestinais.dcea.fr\/wp-content\/uploads\/2016\/09\/DSC08929-2.jpg 1215w\" sizes=\"(max-width: 275px) 100vw, 275px\" \/><\/a><\/p>\n<p>le ch\u00e2teau de Lesma\u00ebs \u00a0 \u00a0 \u00a0 \u00a0 ou le bois de Coat Ar Bescond.<a href=\"https:\/\/cheminsplestinais.dcea.fr\/wp-content\/uploads\/2016\/09\/P1110044.jpg\"><img loading=\"lazy\" decoding=\"async\" class=\"alignleft size-medium wp-image-3130\" src=\"https:\/\/cheminsplestinais.dcea.fr\/wp-content\/uploads\/2016\/09\/P1110044-300x225.jpg\" alt=\"p1110044\" width=\"300\" height=\"225\" srcset=\"https:\/\/cheminsplestinais.dcea.fr\/wp-content\/uploads\/2016\/09\/P1110044-300x225.jpg 300w, https:\/\/cheminsplestinais.dcea.fr\/wp-content\/uploads\/2016\/09\/P1110044-768x576.jpg 768w, https:\/\/cheminsplestinais.dcea.fr\/wp-content\/uploads\/2016\/09\/P1110044.jpg 800w\" sizes=\"(max-width: 300px) 100vw, 300px\" \/><\/a><a href=\"https:\/\/cheminsplestinais.dcea.fr\/wp-content\/uploads\/2016\/09\/DSC08945-2.jpg\"><img loading=\"lazy\" decoding=\"async\" class=\"alignnone wp-image-3051\" src=\"https:\/\/cheminsplestinais.dcea.fr\/wp-content\/uploads\/2016\/09\/DSC08945-2-300x225.jpg\" alt=\"dsc08945-2\" width=\"260\" height=\"195\" srcset=\"https:\/\/cheminsplestinais.dcea.fr\/wp-content\/uploads\/2016\/09\/DSC08945-2-300x225.jpg 300w, https:\/\/cheminsplestinais.dcea.fr\/wp-content\/uploads\/2016\/09\/DSC08945-2-768x576.jpg 768w, https:\/\/cheminsplestinais.dcea.fr\/wp-content\/uploads\/2016\/09\/DSC08945-2-1024x768.jpg 1024w, https:\/\/cheminsplestinais.dcea.fr\/wp-content\/uploads\/2016\/09\/DSC08945-2.jpg 1280w\" sizes=\"(max-width: 260px) 100vw, 260px\" \/><\/a><a href=\"https:\/\/cheminsplestinais.dcea.fr\/wp-content\/uploads\/2016\/09\/DSC08904-2.jpg\"><img loading=\"lazy\" decoding=\"async\" class=\"alignright size-medium wp-image-3046\" src=\"https:\/\/cheminsplestinais.dcea.fr\/wp-content\/uploads\/2016\/09\/DSC08904-2-300x218.jpg\" alt=\"dsc08904-2\" width=\"300\" height=\"218\" srcset=\"https:\/\/cheminsplestinais.dcea.fr\/wp-content\/uploads\/2016\/09\/DSC08904-2-300x218.jpg 300w, https:\/\/cheminsplestinais.dcea.fr\/wp-content\/uploads\/2016\/09\/DSC08904-2-768x559.jpg 768w, https:\/\/cheminsplestinais.dcea.fr\/wp-content\/uploads\/2016\/09\/DSC08904-2-1024x746.jpg 1024w, https:\/\/cheminsplestinais.dcea.fr\/wp-content\/uploads\/2016\/09\/DSC08904-2.jpg 1096w\" sizes=\"(max-width: 300px) 100vw, 300px\" \/><\/a><\/p>\n<p><span style=\"color: #ffffff;\">&#8230;&#8230;&#8230;..<\/span><\/p>\n<p>&nbsp;<\/p>\n<p>Le succ\u00e8s recueilli cet \u00e9t\u00e9 nous invite \u00e0 renouveler l&rsquo;exp\u00e9rience l&rsquo;\u00e9t\u00e9 prochain.<\/p>\n<p>&nbsp;<\/p>\n<p>&nbsp;<\/p>\n<p>Nous avons \u00e9galement profit\u00e9 de la p\u00e9riode des cong\u00e9s pour\u00a0ajouter une nouvelle palette \u00e0 nos activit\u00e9s : la<span style=\"color: #003300;\"><strong> fabrication de passerelles<\/strong><\/span>.<\/p>\n<p><span style=\"color: #ffffff;\">&#8230;&#8230;&#8230;&#8230;..<\/span>En effet, nous projetions depuis longtemps de faciliter<br \/>\nle franchissement du Dour Meur sur 2 de nos circuits de randonn\u00e9e :<\/p>\n<p><a href=\"https:\/\/cheminsplestinais.dcea.fr\/wp-content\/uploads\/2016\/09\/Passerelles.jpg\"><img loading=\"lazy\" decoding=\"async\" class=\"alignleft size-medium wp-image-3089\" src=\"https:\/\/cheminsplestinais.dcea.fr\/wp-content\/uploads\/2016\/09\/Passerelles-275x300.jpg\" alt=\"passerelles\" width=\"275\" height=\"300\" srcset=\"https:\/\/cheminsplestinais.dcea.fr\/wp-content\/uploads\/2016\/09\/Passerelles-275x300.jpg 275w, https:\/\/cheminsplestinais.dcea.fr\/wp-content\/uploads\/2016\/09\/Passerelles-768x837.jpg 768w, https:\/\/cheminsplestinais.dcea.fr\/wp-content\/uploads\/2016\/09\/Passerelles.jpg 769w\" sizes=\"(max-width: 275px) 100vw, 275px\" \/><\/a><span style=\"color: #ffffff;\">\u00a0.<\/span><\/p>\n<p>Ste-Anne et St-Jagut,<\/p>\n<p>aux 2 endroits<br \/>\nsignal\u00e9s par<br \/>\nune fl\u00e8che.<\/p>\n<p>&nbsp;<\/p>\n<p><em>Cliquer sur la carte pour l&rsquo;agrandir.<\/em><\/p>\n<p>&nbsp;<\/p>\n<p>Nous avons obtenu toutes les autorisations n\u00e9cessaires.<br \/>\nLannion Tr\u00e9gor Communaut\u00e9 a apport\u00e9 son concours en fournissant le\u00a0bois.<\/p>\n<p style=\"padding-left: 30px;\">Une petite \u00e9quipe s&rsquo;est donc attel\u00e9e \u00e0 la t\u00e2che dans les ateliers communaux.<\/p>\n<p><a href=\"https:\/\/cheminsplestinais.dcea.fr\/wp-content\/uploads\/2016\/09\/IMG_8990.jpg\"><img loading=\"lazy\" decoding=\"async\" class=\"alignleft size-medium wp-image-3101\" src=\"https:\/\/cheminsplestinais.dcea.fr\/wp-content\/uploads\/2016\/09\/IMG_8990-300x225.jpg\" alt=\"img_8990\" width=\"300\" height=\"225\" srcset=\"https:\/\/cheminsplestinais.dcea.fr\/wp-content\/uploads\/2016\/09\/IMG_8990-300x225.jpg 300w, https:\/\/cheminsplestinais.dcea.fr\/wp-content\/uploads\/2016\/09\/IMG_8990-768x576.jpg 768w, https:\/\/cheminsplestinais.dcea.fr\/wp-content\/uploads\/2016\/09\/IMG_8990-1024x768.jpg 1024w\" sizes=\"(max-width: 300px) 100vw, 300px\" \/><\/a><a href=\"https:\/\/cheminsplestinais.dcea.fr\/wp-content\/uploads\/2016\/09\/IMG_8997.jpg\"><img loading=\"lazy\" decoding=\"async\" class=\"alignright size-medium wp-image-3102\" src=\"https:\/\/cheminsplestinais.dcea.fr\/wp-content\/uploads\/2016\/09\/IMG_8997-300x225.jpg\" alt=\"img_8997\" width=\"300\" height=\"225\" srcset=\"https:\/\/cheminsplestinais.dcea.fr\/wp-content\/uploads\/2016\/09\/IMG_8997-300x225.jpg 300w, https:\/\/cheminsplestinais.dcea.fr\/wp-content\/uploads\/2016\/09\/IMG_8997-768x576.jpg 768w, https:\/\/cheminsplestinais.dcea.fr\/wp-content\/uploads\/2016\/09\/IMG_8997-1024x768.jpg 1024w\" sizes=\"(max-width: 300px) 100vw, 300px\" \/><\/a><\/p>\n<p><a href=\"https:\/\/cheminsplestinais.dcea.fr\/wp-content\/uploads\/2016\/09\/IMG_9010.jpg\"><img loading=\"lazy\" decoding=\"async\" class=\"alignleft size-medium wp-image-3104\" src=\"https:\/\/cheminsplestinais.dcea.fr\/wp-content\/uploads\/2016\/09\/IMG_9010-225x300.jpg\" alt=\"img_9010\" width=\"225\" height=\"300\" srcset=\"https:\/\/cheminsplestinais.dcea.fr\/wp-content\/uploads\/2016\/09\/IMG_9010-225x300.jpg 225w, https:\/\/cheminsplestinais.dcea.fr\/wp-content\/uploads\/2016\/09\/IMG_9010-768x1024.jpg 768w\" sizes=\"(max-width: 225px) 100vw, 225px\" \/><\/a><a href=\"https:\/\/cheminsplestinais.dcea.fr\/wp-content\/uploads\/2016\/09\/vlcsnap-2016-09-11-12h08m16s902.jpg\"><img loading=\"lazy\" decoding=\"async\" class=\"alignnone size-medium wp-image-3106\" src=\"https:\/\/cheminsplestinais.dcea.fr\/wp-content\/uploads\/2016\/09\/vlcsnap-2016-09-11-12h08m16s902-300x240.jpg\" alt=\"vlcsnap-2016-09-11-12h08m16s902\" width=\"300\" height=\"240\" srcset=\"https:\/\/cheminsplestinais.dcea.fr\/wp-content\/uploads\/2016\/09\/vlcsnap-2016-09-11-12h08m16s902-300x240.jpg 300w, https:\/\/cheminsplestinais.dcea.fr\/wp-content\/uploads\/2016\/09\/vlcsnap-2016-09-11-12h08m16s902.jpg 320w\" sizes=\"(max-width: 300px) 100vw, 300px\" \/><\/a><\/p>\n<p>Scier, raboter &#8230;<br \/>\net m\u00eame mesurer \u00e0 l&rsquo;ancienne !<a href=\"https:\/\/cheminsplestinais.dcea.fr\/wp-content\/uploads\/2016\/09\/vlcsnap-2016-09-11-12h09m03s532.jpg\"><img loading=\"lazy\" decoding=\"async\" class=\"alignright size-medium wp-image-3107\" src=\"https:\/\/cheminsplestinais.dcea.fr\/wp-content\/uploads\/2016\/09\/vlcsnap-2016-09-11-12h09m03s532-300x240.jpg\" alt=\"vlcsnap-2016-09-11-12h09m03s532\" width=\"300\" height=\"240\" srcset=\"https:\/\/cheminsplestinais.dcea.fr\/wp-content\/uploads\/2016\/09\/vlcsnap-2016-09-11-12h09m03s532-300x240.jpg 300w, https:\/\/cheminsplestinais.dcea.fr\/wp-content\/uploads\/2016\/09\/vlcsnap-2016-09-11-12h09m03s532.jpg 320w\" sizes=\"(max-width: 300px) 100vw, 300px\" \/><\/a><\/p>\n<p><a href=\"https:\/\/cheminsplestinais.dcea.fr\/wp-content\/uploads\/2016\/09\/IMG_0421.jpg\"><img loading=\"lazy\" decoding=\"async\" class=\"alignnone size-medium wp-image-3100\" src=\"https:\/\/cheminsplestinais.dcea.fr\/wp-content\/uploads\/2016\/09\/IMG_0421-300x225.jpg\" alt=\"img_0421\" width=\"300\" height=\"225\" srcset=\"https:\/\/cheminsplestinais.dcea.fr\/wp-content\/uploads\/2016\/09\/IMG_0421-300x225.jpg 300w, https:\/\/cheminsplestinais.dcea.fr\/wp-content\/uploads\/2016\/09\/IMG_0421-768x576.jpg 768w, https:\/\/cheminsplestinais.dcea.fr\/wp-content\/uploads\/2016\/09\/IMG_0421.jpg 800w\" sizes=\"(max-width: 300px) 100vw, 300px\" \/><\/a><\/p>\n<p><a href=\"https:\/\/cheminsplestinais.dcea.fr\/wp-content\/uploads\/2016\/09\/IMG_9021.jpg\"><img loading=\"lazy\" decoding=\"async\" class=\"alignnone wp-image-3105\" src=\"https:\/\/cheminsplestinais.dcea.fr\/wp-content\/uploads\/2016\/09\/IMG_9021-300x225.jpg\" alt=\"img_9021\" width=\"280\" height=\"210\" srcset=\"https:\/\/cheminsplestinais.dcea.fr\/wp-content\/uploads\/2016\/09\/IMG_9021-300x225.jpg 300w, https:\/\/cheminsplestinais.dcea.fr\/wp-content\/uploads\/2016\/09\/IMG_9021-768x576.jpg 768w, https:\/\/cheminsplestinais.dcea.fr\/wp-content\/uploads\/2016\/09\/IMG_9021-1024x768.jpg 1024w\" sizes=\"(max-width: 280px) 100vw, 280px\" \/><\/a><a href=\"https:\/\/cheminsplestinais.dcea.fr\/wp-content\/uploads\/2016\/09\/IMG_0419.jpg\"><img loading=\"lazy\" decoding=\"async\" class=\"alignright size-medium wp-image-3099\" src=\"https:\/\/cheminsplestinais.dcea.fr\/wp-content\/uploads\/2016\/09\/IMG_0419-300x225.jpg\" alt=\"img_0419\" width=\"300\" height=\"225\" srcset=\"https:\/\/cheminsplestinais.dcea.fr\/wp-content\/uploads\/2016\/09\/IMG_0419-300x225.jpg 300w, https:\/\/cheminsplestinais.dcea.fr\/wp-content\/uploads\/2016\/09\/IMG_0419-768x576.jpg 768w, https:\/\/cheminsplestinais.dcea.fr\/wp-content\/uploads\/2016\/09\/IMG_0419-1024x768.jpg 1024w\" sizes=\"(max-width: 300px) 100vw, 300px\" \/><\/a><\/p>\n<p>\u00c7a prend tournure !<\/p>\n<p style=\"text-align: right;\">La 1\u00e8re est termin\u00e9e ; place \u00e0 la 2\u00e8me \u00a0!<\/p>\n<p style=\"text-align: left;\"><a href=\"https:\/\/cheminsplestinais.dcea.fr\/wp-content\/uploads\/2016\/09\/P1110069.jpg\"><img loading=\"lazy\" decoding=\"async\" class=\"alignleft size-medium wp-image-3141\" src=\"https:\/\/cheminsplestinais.dcea.fr\/wp-content\/uploads\/2016\/09\/P1110069-300x225.jpg\" alt=\"p1110069\" width=\"300\" height=\"225\" srcset=\"https:\/\/cheminsplestinais.dcea.fr\/wp-content\/uploads\/2016\/09\/P1110069-300x225.jpg 300w, https:\/\/cheminsplestinais.dcea.fr\/wp-content\/uploads\/2016\/09\/P1110069-768x576.jpg 768w, https:\/\/cheminsplestinais.dcea.fr\/wp-content\/uploads\/2016\/09\/P1110069.jpg 800w\" sizes=\"(max-width: 300px) 100vw, 300px\" \/><\/a><\/p>\n<p style=\"text-align: left;\"><a href=\"https:\/\/cheminsplestinais.dcea.fr\/wp-content\/uploads\/2016\/09\/P1110056.jpg\"><img loading=\"lazy\" decoding=\"async\" class=\"alignright size-medium wp-image-3140\" src=\"https:\/\/cheminsplestinais.dcea.fr\/wp-content\/uploads\/2016\/09\/P1110056-300x225.jpg\" alt=\"p1110056\" width=\"300\" height=\"225\" srcset=\"https:\/\/cheminsplestinais.dcea.fr\/wp-content\/uploads\/2016\/09\/P1110056-300x225.jpg 300w, https:\/\/cheminsplestinais.dcea.fr\/wp-content\/uploads\/2016\/09\/P1110056-768x576.jpg 768w, https:\/\/cheminsplestinais.dcea.fr\/wp-content\/uploads\/2016\/09\/P1110056.jpg 800w\" sizes=\"(max-width: 300px) 100vw, 300px\" \/><\/a><\/p>\n<p style=\"text-align: left;\"><span style=\"color: #ffffff;\">.<\/span><\/p>\n<p style=\"text-align: left;\"><span style=\"color: #ffffff;\">.<\/span><\/p>\n<p style=\"text-align: left;\"><span style=\"color: #ffffff;\">.<\/span><\/p>\n<p style=\"text-align: left;\"><span style=\"color: #ffffff;\">.<\/span><\/p>\n<p style=\"text-align: left;\"><span style=\"color: #ffffff;\">.<\/span><\/p>\n<p style=\"text-align: left;\"><span style=\"color: #ffffff;\">.<\/span><\/p>\n<p style=\"text-align: left;\"><strong>Septembre<\/strong> : les services communaux ont pr\u00e9par\u00e9 les piles du pont<br \/>\nau Porjou.<\/p>\n<p style=\"text-align: left;\"><a href=\"https:\/\/cheminsplestinais.dcea.fr\/wp-content\/uploads\/2016\/09\/DSCN4326.jpg\"><img loading=\"lazy\" decoding=\"async\" class=\"alignnone wp-image-3097\" src=\"https:\/\/cheminsplestinais.dcea.fr\/wp-content\/uploads\/2016\/09\/DSCN4326-300x225.jpg\" alt=\"dscn4326\" width=\"280\" height=\"210\" srcset=\"https:\/\/cheminsplestinais.dcea.fr\/wp-content\/uploads\/2016\/09\/DSCN4326-300x225.jpg 300w, https:\/\/cheminsplestinais.dcea.fr\/wp-content\/uploads\/2016\/09\/DSCN4326-768x576.jpg 768w, https:\/\/cheminsplestinais.dcea.fr\/wp-content\/uploads\/2016\/09\/DSCN4326.jpg 800w\" sizes=\"(max-width: 280px) 100vw, 280px\" \/><\/a>\u00a0<a href=\"https:\/\/cheminsplestinais.dcea.fr\/wp-content\/uploads\/2016\/09\/DSCN4329.jpg\"><img loading=\"lazy\" decoding=\"async\" class=\"alignright size-medium wp-image-3098\" src=\"https:\/\/cheminsplestinais.dcea.fr\/wp-content\/uploads\/2016\/09\/DSCN4329-300x225.jpg\" alt=\"dscn4329\" width=\"300\" height=\"225\" srcset=\"https:\/\/cheminsplestinais.dcea.fr\/wp-content\/uploads\/2016\/09\/DSCN4329-300x225.jpg 300w, https:\/\/cheminsplestinais.dcea.fr\/wp-content\/uploads\/2016\/09\/DSCN4329-768x576.jpg 768w, https:\/\/cheminsplestinais.dcea.fr\/wp-content\/uploads\/2016\/09\/DSCN4329.jpg 800w\" sizes=\"(max-width: 300px) 100vw, 300px\" \/><\/a><\/p>\n<p style=\"text-align: left;\"><span style=\"color: #ffffff;\">&#8230;..<\/span>Nous venons ma\u00e7onner les supports&#8230;<\/p>\n<p style=\"text-align: left;\">avant la pose proprement dite le lundi 12 septembre.<\/p>\n<p style=\"text-align: right;\">C&rsquo;est quand m\u00eame plus facile \u00e0 porter comme \u00e7a !<\/p>\n<p style=\"text-align: left;\"><a href=\"https:\/\/cheminsplestinais.dcea.fr\/wp-content\/uploads\/2016\/09\/P1110075.jpg\"><img loading=\"lazy\" decoding=\"async\" class=\"alignleft size-medium wp-image-3142\" src=\"https:\/\/cheminsplestinais.dcea.fr\/wp-content\/uploads\/2016\/09\/P1110075-300x225.jpg\" alt=\"p1110075\" width=\"300\" height=\"225\" srcset=\"https:\/\/cheminsplestinais.dcea.fr\/wp-content\/uploads\/2016\/09\/P1110075-300x225.jpg 300w, https:\/\/cheminsplestinais.dcea.fr\/wp-content\/uploads\/2016\/09\/P1110075-768x576.jpg 768w, https:\/\/cheminsplestinais.dcea.fr\/wp-content\/uploads\/2016\/09\/P1110075.jpg 800w\" sizes=\"(max-width: 300px) 100vw, 300px\" \/><\/a><\/p>\n<p style=\"text-align: left;\"><span style=\"color: #ffffff;\">.<\/span><\/p>\n<p style=\"text-align: left;\"><a href=\"https:\/\/cheminsplestinais.dcea.fr\/wp-content\/uploads\/2016\/09\/P1110087.jpg\"><img loading=\"lazy\" decoding=\"async\" class=\"alignright size-medium wp-image-3143\" src=\"https:\/\/cheminsplestinais.dcea.fr\/wp-content\/uploads\/2016\/09\/P1110087-300x225.jpg\" alt=\"p1110087\" width=\"300\" height=\"225\" srcset=\"https:\/\/cheminsplestinais.dcea.fr\/wp-content\/uploads\/2016\/09\/P1110087-300x225.jpg 300w, https:\/\/cheminsplestinais.dcea.fr\/wp-content\/uploads\/2016\/09\/P1110087-768x576.jpg 768w, https:\/\/cheminsplestinais.dcea.fr\/wp-content\/uploads\/2016\/09\/P1110087.jpg 800w\" sizes=\"(max-width: 300px) 100vw, 300px\" \/><\/a><\/p>\n<p style=\"text-align: left;\"><a href=\"https:\/\/cheminsplestinais.dcea.fr\/wp-content\/uploads\/2016\/09\/P1110089.jpg\"><img loading=\"lazy\" decoding=\"async\" class=\"size-medium wp-image-3144 aligncenter\" src=\"https:\/\/cheminsplestinais.dcea.fr\/wp-content\/uploads\/2016\/09\/P1110089-300x225.jpg\" alt=\"p1110089\" width=\"300\" height=\"225\" srcset=\"https:\/\/cheminsplestinais.dcea.fr\/wp-content\/uploads\/2016\/09\/P1110089-300x225.jpg 300w, https:\/\/cheminsplestinais.dcea.fr\/wp-content\/uploads\/2016\/09\/P1110089-768x576.jpg 768w, https:\/\/cheminsplestinais.dcea.fr\/wp-content\/uploads\/2016\/09\/P1110089.jpg 800w\" sizes=\"(max-width: 300px) 100vw, 300px\" \/><\/a><\/p>\n<p><a href=\"https:\/\/cheminsplestinais.dcea.fr\/wp-content\/uploads\/2016\/09\/P1110105.jpg\"><img loading=\"lazy\" decoding=\"async\" class=\"aligncenter wp-image-3145\" src=\"https:\/\/cheminsplestinais.dcea.fr\/wp-content\/uploads\/2016\/09\/P1110105.jpg\" alt=\"p1110105\" width=\"600\" height=\"450\" srcset=\"https:\/\/cheminsplestinais.dcea.fr\/wp-content\/uploads\/2016\/09\/P1110105.jpg 800w, https:\/\/cheminsplestinais.dcea.fr\/wp-content\/uploads\/2016\/09\/P1110105-300x225.jpg 300w, https:\/\/cheminsplestinais.dcea.fr\/wp-content\/uploads\/2016\/09\/P1110105-768x576.jpg 768w\" sizes=\"(max-width: 600px) 100vw, 600px\" \/><\/a><\/p>\n<p style=\"text-align: center;\">\u00c7a va, vous pourrez traverser en toute tranquillit\u00e9 !<\/p>\n<p style=\"text-align: center;\"><strong>N.B.<\/strong> : La pose de la 2\u00e8me passerelle est pr\u00e9vue la semaine suivante.<\/p>\n<p style=\"text-align: center;\"><span style=\"color: #ffffff;\">.<\/span><\/p>\n<p style=\"text-align: left;\">Entre temps, le vendredi 2 septembre s&rsquo;est tenu le 1er <span style=\"color: #003300;\"><strong>conseil d&rsquo;administration<\/strong><\/span> de la saison 2016-2017.<\/p>\n<p style=\"text-align: left;\">La liste des chantiers \u00e0 venir a \u00e9t\u00e9 dress\u00e9e : nous avons du pain sur la planche pour les mois \u00e0 venir.<br \/>\nEncore de bons moments de convivialit\u00e9 en perspective !<\/p>\n<p style=\"text-align: left;\">Comme d&rsquo;habitude, le d\u00e9roulement des chantiers sera relat\u00e9 au fur et \u00e0 mesure dans ce blog.<\/p>\n","protected":false},"excerpt":{"rendered":"<p>Cet \u00e9t\u00e9 2016 aura \u00e9t\u00e9 pour notre association un peu plus dynamique que les pr\u00e9c\u00e9dents. Tout d&rsquo;abord, un dernier chantier sur le site de Saint-Haran, qui fleurait \u00a0bon d\u00e9j\u00e0 les vacances prochaines. Il fallait rendre le site plus agr\u00e9able pour y accueillir les promeneurs. \u00a0 Bien ranger les cailloux un peu trop \u00e9parpill\u00e9s, &nbsp; &nbsp; [&hellip;]<\/p>\n","protected":false},"author":1,"featured_media":0,"comment_status":"open","ping_status":"closed","sticky":false,"template":"","format":"standard","meta":{"footnotes":""},"categories":[2],"tags":[],"_links":{"self":[{"href":"https:\/\/cheminsplestinais.dcea.fr\/index.php?rest_route=\/wp\/v2\/posts\/2996"}],"collection":[{"href":"https:\/\/cheminsplestinais.dcea.fr\/index.php?rest_route=\/wp\/v2\/posts"}],"about":[{"href":"https:\/\/cheminsplestinais.dcea.fr\/index.php?rest_route=\/wp\/v2\/types\/post"}],"author":[{"embeddable":true,"href":"https:\/\/cheminsplestinais.dcea.fr\/index.php?rest_route=\/wp\/v2\/users\/1"}],"replies":[{"embeddable":true,"href":"https:\/\/cheminsplestinais.dcea.fr\/index.php?rest_route=%2Fwp%2Fv2%2Fcomments&post=2996"}],"version-history":[{"count":151,"href":"https:\/\/cheminsplestinais.dcea.fr\/index.php?rest_route=\/wp\/v2\/posts\/2996\/revisions"}],"predecessor-version":[{"id":3186,"href":"https:\/\/cheminsplestinais.dcea.fr\/index.php?rest_route=\/wp\/v2\/posts\/2996\/revisions\/3186"}],"wp:attachment":[{"href":"https:\/\/cheminsplestinais.dcea.fr\/index.php?rest_route=%2Fwp%2Fv2%2Fmedia&parent=2996"}],"wp:term":[{"taxonomy":"category","embeddable":true,"href":"https:\/\/cheminsplestinais.dcea.fr\/index.php?rest_route=%2Fwp%2Fv2%2Fcategories&post=2996"},{"taxonomy":"post_tag","embeddable":true,"href":"https:\/\/cheminsplestinais.dcea.fr\/index.php?rest_route=%2Fwp%2Fv2%2Ftags&post=2996"}],"curies":[{"name":"wp","href":"https:\/\/api.w.org\/{rel}","templated":true}]}}