{"id":3343,"date":"2016-11-11T18:20:31","date_gmt":"2016-11-11T17:20:31","guid":{"rendered":"http:\/\/www.cheminsplestinais.dcea.fr\/?p=3343"},"modified":"2016-11-11T18:20:31","modified_gmt":"2016-11-11T17:20:31","slug":"de-nouvelles-perspectives-pour-les-randonneurs","status":"publish","type":"post","link":"https:\/\/cheminsplestinais.dcea.fr\/?p=3343","title":{"rendered":"De nouvelles perspectives pour les randonneurs"},"content":{"rendered":"<p>&nbsp;<\/p>\n<p>Notre association s&rsquo;active chaque semaine \u00a0pour ouvrir et entretenir des sentiers de randonn\u00e9e p\u00e9destre sur le territoire de la commune.<\/p>\n<p style=\"padding-left: 30px;\">Nous venons d&rsquo;achever un assez long chantier au lieu-dit Kercrinou-La Forge.<\/p>\n<p>Le nouveau sentier (en jaune sur cette carte)<br \/>\nconstitue le nouveau <a href=\"https:\/\/cheminsplestinais.dcea.fr\/wp-content\/uploads\/2016\/11\/TP-1.jpg\"><img loading=\"lazy\" decoding=\"async\" class=\"alignright size-medium wp-image-3363\" src=\"https:\/\/cheminsplestinais.dcea.fr\/wp-content\/uploads\/2016\/11\/TP-1-282x300.jpg\" alt=\"tp\" width=\"282\" height=\"300\" srcset=\"https:\/\/cheminsplestinais.dcea.fr\/wp-content\/uploads\/2016\/11\/TP-1-282x300.jpg 282w, https:\/\/cheminsplestinais.dcea.fr\/wp-content\/uploads\/2016\/11\/TP-1.jpg 495w\" sizes=\"(max-width: 282px) 100vw, 282px\" \/><\/a>trac\u00e9 du \u00ab\u00a0Tro Plistin\u00a0\u00bb.<\/p>\n<p>Nous avions ouvert la 1\u00e8re partie (tron\u00e7on A-B) en 2011, mais elle ne permettait pas d&rsquo;effectuer de boucle.<\/p>\n<p>La partie que nous venons de r\u00e9aliser<br \/>\n(tron\u00e7on B-C) offrira\u00a0de nouvelles options<br \/>\naux promeneurs :<br \/>\nen dehors du Tro Plistin, il sera possible d&rsquo;allonger agr\u00e9ablement la boucle de St-Jagut \u00a0(10,5 km au lieu de 8,3 km).<\/p>\n<p style=\"text-align: right;\"><em>Cliquer sur les cartes pour les agrandir.<\/em><\/p>\n<p style=\"text-align: right;\"><a href=\"https:\/\/cheminsplestinais.dcea.fr\/wp-content\/uploads\/2016\/11\/St-Jagut-long2-1.jpg\"><img loading=\"lazy\" decoding=\"async\" class=\"aligncenter size-full wp-image-3359\" src=\"https:\/\/cheminsplestinais.dcea.fr\/wp-content\/uploads\/2016\/11\/St-Jagut-long2-1.jpg\" alt=\"st-jagut-long2\" width=\"988\" height=\"578\" srcset=\"https:\/\/cheminsplestinais.dcea.fr\/wp-content\/uploads\/2016\/11\/St-Jagut-long2-1.jpg 988w, https:\/\/cheminsplestinais.dcea.fr\/wp-content\/uploads\/2016\/11\/St-Jagut-long2-1-300x176.jpg 300w, https:\/\/cheminsplestinais.dcea.fr\/wp-content\/uploads\/2016\/11\/St-Jagut-long2-1-768x449.jpg 768w\" sizes=\"(max-width: 988px) 100vw, 988px\" \/><\/a><\/p>\n<p style=\"text-align: left;\"><span style=\"color: #ffffff;\">&#8230;&#8230;..<\/span>Pour relier les points A et D, on pourra passer d\u00e9sormais<br \/>\npar les points B et C (un balisage sera prochainement mis en place).<\/p>\n<p style=\"text-align: left;\">Nous avions d\u00e9j\u00e0 travaill\u00e9 sur ce chantier en f\u00e9vrier de cette ann\u00e9e (voir l&rsquo;article \u00ab\u00a0<a href=\"https:\/\/cheminsplestinais.dcea.fr\/?p=2185\">Hiver pluvieux, chemins boueux<\/a>\u00ab\u00a0).<\/p>\n<p style=\"text-align: left;\"><a href=\"https:\/\/cheminsplestinais.dcea.fr\/wp-content\/uploads\/2016\/11\/P1060534.jpg\"><img loading=\"lazy\" decoding=\"async\" class=\"alignleft size-medium wp-image-3357\" src=\"https:\/\/cheminsplestinais.dcea.fr\/wp-content\/uploads\/2016\/11\/P1060534-300x225.jpg\" alt=\"p1060534\" width=\"300\" height=\"225\" srcset=\"https:\/\/cheminsplestinais.dcea.fr\/wp-content\/uploads\/2016\/11\/P1060534-300x225.jpg 300w, https:\/\/cheminsplestinais.dcea.fr\/wp-content\/uploads\/2016\/11\/P1060534-768x576.jpg 768w, https:\/\/cheminsplestinais.dcea.fr\/wp-content\/uploads\/2016\/11\/P1060534.jpg 1000w\" sizes=\"(max-width: 300px) 100vw, 300px\" \/><\/a><span style=\"color: #ffffff;\">.<\/span><\/p>\n<p style=\"text-align: left;\"><span style=\"color: #ffffff;\">.\u00a0<\/span><\/p>\n<p style=\"text-align: left;\">Nous avons attendu que le terrain s&rsquo;ass\u00e8che.<\/p>\n<p>&nbsp;<\/p>\n<p>En octobre, sur le m\u00e9tier nous avons remis notre ouvrage.<\/p>\n<p style=\"text-align: center;\">Au programme : d\u00e9broussaillage\u00a0&#8230;<\/p>\n<p style=\"text-align: left;\"><a href=\"https:\/\/cheminsplestinais.dcea.fr\/wp-content\/uploads\/2016\/11\/01-kerscrinou-8.jpg\"><img loading=\"lazy\" decoding=\"async\" class=\"alignnone wp-image-3346\" src=\"https:\/\/cheminsplestinais.dcea.fr\/wp-content\/uploads\/2016\/11\/01-kerscrinou-8-300x225.jpg\" alt=\"01-kerscrinou-8\" width=\"315\" height=\"236\" srcset=\"https:\/\/cheminsplestinais.dcea.fr\/wp-content\/uploads\/2016\/11\/01-kerscrinou-8-300x225.jpg 300w, https:\/\/cheminsplestinais.dcea.fr\/wp-content\/uploads\/2016\/11\/01-kerscrinou-8-768x576.jpg 768w, https:\/\/cheminsplestinais.dcea.fr\/wp-content\/uploads\/2016\/11\/01-kerscrinou-8-1024x768.jpg 1024w, https:\/\/cheminsplestinais.dcea.fr\/wp-content\/uploads\/2016\/11\/01-kerscrinou-8.jpg 1280w\" sizes=\"(max-width: 315px) 100vw, 315px\" \/><\/a><a href=\"https:\/\/cheminsplestinais.dcea.fr\/wp-content\/uploads\/2016\/11\/IMG_0958.jpg\"><img loading=\"lazy\" decoding=\"async\" class=\"alignright size-medium wp-image-3356\" src=\"https:\/\/cheminsplestinais.dcea.fr\/wp-content\/uploads\/2016\/11\/IMG_0958-300x225.jpg\" alt=\"img_0958\" width=\"300\" height=\"225\" srcset=\"https:\/\/cheminsplestinais.dcea.fr\/wp-content\/uploads\/2016\/11\/IMG_0958-300x225.jpg 300w, https:\/\/cheminsplestinais.dcea.fr\/wp-content\/uploads\/2016\/11\/IMG_0958.jpg 764w\" sizes=\"(max-width: 300px) 100vw, 300px\" \/><\/a><\/p>\n<p style=\"text-align: center;\">et tron\u00e7onnage.<\/p>\n<p style=\"text-align: left;\"><a href=\"https:\/\/cheminsplestinais.dcea.fr\/wp-content\/uploads\/2016\/11\/Alain-11.jpg\"><img loading=\"lazy\" decoding=\"async\" class=\"alignleft size-medium wp-image-3348\" src=\"https:\/\/cheminsplestinais.dcea.fr\/wp-content\/uploads\/2016\/11\/Alain-11-300x225.jpg\" alt=\"alain-11\" width=\"300\" height=\"225\" srcset=\"https:\/\/cheminsplestinais.dcea.fr\/wp-content\/uploads\/2016\/11\/Alain-11-300x225.jpg 300w, https:\/\/cheminsplestinais.dcea.fr\/wp-content\/uploads\/2016\/11\/Alain-11.jpg 752w\" sizes=\"(max-width: 300px) 100vw, 300px\" \/><span style=\"color: #ffffff;\">.<\/span><\/a><\/p>\n<p style=\"text-align: left;\"><a href=\"https:\/\/cheminsplestinais.dcea.fr\/wp-content\/uploads\/2016\/11\/IMG_0952.jpg\"><img loading=\"lazy\" decoding=\"async\" class=\"alignright size-medium wp-image-3353\" src=\"https:\/\/cheminsplestinais.dcea.fr\/wp-content\/uploads\/2016\/11\/IMG_0952-300x225.jpg\" alt=\"img_0952\" width=\"300\" height=\"225\" srcset=\"https:\/\/cheminsplestinais.dcea.fr\/wp-content\/uploads\/2016\/11\/IMG_0952-300x225.jpg 300w, https:\/\/cheminsplestinais.dcea.fr\/wp-content\/uploads\/2016\/11\/IMG_0952-768x576.jpg 768w, https:\/\/cheminsplestinais.dcea.fr\/wp-content\/uploads\/2016\/11\/IMG_0952-1024x768.jpg 1024w\" sizes=\"(max-width: 300px) 100vw, 300px\" \/><\/a><\/p>\n<p style=\"text-align: left;\">.<\/p>\n<p style=\"text-align: left;\"><span style=\"color: #ffffff;\">.<\/span><\/p>\n<p style=\"text-align: left;\"><span style=\"color: #ffffff;\">.<\/span><\/p>\n<p style=\"text-align: left;\"><span style=\"color: #ffffff;\">.<\/span><\/p>\n<p style=\"text-align: left;\"><span style=\"color: #ffffff;\">.<\/span><\/p>\n<p style=\"text-align: left;\">Objectif : permettre aux engins municipaux<\/p>\n<p style=\"text-align: right;\">d&rsquo;acc\u00e9der au chemin pour le niveler et le drainer.<\/p>\n<p style=\"text-align: left;\"><a href=\"https:\/\/cheminsplestinais.dcea.fr\/wp-content\/uploads\/2016\/11\/DSCN0476.jpg\"><img loading=\"lazy\" decoding=\"async\" class=\"alignleft size-medium wp-image-3351\" src=\"https:\/\/cheminsplestinais.dcea.fr\/wp-content\/uploads\/2016\/11\/DSCN0476-225x300.jpg\" alt=\"dscn0476\" width=\"225\" height=\"300\" srcset=\"https:\/\/cheminsplestinais.dcea.fr\/wp-content\/uploads\/2016\/11\/DSCN0476-225x300.jpg 225w, https:\/\/cheminsplestinais.dcea.fr\/wp-content\/uploads\/2016\/11\/DSCN0476.jpg 573w\" sizes=\"(max-width: 225px) 100vw, 225px\" \/><\/a><span style=\"color: #ffffff;\">.<\/span><\/p>\n<p style=\"text-align: left;\">Parfois, l&rsquo;abattage d&rsquo;un arbre plus imposant<\/p>\n<p style=\"text-align: center;\">mobilise toute une \u00e9quipe !<\/p>\n<p style=\"text-align: left;\"><a href=\"https:\/\/cheminsplestinais.dcea.fr\/wp-content\/uploads\/2016\/11\/DSCN0477.jpg\"><img loading=\"lazy\" decoding=\"async\" class=\"alignnone wp-image-3352\" src=\"https:\/\/cheminsplestinais.dcea.fr\/wp-content\/uploads\/2016\/11\/DSCN0477-300x225.jpg\" alt=\"dscn0477\" width=\"290\" height=\"218\" srcset=\"https:\/\/cheminsplestinais.dcea.fr\/wp-content\/uploads\/2016\/11\/DSCN0477-300x225.jpg 300w, https:\/\/cheminsplestinais.dcea.fr\/wp-content\/uploads\/2016\/11\/DSCN0477.jpg 764w\" sizes=\"(max-width: 290px) 100vw, 290px\" \/><\/a><\/p>\n<p style=\"text-align: center;\">Le r\u00e9sultat de nos efforts conjoints est assez spectaculaire.<\/p>\n<p style=\"text-align: left;\"><a href=\"https:\/\/cheminsplestinais.dcea.fr\/wp-content\/uploads\/2016\/11\/Alain-8.jpg\"><img loading=\"lazy\" decoding=\"async\" class=\"aligncenter size-full wp-image-3347\" src=\"https:\/\/cheminsplestinais.dcea.fr\/wp-content\/uploads\/2016\/11\/Alain-8.jpg\" alt=\"alain-8\" width=\"752\" height=\"564\" srcset=\"https:\/\/cheminsplestinais.dcea.fr\/wp-content\/uploads\/2016\/11\/Alain-8.jpg 752w, https:\/\/cheminsplestinais.dcea.fr\/wp-content\/uploads\/2016\/11\/Alain-8-300x225.jpg 300w\" sizes=\"(max-width: 752px) 100vw, 752px\" \/><\/a><\/p>\n<p style=\"text-align: left;\"><span style=\"color: #ffffff;\">&#8230;&#8230;<\/span>Que les amoureux des petits sentiers bois\u00e9s ne se d\u00e9solent pas !<br \/>\nPar exp\u00e9rience\u00a0nous savons que la v\u00e9g\u00e9tation reprendra bien vite ses droits.<\/p>\n<p style=\"text-align: right;\"><span style=\"color: #ffffff;\">&#8230;&#8230;<\/span>Nous avons \u00e9galement d\u00e9broussaill\u00e9 une bande de terrain<br \/>\nle long de la d\u00e9partementale, pour \u00e9viter que les promeneurs<br \/>\nne marchent sur la chauss\u00e9e.<\/p>\n<p style=\"text-align: left;\"><a href=\"https:\/\/cheminsplestinais.dcea.fr\/wp-content\/uploads\/2016\/11\/DSCN0467.jpg\"><img loading=\"lazy\" decoding=\"async\" class=\"alignright size-medium wp-image-3350\" src=\"https:\/\/cheminsplestinais.dcea.fr\/wp-content\/uploads\/2016\/11\/DSCN0467-300x225.jpg\" alt=\"dscn0467\" width=\"300\" height=\"225\" srcset=\"https:\/\/cheminsplestinais.dcea.fr\/wp-content\/uploads\/2016\/11\/DSCN0467-300x225.jpg 300w, https:\/\/cheminsplestinais.dcea.fr\/wp-content\/uploads\/2016\/11\/DSCN0467.jpg 764w\" sizes=\"(max-width: 300px) 100vw, 300px\" \/><\/a><a href=\"https:\/\/cheminsplestinais.dcea.fr\/wp-content\/uploads\/2016\/11\/DSCN0464.jpg\"><img loading=\"lazy\" decoding=\"async\" class=\"alignnone size-medium wp-image-3349\" src=\"https:\/\/cheminsplestinais.dcea.fr\/wp-content\/uploads\/2016\/11\/DSCN0464-300x169.jpg\" alt=\"dscn0464\" width=\"300\" height=\"169\" srcset=\"https:\/\/cheminsplestinais.dcea.fr\/wp-content\/uploads\/2016\/11\/DSCN0464-300x169.jpg 300w, https:\/\/cheminsplestinais.dcea.fr\/wp-content\/uploads\/2016\/11\/DSCN0464-768x432.jpg 768w, https:\/\/cheminsplestinais.dcea.fr\/wp-content\/uploads\/2016\/11\/DSCN0464-1024x576.jpg 1024w, https:\/\/cheminsplestinais.dcea.fr\/wp-content\/uploads\/2016\/11\/DSCN0464.jpg 1920w\" sizes=\"(max-width: 300px) 100vw, 300px\" \/><\/a><\/p>\n<p style=\"text-align: left;\"><span style=\"color: #ffffff;\">.<\/span><\/p>\n<p style=\"text-align: left;\">Nous esp\u00e9rons que vous serez nombreux<br \/>\n\u00e0 venir essayer (et l&rsquo;essayer, c&rsquo;est l&rsquo;adopter !) ce nouveau parcours.<\/p>\n<p style=\"text-align: left;\"><span style=\"text-decoration: underline;\"><strong><span style=\"color: #ffffff; text-decoration: underline;\">.<\/span><a href=\"https:\/\/cheminsplestinais.dcea.fr\/wp-content\/uploads\/2016\/11\/Ste-Anne-long2.jpg\"><img loading=\"lazy\" decoding=\"async\" class=\"alignright size-medium wp-image-3341\" src=\"https:\/\/cheminsplestinais.dcea.fr\/wp-content\/uploads\/2016\/11\/Ste-Anne-long2-210x300.jpg\" alt=\"ste-anne-long2\" width=\"210\" height=\"300\" srcset=\"https:\/\/cheminsplestinais.dcea.fr\/wp-content\/uploads\/2016\/11\/Ste-Anne-long2-210x300.jpg 210w, https:\/\/cheminsplestinais.dcea.fr\/wp-content\/uploads\/2016\/11\/Ste-Anne-long2.jpg 538w\" sizes=\"(max-width: 210px) 100vw, 210px\" \/><\/a><\/strong><\/span><\/p>\n<p style=\"text-align: left; padding-left: 60px;\"><span style=\"text-decoration: underline;\"><strong>N.B<\/strong><\/span>. : il est \u00e9galement possible<\/p>\n<p style=\"text-align: left; padding-left: 60px;\">d&rsquo;utiliser ce chemin pour allonger<\/p>\n<p style=\"text-align: left; padding-left: 60px;\">la boucle de Ste-Anne<\/p>\n<p style=\"text-align: left; padding-left: 60px;\">(10 km au lieu de 6,7 km).<\/p>\n","protected":false},"excerpt":{"rendered":"<p>&nbsp; Notre association s&rsquo;active chaque semaine \u00a0pour ouvrir et entretenir des sentiers de randonn\u00e9e p\u00e9destre sur le territoire de la commune. Nous venons d&rsquo;achever un assez long chantier au lieu-dit Kercrinou-La Forge. Le nouveau sentier (en jaune sur cette carte) constitue le nouveau trac\u00e9 du \u00ab\u00a0Tro Plistin\u00a0\u00bb. Nous avions ouvert la 1\u00e8re partie (tron\u00e7on A-B) [&hellip;]<\/p>\n","protected":false},"author":1,"featured_media":0,"comment_status":"open","ping_status":"closed","sticky":false,"template":"","format":"standard","meta":{"footnotes":""},"categories":[2],"tags":[],"_links":{"self":[{"href":"https:\/\/cheminsplestinais.dcea.fr\/index.php?rest_route=\/wp\/v2\/posts\/3343"}],"collection":[{"href":"https:\/\/cheminsplestinais.dcea.fr\/index.php?rest_route=\/wp\/v2\/posts"}],"about":[{"href":"https:\/\/cheminsplestinais.dcea.fr\/index.php?rest_route=\/wp\/v2\/types\/post"}],"author":[{"embeddable":true,"href":"https:\/\/cheminsplestinais.dcea.fr\/index.php?rest_route=\/wp\/v2\/users\/1"}],"replies":[{"embeddable":true,"href":"https:\/\/cheminsplestinais.dcea.fr\/index.php?rest_route=%2Fwp%2Fv2%2Fcomments&post=3343"}],"version-history":[{"count":72,"href":"https:\/\/cheminsplestinais.dcea.fr\/index.php?rest_route=\/wp\/v2\/posts\/3343\/revisions"}],"predecessor-version":[{"id":3431,"href":"https:\/\/cheminsplestinais.dcea.fr\/index.php?rest_route=\/wp\/v2\/posts\/3343\/revisions\/3431"}],"wp:attachment":[{"href":"https:\/\/cheminsplestinais.dcea.fr\/index.php?rest_route=%2Fwp%2Fv2%2Fmedia&parent=3343"}],"wp:term":[{"taxonomy":"category","embeddable":true,"href":"https:\/\/cheminsplestinais.dcea.fr\/index.php?rest_route=%2Fwp%2Fv2%2Fcategories&post=3343"},{"taxonomy":"post_tag","embeddable":true,"href":"https:\/\/cheminsplestinais.dcea.fr\/index.php?rest_route=%2Fwp%2Fv2%2Ftags&post=3343"}],"curies":[{"name":"wp","href":"https:\/\/api.w.org\/{rel}","templated":true}]}}