{"id":3919,"date":"2014-02-04T16:01:47","date_gmt":"2014-02-04T15:01:47","guid":{"rendered":"http:\/\/www.cheminsplestinais.dcea.fr\/?p=3919"},"modified":"2017-06-14T16:13:50","modified_gmt":"2017-06-14T15:13:50","slug":"quelques-nouvelles-des-chantiers","status":"publish","type":"post","link":"https:\/\/cheminsplestinais.dcea.fr\/?p=3919","title":{"rendered":"Quelques nouvelles des chantiers"},"content":{"rendered":"<p><strong>3 mois sans donner de nouvelles !<\/strong><\/p>\n<p>Cela ne signifie nullement que nous soyons rest\u00e9s inactifs, bien au contraire !<\/p>\n<p>Tout d&rsquo;abord, le (gros) chantier de r\u00e9habilitation de la fontaine et du lavoir St-Gestin<\/p>\n<p><em><a href=\"http:\/\/cheminsplestinais.over-blog.com\/article-rehabilitation-des-fontaine-et-lavoir-saint-gestin-121014537.html\">(voir article pr\u00e9c\u00e9dent)<\/a><\/em> suit son cours, malgr\u00e9 les conditions m\u00e9t\u00e9o peu favorables<\/p>\n<p>qui nous obligent \u00e0 patauger dans la boue.<\/p>\n<p><img loading=\"lazy\" decoding=\"async\" class=\"noAlign aligncenter\" src=\"http:\/\/img.over-blog.com\/280x210\/3\/88\/85\/99\/o-Saint-Gestin\/DLP--5-.JPG\" alt=\"DLP (5)\" width=\"240\" height=\"180\" \/> \u00a0\u00a0\u00a0<img loading=\"lazy\" decoding=\"async\" class=\" noAlign\" src=\"http:\/\/img.over-blog.com\/280x210\/3\/88\/85\/99\/o-Saint-Gestin\/SDC18733.JPG\" alt=\"SDC18733\" width=\"320\" height=\"240\" \/><\/p>\n<p>\u00c7a monte gr\u00e2ce aux ma\u00e7ons et tailleurs de pierre.<\/p>\n<p><img loading=\"lazy\" decoding=\"async\" class=\"noAlign alignright\" src=\"http:\/\/img.over-blog.com\/280x210\/3\/88\/85\/99\/o-Saint-Gestin\/SDC18756.JPG\" alt=\"SDC18756\" width=\"280\" height=\"210\" \/><\/p>\n<p><img loading=\"lazy\" decoding=\"async\" class=\" noAlign\" src=\"http:\/\/img.over-blog.com\/280x210\/3\/88\/85\/99\/o-Saint-Gestin\/SDC18724.JPG\" alt=\"SDC18724\" width=\"240\" height=\"180\" \/><\/p>\n<p>L&rsquo;aide des engins de la ville est la bienvenue<\/p>\n<p><img loading=\"lazy\" decoding=\"async\" class=\"noAlign\" src=\"http:\/\/img.over-blog.com\/280x210\/3\/88\/85\/99\/o-Saint-Gestin\/SDC18758.JPG\" alt=\"SDC18758\" width=\"280\" height=\"210\" \/><\/p>\n<p>&nbsp;<\/p>\n<p><img loading=\"lazy\" decoding=\"async\" class=\"noAlign alignright\" src=\"http:\/\/img.over-blog.com\/300x225\/3\/88\/85\/99\/o-Saint-Gestin\/P1030578.JPG\" alt=\"P1030578\" width=\"280\" height=\"210\" \/><\/p>\n<p>&nbsp;<\/p>\n<p><img loading=\"lazy\" decoding=\"async\" class=\"GcheTexte alignleft\" src=\"http:\/\/img.over-blog.com\/300x201\/3\/88\/85\/99\/o-Saint-Gestin\/DSC00290.JPG\" alt=\"DSC00290\" width=\"250\" height=\"167\" \/><\/p>\n<p>&nbsp;<\/p>\n<p>&nbsp;<\/p>\n<p>La fontaine est maintenant termin\u00e9e<\/p>\n<p>et n&rsquo;attend plus que la statue de St-Gestin.<\/p>\n<p>&nbsp;<\/p>\n<p>&nbsp;<\/p>\n<p>&nbsp;<\/p>\n<p>Le lavoir n\u00e9cessitera encore plusieurs semaines de travail avant son ach\u00e8vement.<\/p>\n<p>&nbsp;<\/p>\n<p>Tandis que les ma\u00e7ons exer\u00e7aient leur art \u00e0 St-Gestin,<br \/>\nle reste de la troupe reprenait des t\u00e2ches plus traditionnelles<br \/>\nde d\u00e9frichage de nouveaux sentiers ou d&rsquo;entretien de sentiers existants :<\/p>\n<p><img loading=\"lazy\" decoding=\"async\" class=\"noAlign aligncenter\" src=\"http:\/\/img.over-blog.com\/275x206\/3\/88\/85\/99\/n-hiver-2013-2014\/kerguiniou.JPG\" alt=\"kerguiniou\" width=\"275\" height=\"206\" \/>\u00a0 <img loading=\"lazy\" decoding=\"async\" class=\"noAlign\" src=\"http:\/\/img.over-blog.com\/275x206\/3\/88\/85\/99\/n-hiver-2013-2014\/kerguiniou--1-.JPG\" alt=\"kerguiniou (1)\" width=\"275\" height=\"206\" \/><\/p>\n<p>Empierrage d&rsquo;un chemin \u00e0 Kerguignou <em>(Ste-Anne)<\/em><\/p>\n<p>&nbsp;<\/p>\n<p><img loading=\"lazy\" decoding=\"async\" class=\"DrteTexte\" src=\"http:\/\/img.over-blog.com\/280x210\/3\/88\/85\/99\/n-hiver-2013-2014\/kernavalen.JPG\" alt=\"kernavalen\" width=\"280\" height=\"210\" \/><\/p>\n<p>Ouverture d&rsquo;un nouveau sentier \u00e0 Kernavalen<br \/>\n<em>(sur le circuit de St-Jagut)<\/em><\/p>\n<p><img loading=\"lazy\" decoding=\"async\" class=\" GcheTexte\" src=\"http:\/\/img.over-blog.com\/250x187\/3\/88\/85\/99\/n-hiver-2013-2014\/kernavalen--2-.JPG\" alt=\"kernavalen (2)\" width=\"275\" height=\"205\" \/><\/p>\n<p>qui permet de rejoindre le Douron.<\/p>\n<p><em>\u00a0\u00a0\u00a0\u00a0\u00a0 Il n&rsquo;est pas vraiment conseill\u00e9 d&#8217;emprunter ce pont<br \/>\npour le traverser.<\/em><\/p>\n<p>&nbsp;<\/p>\n<p>Et ouverture d&rsquo;un passage \u00e0 Kerdudavel, pr\u00e8s de l&rsquo;entr\u00e9e du bois de Coat ar Bescond.<\/p>\n<p>&nbsp;<\/p>\n<p><img loading=\"lazy\" decoding=\"async\" class=\"CtreTexte\" src=\"http:\/\/idata.over-blog.com\/3\/88\/85\/99\/n-hiver-2013-2014\/kerdudavel--1-.JPG\" alt=\"kerdudavel (1)\" width=\"300\" height=\"225\" \/><\/p>\n<p>&nbsp;<\/p>\n<p><img loading=\"lazy\" decoding=\"async\" class=\"GcheTexte alignright\" src=\"http:\/\/img.over-blog.com\/275x206\/3\/88\/85\/99\/n-hiver-2013-2014\/kerdudavel--2-.JPG\" alt=\"kerdudavel (2)\" width=\"285\" height=\"213\" \/><\/p>\n<p>&nbsp;<\/p>\n<p>On y d\u00e9couvrira une bien jolie croix<\/p>\n<p>&nbsp;<\/p>\n<p><img loading=\"lazy\" decoding=\"async\" class=\" DrteTexte\" src=\"http:\/\/img.over-blog.com\/225x300\/3\/88\/85\/99\/n-hiver-2013-2014\/kerdudavel--3-.JPG\" alt=\"kerdudavel (3)\" width=\"250\" height=\"333\" \/><\/p>\n<p>Avant et apr\u00e8s d\u00e9broussaillage.<\/p>\n<p>&nbsp;<\/p>\n<p>Et enfin, tout r\u00e9cemment,<br \/>\nentretien du chemin du Porjou &#8230;<\/p>\n<p><img loading=\"lazy\" decoding=\"async\" class=\"GcheTexte\" src=\"http:\/\/img.over-blog.com\/280x210\/3\/88\/85\/99\/n-hiver-2013-2014\/Porjou--1-.JPG\" alt=\"Porjou (1)\" width=\"280\" height=\"210\" \/><\/p>\n<p>&nbsp;<\/p>\n<p><img loading=\"lazy\" decoding=\"async\" class=\"DrteTexte\" src=\"http:\/\/img.over-blog.com\/280x210\/3\/88\/85\/99\/n-hiver-2013-2014\/Porjou--2-.JPG\" alt=\"Porjou (2)\" width=\"280\" height=\"210\" \/><\/p>\n<p>qui a bien souffert des caprices de la m\u00e9t\u00e9o.<\/p>\n<p style=\"text-align: center;\">Que vienne le printemps !<\/p>\n","protected":false},"excerpt":{"rendered":"<p>3 mois sans donner de nouvelles ! Cela ne signifie nullement que nous soyons rest\u00e9s inactifs, bien au contraire ! Tout d&rsquo;abord, le (gros) chantier de r\u00e9habilitation de la fontaine et du lavoir St-Gestin (voir article pr\u00e9c\u00e9dent) suit son cours, malgr\u00e9 les conditions m\u00e9t\u00e9o peu favorables qui nous obligent \u00e0 patauger dans la boue. \u00a0\u00a0\u00a0 [&hellip;]<\/p>\n","protected":false},"author":1,"featured_media":0,"comment_status":"open","ping_status":"closed","sticky":false,"template":"","format":"standard","meta":{"footnotes":""},"categories":[2],"tags":[],"_links":{"self":[{"href":"https:\/\/cheminsplestinais.dcea.fr\/index.php?rest_route=\/wp\/v2\/posts\/3919"}],"collection":[{"href":"https:\/\/cheminsplestinais.dcea.fr\/index.php?rest_route=\/wp\/v2\/posts"}],"about":[{"href":"https:\/\/cheminsplestinais.dcea.fr\/index.php?rest_route=\/wp\/v2\/types\/post"}],"author":[{"embeddable":true,"href":"https:\/\/cheminsplestinais.dcea.fr\/index.php?rest_route=\/wp\/v2\/users\/1"}],"replies":[{"embeddable":true,"href":"https:\/\/cheminsplestinais.dcea.fr\/index.php?rest_route=%2Fwp%2Fv2%2Fcomments&post=3919"}],"version-history":[{"count":7,"href":"https:\/\/cheminsplestinais.dcea.fr\/index.php?rest_route=\/wp\/v2\/posts\/3919\/revisions"}],"predecessor-version":[{"id":3926,"href":"https:\/\/cheminsplestinais.dcea.fr\/index.php?rest_route=\/wp\/v2\/posts\/3919\/revisions\/3926"}],"wp:attachment":[{"href":"https:\/\/cheminsplestinais.dcea.fr\/index.php?rest_route=%2Fwp%2Fv2%2Fmedia&parent=3919"}],"wp:term":[{"taxonomy":"category","embeddable":true,"href":"https:\/\/cheminsplestinais.dcea.fr\/index.php?rest_route=%2Fwp%2Fv2%2Fcategories&post=3919"},{"taxonomy":"post_tag","embeddable":true,"href":"https:\/\/cheminsplestinais.dcea.fr\/index.php?rest_route=%2Fwp%2Fv2%2Ftags&post=3919"}],"curies":[{"name":"wp","href":"https:\/\/api.w.org\/{rel}","templated":true}]}}