{"id":3927,"date":"2013-11-08T16:17:36","date_gmt":"2013-11-08T15:17:36","guid":{"rendered":"http:\/\/www.cheminsplestinais.dcea.fr\/?p=3927"},"modified":"2017-06-14T16:28:42","modified_gmt":"2017-06-14T15:28:42","slug":"rehabilitation-des-lavoir-et-fontaine-st-gestin","status":"publish","type":"post","link":"https:\/\/cheminsplestinais.dcea.fr\/?p=3927","title":{"rendered":"R\u00e9habilitation des lavoir et fontaine St-Gestin"},"content":{"rendered":"<p>Pour le premier chantier de cette rentr\u00e9e automnale, nous d\u00e9laissons temporairement l&rsquo;am\u00e9nagement de sentiers afin de nous consacrer \u00e0 l&rsquo;autre volet des activit\u00e9s de l&rsquo;association : la mise en valeur du petit patrimoine local.<\/p>\n<p>&nbsp;<\/p>\n<p><img loading=\"lazy\" decoding=\"async\" class=\"DrteTexte alignright\" src=\"http:\/\/img.over-blog.com\/300x185\/3\/88\/85\/99\/o-Saint-Gestin\/Capture02.jpg\" alt=\"Capture02\" width=\"251\" height=\"155\" \/><\/p>\n<p>En l\u2019occurrence, il s&rsquo;agit de redonner vie au secteur de l&rsquo;ancienne chapelle Saint-Gestin,<br \/>\navec sa fontaine et son lavoir attenants.<\/p>\n<p>&nbsp;<\/p>\n<p style=\"padding-left: 30px;\">Il est probable que peu de plestinais fr\u00e9quentent ce lieu,<br \/>\nsitu\u00e9 \u00e0 Lanscolva, au-dessous de la voie romaine.<\/p>\n<p>&nbsp;<\/p>\n<p>Voici ce qu&rsquo;il reste des murs de l&rsquo;ancienne chapelle.<\/p>\n<p><img loading=\"lazy\" decoding=\"async\" class=\"noAlign alignright\" src=\"http:\/\/img.over-blog.com\/300x224\/3\/88\/85\/99\/o-Saint-Gestin\/mur-chapelle1.jpg\" alt=\"mur chapelle1\" width=\"320\" height=\"238\" \/>\u00a0<img loading=\"lazy\" decoding=\"async\" class=\"DrteTexte alignleft\" src=\"http:\/\/img.over-blog.com\/272x300\/3\/88\/85\/99\/o-Saint-Gestin\/mur-chapelle2.jpg\" alt=\"mur chapelle2\" width=\"253\" height=\"280\" \/><\/p>\n<p>&nbsp;<\/p>\n<p>&nbsp;<\/p>\n<p>&nbsp;<\/p>\n<p>&nbsp;<\/p>\n<p>&nbsp;<\/p>\n<p>&nbsp;<\/p>\n<p>&nbsp;<\/p>\n<p>&nbsp;<\/p>\n<p>&nbsp;<\/p>\n<p>&nbsp;<\/p>\n<p>&nbsp;<\/p>\n<p>D\u00e9but octobre. Un premier d\u00e9broussaillage s&rsquo;impose &#8230;<\/p>\n<p>&nbsp;<\/p>\n<p><img loading=\"lazy\" decoding=\"async\" class=\"noAlign alignleft\" src=\"http:\/\/img.over-blog.com\/280x209\/3\/88\/85\/99\/o-Saint-Gestin\/o-Saint-Gestin-0019.jpg\" alt=\"o-Saint-Gestin 0019\" width=\"280\" height=\"209\" \/>\u00a0\u00a0\u00a0 <img loading=\"lazy\" decoding=\"async\" class=\"noAlign alignright\" src=\"http:\/\/img.over-blog.com\/300x225\/3\/88\/85\/99\/o-Saint-Gestin\/10-07--1-.jpg\" alt=\"10-07 (1)\" width=\"280\" height=\"210\" \/><\/p>\n<p>&nbsp;<\/p>\n<p><img loading=\"lazy\" decoding=\"async\" class=\"GcheTexte aligncenter\" src=\"http:\/\/img.over-blog.com\/270x228\/3\/88\/85\/99\/o-Saint-Gestin\/IMGP2032.jpg\" alt=\"IMGP2032\" width=\"270\" height=\"228\" \/><\/p>\n<p>&#8230; pour d\u00e9couvrir sous la v\u00e9g\u00e9tation<br \/>\nles vestiges de l&rsquo;ancienne fontaine d&rsquo;o\u00f9 l&rsquo;eau coule toujours.<\/p>\n<p><img loading=\"lazy\" decoding=\"async\" class=\"DrteTexte\" src=\"http:\/\/img.over-blog.com\/200x141\/3\/88\/85\/99\/o-Saint-Gestin\/IMGP2035.jpg\" alt=\"IMGP2035\" width=\"200\" height=\"141\" \/><\/p>\n<p>&nbsp;<\/p>\n<p style=\"padding-left: 30px;\">D\u00e8s le printemps 2013, un projet de r\u00e9habilitation de cette fontaine a \u00e9t\u00e9 con\u00e7u par quelques membres de l&rsquo;association.<\/p>\n<p>\u00a0\u00a0 <img loading=\"lazy\" decoding=\"async\" class=\"DrteTexte alignleft\" src=\"http:\/\/img.over-blog.com\/211x300\/3\/88\/85\/99\/o-Saint-Gestin\/Font-St-Gestin-007.jpg\" alt=\"Font St Gestin 007\" width=\"189\" height=\"270\" \/><\/p>\n<p><img loading=\"lazy\" decoding=\"async\" class=\"noAlign alignright\" src=\"http:\/\/img.over-blog.com\/300x200\/3\/88\/85\/99\/o-Saint-Gestin\/P1010719.jpg\" alt=\"P1010719\" width=\"375\" height=\"250\" \/><\/p>\n<p>&nbsp;<\/p>\n<p>&nbsp;<\/p>\n<p>&nbsp;<\/p>\n<p>&nbsp;<\/p>\n<p><img loading=\"lazy\" decoding=\"async\" class=\"DrteTexte aligncenter\" src=\"http:\/\/img.over-blog.com\/300x224\/3\/88\/85\/99\/o-Saint-Gestin\/21-10a--3-.jpg\" alt=\"21-10a (3)\" width=\"375\" height=\"282\" \/><\/p>\n<p>Les pierres d&rsquo;origine ayant en grande partie disparu,<br \/>\nnous avons sollicit\u00e9 les services municipaux<br \/>\npour amener sur le chantier de beaux blocs de granit<br \/>\ndont la commune disposait.<\/p>\n<p>Apr\u00e8s la premi\u00e8re phase du chantier consistant \u00e0 d\u00e9gager<br \/>\nles abords, il a fallu creuser pour retrouver l&rsquo;ancien lavoir.<\/p>\n<p><img loading=\"lazy\" decoding=\"async\" class=\" noAlign\" src=\"http:\/\/img.over-blog.com\/285x213\/3\/88\/85\/99\/o-Saint-Gestin\/10-14--3-.jpg\" alt=\"10-14 (3)\" width=\"315\" height=\"235\" \/>\u00a0\u00a0 <img loading=\"lazy\" decoding=\"async\" class=\"noAlign alignright\" src=\"http:\/\/img.over-blog.com\/270x202\/3\/88\/85\/99\/o-Saint-Gestin\/11-04--5-.jpg\" alt=\"11-04 (5)\" width=\"270\" height=\"202\" \/><\/p>\n<p>\u00c7a y ressemble d\u00e9j\u00e0 plus !<\/p>\n<p>La mise en place des diff\u00e9rents \u00e9l\u00e9ments est minutieuse<\/p>\n<p>&nbsp;<\/p>\n<p><img loading=\"lazy\" decoding=\"async\" class=\"noAlign alignleft\" src=\"http:\/\/img.over-blog.com\/285x213\/3\/88\/85\/99\/o-Saint-Gestin\/11-04--2-.jpg\" alt=\"11-04 (2)\" width=\"285\" height=\"213\" \/>\u00a0 <img loading=\"lazy\" decoding=\"async\" class=\"noAlign alignright\" src=\"http:\/\/img.over-blog.com\/285x201\/3\/88\/85\/99\/o-Saint-Gestin\/Font-St-Gestin-002.jpg\" alt=\"Font St Gestin 002\" width=\"285\" height=\"201\" \/><\/p>\n<p>&nbsp;<\/p>\n<p>&nbsp;<\/p>\n<p>&nbsp;<\/p>\n<p>&nbsp;<\/p>\n<p>&nbsp;<\/p>\n<p>Ce chantier devrait nous occuper encore plusieurs semaines.<\/p>\n<p>&nbsp;<\/p>\n<p>&nbsp;<\/p>\n<p>Comme il est difficile d&rsquo;y mobiliser l&rsquo;ensemble des volontaires,<br \/>\nd&rsquo;autres chantiers seront entrepris en parall\u00e8le.<\/p>\n","protected":false},"excerpt":{"rendered":"<p>Pour le premier chantier de cette rentr\u00e9e automnale, nous d\u00e9laissons temporairement l&rsquo;am\u00e9nagement de sentiers afin de nous consacrer \u00e0 l&rsquo;autre volet des activit\u00e9s de l&rsquo;association : la mise en valeur du petit patrimoine local. &nbsp; En l\u2019occurrence, il s&rsquo;agit de redonner vie au secteur de l&rsquo;ancienne chapelle Saint-Gestin, avec sa fontaine et son lavoir attenants. [&hellip;]<\/p>\n","protected":false},"author":1,"featured_media":0,"comment_status":"open","ping_status":"closed","sticky":false,"template":"","format":"standard","meta":{"footnotes":""},"categories":[2],"tags":[],"_links":{"self":[{"href":"https:\/\/cheminsplestinais.dcea.fr\/index.php?rest_route=\/wp\/v2\/posts\/3927"}],"collection":[{"href":"https:\/\/cheminsplestinais.dcea.fr\/index.php?rest_route=\/wp\/v2\/posts"}],"about":[{"href":"https:\/\/cheminsplestinais.dcea.fr\/index.php?rest_route=\/wp\/v2\/types\/post"}],"author":[{"embeddable":true,"href":"https:\/\/cheminsplestinais.dcea.fr\/index.php?rest_route=\/wp\/v2\/users\/1"}],"replies":[{"embeddable":true,"href":"https:\/\/cheminsplestinais.dcea.fr\/index.php?rest_route=%2Fwp%2Fv2%2Fcomments&post=3927"}],"version-history":[{"count":9,"href":"https:\/\/cheminsplestinais.dcea.fr\/index.php?rest_route=\/wp\/v2\/posts\/3927\/revisions"}],"predecessor-version":[{"id":3936,"href":"https:\/\/cheminsplestinais.dcea.fr\/index.php?rest_route=\/wp\/v2\/posts\/3927\/revisions\/3936"}],"wp:attachment":[{"href":"https:\/\/cheminsplestinais.dcea.fr\/index.php?rest_route=%2Fwp%2Fv2%2Fmedia&parent=3927"}],"wp:term":[{"taxonomy":"category","embeddable":true,"href":"https:\/\/cheminsplestinais.dcea.fr\/index.php?rest_route=%2Fwp%2Fv2%2Fcategories&post=3927"},{"taxonomy":"post_tag","embeddable":true,"href":"https:\/\/cheminsplestinais.dcea.fr\/index.php?rest_route=%2Fwp%2Fv2%2Ftags&post=3927"}],"curies":[{"name":"wp","href":"https:\/\/api.w.org\/{rel}","templated":true}]}}