{"id":3937,"date":"2013-09-10T16:33:07","date_gmt":"2013-09-10T15:33:07","guid":{"rendered":"http:\/\/www.cheminsplestinais.dcea.fr\/?p=3937"},"modified":"2017-06-15T08:40:20","modified_gmt":"2017-06-15T07:40:20","slug":"randonnee-sur-le-tro-plistin-9-septembre-2013","status":"publish","type":"post","link":"https:\/\/cheminsplestinais.dcea.fr\/?p=3937","title":{"rendered":"Randonn\u00e9e sur le \u00ab\u00a0Tro Plistin\u00a0\u00bb &#8211; 9 septembre 2013"},"content":{"rendered":"<p><em>Avant de retrouver faucilles et pioches, les membres de notre association ont souhait\u00e9 prolonger les vacances en organisant une randonn\u00e9e autour du tout nouveau \u00ab\u00a0Tro Plistin\u00a0\u00bb.<\/em><\/p>\n<p><img loading=\"lazy\" decoding=\"async\" class=\"DrteTexte aligncenter\" src=\"http:\/\/img.over-blog.com\/300x222\/3\/88\/85\/99\/p-tro-plistin-09-2013\/0a.jpg\" alt=\"0a\" width=\"401\" height=\"298\" \/><\/p>\n<p>La perspective d&rsquo;affronter les 29 km du circuit n&rsquo;a nullement frein\u00e9 les bonnes volont\u00e9s.<\/p>\n<p>D\u00e8s 8 heures, quelques 25 randonneurs prenaient la route au d\u00e9part de Toul An Hery.<\/p>\n<p>Il faut dire que la canicule qui avait s\u00e9vi cet \u00e9t\u00e9 sur notre r\u00e9gion semblait vouloir nous \u00e9pargner une journ\u00e9e trop rude.<\/p>\n<p><img loading=\"lazy\" decoding=\"async\" class=\"CtreTexte aligncenter\" src=\"http:\/\/img.over-blog.com\/500x325\/3\/88\/85\/99\/p-tro-plistin-09-2013\/0b.jpg\" alt=\"0b\" width=\"500\" height=\"325\" \/><\/p>\n<p>&nbsp;<\/p>\n<p><img loading=\"lazy\" decoding=\"async\" class=\"GcheTexte alignleft\" src=\"http:\/\/img.over-blog.com\/300x225\/3\/88\/85\/99\/p-tro-plistin-09-2013\/1a.jpg\" alt=\"1a\" width=\"280\" height=\"210\" \/><\/p>\n<p>En file indienne le long du Douron,\u00a0 pr\u00e8s de StHaran.<\/p>\n<p>&nbsp;<\/p>\n<p><img loading=\"lazy\" decoding=\"async\" class=\"DrteTexte alignright\" src=\"http:\/\/img.over-blog.com\/300x225\/3\/88\/85\/99\/p-tro-plistin-09-2013\/1c.jpg\" alt=\"1c\" width=\"280\" height=\"210\" \/><\/p>\n<p>&nbsp;<\/p>\n<p>&nbsp;<\/p>\n<p>&nbsp;<\/p>\n<p>Juste apr\u00e8s Pont-Menou, certains d\u00e9couvrent\u00a0 l&rsquo;ancien moulin de production \u00e9lectrique.<\/p>\n<p>Belle architecture !<\/p>\n<p>&nbsp;<\/p>\n<p>10 h : premi\u00e8re pose bien m\u00e9rit\u00e9e ; Fran\u00e7ois, Marie-Th\u00e9r\u00e8se et G\u00e9rald rejoignent le groupe.<\/p>\n<p><img loading=\"lazy\" decoding=\"async\" class=\"noAlign aligncenter\" src=\"http:\/\/img.over-blog.com\/280x238\/3\/88\/85\/99\/p-tro-plistin-09-2013\/1b.jpg\" alt=\"1b\" width=\"280\" height=\"238\" \/>\u00a0 <img loading=\"lazy\" decoding=\"async\" class=\"noAlign\" src=\"http:\/\/img.over-blog.com\/300x225\/3\/88\/85\/99\/p-tro-plistin-09-2013\/2a.jpg\" alt=\"2a\" width=\"300\" height=\"225\" \/><\/p>\n<p>&nbsp;<\/p>\n<p><img loading=\"lazy\" decoding=\"async\" class=\"DrteTexte alignright\" src=\"http:\/\/img.over-blog.com\/280x209\/3\/88\/85\/99\/p-tro-plistin-09-2013\/2c.jpg\" alt=\"2c\" width=\"290\" height=\"216\" \/>\u00a0 \u00a0 Le chemin se poursuit : Milin Haouel, St Jagut, travers\u00e9e de la for\u00eat de Coat Ar Bescond&#8230;<\/p>\n<p>&nbsp;<\/p>\n<p>&nbsp;<\/p>\n<p>La fatigue commence \u00e0 se faire sentir ?<\/p>\n<p><img loading=\"lazy\" decoding=\"async\" class=\" GcheTexte\" src=\"http:\/\/img.over-blog.com\/300x246\/3\/88\/85\/99\/p-tro-plistin-09-2013\/2d.jpg\" alt=\"2d\" width=\"319\" height=\"262\" \/><\/p>\n<p>Bon, \u00e7a suit derri\u00e8re ?<br \/>\nOn se fait tremper, nous !<\/p>\n<p>&nbsp;<\/p>\n<p>Nous approchons de midi et de l&rsquo;heure du pique-nique.<img loading=\"lazy\" decoding=\"async\" class=\"GcheTexte alignright\" src=\"http:\/\/img.over-blog.com\/300x222\/3\/88\/85\/99\/p-tro-plistin-09-2013\/3b.jpg\" alt=\"3b\" width=\"350\" height=\"259\" \/><\/p>\n<p>Comme nous appr\u00e9cions de pouvoir nous mettre \u00e0 l&rsquo;abri<\/p>\n<p>pour nous restaurer et nous reposer !<\/p>\n<p>&nbsp;<\/p>\n<p>Grand merci \u00e0 nos h\u00f4tes de Poul Fanc !<\/p>\n<p><img loading=\"lazy\" decoding=\"async\" class=\"DrteTexte alignleft\" src=\"http:\/\/img.over-blog.com\/150x200\/3\/88\/85\/99\/p-tro-plistin-09-2013\/3c.jpg\" alt=\"3c\" width=\"165\" height=\"220\" \/><\/p>\n<p>Bonne ambiance assur\u00e9e \u00e0 table.<\/p>\n<p>&nbsp;<\/p>\n<p>&nbsp;<\/p>\n<p>&nbsp;<\/p>\n<p>Pour permettre \u00e0 chacun de marcher selon ses capacit\u00e9s ou ses disponibilit\u00e9s, le parcours \u00e9tait subdivis\u00e9 en tron\u00e7ons : quelques marcheurs nous ont quitt\u00e9s \u00e0 la pause de midi, alors que d&rsquo;autres nous rejoignaient.<\/p>\n<p>Au total, plus de 30 participants se sont relay\u00e9s sur le chemin.<\/p>\n<p><img loading=\"lazy\" decoding=\"async\" class=\"CtreTexte\" src=\"http:\/\/img.over-blog.com\/500x347\/3\/88\/85\/99\/p-tro-plistin-09-2013\/4a.jpg\" alt=\"4a\" width=\"500\" height=\"347\" \/><\/p>\n<p>Avant de reprendre la route, on appr\u00e9cie la fontaine et le lavoir du lieu. Un prochain chantier en vue ?<\/p>\n<p>&nbsp;<\/p>\n<p>Le d\u00e9but d&rsquo;apr\u00e8s-midi nous voit passer par les vall\u00e9es profondes (Collogot, Goasorguen, Leslac&rsquo;h).<\/p>\n<p>Beaux chemins, mais d\u00e9nivel\u00e9s importants &#8230; et sans doute trop fatigants pour prendre des photos !<\/p>\n<p>&nbsp;<\/p>\n<p><img loading=\"lazy\" decoding=\"async\" class=\"DrteTexte alignright\" src=\"http:\/\/img.over-blog.com\/350x262\/3\/88\/85\/99\/p-tro-plistin-09-2013\/4b.jpg\" alt=\"4b\" width=\"350\" height=\"262\" \/><\/p>\n<p>&nbsp;<\/p>\n<p>&nbsp;<\/p>\n<p>Si bien que la pose\u00e0 la chapelle du Leslac&rsquo;h est vraiment la bienvenue !<\/p>\n<p>Eric en profite pour ouvrir artisanalement les noisettes cueillies en chemin.<\/p>\n<p>Et nous repartons courageusement : for\u00eat pr\u00e8s du Grand Rocher &#8230;<\/p>\n<p><img loading=\"lazy\" decoding=\"async\" class=\"GcheTexte alignleft\" src=\"http:\/\/img.over-blog.com\/280x210\/3\/88\/85\/99\/p-tro-plistin-09-2013\/4c.jpg\" alt=\"4c\" width=\"280\" height=\"210\" \/><\/p>\n<p><img loading=\"lazy\" decoding=\"async\" class=\"DrteTexte alignright\" src=\"http:\/\/img.over-blog.com\/280x210\/3\/88\/85\/99\/p-tro-plistin-09-2013\/4d.jpg\" alt=\"4d\" width=\"280\" height=\"210\" \/><\/p>\n<p>&nbsp;<\/p>\n<p>&nbsp;<\/p>\n<p>&nbsp;<\/p>\n<p>&nbsp;<\/p>\n<p>&nbsp;<\/p>\n<p>&nbsp;<\/p>\n<p>&nbsp;<\/p>\n<p>&nbsp;<\/p>\n<p>et descente vers la plage de Saint-Efflam.<\/p>\n<p>&nbsp;<\/p>\n<p><img loading=\"lazy\" decoding=\"async\" class=\"noAlign alignright\" src=\"http:\/\/img.over-blog.com\/300x225\/3\/88\/85\/99\/p-tro-plistin-09-2013\/5a2.jpg\" alt=\"5a2\" width=\"290\" height=\"217\" \/> \u00a0 <img loading=\"lazy\" decoding=\"async\" class=\"noAlign alignleft\" src=\"http:\/\/img.over-blog.com\/300x225\/3\/88\/85\/99\/p-tro-plistin-09-2013\/5a1.jpg\" alt=\"5a1\" width=\"290\" height=\"210\" \/><\/p>\n<p>&nbsp;<\/p>\n<p>&nbsp;<\/p>\n<p>&nbsp;<\/p>\n<p>&nbsp;<\/p>\n<p>&nbsp;<\/p>\n<p>&nbsp;<\/p>\n<p>&nbsp;<\/p>\n<p>&nbsp;<\/p>\n<p>&nbsp;<\/p>\n<p>A la chapelle Saint-Efflam, nos chemins se s\u00e9parent :<\/p>\n<p><img loading=\"lazy\" decoding=\"async\" class=\"DrteTexte aligncenter\" src=\"http:\/\/img.over-blog.com\/300x224\/3\/88\/85\/99\/p-tro-plistin-09-2013\/5a3.jpg\" alt=\"5a3\" width=\"300\" height=\"224\" \/><\/p>\n<p>quelques-uns pr\u00e9f\u00e8rent \u00ab\u00a0couper\u00a0\u00bbvers Sainte-Barbe\u00a0 mais le gros de la troupe passera par la corniche.<\/p>\n<p>Ces derniers efforts sont r\u00e9compens\u00e9s par la beaut\u00e9 du paysage.<\/p>\n<p><img loading=\"lazy\" decoding=\"async\" class=\" GcheTexte\" src=\"http:\/\/img.over-blog.com\/300x225\/3\/88\/85\/99\/p-tro-plistin-09-2013\/5b2--1-.jpg\" alt=\"5b2 (1)\" width=\"250\" height=\"187\" \/><\/p>\n<p><img loading=\"lazy\" decoding=\"async\" class=\"DrteTexte alignright\" src=\"http:\/\/img.over-blog.com\/300x225\/3\/88\/85\/99\/p-tro-plistin-09-2013\/5d.jpg\" alt=\"5d\" width=\"300\" height=\"225\" \/><\/p>\n<p>&nbsp;<\/p>\n<p>&nbsp;<\/p>\n<p>&nbsp;<\/p>\n<p>&nbsp;<\/p>\n<p>&nbsp;<\/p>\n<p>Ce sentier c\u00f4tier est particuli\u00e8rement fatigant.<\/p>\n<p>Arriv\u00e9s \u00e0 la plage des cur\u00e9s,<br \/>\nnous faisons (presque) encore bonne figure.<\/p>\n<p><img loading=\"lazy\" decoding=\"async\" class=\"noAlign aligncenter\" src=\"http:\/\/img.over-blog.com\/450x337\/3\/88\/85\/99\/p-tro-plistin-09-2013\/5c.jpg\" alt=\"5c\" width=\"450\" height=\"337\" \/><\/p>\n<p style=\"text-align: center;\">\u00a0Et c&rsquo;est enfin l&rsquo;arriv\u00e9e \u00e0 Toul An Hery, apr\u00e8s 29 km bien tass\u00e9s.<\/p>\n<p>\u00a0<img loading=\"lazy\" decoding=\"async\" class=\"GcheTexte\" src=\"http:\/\/img.over-blog.com\/250x187\/3\/88\/85\/99\/p-tro-plistin-09-2013\/5e.jpg\" alt=\"5e\" width=\"250\" height=\"187\" \/><\/p>\n<p><img loading=\"lazy\" decoding=\"async\" class=\"DrteTexte aligncenter\" src=\"http:\/\/img.over-blog.com\/320x239\/3\/88\/85\/99\/p-tro-plistin-09-2013\/5f.jpg\" alt=\"5f\" width=\"356\" height=\"268\" \/><\/p>\n<p style=\"text-align: center;\">\u00a0Les 17 \u00ab\u00a0rescap\u00e9s\u00a0\u00bb qui ont fait l&rsquo;int\u00e9gralit\u00e9 du parcours.<\/p>\n<p>\u00a0Saluons la performance de ces randonneurs occasionnels qui pour certains n&rsquo;avaient jamais march\u00e9 plus de 15 km le m\u00eame jour.<\/p>\n<p><strong>\u00a0L&rsquo;envers du d\u00e9cor<\/strong> : qu&rsquo;allions-nous faire dans cette gal\u00e8re ? <img loading=\"lazy\" decoding=\"async\" class=\"DrteTexte aligncenter\" src=\"http:\/\/img.over-blog.com\/300x184\/3\/88\/85\/99\/p-tro-plistin-09-2013\/galere.jpg\" alt=\"gal\u00e8re\" width=\"280\" height=\"171\" \/><\/p>\n<p><img loading=\"lazy\" decoding=\"async\" class=\" noAlign\" src=\"http:\/\/idata.over-blog.com\/3\/88\/85\/99\/p-tro-plistin-09-2013\/galere1.jpg\" alt=\"gal\u00e8re1\" width=\"183\" height=\"170\" \/><img loading=\"lazy\" decoding=\"async\" class=\" noAlign\" src=\"http:\/\/idata.over-blog.com\/3\/88\/85\/99\/p-tro-plistin-09-2013\/galere2.jpg\" alt=\"gal\u00e8re2\" width=\"160\" height=\"170\" \/><\/p>\n<p>&nbsp;<\/p>\n<p>Pour se requinquer un peu, un petit go\u00fbter \u00e9tait propos\u00e9 chez Dominique (lequel des 3 ?)<\/p>\n<p><img loading=\"lazy\" decoding=\"async\" class=\"noAlign alignleft\" src=\"http:\/\/img.over-blog.com\/300x224\/3\/88\/85\/99\/p-tro-plistin-09-2013\/6a.jpg\" alt=\"6a\" width=\"300\" height=\"224\" \/>\u00a0\u00a0 <img loading=\"lazy\" decoding=\"async\" class=\"noAlign alignright\" src=\"http:\/\/img.over-blog.com\/300x264\/3\/88\/85\/99\/p-tro-plistin-09-2013\/6b.jpg\" alt=\"6b\" width=\"280\" height=\"246\" \/><\/p>\n<p>&nbsp;<\/p>\n<p>&nbsp;<\/p>\n<p><img loading=\"lazy\" decoding=\"async\" class=\"DrteTexte aligncenter\" src=\"http:\/\/img.over-blog.com\/330x247\/3\/88\/85\/99\/p-tro-plistin-09-2013\/7b-copie-1.jpg\" alt=\"7b-copie-1\" width=\"330\" height=\"247\" \/><\/p>\n<p>Les plus courageux sont m\u00eame all\u00e9s piquer une t\u00eate \u00e0 la plage du fond de la baie.<\/p>\n<p>Les reconna\u00eetrez-vous ?<\/p>\n<p>&nbsp;<\/p>\n","protected":false},"excerpt":{"rendered":"<p>Avant de retrouver faucilles et pioches, les membres de notre association ont souhait\u00e9 prolonger les vacances en organisant une randonn\u00e9e autour du tout nouveau \u00ab\u00a0Tro Plistin\u00a0\u00bb. La perspective d&rsquo;affronter les 29 km du circuit n&rsquo;a nullement frein\u00e9 les bonnes volont\u00e9s. D\u00e8s 8 heures, quelques 25 randonneurs prenaient la route au d\u00e9part de Toul An Hery. [&hellip;]<\/p>\n","protected":false},"author":1,"featured_media":0,"comment_status":"open","ping_status":"closed","sticky":false,"template":"","format":"standard","meta":{"footnotes":""},"categories":[3],"tags":[],"_links":{"self":[{"href":"https:\/\/cheminsplestinais.dcea.fr\/index.php?rest_route=\/wp\/v2\/posts\/3937"}],"collection":[{"href":"https:\/\/cheminsplestinais.dcea.fr\/index.php?rest_route=\/wp\/v2\/posts"}],"about":[{"href":"https:\/\/cheminsplestinais.dcea.fr\/index.php?rest_route=\/wp\/v2\/types\/post"}],"author":[{"embeddable":true,"href":"https:\/\/cheminsplestinais.dcea.fr\/index.php?rest_route=\/wp\/v2\/users\/1"}],"replies":[{"embeddable":true,"href":"https:\/\/cheminsplestinais.dcea.fr\/index.php?rest_route=%2Fwp%2Fv2%2Fcomments&post=3937"}],"version-history":[{"count":4,"href":"https:\/\/cheminsplestinais.dcea.fr\/index.php?rest_route=\/wp\/v2\/posts\/3937\/revisions"}],"predecessor-version":[{"id":3942,"href":"https:\/\/cheminsplestinais.dcea.fr\/index.php?rest_route=\/wp\/v2\/posts\/3937\/revisions\/3942"}],"wp:attachment":[{"href":"https:\/\/cheminsplestinais.dcea.fr\/index.php?rest_route=%2Fwp%2Fv2%2Fmedia&parent=3937"}],"wp:term":[{"taxonomy":"category","embeddable":true,"href":"https:\/\/cheminsplestinais.dcea.fr\/index.php?rest_route=%2Fwp%2Fv2%2Fcategories&post=3937"},{"taxonomy":"post_tag","embeddable":true,"href":"https:\/\/cheminsplestinais.dcea.fr\/index.php?rest_route=%2Fwp%2Fv2%2Ftags&post=3937"}],"curies":[{"name":"wp","href":"https:\/\/api.w.org\/{rel}","templated":true}]}}