{"id":3943,"date":"2013-06-29T08:42:11","date_gmt":"2013-06-29T07:42:11","guid":{"rendered":"http:\/\/www.cheminsplestinais.dcea.fr\/?p=3943"},"modified":"2017-06-15T08:49:33","modified_gmt":"2017-06-15T07:49:33","slug":"3943","status":"publish","type":"post","link":"https:\/\/cheminsplestinais.dcea.fr\/?p=3943","title":{"rendered":"Balisage du Circuit des chapelles et du Tro Plistin"},"content":{"rendered":"<p>L&rsquo;Association \u00ab\u00a0Chemins Plestinais et Patrimoine\u00a0\u00bb a proc\u00e9d\u00e9, depuis ses d\u00e9buts, au balisage des 7 boucles de randonn\u00e9e \u00ab\u00a0circuits des chapelles\u00a0\u00bb sur la commune de Plestin les Gr\u00e8ves.<\/p>\n<p>Nous ne proc\u00e9dons pas au <strong>balisage en continu<\/strong> comme les sentiers de Grande Randonn\u00e9e (GR)<\/p>\n<p>ou de Petite Randonn\u00e9e (PR). Nous limitons notre signal\u00e9tique aux \u00ab\u00a0<strong>points strat\u00e9giques<\/strong>\u00ab\u00a0.<\/p>\n<p>C&rsquo;est pourquoi nous vous conseillons de vous munir d&rsquo;un plan avant de partir (*) et de <strong>respecter le sens de rotation<\/strong>.<\/p>\n<p>&nbsp;<\/p>\n<p>Vous apercevrez tout au long des circuits le logo\u00a0<img loading=\"lazy\" decoding=\"async\" class=\"DrteTexte\" src=\"http:\/\/img.over-blog.com\/80x51\/3\/88\/85\/99\/Recovered_JPEG-Digital-Camera_9983.jpg\" alt=\"Recovered JPEG Digital Camera 9983\" width=\"80\" height=\"51\" \/><\/p>\n<p>indiquant que vous \u00eates sur la bonne voie,<\/p>\n<p>parfois accompagn\u00e9 d&rsquo;une fl\u00e8che pr\u00e9cisant la direction\u00a0\u00a0<img loading=\"lazy\" decoding=\"async\" class=\"noAlign\" src=\"http:\/\/idata.over-blog.com\/3\/88\/85\/99\/fabrication-panneaux\/fleche.jpg\" alt=\"fl\u00e8che\" width=\"28\" height=\"25\" \/><\/p>\n<p>&nbsp;<\/p>\n<p>Progressivement, des panneaux de bois ont \u00e9t\u00e9 implant\u00e9s au d\u00e9part de chaque boucle, ainsi qu&rsquo;\u00e0 certains carrefours.<\/p>\n<p><img loading=\"lazy\" decoding=\"async\" class=\"CtreTexte aligncenter\" src=\"http:\/\/img.over-blog.com\/300x227\/3\/88\/85\/99\/fabrication-panneaux\/pancartes-001.jpg\" alt=\"pancartes 001\" width=\"300\" height=\"227\" \/><\/p>\n<p>A partir de juillet 2013, la cr\u00e9ation du <a href=\"http:\/\/cheminsplestinais.over-blog.com\/article-circuits-des-chapelles-2013-tro-plistin-118133852.html\">Tro Plistin<\/a> &#8211; qui emprunte partiellement certains circuits des chapelles &#8211; nous a amen\u00e9s \u00e0 compl\u00e9ter notre signalisation par des nouveaux panneaux de ce type :<\/p>\n<p><img loading=\"lazy\" decoding=\"async\" class=\"noAlign aligncenter\" src=\"http:\/\/idata.over-blog.com\/3\/88\/85\/99\/fabrication-panneaux\/tro-plistin.jpg\" alt=\"tro plistin\" width=\"282\" height=\"86\" \/> \u00a0 \u00a0 <img loading=\"lazy\" decoding=\"async\" class=\"noAlign aligncenter\" src=\"http:\/\/img.over-blog.com\/280x146\/3\/88\/85\/99\/fabrication-panneaux\/plantage-004b.jpg\" alt=\"plantage 004b\" width=\"200\" height=\"104\" \/><\/p>\n<p>&nbsp;<\/p>\n<p>Nous avons \u00e9galement\u00a0 modifi\u00e9 l&rsquo;ancien logo\u00a0 \u00ab\u00a0circuit des chapelles\u00a0\u00bb<img loading=\"lazy\" decoding=\"async\" class=\"DrteTexte alignright\" src=\"http:\/\/img.over-blog.com\/90x78\/3\/88\/85\/99\/fabrication-panneaux\/Logo-Tro-Plistin.jpg\" alt=\"Logo Tro Plistin\" width=\"90\" height=\"78\" \/><\/p>\n<p>en lui adjoignant la mention \u00ab\u00a0Tro Plistin\u00a0\u00bb.<\/p>\n<p>N.B. : <em>sur les tron\u00e7ons communs, certains anciens logos<\/em> o<em>nt \u00e9t\u00e9 conserv\u00e9s.<\/em><\/p>\n<p>&nbsp;<\/p>\n<p>Pour s&rsquo;y retrouver dans les multiples balisages qui agr\u00e9mentent (?) nos chemins,<\/p>\n<p>il faut savoir que nous n&rsquo;utilisons aucune marque peinte (sur la route, les arbres, poteaux &#8230;)<\/p>\n<p>et que nous n&rsquo;utilisons pas la croix X de fausse direction.<\/p>\n<p>&nbsp;<\/p>\n<p>De plus, <strong>nous attirons votre attention<\/strong> sur le fait que les logos des circuits VTT ont des couleurs <img loading=\"lazy\" decoding=\"async\" class=\"DrteTexte\" src=\"http:\/\/img.over-blog.com\/30x32\/3\/88\/85\/99\/VTT-copie-1.jpg\" alt=\"VTT-copie-1\" width=\"30\" height=\"32\" \/><\/p>\n<p>identiques \u00e0 nos logos : \u00e9vitez de les confondre car les chemins ne sont pas les m\u00eames !<\/p>\n<p>Malgr\u00e9 le soin que nous avons apport\u00e9 \u00e0 la r\u00e9alisation de ce balisage, il est tout \u00e0 fait possible qu&rsquo;il m\u00e9rite certaines am\u00e9liorations.<\/p>\n<p>N&rsquo;h\u00e9sitez donc pas \u00e0 nous communiquer vos suggestions (en \u00e9crivant un commentaire \u00e0 cet article) si vous remarquez\u00a0 des anomalies pendant vos promenades.<\/p>\n<p>Merci de votre coop\u00e9ration.<\/p>\n<p style=\"padding-left: 60px;\">\u00a0 Le logo de notre association : <img loading=\"lazy\" decoding=\"async\" class=\" DrteTexte\" src=\"http:\/\/img.over-blog.com\/300x167\/3\/88\/85\/99\/Recovered_JPEG-Digital-Camera_9981.jpg\" alt=\"Recovered JPEG Digital Camera 9981\" width=\"200\" height=\"111\" \/><\/p>\n<p>&nbsp;<\/p>\n<p>&nbsp;<\/p>\n<p>&nbsp;<\/p>\n<p>&nbsp;<\/p>\n<p>&nbsp;<\/p>\n<p>&nbsp;<\/p>\n<p>&nbsp;<\/p>\n<p>&nbsp;<\/p>\n<p>(*)\u00a0 Vous pouvez vous procurer le fascicule des circuits des chapelles \u00e0 Ti an Holl ou \u00e0 l&rsquo;Office de Tourisme<\/p>\n<p>ou les imprimer \u00e0 partir de ce site (<a href=\"http:\/\/cheminsplestinais.over-blog.com\/article-circuits-des-chapelles-2013-tro-plistin-118133852.html\">circuits<\/a>).<\/p>\n","protected":false},"excerpt":{"rendered":"<p>L&rsquo;Association \u00ab\u00a0Chemins Plestinais et Patrimoine\u00a0\u00bb a proc\u00e9d\u00e9, depuis ses d\u00e9buts, au balisage des 7 boucles de randonn\u00e9e \u00ab\u00a0circuits des chapelles\u00a0\u00bb sur la commune de Plestin les Gr\u00e8ves. Nous ne proc\u00e9dons pas au balisage en continu comme les sentiers de Grande Randonn\u00e9e (GR) ou de Petite Randonn\u00e9e (PR). Nous limitons notre signal\u00e9tique aux \u00ab\u00a0points strat\u00e9giques\u00ab\u00a0. C&rsquo;est [&hellip;]<\/p>\n","protected":false},"author":1,"featured_media":0,"comment_status":"open","ping_status":"closed","sticky":false,"template":"","format":"standard","meta":{"footnotes":""},"categories":[7],"tags":[],"_links":{"self":[{"href":"https:\/\/cheminsplestinais.dcea.fr\/index.php?rest_route=\/wp\/v2\/posts\/3943"}],"collection":[{"href":"https:\/\/cheminsplestinais.dcea.fr\/index.php?rest_route=\/wp\/v2\/posts"}],"about":[{"href":"https:\/\/cheminsplestinais.dcea.fr\/index.php?rest_route=\/wp\/v2\/types\/post"}],"author":[{"embeddable":true,"href":"https:\/\/cheminsplestinais.dcea.fr\/index.php?rest_route=\/wp\/v2\/users\/1"}],"replies":[{"embeddable":true,"href":"https:\/\/cheminsplestinais.dcea.fr\/index.php?rest_route=%2Fwp%2Fv2%2Fcomments&post=3943"}],"version-history":[{"count":3,"href":"https:\/\/cheminsplestinais.dcea.fr\/index.php?rest_route=\/wp\/v2\/posts\/3943\/revisions"}],"predecessor-version":[{"id":3946,"href":"https:\/\/cheminsplestinais.dcea.fr\/index.php?rest_route=\/wp\/v2\/posts\/3943\/revisions\/3946"}],"wp:attachment":[{"href":"https:\/\/cheminsplestinais.dcea.fr\/index.php?rest_route=%2Fwp%2Fv2%2Fmedia&parent=3943"}],"wp:term":[{"taxonomy":"category","embeddable":true,"href":"https:\/\/cheminsplestinais.dcea.fr\/index.php?rest_route=%2Fwp%2Fv2%2Fcategories&post=3943"},{"taxonomy":"post_tag","embeddable":true,"href":"https:\/\/cheminsplestinais.dcea.fr\/index.php?rest_route=%2Fwp%2Fv2%2Ftags&post=3943"}],"curies":[{"name":"wp","href":"https:\/\/api.w.org\/{rel}","templated":true}]}}