{"id":3947,"date":"2013-06-21T09:32:24","date_gmt":"2013-06-21T08:32:24","guid":{"rendered":"http:\/\/www.cheminsplestinais.dcea.fr\/?p=3947"},"modified":"2017-06-15T11:23:00","modified_gmt":"2017-06-15T10:23:00","slug":"sortie-dans-les-monts-darree-16-juin-2013","status":"publish","type":"post","link":"https:\/\/cheminsplestinais.dcea.fr\/?p=3947","title":{"rendered":"Sortie dans les Monts d&rsquo;Arr\u00e9e &#8211; 16 juin 2013"},"content":{"rendered":"<p>Comme chaque ann\u00e9e, les membres de l&rsquo;association abandonnent leurs faucilles et leurs pioches pour passer ensemble une journ\u00e9e conviviale hors des sentiers battus.<\/p>\n<p>Retrouvailles aux \u00ab\u00a04 chemins\u00a0\u00bb au petit matin par un temps<br \/>\nmaussade.<\/p>\n<p><img loading=\"lazy\" decoding=\"async\" class=\" noAlign\" src=\"http:\/\/img.over-blog.com\/300x224\/3\/88\/85\/99\/q-sortie-juin-2013\/depart.jpg\" alt=\"d\u00e9part\" width=\"280\" height=\"207\" \/>\u00a0 <img loading=\"lazy\" decoding=\"async\" class=\" noAlign\" src=\"http:\/\/img.over-blog.com\/199x300\/3\/88\/85\/99\/q-sortie-juin-2013\/depart1.jpg\" alt=\"d\u00e9part1\" width=\"145\" height=\"220\" \/>\u00a0 <img loading=\"lazy\" decoding=\"async\" class=\"noAlign alignright\" src=\"http:\/\/img.over-blog.com\/149x200\/3\/88\/85\/99\/q-sortie-juin-2013\/depart2.jpg\" alt=\"d\u00e9part2\" width=\"149\" height=\"200\" \/><\/p>\n<p>&nbsp;<\/p>\n<p>&nbsp;<\/p>\n<p>&nbsp;<\/p>\n<p>&nbsp;<\/p>\n<p>&nbsp;<\/p>\n<p>Voici le programme des visites concoct\u00e9 par Marcel et Annie (grand merci \u00e0 eux).<\/p>\n<p><a class=\"nopopup\" href=\"http:\/\/idata.over-blog.com\/3\/88\/85\/99\/q-sortie-juin-2013\/plan-b.jpg\"><img loading=\"lazy\" decoding=\"async\" class=\"CtreTexte\" src=\"http:\/\/img.over-blog.com\/500x318\/3\/88\/85\/99\/q-sortie-juin-2013\/plan-b.jpg\" alt=\"plan-b.jpg\" width=\"500\" height=\"318\" \/><\/a><\/p>\n<p>&nbsp;<\/p>\n<p>Le \u00ab\u00a0convoi\u00a0\u00bb se dirige d&rsquo;abord vers la chapelle St-Michel-de-Brasparts (381 m\u00a0 ; non ! Ce n&rsquo;est pas le point culminant de Bretagne).<\/p>\n<p>Fort vent mais panorama magnifique !<\/p>\n<p><img loading=\"lazy\" decoding=\"async\" class=\" noAlign\" src=\"http:\/\/img.over-blog.com\/190x253\/3\/88\/85\/99\/q-sortie-juin-2013\/St-Michel-4.jpg\" alt=\"St-Michel-4\" width=\"160\" height=\"213\" \/> <img loading=\"lazy\" decoding=\"async\" class=\" noAlign\" src=\"http:\/\/img.over-blog.com\/300x224\/3\/88\/85\/99\/q-sortie-juin-2013\/St-Michel-1.jpg\" alt=\"St-Michel-1.jpg\" width=\"265\" height=\"196\" \/> <img loading=\"lazy\" decoding=\"async\" class=\"noAlign alignright\" src=\"http:\/\/img.over-blog.com\/190x253\/3\/88\/85\/99\/q-sortie-juin-2013\/St-Michel-2.jpg\" alt=\"St-Michel-2\" width=\"160\" height=\"212\" \/><\/p>\n<p>&nbsp;<\/p>\n<p>&nbsp;<\/p>\n<p>&nbsp;<\/p>\n<p>&nbsp;<\/p>\n<p>&nbsp;<\/p>\n<p><img loading=\"lazy\" decoding=\"async\" class=\"GcheTexte\" src=\"http:\/\/img.over-blog.com\/224x300\/3\/88\/85\/99\/q-sortie-juin-2013\/St-Michel-3.jpg\" alt=\"St-Michel-3\" width=\"224\" height=\"300\" \/><\/p>\n<p>Marcel avait pr\u00e9par\u00e9 un questionnaire\u00a0 portant sur chacun des lieux visit\u00e9s.<\/p>\n<p><img loading=\"lazy\" decoding=\"async\" class=\"DrteTexte alignright\" src=\"http:\/\/img.over-blog.com\/300x224\/3\/88\/85\/99\/q-sortie-juin-2013\/St-Michel-5.jpg\" alt=\"St-Michel-5\" width=\"281\" height=\"210\" \/><\/p>\n<p>&nbsp;<\/p>\n<p>&nbsp;<\/p>\n<p>&nbsp;<\/p>\n<p>&nbsp;<\/p>\n<p style=\"text-align: right;\">\u00a0\u00a0 Certains pr\u00e9f\u00e8rent se r\u00e9fugier \u00e0 l&rsquo;abri du vent.<\/p>\n<p>&nbsp;<\/p>\n<p>Et maintenant, nous prenons la direction du bourg de Saint-Rivoal<\/p>\n<p>&nbsp;<\/p>\n<p><img loading=\"lazy\" decoding=\"async\" class=\"GcheTexte\" src=\"http:\/\/img.over-blog.com\/224x300\/3\/88\/85\/99\/q-sortie-juin-2013\/St-Rivoal--6-.jpg\" alt=\"St-Rivoal (6)\" width=\"224\" height=\"300\" \/><\/p>\n<p style=\"text-align: right;\">\u00a0\u00a0\u00a0\u00a0\u00a0\u00a0 et de l&rsquo;\u00e9comus\u00e9e \u00ab\u00a0La maison Cornec\u00a0\u00bb.<\/p>\n<p>\u00a0\u00a0\u00a0\u00a0 \u00a0\u00a0 <img loading=\"lazy\" decoding=\"async\" class=\"DrteTexte alignright\" src=\"http:\/\/img.over-blog.com\/300x224\/3\/88\/85\/99\/q-sortie-juin-2013\/St-Rivoal--1-.jpg\" alt=\"St-Rivoal (1)\" width=\"300\" height=\"224\" \/><\/p>\n<p>&nbsp;<\/p>\n<p>&nbsp;<\/p>\n<p>&nbsp;<\/p>\n<p>&nbsp;<\/p>\n<p>&nbsp;<\/p>\n<p>Le cadre est vraiment superbe.<\/p>\n<p><img loading=\"lazy\" decoding=\"async\" class=\"noAlign alignleft\" src=\"http:\/\/img.over-blog.com\/224x300\/3\/88\/85\/99\/q-sortie-juin-2013\/St-Rivoal.jpg\" alt=\"St-Rivoal\" width=\"224\" height=\"300\" \/>\u00a0 \u00a0 \u00a0 <img loading=\"lazy\" decoding=\"async\" class=\"noAlign alignright\" src=\"http:\/\/img.over-blog.com\/300x235\/3\/88\/85\/99\/q-sortie-juin-2013\/St-Rivoal--5-.jpg\" alt=\"St-Rivoal (5)\" width=\"300\" height=\"235\" \/><\/p>\n<p>&nbsp;<\/p>\n<p>&nbsp;<\/p>\n<p>Ancien four \u00e0 pain<\/p>\n<p>&nbsp;<\/p>\n<p style=\"text-align: right;\">et pressoir \u00e0 pommes.<\/p>\n<p>&nbsp;<\/p>\n<p><img loading=\"lazy\" decoding=\"async\" class=\" GcheTexte\" src=\"http:\/\/img.over-blog.com\/300x224\/3\/88\/85\/99\/q-sortie-juin-2013\/St-Rivoal--3-.jpg\" alt=\"St-Rivoal (3)\" width=\"290\" height=\"216\" \/><\/p>\n<p>Les messieurs sont tr\u00e8s int\u00e9ress\u00e9s<br \/>\npar les explications de Marcel &#8230;<\/p>\n<p><img loading=\"lazy\" decoding=\"async\" class=\"DrteTexte alignright\" src=\"http:\/\/img.over-blog.com\/300x224\/3\/88\/85\/99\/q-sortie-juin-2013\/St-Rivoal--4-.jpg\" alt=\"St-Rivoal (4)\" width=\"280\" height=\"209\" \/><\/p>\n<p>et ces dames sont en grande discussion pour r\u00e9pondre\u00a0 aux questions d\u00e9cid\u00e9ment bien difficiles !<\/p>\n<p>&nbsp;<\/p>\n<p>&nbsp;<\/p>\n<p>Et maintenant, cap sur le parc animalier de Menez Meur (prononcez m\u00e9n\u00e8ze), dans le Parc R\u00e9gional d&rsquo;Armorique.<\/p>\n<p><img loading=\"lazy\" decoding=\"async\" class=\"GcheTexte aligncenter\" src=\"http:\/\/img.over-blog.com\/300x224\/3\/88\/85\/99\/q-sortie-juin-2013\/suite-menez-meur--2-.jpg\" alt=\"suite-menez meur (2)\" width=\"300\" height=\"224\" \/><\/p>\n<p>&nbsp;<\/p>\n<p><img loading=\"lazy\" decoding=\"async\" class=\"DrteTexte alignleft\" src=\"http:\/\/img.over-blog.com\/224x300\/3\/88\/85\/99\/q-sortie-juin-2013\/suite-menez-meur--3-.jpg\" alt=\"suite-menez meur (3)\" width=\"201\" height=\"270\" \/><\/p>\n<p>Une all\u00e9e magnifique pour p\u00e9n\u00e9trer dans le domaine<\/p>\n<p>&nbsp;<\/p>\n<p>&nbsp;<\/p>\n<p>&nbsp;<\/p>\n<p>&nbsp;<\/p>\n<p>Mais il faut avant tout penser au pique-nique<\/p>\n<p><img loading=\"lazy\" decoding=\"async\" class=\" noAlign\" src=\"http:\/\/img.over-blog.com\/250x187\/3\/88\/85\/99\/q-sortie-juin-2013\/suite-menez-meur--4-.jpg\" alt=\"suite-menez meur (4)\" width=\"190\" height=\"141\" \/> \u00a0 <img loading=\"lazy\" decoding=\"async\" class=\"noAlign alignright\" src=\"http:\/\/img.over-blog.com\/200x149\/3\/88\/85\/99\/q-sortie-juin-2013\/suite-menez-meur--5-.jpg\" alt=\"suite-menez meur (5)\" width=\"190\" height=\"141\" \/> \u00a0 <img loading=\"lazy\" decoding=\"async\" class=\"noAlign aligncenter\" src=\"http:\/\/img.over-blog.com\/190x142\/3\/88\/85\/99\/q-sortie-juin-2013\/suite-menez-meur--6-.jpg\" alt=\"suite-menez meur (6)\" width=\"190\" height=\"141\" \/><\/p>\n<p>&nbsp;<\/p>\n<p>Pour dig\u00e9rer, promenade sur le sentier animalier :<\/p>\n<p><img loading=\"lazy\" decoding=\"async\" class=\"noAlign\" src=\"http:\/\/img.over-blog.com\/190x142\/3\/88\/85\/99\/q-sortie-juin-2013\/suite-menez-meur--17-.jpg\" alt=\"suite-menez meur (17)\" width=\"190\" height=\"142\" \/> \u00a0 <img loading=\"lazy\" decoding=\"async\" class=\"noAlign alignright\" src=\"http:\/\/img.over-blog.com\/190x142\/3\/88\/85\/99\/q-sortie-juin-2013\/suite-menez-meur--18-.jpg\" alt=\"suite-menez meur (18)\" width=\"190\" height=\"142\" \/> \u00a0 <img loading=\"lazy\" decoding=\"async\" class=\"noAlign aligncenter\" src=\"http:\/\/img.over-blog.com\/190x142\/3\/88\/85\/99\/q-sortie-juin-2013\/suite-menez-meur--1-.jpg\" alt=\"suite-menez meur (1)\" width=\"190\" height=\"142\" \/><\/p>\n<p>Sc\u00e8nes champ\u00eatres&#8230;\u00a0\u00a0\u00a0 \u00a0 \u00a0 \u00a0 \u00a0 \u00a0 \u00a0 \u00a0 \u00a0 \u00a0 \u00a0\u00a0 \u00a0 \u00a0 \u00a0\u00a0 et le clou du spectacle.<\/p>\n<p><img loading=\"lazy\" decoding=\"async\" class=\"GcheTexte alignleft\" src=\"http:\/\/img.over-blog.com\/224x300\/3\/88\/85\/99\/q-sortie-juin-2013\/suite-menez-meur--9-.jpg\" alt=\"suite-menez meur (9)\" width=\"224\" height=\"300\" \/><\/p>\n<p>Nous somme mont\u00e9s<br \/>\nbien haut pour apercevoir<br \/>\nles sangliers&#8230;<\/p>\n<p>&nbsp;<\/p>\n<p>&nbsp;<\/p>\n<p><img loading=\"lazy\" decoding=\"async\" class=\"DrteTexte alignright\" src=\"http:\/\/img.over-blog.com\/224x300\/3\/88\/85\/99\/q-sortie-juin-2013\/suite-menez-meur--10-.jpg\" alt=\"suite-menez meur (10)\" width=\"224\" height=\"270\" \/><\/p>\n<p>&nbsp;<\/p>\n<p>&nbsp;<\/p>\n<p>&nbsp;<\/p>\n<p>&nbsp;<\/p>\n<p>&nbsp;<\/p>\n<p>mais nous n&rsquo;avons vu<br \/>\nque ceux-l\u00e0 !<\/p>\n<p>&nbsp;<\/p>\n<p>&nbsp;<\/p>\n<p>&nbsp;<\/p>\n<p>La balade continue dans de tr\u00e8s jolis paysages<\/p>\n<p style=\"text-align: right;\">\u00a0<img loading=\"lazy\" decoding=\"async\" class=\"noAlign alignright\" src=\"http:\/\/img.over-blog.com\/190x142\/3\/88\/85\/99\/q-sortie-juin-2013\/suite-menez-meur--12-.jpg\" alt=\"suite-menez meur (12)\" width=\"210\" height=\"156\" \/>\u00a0<img loading=\"lazy\" decoding=\"async\" class=\"noAlign alignleft\" src=\"http:\/\/img.over-blog.com\/180x134\/3\/88\/85\/99\/q-sortie-juin-2013\/suite-menez-meur--11-.jpg\" alt=\"suite-menez meur (11)\" width=\"200\" height=\"148\" \/> \u00a0Au loin, la rade de Brest\u00a0 <img loading=\"lazy\" decoding=\"async\" class=\" noAlign\" src=\"http:\/\/img.over-blog.com\/180x240\/3\/88\/85\/99\/q-sortie-juin-2013\/suite-menez-meur--14-.jpg\" alt=\"suite-menez meur (14)\" width=\"170\" height=\"226\" \/><\/p>\n<p style=\"text-align: right;\">\u00a0\u00a0\u00a0\u00a0 \u00a0 \u00a0 \u00a0 \u00a0\u00a0 \u00a0\u00a0 \u00a0 les promeneurs ont le sourire\u00a0 malgr\u00e9 les difficult\u00e9s<\/p>\n<p>\u00a0<img loading=\"lazy\" decoding=\"async\" class=\"DrteTexte\" src=\"http:\/\/img.over-blog.com\/350x262\/3\/88\/85\/99\/q-sortie-juin-2013\/suite-menez-meur--16-.jpg\" alt=\"suite-menez meur (16)\" width=\"350\" height=\"262\" \/><\/p>\n<p>Une pause s&rsquo;impose<br \/>\nl&rsquo;occasion r\u00eav\u00e9e de prendre quelques photos<\/p>\n<p>L&rsquo;environnement a vraiment un caract\u00e8re exceptionnel !<\/p>\n<p><img loading=\"lazy\" decoding=\"async\" class=\" noAlign\" src=\"http:\/\/img.over-blog.com\/300x224\/3\/88\/85\/99\/q-sortie-juin-2013\/suite-menez-meur--8-.jpg\" alt=\"suite-menez meur (8)\" width=\"290\" height=\"216\" \/>\u00a0\u00a0 <img loading=\"lazy\" decoding=\"async\" class=\"noAlign alignright\" src=\"http:\/\/img.over-blog.com\/300x224\/3\/88\/85\/99\/q-sortie-juin-2013\/suite-menez-meur--19-.jpg\" alt=\"suite-menez meur (19)\" width=\"290\" height=\"216\" \/><\/p>\n<p>&nbsp;<\/p>\n<p>&nbsp;<\/p>\n<p>&nbsp;<\/p>\n<p>&nbsp;<\/p>\n<p>&nbsp;<\/p>\n<p>Apr\u00e8s la visite d&rsquo;une exposition sur le Parc R\u00e9gional d&rsquo;Armorique, nous quittons \u00e0 regret ce lieu magique.<\/p>\n<p>Mais la journ\u00e9e n&rsquo;est pas termin\u00e9e ! Nous nous dirigeons maintenant<br \/>\nvers le lac du Drennec, pr\u00e8s de Saint-Cadou.<\/p>\n<p><img loading=\"lazy\" decoding=\"async\" class=\"noAlign\" src=\"http:\/\/img.over-blog.com\/200x149\/3\/88\/85\/99\/q-sortie-juin-2013\/sur-le-lac--1-.jpg\" alt=\"sur le lac (1)\" width=\"200\" height=\"149\" \/>\u00a0 <img loading=\"lazy\" decoding=\"async\" class=\" noAlign\" src=\"http:\/\/img.over-blog.com\/200x149\/3\/88\/85\/99\/q-sortie-juin-2013\/sur-le-lac--2-.jpg\" alt=\"sur le lac (2)\" width=\"220\" height=\"163\" \/><\/p>\n<p style=\"text-align: right;\">\u00a0\u00a0\u00a0 Il commence \u00e0 faire un peu froid, mais c&rsquo;est beau.<\/p>\n<p style=\"text-align: right;\">Lequel des 2 s&rsquo;amuse le plus ?<img loading=\"lazy\" decoding=\"async\" class=\" noAlign\" src=\"http:\/\/img.over-blog.com\/190x253\/3\/88\/85\/99\/q-sortie-juin-2013\/sur-le-lac--3-.jpg\" alt=\"sur le lac (3)\" width=\"161\" height=\"215\" \/><\/p>\n<p>&nbsp;<\/p>\n<p>Pour finir cette sortie de mani\u00e8re conviviale, nous nous retrouvons autour de la chapelle Saint-S\u00e9bastien pour un barbecue champ\u00eatre offert par l&rsquo;association.<br \/>\nMerci \u00e0 tous ceux qui ont pr\u00e9par\u00e9 cette soir\u00e9e.<\/p>\n<p>&nbsp;<\/p>\n<p><img loading=\"lazy\" decoding=\"async\" class=\"GcheTexte alignleft\" src=\"http:\/\/img.over-blog.com\/275x366\/3\/88\/85\/99\/q-sortie-juin-2013\/tard.jpg\" alt=\"tard\" width=\"220\" height=\"292\" \/><\/p>\n<p><img loading=\"lazy\" decoding=\"async\" class=\"DrteTexte alignright\" src=\"http:\/\/img.over-blog.com\/300x224\/3\/88\/85\/99\/q-sortie-juin-2013\/tard--1-.jpg\" alt=\"tard (1)\" width=\"300\" height=\"224\" \/><\/p>\n<p>&nbsp;<\/p>\n<p>&nbsp;<\/p>\n<p>&nbsp;<\/p>\n<p>&nbsp;<\/p>\n<p>&nbsp;<\/p>\n<p>&nbsp;<\/p>\n<p>&nbsp;<\/p>\n<p>&nbsp;<\/p>\n<p>&nbsp;<\/p>\n<p>&nbsp;<\/p>\n<p>&nbsp;<\/p>\n<p>Ap\u00e9ritif et grillades \u00e0 l&rsquo;ext\u00e9rieur&#8230;<\/p>\n<p><img loading=\"lazy\" decoding=\"async\" class=\"noAlign\" src=\"http:\/\/img.over-blog.com\/300x224\/3\/88\/85\/99\/q-sortie-juin-2013\/tard--3-.jpg\" alt=\"tard (3)\" width=\"300\" height=\"224\" \/> \u00a0 \u00a0\u00a0 <img loading=\"lazy\" decoding=\"async\" class=\"noAlign alignright\" src=\"http:\/\/img.over-blog.com\/300x224\/3\/88\/85\/99\/q-sortie-juin-2013\/tard--2-.jpg\" alt=\"tard (2)\" width=\"270\" height=\"201\" \/><\/p>\n<p>&nbsp;<\/p>\n<p>et repas anim\u00e9, au cours duquel seront proclam\u00e9s les r\u00e9sultats du questionnaire.<\/p>\n<p>&nbsp;<\/p>\n<p style=\"text-align: center;\"><strong>Bonne fin d&rsquo;ann\u00e9e \u00e0 toutes et \u00e0 tous !<\/strong><\/p>\n<p>&nbsp;<\/p>\n","protected":false},"excerpt":{"rendered":"<p>Comme chaque ann\u00e9e, les membres de l&rsquo;association abandonnent leurs faucilles et leurs pioches pour passer ensemble une journ\u00e9e conviviale hors des sentiers battus. Retrouvailles aux \u00ab\u00a04 chemins\u00a0\u00bb au petit matin par un temps maussade. \u00a0 \u00a0 &nbsp; &nbsp; &nbsp; &nbsp; &nbsp; Voici le programme des visites concoct\u00e9 par Marcel et Annie (grand merci \u00e0 eux). [&hellip;]<\/p>\n","protected":false},"author":1,"featured_media":0,"comment_status":"open","ping_status":"closed","sticky":false,"template":"","format":"standard","meta":{"footnotes":""},"categories":[3],"tags":[],"_links":{"self":[{"href":"https:\/\/cheminsplestinais.dcea.fr\/index.php?rest_route=\/wp\/v2\/posts\/3947"}],"collection":[{"href":"https:\/\/cheminsplestinais.dcea.fr\/index.php?rest_route=\/wp\/v2\/posts"}],"about":[{"href":"https:\/\/cheminsplestinais.dcea.fr\/index.php?rest_route=\/wp\/v2\/types\/post"}],"author":[{"embeddable":true,"href":"https:\/\/cheminsplestinais.dcea.fr\/index.php?rest_route=\/wp\/v2\/users\/1"}],"replies":[{"embeddable":true,"href":"https:\/\/cheminsplestinais.dcea.fr\/index.php?rest_route=%2Fwp%2Fv2%2Fcomments&post=3947"}],"version-history":[{"count":13,"href":"https:\/\/cheminsplestinais.dcea.fr\/index.php?rest_route=\/wp\/v2\/posts\/3947\/revisions"}],"predecessor-version":[{"id":3960,"href":"https:\/\/cheminsplestinais.dcea.fr\/index.php?rest_route=\/wp\/v2\/posts\/3947\/revisions\/3960"}],"wp:attachment":[{"href":"https:\/\/cheminsplestinais.dcea.fr\/index.php?rest_route=%2Fwp%2Fv2%2Fmedia&parent=3947"}],"wp:term":[{"taxonomy":"category","embeddable":true,"href":"https:\/\/cheminsplestinais.dcea.fr\/index.php?rest_route=%2Fwp%2Fv2%2Fcategories&post=3947"},{"taxonomy":"post_tag","embeddable":true,"href":"https:\/\/cheminsplestinais.dcea.fr\/index.php?rest_route=%2Fwp%2Fv2%2Ftags&post=3947"}],"curies":[{"name":"wp","href":"https:\/\/api.w.org\/{rel}","templated":true}]}}