{"id":3963,"date":"2013-06-21T09:49:08","date_gmt":"2013-06-21T08:49:08","guid":{"rendered":"http:\/\/www.cheminsplestinais.dcea.fr\/?p=3963"},"modified":"2017-06-15T10:56:50","modified_gmt":"2017-06-15T09:56:50","slug":"tro-plistin-inauguration-par-2-marcheurs-anonymes","status":"publish","type":"post","link":"https:\/\/cheminsplestinais.dcea.fr\/?p=3963","title":{"rendered":"Tro Plistin &#8211; Inauguration par 2 marcheurs anonymes"},"content":{"rendered":"<p><img loading=\"lazy\" decoding=\"async\" class=\"DrteTexte alignright\" src=\"http:\/\/img.over-blog.com\/300x303\/3\/88\/85\/99\/2013-06-20-Tro-Plistin\/tro-julou-002b.jpg\" alt=\"tro julou 002b\" width=\"260\" height=\"261\" \/><\/p>\n<p><strong>A peine mis en place,<br \/>\nle \u00ab\u00a0Tro Plistin\u00a0\u00bb a d\u00e9j\u00e0 fait des adeptes !<\/strong><\/p>\n<p>Le 20 juin, nous avons rencontr\u00e9 par hasard<br \/>\n(ou presque) 2 marcheurs anonymes (ou presque)<br \/>\nqui se lan\u00e7aient pleins d&rsquo;enthousiasme \u00e0 l&rsquo;assaut des 29 km de ce nouveau circuit. \u00a0 \u00a0 \u00a0 \u00a0 \u00a0 \u00a0 \u00a0 \u00a0 \u00a0 \u00a0 \u00a0 \u00a0 \u00a0 \u00a0 \u00a0 \u00a0 \u00a0 \u00a0 \u00a0 \u00a0 \u00a0 Photo souvenir au d\u00e9part de Toul An Hery.<\/p>\n<p><em>\u00a0\u00a0\u00a0\u00a0\u00a0\u00a0\u00a0\u00a0 (Nous avons volontairement flout\u00e9 les visages pour \u00e9pargner leur modestie, et \u00e9viter ainsi que leurs chevilles n&rsquo;enflent avant d&rsquo;attaquer cette rude journ\u00e9e ! )<\/em><\/p>\n<p><em><img loading=\"lazy\" decoding=\"async\" class=\"GcheTexte alignleft\" src=\"http:\/\/img.over-blog.com\/285x213\/3\/88\/85\/99\/2013-06-20-Tro-Plistin\/2013-06-20-Tro-Plistin-0524.JPG\" alt=\"2013-06-20-Tro-Plistin 0524\" width=\"285\" height=\"213\" \/><\/em><\/p>\n<p>&nbsp;<\/p>\n<p>&nbsp;<\/p>\n<p>&nbsp;<\/p>\n<p><em><img loading=\"lazy\" decoding=\"async\" class=\"DrteTexte alignright\" src=\"http:\/\/img.over-blog.com\/285x212\/3\/88\/85\/99\/2013-06-20-Tro-Plistin\/tro-julou-003b.jpg\" alt=\"tro julou 003b\" width=\"285\" height=\"212\" \/><\/em><\/p>\n<p>&nbsp;<\/p>\n<p>&nbsp;<\/p>\n<p>D\u00e9couverte d&rsquo;un ancien pont pr\u00e8s du Douron<\/p>\n<p>1\u00e8re pause : il faut encore r\u00e9gler le mat\u00e9riel !<\/p>\n<p>&nbsp;<\/p>\n<p><img loading=\"lazy\" decoding=\"async\" class=\"GcheTexte\" src=\"http:\/\/img.over-blog.com\/300x225\/3\/88\/85\/99\/2013-06-20-Tro-Plistin\/Inaug--9999-.JPG\" alt=\"Inaug (9999)\" width=\"300\" height=\"225\" \/><\/p>\n<p>&nbsp;<\/p>\n<p><img loading=\"lazy\" decoding=\"async\" class=\"DrteTexte alignright\" src=\"http:\/\/img.over-blog.com\/264x300\/3\/88\/85\/99\/2013-06-20-Tro-Plistin\/plan.jpg\" alt=\"plan\" width=\"219\" height=\"250\" \/>Encha\u00eenement de ch\u00e2teaux et de chapelles &#8230;<\/p>\n<p>&nbsp;<\/p>\n<p>et de temps \u00e0 autres, bonne surprise : un plan nous informe de notre position<\/p>\n<p>et du nombre de km d\u00e9j\u00e0 parcourus. C&rsquo;est bon pour le moral !<\/p>\n<p><img loading=\"lazy\" decoding=\"async\" class=\"DrteTexte alignleft\" src=\"http:\/\/img.over-blog.com\/300x225\/3\/88\/85\/99\/2013-06-20-Tro-Plistin\/tro-julou-007b.jpg\" alt=\"tro julou 007b\" width=\"300\" height=\"225\" \/><\/p>\n<p>Midi ! L&rsquo;heure de la pause d\u00e9jeuner &#8230;<\/p>\n<p>&nbsp;<\/p>\n<p>au bord d&rsquo;une jolie fontaine avec lavoir.<\/p>\n<p>&nbsp;<\/p>\n<p><em>(Comme parfois \u00e0 la t\u00e9l\u00e9, le floutage laisse un peu \u00e0 d\u00e9sirer.)<\/em> <em><img loading=\"lazy\" decoding=\"async\" class=\"GcheTexte aligncenter\" src=\"http:\/\/img.over-blog.com\/300x204\/3\/88\/85\/99\/2013-06-20-Tro-Plistin\/tro-julou-006b.jpg\" alt=\"tro julou 006b\" width=\"300\" height=\"204\" \/><\/em>\u00a0 C&rsquo;est \u00e9galement le moment de bichonner ces pr\u00e9cieux auxiliaires du randonneur.<\/p>\n<p><em><img loading=\"lazy\" decoding=\"async\" class=\" CtreTexte\" src=\"http:\/\/img.over-blog.com\/500x375\/3\/88\/85\/99\/2013-06-20-Tro-Plistin\/tro-julou-009.jpg\" alt=\"tro julou 009\" width=\"450\" height=\"337\" \/><\/em><\/p>\n<p>Et c&rsquo;est reparti ! Franchissement d&rsquo;un gu\u00e9 dans les profondeurs de Collogot.<\/p>\n<p><img loading=\"lazy\" decoding=\"async\" class=\"GcheTexte alignleft\" src=\"http:\/\/img.over-blog.com\/275x206\/3\/88\/85\/99\/2013-06-20-Tro-Plistin\/tro-julou-011.jpg\" alt=\"tro julou 011\" width=\"275\" height=\"206\" \/>D\u00e9j\u00e0 19 km parcourus en quelques 4 h de chemin&#8230;<img loading=\"lazy\" decoding=\"async\" class=\"DrteTexte alignright\" src=\"http:\/\/img.over-blog.com\/275x366\/3\/88\/85\/99\/2013-06-20-Tro-Plistin\/tro-julou-010.jpg\" alt=\"tro julou 010\" width=\"250\" height=\"332\" \/><\/p>\n<p>&nbsp;<\/p>\n<p>&nbsp;<\/p>\n<p>&nbsp;<\/p>\n<p>&nbsp;<\/p>\n<p>&nbsp;<\/p>\n<p>&nbsp;<\/p>\n<p>&nbsp;<\/p>\n<p>Le moment venu d&rsquo;une nouvelle pause<\/p>\n<p>pour recharger les accus avant les derniers efforts.<\/p>\n<p>&nbsp;<\/p>\n<p>Le sentier est d\u00e9cid\u00e9ment bien vari\u00e9&#8230;<\/p>\n<p><img loading=\"lazy\" decoding=\"async\" class=\"GcheTexte alignleft\" src=\"http:\/\/img.over-blog.com\/225x300\/3\/88\/85\/99\/2013-06-20-Tro-Plistin\/tro-julou-012.jpg\" alt=\"tro julou 012\" width=\"225\" height=\"300\" \/><\/p>\n<p>&nbsp;<\/p>\n<p>&nbsp;<\/p>\n<p>For\u00eat pr\u00e8s du Grand Rocher&#8230;<\/p>\n<p>&nbsp;<\/p>\n<p>&nbsp;<\/p>\n<p>&nbsp;<\/p>\n<p>&nbsp;<\/p>\n<p><img loading=\"lazy\" decoding=\"async\" class=\"DrteTexte alignright\" src=\"http:\/\/img.over-blog.com\/300x225\/3\/88\/85\/99\/2013-06-20-Tro-Plistin\/tro-julou-013.jpg\" alt=\"tro julou 013\" width=\"300\" height=\"225\" \/><\/p>\n<p>et plage \u00e0 St-Efflam.<\/p>\n<p>&nbsp;<\/p>\n<p>&nbsp;<\/p>\n<p>&nbsp;<\/p>\n<p>&nbsp;<\/p>\n<p>Il n&rsquo;y a plus qu&rsquo;\u00e0 longer le sentier c\u00f4tier pour rejoindre Toul An Hery.<\/p>\n<p>&nbsp;<\/p>\n<p style=\"text-align: center;\">Nos 2 randonneurs revenus au point de d\u00e9part apr\u00e8s 29 km<\/p>\n<p>\u00a0<img loading=\"lazy\" decoding=\"async\" class=\"CtreTexte aligncenter\" src=\"http:\/\/img.over-blog.com\/400x300\/3\/88\/85\/99\/2013-06-20-Tro-Plistin\/tro-julou-015.jpg\" alt=\"tro julou 015\" width=\"400\" height=\"300\" \/><\/p>\n<p>La fatigue ne semble pas avoir trop marqu\u00e9 leurs traits, malgr\u00e9 plus de 6 h de marche \u00e0 la moyenne de 4,7 km\/h.<\/p>\n","protected":false},"excerpt":{"rendered":"<p>A peine mis en place, le \u00ab\u00a0Tro Plistin\u00a0\u00bb a d\u00e9j\u00e0 fait des adeptes ! Le 20 juin, nous avons rencontr\u00e9 par hasard (ou presque) 2 marcheurs anonymes (ou presque) qui se lan\u00e7aient pleins d&rsquo;enthousiasme \u00e0 l&rsquo;assaut des 29 km de ce nouveau circuit. \u00a0 \u00a0 \u00a0 \u00a0 \u00a0 \u00a0 \u00a0 \u00a0 \u00a0 \u00a0 \u00a0 \u00a0 [&hellip;]<\/p>\n","protected":false},"author":1,"featured_media":0,"comment_status":"open","ping_status":"closed","sticky":false,"template":"","format":"standard","meta":{"footnotes":""},"categories":[3],"tags":[],"_links":{"self":[{"href":"https:\/\/cheminsplestinais.dcea.fr\/index.php?rest_route=\/wp\/v2\/posts\/3963"}],"collection":[{"href":"https:\/\/cheminsplestinais.dcea.fr\/index.php?rest_route=\/wp\/v2\/posts"}],"about":[{"href":"https:\/\/cheminsplestinais.dcea.fr\/index.php?rest_route=\/wp\/v2\/types\/post"}],"author":[{"embeddable":true,"href":"https:\/\/cheminsplestinais.dcea.fr\/index.php?rest_route=\/wp\/v2\/users\/1"}],"replies":[{"embeddable":true,"href":"https:\/\/cheminsplestinais.dcea.fr\/index.php?rest_route=%2Fwp%2Fv2%2Fcomments&post=3963"}],"version-history":[{"count":5,"href":"https:\/\/cheminsplestinais.dcea.fr\/index.php?rest_route=\/wp\/v2\/posts\/3963\/revisions"}],"predecessor-version":[{"id":3968,"href":"https:\/\/cheminsplestinais.dcea.fr\/index.php?rest_route=\/wp\/v2\/posts\/3963\/revisions\/3968"}],"wp:attachment":[{"href":"https:\/\/cheminsplestinais.dcea.fr\/index.php?rest_route=%2Fwp%2Fv2%2Fmedia&parent=3963"}],"wp:term":[{"taxonomy":"category","embeddable":true,"href":"https:\/\/cheminsplestinais.dcea.fr\/index.php?rest_route=%2Fwp%2Fv2%2Fcategories&post=3963"},{"taxonomy":"post_tag","embeddable":true,"href":"https:\/\/cheminsplestinais.dcea.fr\/index.php?rest_route=%2Fwp%2Fv2%2Ftags&post=3963"}],"curies":[{"name":"wp","href":"https:\/\/api.w.org\/{rel}","templated":true}]}}