{"id":3969,"date":"2013-05-18T10:57:51","date_gmt":"2013-05-18T09:57:51","guid":{"rendered":"http:\/\/www.cheminsplestinais.dcea.fr\/?p=3969"},"modified":"2017-06-15T11:20:07","modified_gmt":"2017-06-15T10:20:07","slug":"inauguration-du-nouveau-circuit-de-saint-jagut","status":"publish","type":"post","link":"https:\/\/cheminsplestinais.dcea.fr\/?p=3969","title":{"rendered":"Inauguration du nouveau circuit de Saint-Jagut"},"content":{"rendered":"<p>Le 8 mai 2013 \u00e0 17 h , l&rsquo;association \u00ab\u00a0Chemins Plestinais et Patrimoine\u00a0\u00bb a convi\u00e9 tous les amateurs de randonn\u00e9e p\u00e9destre \u00e0 d\u00e9couvrir la nouvelle boucle de Saint-Jagut, qui emprunte de nombreux tron\u00e7ons ouverts par l&rsquo;association depuis le printemps dernier.<\/p>\n<p><img loading=\"lazy\" decoding=\"async\" class=\"CtreTexte\" src=\"http:\/\/idata.over-blog.com\/3\/88\/85\/99\/r-2013-8-mai-Inauguration-St-Jagut\/Inaug--5-.jpg\" alt=\"Inaug (5)\" width=\"600\" height=\"428\" \/><\/p>\n<p>Au d\u00e9part de la chapelle Sainte-Anne, le circuit de 8,5 km proposait entre autres la travers\u00e9e\u00a0 du bois de Coat Ar Bescond.<\/p>\n<p><img loading=\"lazy\" decoding=\"async\" class=\"GcheTexte alignleft\" src=\"http:\/\/img.over-blog.com\/300x225\/3\/88\/85\/99\/r-2013-8-mai-Inauguration-St-Jagut\/Inaug--96-.jpg\" alt=\"Inaug (96)\" width=\"300\" height=\"225\" \/><\/p>\n<p>&nbsp;<\/p>\n<p>Environ 75 participants au d\u00e9part,<br \/>\nsous un soleil un peu inesp\u00e9r\u00e9 !<\/p>\n<p>&nbsp;<\/p>\n<p><img loading=\"lazy\" decoding=\"async\" class=\"DrteTexte alignright\" src=\"http:\/\/img.over-blog.com\/289x300\/3\/88\/85\/99\/r-2013-8-mai-Inauguration-St-Jagut\/Inaug--99--copie-1.jpg\" alt=\"Inaug (99)-copie-1\" width=\"240\" height=\"250\" \/><\/p>\n<p>&nbsp;<\/p>\n<p>&nbsp;<\/p>\n<p>&nbsp;<\/p>\n<p>&nbsp;<\/p>\n<p>&nbsp;<\/p>\n<p>&nbsp;<\/p>\n<p>Le chemin descend rapidement rejoindre<br \/>\nle Dour Meur, que l&rsquo;on traverse pour la 1\u00e8re fois.<\/p>\n<p><img loading=\"lazy\" decoding=\"async\" class=\"CtreTexte\" src=\"http:\/\/img.over-blog.com\/400x267\/3\/88\/85\/99\/r-2013-8-mai-Inauguration-St-Jagut\/Inaug--991-.jpg\" alt=\"Inaug (991)\" width=\"400\" height=\"267\" \/><\/p>\n<p><img loading=\"lazy\" decoding=\"async\" class=\"DrteTexte alignright\" src=\"http:\/\/img.over-blog.com\/224x300\/3\/88\/85\/99\/r-2013-8-mai-Inauguration-St-Jagut\/Inaug--996-.jpg\" alt=\"Inaug (996)\" width=\"246\" height=\"330\" \/><\/p>\n<p>&nbsp;<\/p>\n<p>Puis, on descend encore pour rejoindre<br \/>\nles rives du Douron.<\/p>\n<p>&nbsp;<\/p>\n<p>D\u00e9j\u00e0 le groupe de marcheurs s&rsquo;\u00e9tire en longueur :<\/p>\n<p>les premiers marchent vraiment trop vite !<\/p>\n<p><img loading=\"lazy\" decoding=\"async\" class=\" GcheTexte\" src=\"http:\/\/img.over-blog.com\/250x187\/3\/88\/85\/99\/r-2013-8-mai-Inauguration-St-Jagut\/Inaug--994-.jpg\" alt=\"Inaug (994)\" width=\"300\" height=\"224\" \/><\/p>\n<p>Le chemin de la vall\u00e9e est totalement recouvert \u00ab\u00a0d&rsquo;ail des ours\u00a0\u00bb en <img loading=\"lazy\" decoding=\"async\" class=\"GcheTexte alignright\" src=\"http:\/\/img.over-blog.com\/250x187\/3\/88\/85\/99\/r-2013-8-mai-Inauguration-St-Jagut\/Inaug--9990-.JPG\" alt=\"Inaug (9990)\" width=\"275\" height=\"205\" \/>fleur.<\/p>\n<p>&nbsp;<\/p>\n<p>&nbsp;<\/p>\n<p>On chemine au milieu de senteurs\u00a0 bien agr\u00e9ables.<\/p>\n<p><img loading=\"lazy\" decoding=\"async\" class=\"DrteTexte\" src=\"http:\/\/img.over-blog.com\/275x184\/3\/88\/85\/99\/r-2013-8-mai-Inauguration-St-Jagut\/Inaug--9992-.jpg\" alt=\"Inaug (9992)\" width=\"275\" height=\"184\" \/><\/p>\n<p>&nbsp;<\/p>\n<p>Un regroupement est demand\u00e9 &#8230;<\/p>\n<p><img loading=\"lazy\" decoding=\"async\" class=\"GcheTexte\" src=\"http:\/\/img.over-blog.com\/325x243\/3\/88\/85\/99\/r-2013-8-mai-Inauguration-St-Jagut\/Inaug--9996-.jpg\" alt=\"Inaug (9996)\" width=\"325\" height=\"243\" \/><\/p>\n<p><img loading=\"lazy\" decoding=\"async\" class=\"DrteTexte alignright\" src=\"http:\/\/img.over-blog.com\/250x187\/3\/88\/85\/99\/r-2013-8-mai-Inauguration-St-Jagut\/Inaug--9995-.JPG\" alt=\"Inaug (9995)\" width=\"250\" height=\"187\" \/><\/p>\n<p>\u00e0 proximit\u00e9 de Milin Begaignon<\/p>\n<p>pour permettre aux retardataires\u00a0 de recoller<br \/>\nau peloton.<\/p>\n<p>&nbsp;<\/p>\n<p>Puis un joli chemin nous am\u00e8ne<br \/>\n<img loading=\"lazy\" decoding=\"async\" class=\" noAlign\" src=\"http:\/\/img.over-blog.com\/275x200\/3\/88\/85\/99\/r-2013-8-mai-Inauguration-St-Jagut\/Inaug--9998-.jpg\" alt=\"Inaug (9998)\" width=\"250\" height=\"181\" \/>\u00a0 \u00a0 \u00a0 \u00a0 <img loading=\"lazy\" decoding=\"async\" class=\"noAlign alignright\" src=\"http:\/\/img.over-blog.com\/275x206\/3\/88\/85\/99\/r-2013-8-mai-Inauguration-St-Jagut\/Inaug--99990-.jpg\" alt=\"Inaug (99990)\" width=\"275\" height=\"206\" \/><\/p>\n<p>&nbsp;<\/p>\n<p>aux abords du ch\u00e2teau de Lezormel<\/p>\n<p>et de la chapelle Saint-Jagut bient\u00f4t d\u00e9finitivement restaur\u00e9e.<\/p>\n<p><img loading=\"lazy\" decoding=\"async\" class=\"noAlign\" src=\"http:\/\/img.over-blog.com\/275x206\/3\/88\/85\/99\/r-2013-8-mai-Inauguration-St-Jagut\/Inaug--99996-.jpg\" alt=\"Inaug (99996)\" width=\"275\" height=\"206\" \/>\u00a0 \u00a0 \u00a0 \u00a0 \u00a0\u00a0 <img loading=\"lazy\" decoding=\"async\" class=\"noAlign alignright\" src=\"http:\/\/img.over-blog.com\/275x206\/3\/88\/85\/99\/r-2013-8-mai-Inauguration-St-Jagut\/Inaug--99993-.jpg\" alt=\"Inaug (99993)\" width=\"275\" height=\"206\" \/><\/p>\n<p>&nbsp;<\/p>\n<p>La fatigue commence \u00e0 se faire sentir ?<\/p>\n<p>&nbsp;<\/p>\n<p>&nbsp;<\/p>\n<p>&nbsp;<\/p>\n<p>&nbsp;<\/p>\n<p><img loading=\"lazy\" decoding=\"async\" class=\"GcheTexte alignleft\" src=\"http:\/\/img.over-blog.com\/224x300\/3\/88\/85\/99\/r-2013-8-mai-Inauguration-St-Jagut\/Inaug--99998-.jpg\" alt=\"Inaug (99998)\" width=\"224\" height=\"300\" \/><\/p>\n<p>Et maintenant, le magnifique chemin qui traverse le bois de Coat Ar Bescond.<\/p>\n<p>&nbsp;<\/p>\n<p>&nbsp;<\/p>\n<p>&nbsp;<\/p>\n<p>&nbsp;<\/p>\n<p>La croix de Sainte Appoline<\/p>\n<p><img loading=\"lazy\" decoding=\"async\" class=\"DrteTexte alignright\" src=\"http:\/\/img.over-blog.com\/275x206\/3\/88\/85\/99\/r-2013-8-mai-Inauguration-St-Jagut\/Inaug--999991-.JPG\" alt=\"Inaug (999991)\" width=\"275\" height=\"206\" \/><\/p>\n<p>&nbsp;<\/p>\n<p>&nbsp;<\/p>\n<p>avec un banc rustique, fa\u00e7on \u00ab\u00a0Chamins Plestinais\u00a0\u00bb.<\/p>\n<p>On retraverse le Dour Meur &#8230;<\/p>\n<p><img loading=\"lazy\" decoding=\"async\" class=\" noAlign\" src=\"http:\/\/img.over-blog.com\/300x225\/3\/88\/85\/99\/r-2013-8-mai-Inauguration-St-Jagut\/Inaug--999992-.JPG\" alt=\"Inaug (999992)\" width=\"275\" height=\"206\" \/><\/p>\n<p><img loading=\"lazy\" decoding=\"async\" class=\"DrteTexte alignright\" src=\"http:\/\/img.over-blog.com\/206x275\/3\/88\/85\/99\/r-2013-8-mai-Inauguration-St-Jagut\/Inaug--999993-.JPG\" alt=\"Inaug (999993)\" width=\"168\" height=\"225\" \/><\/p>\n<p>&nbsp;<\/p>\n<p style=\"text-align: right;\">\n<p style=\"text-align: right;\">Un vestige du n\u00e9olithique ?<\/p>\n<p>&nbsp;<\/p>\n<p>&nbsp;<br \/>\nDes promeneurs admiratifs du travail r\u00e9alis\u00e9.<\/p>\n<p><img loading=\"lazy\" decoding=\"async\" class=\"noAlign aligncenter\" src=\"http:\/\/img.over-blog.com\/275x184\/3\/88\/85\/99\/r-2013-8-mai-Inauguration-St-Jagut\/Inaug--999995-.jpg\" alt=\"Inaug (999995)\" width=\"327\" height=\"220\" \/>\u00a0 \u00a0 \u00a0 <img loading=\"lazy\" decoding=\"async\" class=\"noAlign alignleft\" src=\"http:\/\/img.over-blog.com\/275x206\/3\/88\/85\/99\/r-2013-8-mai-Inauguration-St-Jagut\/Inaug--999994-.jpg\" alt=\"Inaug (999994)\" width=\"260\" height=\"194\" \/><\/p>\n<p>&nbsp;<\/p>\n<p><img loading=\"lazy\" decoding=\"async\" class=\"noAlign alignright\" src=\"http:\/\/idata.over-blog.com\/3\/88\/85\/99\/r-2013-8-mai-Inauguration-St-Jagut\/Inaug--999996-.JPG\" alt=\"Inaug (999996)\" width=\"400\" height=\"300\" \/><\/p>\n<p>&nbsp;<\/p>\n<p>&nbsp;<\/p>\n<p>&nbsp;<\/p>\n<p>&nbsp;<\/p>\n<p>&nbsp;<\/p>\n<p>&nbsp;<\/p>\n<p>&nbsp;<\/p>\n<p>&nbsp;<\/p>\n<p>&nbsp;<\/p>\n<p>A l&rsquo;arriv\u00e9e, le pot de l&rsquo;amiti\u00e9.<img loading=\"lazy\" decoding=\"async\" class=\"GcheTexte alignleft\" src=\"http:\/\/img.over-blog.com\/300x200\/3\/88\/85\/99\/r-2013-8-mai-Inauguration-St-Jagut\/Inaug--999998-.jpg\" alt=\"Inaug (999998)\" width=\"376\" height=\"252\" \/><\/p>\n<p>&nbsp;<\/p>\n<p>&nbsp;<\/p>\n<p>&nbsp;<\/p>\n<p><img loading=\"lazy\" decoding=\"async\" class=\"DrteTexte\" src=\"http:\/\/img.over-blog.com\/250x187\/3\/88\/85\/99\/r-2013-8-mai-Inauguration-St-Jagut\/Inaug--9999991-.jpg\" alt=\"Inaug (9999991)\" width=\"250\" height=\"187\" \/><\/p>\n<p style=\"text-align: right;\">\u00a0 \u00a0 \u00a0 \u00a0 \u00a0 \u00a0 \u00a0\u00a0 Repos bien m\u00e9rit\u00e9 !<\/p>\n<p>\u00a0\u00a0\u00a0\u00a0\u00a0\u00a0\u00a0\u00a0 <img loading=\"lazy\" decoding=\"async\" class=\"noAlign alignright\" src=\"http:\/\/img.over-blog.com\/250x187\/3\/88\/85\/99\/r-2013-8-mai-Inauguration-St-Jagut\/Inaug--9999996-.jpg\" alt=\"Inaug (9999996)\" width=\"250\" height=\"187\" \/>\u00a0 \u00a0 \u00a0 \u00a0\u00a0\u00a0 \u00a0\u00a0 <img loading=\"lazy\" decoding=\"async\" class=\"noAlign\" src=\"http:\/\/img.over-blog.com\/275x206\/3\/88\/85\/99\/r-2013-8-mai-Inauguration-St-Jagut\/Inaug--9999995-.jpg\" alt=\"Inaug (9999995)\" width=\"275\" height=\"206\" \/><\/p>\n<p>&nbsp;<\/p>\n<p>Et pour bien finir cette bonne journ\u00e9e, un pique-nique convivial dans le local de l&rsquo;association de Sainte-Anne.<\/p>\n<p><img loading=\"lazy\" decoding=\"async\" class=\"noAlign\" src=\"http:\/\/img.over-blog.com\/275x206\/3\/88\/85\/99\/r-2013-8-mai-Inauguration-St-Jagut\/Inaug--9999998-.jpg\" alt=\"Inaug (9999998)\" width=\"275\" height=\"206\" \/> \u00a0 <img loading=\"lazy\" decoding=\"async\" class=\"noAlign alignright\" src=\"http:\/\/img.over-blog.com\/275x206\/3\/88\/85\/99\/r-2013-8-mai-Inauguration-St-Jagut\/Inaug--99999990-.jpg\" alt=\"Inaug (99999990)\" width=\"250\" height=\"187\" \/><\/p>\n<p>&nbsp;<\/p>\n<p>&nbsp;<\/p>\n<p>&nbsp;<\/p>\n<p>&nbsp;<\/p>\n<p>&nbsp;<\/p>\n<p>Nous n&rsquo;avons plus qu&rsquo;\u00e0 esp\u00e9rer que les promeneurs seront nombreux \u00e0 emprunter cette nouvelle boucle qui a \u00e9t\u00e9 particuli\u00e8rement appr\u00e9ci\u00e9e par tous ceux qui l&rsquo;ont d\u00e9couverte aujourd&rsquo;hui.<\/p>\n","protected":false},"excerpt":{"rendered":"<p>Le 8 mai 2013 \u00e0 17 h , l&rsquo;association \u00ab\u00a0Chemins Plestinais et Patrimoine\u00a0\u00bb a convi\u00e9 tous les amateurs de randonn\u00e9e p\u00e9destre \u00e0 d\u00e9couvrir la nouvelle boucle de Saint-Jagut, qui emprunte de nombreux tron\u00e7ons ouverts par l&rsquo;association depuis le printemps dernier. Au d\u00e9part de la chapelle Sainte-Anne, le circuit de 8,5 km proposait entre autres la [&hellip;]<\/p>\n","protected":false},"author":1,"featured_media":0,"comment_status":"open","ping_status":"closed","sticky":false,"template":"","format":"standard","meta":{"footnotes":""},"categories":[3],"tags":[],"_links":{"self":[{"href":"https:\/\/cheminsplestinais.dcea.fr\/index.php?rest_route=\/wp\/v2\/posts\/3969"}],"collection":[{"href":"https:\/\/cheminsplestinais.dcea.fr\/index.php?rest_route=\/wp\/v2\/posts"}],"about":[{"href":"https:\/\/cheminsplestinais.dcea.fr\/index.php?rest_route=\/wp\/v2\/types\/post"}],"author":[{"embeddable":true,"href":"https:\/\/cheminsplestinais.dcea.fr\/index.php?rest_route=\/wp\/v2\/users\/1"}],"replies":[{"embeddable":true,"href":"https:\/\/cheminsplestinais.dcea.fr\/index.php?rest_route=%2Fwp%2Fv2%2Fcomments&post=3969"}],"version-history":[{"count":2,"href":"https:\/\/cheminsplestinais.dcea.fr\/index.php?rest_route=\/wp\/v2\/posts\/3969\/revisions"}],"predecessor-version":[{"id":3971,"href":"https:\/\/cheminsplestinais.dcea.fr\/index.php?rest_route=\/wp\/v2\/posts\/3969\/revisions\/3971"}],"wp:attachment":[{"href":"https:\/\/cheminsplestinais.dcea.fr\/index.php?rest_route=%2Fwp%2Fv2%2Fmedia&parent=3969"}],"wp:term":[{"taxonomy":"category","embeddable":true,"href":"https:\/\/cheminsplestinais.dcea.fr\/index.php?rest_route=%2Fwp%2Fv2%2Fcategories&post=3969"},{"taxonomy":"post_tag","embeddable":true,"href":"https:\/\/cheminsplestinais.dcea.fr\/index.php?rest_route=%2Fwp%2Fv2%2Ftags&post=3969"}],"curies":[{"name":"wp","href":"https:\/\/api.w.org\/{rel}","templated":true}]}}