{"id":3979,"date":"2013-02-23T14:38:05","date_gmt":"2013-02-23T13:38:05","guid":{"rendered":"http:\/\/www.cheminsplestinais.dcea.fr\/?p=3979"},"modified":"2017-06-16T13:46:06","modified_gmt":"2017-06-16T12:46:06","slug":"assemblee-generale-2013","status":"publish","type":"post","link":"https:\/\/cheminsplestinais.dcea.fr\/?p=3979","title":{"rendered":"Assembl\u00e9e G\u00e9n\u00e9rale 2013"},"content":{"rendered":"<p>Le lundi 18 f\u00e9vrier \u00e0 18h30 \u00e0 Ti An Holl, s&rsquo;est\u00a0 tenue l&rsquo;assembl\u00e9e g\u00e9n\u00e9rale annuelle de notre association \u00ab\u00a0Chemins Plestinais et Patrimoine\u00a0\u00bb.<\/p>\n<p>Plus de la moiti\u00e9 des 90 adh\u00e9rents de l&rsquo;association se sont d\u00e9plac\u00e9s pour la circonstance.<\/p>\n<p><img loading=\"lazy\" decoding=\"async\" class=\"noAlign aligncenter\" src=\"http:\/\/img.over-blog.com\/300x225\/3\/88\/85\/99\/AG\/2013-Assemblee.jpg\" alt=\"2013-Assembl\u00e9e\" width=\"375\" height=\"281\" \/><\/p>\n<p>&nbsp;<\/p>\n<p><strong>La soir\u00e9e s&rsquo;est d\u00e9roul\u00e9e en 3 temps :<\/strong><\/p>\n<p><img loading=\"lazy\" decoding=\"async\" class=\" DrteTexte\" src=\"http:\/\/img.over-blog.com\/200x149\/3\/88\/85\/99\/AG\/2013-Bureau.jpg\" alt=\"2013-Bureau\" width=\"230\" height=\"171\" \/><\/p>\n<p><strong>\u00a01 &#8211; Pr\u00e9sentation des bilans moral et financier,<br \/>\nprojets pour 2013,\u00a0 par les membres du bureau<\/strong><\/p>\n<p>Les actions de l&rsquo;association<\/p>\n<p>Les b\u00e9n\u00e9voles de l\u2019Association se r\u00e9unissent r\u00e9guli\u00e8rementtous les lundis matin.<br \/>\nLe rendez-vous est fix\u00e9 sur le Parking des 4 Chemins \u00e0 9 H.<\/p>\n<p>Entre 15 et 20 b\u00e9n\u00e9voles sont pr\u00e9sents chaque lundi, quelles que soient les conditions m\u00e9t\u00e9o.<\/p>\n<p>Depuis le mois d\u2019Octobre\u00a0:\u00a0 am\u00e9nagement du sentier qui traverse le bois de Coat Ar Bescond, sur pr\u00e8s de 2 Km.<br \/>\nCe tron\u00e7on permettra d\u2019\u00e9viter l\u2019ancien trac\u00e9 de bitume de Saint-Jagut.<\/p>\n<p>&nbsp;<\/p>\n<p>Principaux chantiers r\u00e9alis\u00e9s en 2012<\/p>\n<ul>\n<li>Fin du chantier du Douron qui longe la rivi\u00e8re de Toul an H\u00e9ry jusqu\u2019\u00e0 Pont Menou<\/li>\n<li>Sentier de Lesmaes \u2013 ouverture d\u2019un tron\u00e7on c\u00f4t\u00e9 sud pour une jonction des itin\u00e9raires Saint jagut\/Saint Haran (non balis\u00e9 pour le moment).<\/li>\n<li>Ouverture du sentier de Milin Avel \u00e0 Milin Begaignon<\/li>\n<li>Ouvertrure du sentier de Kerdanger \u00e0 Guervennou<\/li>\n<li>Ouverture du sentier de Kerbiriou \u00e0 Kerguiniou (circuit de Sainte Anne)<\/li>\n<li>Beaucoup de d\u00e9broussaillage et de nettoyage dans les diff\u00e9rents cicuits des chapelles et aussi, cette ann\u00e9e, un gros effort dans le balisage par des panneaux bois.<\/li>\n<\/ul>\n<p>&nbsp;<\/p>\n<p>Sorties\/Divers 2012<\/p>\n<p>&nbsp;<\/p>\n<ul>\n<li>Inauguration du Chemin du Douron\u00a0: les adh\u00e9rents de l\u2019Association et les b\u00e9n\u00e9voles se sont retrouv\u00e9s \u00e0 l\u2019issue de la randonn\u00e9e sous la pluie, autour d\u2019un barbecue \u00e0 la chapelle St Haran<\/li>\n<li>Participation de b\u00e9n\u00e9voles chasseurs en partenariat avec le Point Information Jeunesse de Plestin<br \/>\net les jeunes de l\u2019Ari\u00e8ge.<br \/>\nIls ont cet \u00e9t\u00e9 2012, confectionn\u00e9 des panneaux pr\u00e9sentant des fiches animali\u00e8res et les ont install\u00e9s sur des sites comme le sentier des renards et de Toul An H\u00e9ry.<\/li>\n<li>Le blog de l&rsquo;association s&rsquo;enrichit progressivement : nouveaux articles, nouvelles photos (dans la rubrique Albums, nouveaux liens&#8230;)<\/li>\n<\/ul>\n<p>&nbsp;<\/p>\n<p>Quelques aspects financiers<\/p>\n<ul>\n<li>Le montant des adh\u00e9sions est identique : 10 \u20ac individuel et 15 \u20ac pour une famille<\/li>\n<li>Parmi les d\u00e9penses effectu\u00e9es en 2012, on notera l&rsquo;acquisition de mat\u00e9riel, et notamment de 2 tron\u00e7onneuses.<\/li>\n<\/ul>\n<p><em>Le bilan moral et le bilan financier ont \u00e9t\u00e9 adopt\u00e9s \u00e0 l&rsquo;unanimit\u00e9.<\/em><\/p>\n<p>&nbsp;<\/p>\n<p><strong>Projets 2013\u00a0<\/strong><\/p>\n<p>&nbsp;<\/p>\n<p>Prochains chantiers\u00a0:<\/p>\n<ul>\n<li>Fin de l&rsquo;am\u00e9nagement du sentier de Coat ar Bescond<\/li>\n<li>Un certain nombre de sentiers seront encore \u00e0 am\u00e9nager \u2013 le planning sera vu au fur et \u00e0 mesure<br \/>\ncar il est aussi en liaison avec le projet d\u2019am\u00e9nagement foncier de la commune.<\/li>\n<li>Difficult\u00e9 que l\u2019on rencontre r\u00e9guli\u00e8rement\u00a0: trouver un \u00e9quilibre entre les randonneurs p\u00e9destres, \u00e9questres, vttistes, motos et quads quoique les chemins emprunt\u00e9s par les 4 roues ne soient pas forc\u00e9ment d\u00e9grad\u00e9s<\/li>\n<li>Concernant le patrimoine, souhait formul\u00e9 par le pr\u00e9sident Eric Irien de restaurer entr\u2019autres, les fontaines de Saint Gestin et Saint Haran.<\/li>\n<li>Revoir et compl\u00e9ter le balisage (jonction entre les circuits)<\/li>\n<li>Am\u00e9lioration du circuit de Saint S\u00e9bastien et de certains itin\u00e9raires afin de proposer aux randonneurs des itin\u00e9raires plus longs, sans oublier le Tro Plistin.<\/li>\n<\/ul>\n<p>&nbsp;<\/p>\n<p><strong>Remerciements :<\/strong><\/p>\n<p>&#8211; \u00e0 la municipalit\u00e9 et aux services techniques<\/p>\n<p>&#8211; aux b\u00e9n\u00e9voles qui participent activement aux chantiers<\/p>\n<p>&#8211; aux adh\u00e9rents et donateurs<\/p>\n<p>&#8211; aux signaleurs qui ont particip\u00e9 \u00e0 l\u2019organisation du trail du mois d\u2019octobre<\/p>\n<p>&#8211; \u00e0 Guy Bourhis qui nous fournit gracieusement le bois pour la confection des panneaux de balisage.<\/p>\n<p>&nbsp;<\/p>\n<p><strong>2 &#8211; Pr\u00e9sentation d&rsquo;une vid\u00e9o<\/strong><\/p>\n<p>Comme les ann\u00e9es pr\u00e9c\u00e9dentes, une vid\u00e9o d&rsquo;une vingtaine de minutes, retra\u00e7ant les principaux\u00a0 chantiers et activit\u00e9s\u00a0 de l&rsquo;ann\u00e9e \u00e9coul\u00e9e, a \u00e9t\u00e9 pr\u00e9sent\u00e9e.<\/p>\n<p>Le DVD reste \u00e0 la disposition des adh\u00e9rents qui le souhaitent, au prix de 3 \u20ac.<\/p>\n<p>&nbsp;<\/p>\n<p><strong>3 &#8211; Pot de l&rsquo;amiti\u00e9 et repas<br \/>\n<\/strong><\/p>\n<p>Discussions anim\u00e9es et bonne humeur assur\u00e9e !<\/p>\n<p><img loading=\"lazy\" decoding=\"async\" class=\" noAlign\" src=\"http:\/\/img.over-blog.com\/200x122\/3\/88\/85\/99\/AG\/2013-pot-b.jpg\" alt=\"2013-pot-b.jpg\" width=\"250\" height=\"152\" \/>\u00a0\u00a0\u00a0 <img loading=\"lazy\" decoding=\"async\" class=\"noAlign alignright\" src=\"http:\/\/img.over-blog.com\/250x187\/3\/88\/85\/99\/AG\/2013-Auguste-et-Yves.jpg\" alt=\"2013-Auguste et Yves\" width=\"225\" height=\"168\" \/><\/p>\n<p>&nbsp;<\/p>\n<p><strong>A l&rsquo;ann\u00e9e prochaine !<\/strong><\/p>\n","protected":false},"excerpt":{"rendered":"<p>Le lundi 18 f\u00e9vrier \u00e0 18h30 \u00e0 Ti An Holl, s&rsquo;est\u00a0 tenue l&rsquo;assembl\u00e9e g\u00e9n\u00e9rale annuelle de notre association \u00ab\u00a0Chemins Plestinais et Patrimoine\u00a0\u00bb. Plus de la moiti\u00e9 des 90 adh\u00e9rents de l&rsquo;association se sont d\u00e9plac\u00e9s pour la circonstance. &nbsp; La soir\u00e9e s&rsquo;est d\u00e9roul\u00e9e en 3 temps : \u00a01 &#8211; Pr\u00e9sentation des bilans moral et financier, projets [&hellip;]<\/p>\n","protected":false},"author":1,"featured_media":0,"comment_status":"open","ping_status":"closed","sticky":false,"template":"","format":"standard","meta":{"footnotes":""},"categories":[9],"tags":[],"_links":{"self":[{"href":"https:\/\/cheminsplestinais.dcea.fr\/index.php?rest_route=\/wp\/v2\/posts\/3979"}],"collection":[{"href":"https:\/\/cheminsplestinais.dcea.fr\/index.php?rest_route=\/wp\/v2\/posts"}],"about":[{"href":"https:\/\/cheminsplestinais.dcea.fr\/index.php?rest_route=\/wp\/v2\/types\/post"}],"author":[{"embeddable":true,"href":"https:\/\/cheminsplestinais.dcea.fr\/index.php?rest_route=\/wp\/v2\/users\/1"}],"replies":[{"embeddable":true,"href":"https:\/\/cheminsplestinais.dcea.fr\/index.php?rest_route=%2Fwp%2Fv2%2Fcomments&post=3979"}],"version-history":[{"count":1,"href":"https:\/\/cheminsplestinais.dcea.fr\/index.php?rest_route=\/wp\/v2\/posts\/3979\/revisions"}],"predecessor-version":[{"id":3980,"href":"https:\/\/cheminsplestinais.dcea.fr\/index.php?rest_route=\/wp\/v2\/posts\/3979\/revisions\/3980"}],"wp:attachment":[{"href":"https:\/\/cheminsplestinais.dcea.fr\/index.php?rest_route=%2Fwp%2Fv2%2Fmedia&parent=3979"}],"wp:term":[{"taxonomy":"category","embeddable":true,"href":"https:\/\/cheminsplestinais.dcea.fr\/index.php?rest_route=%2Fwp%2Fv2%2Fcategories&post=3979"},{"taxonomy":"post_tag","embeddable":true,"href":"https:\/\/cheminsplestinais.dcea.fr\/index.php?rest_route=%2Fwp%2Fv2%2Ftags&post=3979"}],"curies":[{"name":"wp","href":"https:\/\/api.w.org\/{rel}","templated":true}]}}