{"id":3985,"date":"2013-02-14T14:57:13","date_gmt":"2013-02-14T13:57:13","guid":{"rendered":"http:\/\/www.cheminsplestinais.dcea.fr\/?p=3985"},"modified":"2017-06-15T15:04:26","modified_gmt":"2017-06-15T14:04:26","slug":"souvenirs-de-coat-ar-bescond","status":"publish","type":"post","link":"https:\/\/cheminsplestinais.dcea.fr\/?p=3985","title":{"rendered":"Souvenirs de Coat Ar Bescond"},"content":{"rendered":"<p>Un b\u00e9n\u00e9vole de l&rsquo;association qui habite Kerdavid, a demand\u00e9 \u00e0 sa m\u00e8re, \u00e2g\u00e9e de 88 ans, et qui a bien connu ces lieux dans son enfance, de bien vouloir \u00e9voquer ses souvenirs.<\/p>\n<p>Vous les trouverez ci-dessous.<\/p>\n<p>Cela nous changera un peu des traditionnelles rubriques de faucilles et de tron\u00e7onneuses !<\/p>\n<p>&nbsp;<\/p>\n<p>MARIA CROC n\u00e9e CILLARD ( n\u00e9e le 06 juin 1924)<\/p>\n<p><em>\u00ab\u00a0J\u2019ai eu du plaisir \u00e0 me coucher hier soir, et, revoir dans mon enfance, l\u2019histoire de AN ALLET VRARZ (grande all\u00e9e). Elle appartenait \u00e0 la commune de Tr\u00e9mel et Plestin les Gr\u00e8ves, le milieu de l\u2019all\u00e9e, c\u2019est la s\u00e9paration des 2 communes.<\/em><\/p>\n<p><em><img loading=\"lazy\" decoding=\"async\" class=\" DrteTexte\" src=\"http:\/\/img.over-blog.com\/224x300\/3\/88\/85\/99\/Coat-Ar-Bescon\/12-decembre--2-.jpg\" alt=\"12-d\u00e9cembre (2)\" width=\"201\" height=\"270\" \/><\/em><\/p>\n<p>&nbsp;<\/p>\n<p><em>Cependant, les DE ROSMORDUC qui habitaient au manoir<br \/>\nde COAT TROMAC\u2019 H avaient la charge de l\u2019entretenir,<br \/>\nce que faisaient leurs m\u00e9tayers, mes parents.<\/em><\/p>\n<p><em>Mes vaches avaient le droit au broutage uniquement<br \/>\nsur l\u2019autorisation du vieux comte. C\u2019\u00e9tait tr\u00e8s respect\u00e9<br \/>\nde mes parents. Mais nous, enfants CILLARD, d\u00e9sob\u00e9issants,<br \/>\nquand on savait les ch\u00e2telains partis en voyage, nous poussions<br \/>\nnos bonnes vaches afin qu\u2019elles soient plus faciles \u00e0 garder.<\/em><\/p>\n<p><em><br \/>\nL\u00e0, c\u2019\u00e9tait nos parents qui nous punissaient,<br \/>\ncar des touffes d\u2019ail sauvage, nos vaches en raffolaient,<br \/>\net le beurre devenait immangeable\u00a0!!<\/em><\/p>\n<p>&nbsp;<\/p>\n<p><em><img loading=\"lazy\" decoding=\"async\" class=\"GcheTexte alignleft\" src=\"http:\/\/img.over-blog.com\/224x300\/3\/88\/85\/99\/Coat-Ar-Bescon\/13-decembre--2-.jpg\" alt=\"13 d\u00e9cembre (2)\" width=\"224\" height=\"300\" \/>\u00a0 A gauche la petite croix<br \/>\nSte APPOLINE\u00a0: <\/em><\/p>\n<p><em>les vieux\u00a0 sages disaient qu\u2019elle leur donnait une id\u00e9e du\u00a0 lever et du coucher du soleil.<\/em><\/p>\n<p><em>Les DE ROSMORDUC recevaient beaucoup, et se\u00a0 promenaient \u00e0 pied avec leurs invit\u00e9s dans la grande all\u00e9e du bois, aux beaux jours.<\/em><\/p>\n<p><em>Nous entrions dans cette all\u00e9e par la fin des terres\u00a0 de COAT TROMAC\u2019H\u00a0, plus une pointe de prairie se\u00a0 nommant PRAT IZELLAN.<br \/>\nNous laissions une courbe au ruisseau coulant \u00e0<br \/>\nnotre droite et avions un petit chemin \u00e0 gauche dans le bois qui nous emmenait \u00e0 l\u2019ALLEE VRARZ\u00a0:<br \/>\ncet ensemble de terres, prairie et bois s\u2019appelant\u00a0 AR VERN .\u00a0\u00bb<\/em><\/p>\n<p style=\"text-align: right;\"><em>Le 23 octobre 2012<\/em><\/p>\n<p><em>\u00a0<\/em><\/p>\n<p><em>\u00ab\u00a0Heureusement que j\u2019ai de quoi \u00e9crire sur ma grande All\u00e9e\u00a0 et celle-l\u00e0 je l\u2019ai bien en m\u00e9moire\u00a0!!<\/em><\/p>\n<p><em>Le ruisseau franchi, nous arrivions tout de suite dans un champ de LANDROGUEZ couvert de fleurs\u00a0: des marguerites ou des p\u00e2querettes.<br \/>\nLes enfants des \u00e9coles catholiques de TREMEL venaient les cueillir pour fabriquer des couronnes de fleurs, et emplir des corbeilles de p\u00e9tales qu\u2019ils lan\u00e7aient le jeudi de l\u2019Ascension pendant la procession religieuse qui allait jusqu\u2019\u00e0 la croix de KERZENAN .\u00a0\u00bb<\/em><\/p>\n<p style=\"text-align: right;\">\n<em>Le 26 octobre 2012<\/em><\/p>\n","protected":false},"excerpt":{"rendered":"<p>Un b\u00e9n\u00e9vole de l&rsquo;association qui habite Kerdavid, a demand\u00e9 \u00e0 sa m\u00e8re, \u00e2g\u00e9e de 88 ans, et qui a bien connu ces lieux dans son enfance, de bien vouloir \u00e9voquer ses souvenirs. Vous les trouverez ci-dessous. Cela nous changera un peu des traditionnelles rubriques de faucilles et de tron\u00e7onneuses ! &nbsp; MARIA CROC n\u00e9e CILLARD [&hellip;]<\/p>\n","protected":false},"author":1,"featured_media":0,"comment_status":"open","ping_status":"closed","sticky":false,"template":"","format":"standard","meta":{"footnotes":""},"categories":[1],"tags":[],"_links":{"self":[{"href":"https:\/\/cheminsplestinais.dcea.fr\/index.php?rest_route=\/wp\/v2\/posts\/3985"}],"collection":[{"href":"https:\/\/cheminsplestinais.dcea.fr\/index.php?rest_route=\/wp\/v2\/posts"}],"about":[{"href":"https:\/\/cheminsplestinais.dcea.fr\/index.php?rest_route=\/wp\/v2\/types\/post"}],"author":[{"embeddable":true,"href":"https:\/\/cheminsplestinais.dcea.fr\/index.php?rest_route=\/wp\/v2\/users\/1"}],"replies":[{"embeddable":true,"href":"https:\/\/cheminsplestinais.dcea.fr\/index.php?rest_route=%2Fwp%2Fv2%2Fcomments&post=3985"}],"version-history":[{"count":1,"href":"https:\/\/cheminsplestinais.dcea.fr\/index.php?rest_route=\/wp\/v2\/posts\/3985\/revisions"}],"predecessor-version":[{"id":3986,"href":"https:\/\/cheminsplestinais.dcea.fr\/index.php?rest_route=\/wp\/v2\/posts\/3985\/revisions\/3986"}],"wp:attachment":[{"href":"https:\/\/cheminsplestinais.dcea.fr\/index.php?rest_route=%2Fwp%2Fv2%2Fmedia&parent=3985"}],"wp:term":[{"taxonomy":"category","embeddable":true,"href":"https:\/\/cheminsplestinais.dcea.fr\/index.php?rest_route=%2Fwp%2Fv2%2Fcategories&post=3985"},{"taxonomy":"post_tag","embeddable":true,"href":"https:\/\/cheminsplestinais.dcea.fr\/index.php?rest_route=%2Fwp%2Fv2%2Ftags&post=3985"}],"curies":[{"name":"wp","href":"https:\/\/api.w.org\/{rel}","templated":true}]}}