{"id":3987,"date":"2012-12-16T15:04:57","date_gmt":"2012-12-16T14:04:57","guid":{"rendered":"http:\/\/www.cheminsplestinais.dcea.fr\/?p=3987"},"modified":"2017-06-15T15:39:38","modified_gmt":"2017-06-15T14:39:38","slug":"coat-ar-bescond","status":"publish","type":"post","link":"https:\/\/cheminsplestinais.dcea.fr\/?p=3987","title":{"rendered":"Coat Ar Bescond"},"content":{"rendered":"<p>&nbsp;<\/p>\n<p><img loading=\"lazy\" decoding=\"async\" class=\"DrteTexte alignright\" src=\"http:\/\/img.over-blog.com\/149x200\/3\/88\/85\/99\/Coat-Ar-Bescon\/14-decembre--4b-.jpg\" alt=\"14 d\u00e9cembre (4b)\" width=\"235\" height=\"312\" \/><\/p>\n<p>Tous les Plestinais (et \u00e0 plus forte raison les non-Plestinais) ne connaissent peut-\u00eatre pas le nom de ce joli bois situ\u00e9 au sud de la commune.<\/p>\n<p>&nbsp;<\/p>\n<p>Et pour cause ! Aucun chemin forestier praticable ne le traversait plus depuis bien longtemps.<\/p>\n<p>&nbsp;<\/p>\n<p><strong>C&rsquo;est donc un nouveau (et important) chantier auquel notre association s&rsquo;est attaqu\u00e9 : 1,3 km de nouveau sentier par endroit tr\u00e8s obstru\u00e9.<\/strong><\/p>\n<p><a href=\"http:\/\/www.ouest-france.fr\/actu\/actuLocale_-Le-chemin-de-Coat-ar-Bescond-est-ouvert-aux-promeneurs-_22194-avd-20130207-64529668_actuLocale.Htm\">Voir l&rsquo;article de Ouest-France du 7 f\u00e9vrier 2013<\/a> <em><br \/>\n<\/em><\/p>\n<p>&nbsp;<\/p>\n<p><em>Le trac\u00e9 figure en bleu sur la carte ci-dessous.<\/em><\/p>\n<p><em>(En jaune, un sentier ouvert pr\u00e9c\u00e9demment par l&rsquo;association).<\/em><\/p>\n<p><img loading=\"lazy\" decoding=\"async\" class=\"CtreTexte aligncenter\" src=\"http:\/\/img.over-blog.com\/500x262\/3\/88\/85\/99\/Coat-Ar-Bescon\/coat-arbescon.jpg\" alt=\"coat arbescon\" width=\"501\" height=\"263\" \/><\/p>\n<p><em>vers Tremel \u00a0\u00a0\u00a0\u00a0\u00a0<\/em><\/p>\n<p><img loading=\"lazy\" decoding=\"async\" class=\"GcheTexte alignleft\" src=\"http:\/\/img.over-blog.com\/200x150\/3\/88\/85\/99\/Coat-Ar-Bescon\/Marcel--7-.JPG\" alt=\"Marcel (7)\" width=\"250\" height=\"187\" \/><\/p>\n<p>En dehors de son int\u00e9r\u00eat esth\u00e9tique, ce sentier\u00a0\u00a0\u00a0 permettra d&rsquo;apporter une variante au circuit de\u00a0\u00a0\u00a0\u00a0 Saint-Jagut et \u00e0 celui de Sainte-Anne,<\/p>\n<p>mais \u00e9galement \u00e0 terme de \u00ab\u00a0boucler\u00a0\u00bb un \u00ab\u00a0Tro Plistin\u00a0\u00bb.<\/p>\n<p>Commenc\u00e9 mi-octobre, le sentier n&rsquo;est \u00ab\u00a0ouvert\u00a0\u00bb\u00a0 que depuis mi-d\u00e9cembre,\u00a0 malgr\u00e9 la pr\u00e9sence chaque lundi d&rsquo;une vingtaine de b\u00e9n\u00e9voles, quelles que soient les conditions climatiques.<\/p>\n<p><strong>Attention !<\/strong> \u00a0 \u00a0 \u00a0 <em>\u00ab\u00a0Ouvert\u00a0\u00bb ne signifie malheureusement pas praticable\u00a0 par les promeneurs : plusieurs passages n\u00e9cessitent imp\u00e9rativement les bottes : eau, boue.<\/em><\/p>\n<p><em>Les engins municipaux devront \u00e9galement passer pour d\u00e9blayer \u00a0 \u00a0 \u00a0 \u00a0 \u00a0 \u00a0 \u00a0 \u00a0 \u00a0 \u00a0 ce que nous n&rsquo;avons pas pu faire manuellement.<\/em><\/p>\n<p>&nbsp;<\/p>\n<p><em><img loading=\"lazy\" decoding=\"async\" class=\"CtreTexte\" src=\"http:\/\/img.over-blog.com\/500x281\/3\/88\/85\/99\/Coat-Ar-Bescon\/10-decembre-018.jpg\" alt=\"10 d\u00e9cembre 018\" width=\"500\" height=\"281\" \/><\/em><\/p>\n<p><em>Les b\u00e9n\u00e9voles ont pris la pose pour la photo, mais ils sont pr\u00eats \u00e0 reprendre le travail !<br \/>\n<\/em><\/p>\n<p><img loading=\"lazy\" decoding=\"async\" class=\"DrteTexte alignleft\" src=\"http:\/\/img.over-blog.com\/179x240\/3\/88\/85\/99\/Coat-Ar-Bescon\/12-decembre.jpg\" alt=\"12-d\u00e9cembre\" width=\"179\" height=\"240\" \/><\/p>\n<p>Du c\u00f4t\u00e9 St-Jagut &#8211; Kerdavid, on commence\u00a0 par un beau chemin,<br \/>\nassez \u00e9troit.<\/p>\n<p>Pour l&rsquo;instant \u00ab\u00a0au milieu coule<br \/>\nune rivi\u00e8re\u00a0\u00bb.<\/p>\n<p>&nbsp;<\/p>\n<p>Il faudra trouver une solution pour faciliter le cheminement.<\/p>\n<p><img loading=\"lazy\" decoding=\"async\" class=\"GcheTexte alignright\" src=\"http:\/\/img.over-blog.com\/210x157\/3\/88\/85\/99\/Coat-Ar-Bescon\/Marcel--3-.JPG\" alt=\"Marcel (3)\" width=\"300\" height=\"226\" \/><\/p>\n<p>&nbsp;<\/p>\n<p>&nbsp;<\/p>\n<p>Dans notre progression,<br \/>\nle passage est souvent obstru\u00e9 !<\/p>\n<p>&nbsp;<\/p>\n<p>Nous arrivons ensuite dans une grande all\u00e9e, large de 12 m\u00e8tres.<\/p>\n<p><img loading=\"lazy\" decoding=\"async\" class=\" CtreTexte\" src=\"http:\/\/img.over-blog.com\/600x459\/3\/88\/85\/99\/Coat-Ar-Bescon\/Marcel--10-.jpg\" alt=\"Marcel (10)\" width=\"500\" height=\"382\" \/><\/p>\n<p style=\"text-align: center;\">\u00a0Elle n&rsquo;\u00e9tait pas dans cet \u00e9tat quand nous l&rsquo;avons d\u00e9couverte !<\/p>\n<p><img loading=\"lazy\" decoding=\"async\" class=\"noAlign alignright\" src=\"http:\/\/img.over-blog.com\/300x224\/3\/88\/85\/99\/Coat-Ar-Bescon\/12-decembre--4-.jpg\" alt=\"12-d\u00e9cembre (4)\" width=\"275\" height=\"204\" \/><\/p>\n<p>&nbsp;<\/p>\n<p>&nbsp;<\/p>\n<p>Il faut souvent patauger dans la boue<\/p>\n<p>&nbsp;<\/p>\n<p>&nbsp;<\/p>\n<p><img loading=\"lazy\" decoding=\"async\" class=\"noAlign alignleft\" src=\"http:\/\/img.over-blog.com\/200x150\/3\/88\/85\/99\/Coat-Ar-Bescon\/yves--1-.jpg\" alt=\"yves (1)\" width=\"225\" height=\"168\" \/><\/p>\n<p>&nbsp;<\/p>\n<p>Et parfois, une jolie surprise :<br \/>\nun petit mulot au milieu des feuilles mortes.<\/p>\n<p>&nbsp;<\/p>\n<p>&nbsp;<\/p>\n<p>Il ne suffit pas de couper arbres et branchages : il faut les br\u00fbler au fur et \u00e0 mesure.<\/p>\n<p><img loading=\"lazy\" decoding=\"async\" class=\"noAlign aligncenter\" src=\"http:\/\/img.over-blog.com\/300x168\/3\/88\/85\/99\/Coat-Ar-Bescon\/11-19--2-.jpg\" alt=\"11-19 (2)\" width=\"330\" height=\"184\" \/>\u00a0 <img loading=\"lazy\" decoding=\"async\" class=\"DrteTexte alignleft\" src=\"http:\/\/img.over-blog.com\/168x300\/3\/88\/85\/99\/Coat-Ar-Bescon\/11-26--2-.jpg\" alt=\"11-26 (2)\" width=\"184\" height=\"330\" \/><\/p>\n<p>Jusqu&rsquo;\u00e0 3 ou 4 feux peuvent \u00eatre allum\u00e9s simultan\u00e9ment.<\/p>\n<p>&nbsp;<\/p>\n<p>Et quand le temps est humide, il faut parfois grimper sur le feu pour le tasser afin qu&rsquo;il s&#8217;embrase mieux !<\/p>\n<p>&nbsp;<\/p>\n<p>&nbsp;<\/p>\n<p>Et aussi se \u00ab\u00a0donner la main\u00a0\u00bb pour balancer un rondin un peu lourd sur le haut du brasier.<\/p>\n<p><img loading=\"lazy\" decoding=\"async\" class=\"noAlign\" src=\"http:\/\/img.over-blog.com\/250x140\/3\/88\/85\/99\/Coat-Ar-Bescon\/11-26--3-.jpg\" alt=\"11-26 (3)\" width=\"298\" height=\"168\" \/><\/p>\n<p>&nbsp;<\/p>\n<p><img loading=\"lazy\" decoding=\"async\" class=\"noAlign alignright\" src=\"http:\/\/img.over-blog.com\/224x300\/3\/88\/85\/99\/Coat-Ar-Bescon\/13-decembre--2-.jpg\" alt=\"13 d\u00e9cembre (2)\" width=\"209\" height=\"280\" \/><\/p>\n<p>&nbsp;<\/p>\n<p>Un peu plus loin, nous avons retrouv\u00e9 (avec difficult\u00e9)<br \/>\nune croix ancienne enfouie<br \/>\ndans la v\u00e9g\u00e9<span class=\"skimlinks-unlinked\">tation.<\/p>\n<p>Nous<\/span> avons essay\u00e9 de la mettre en valeur.<\/p>\n<p>&nbsp;<\/p>\n<p><a href=\"https:\/\/cheminsplestinais.dcea.fr\/?p=3985\"><em>Lire \u00ab\u00a0Souvenirs de Coat ar Bescond\u00a0\u00bb<\/em><\/a><\/p>\n<p>&nbsp;<\/p>\n<p><img loading=\"lazy\" decoding=\"async\" class=\"DrteTexte\" src=\"http:\/\/img.over-blog.com\/310x232\/3\/88\/85\/99\/Coat-Ar-Bescon\/Marcel--23-.JPG\" alt=\"Marcel (23)\" width=\"310\" height=\"232\" \/><\/p>\n<p>Puis on longe\u00a0 une belle p\u00e2ture &#8230;<\/p>\n<p>&nbsp;<\/p>\n<p><img loading=\"lazy\" decoding=\"async\" class=\"DrteTexte alignright\" src=\"http:\/\/img.over-blog.com\/350x262\/3\/88\/85\/99\/Coat-Ar-Bescon\/13-decembre--3-.jpg\" alt=\"13 d\u00e9cembre (3)\" width=\"350\" height=\"262\" \/><\/p>\n<p>&#8230; avant d&rsquo;atteindre le \u00ab\u00a0Dour Meur\u00a0\u00bb<br \/>\nque l&rsquo;on traverse<\/p>\n<p>(nous nous rapprochons<br \/>\nde sa source).<\/p>\n<p>&nbsp;<\/p>\n<p>&nbsp;<\/p>\n<p>Il faudra pr\u00e9voir un am\u00e9nagement\u00a0 pour faciliter la travers\u00e9e<br \/>\ndes moins sportifs !<\/p>\n<p>&nbsp;<\/p>\n<p>De l&rsquo;autre c\u00f4t\u00e9, changement de paysage :<br \/>\nnous trouvons un beau chemin tr\u00e8s creux\u00a0 au fond duquel coule un ruisseau &#8230;<\/p>\n<p>mais totalement obstru\u00e9 par des gros arbres tomb\u00e9s depuis de nombreuses ann\u00e9es.<\/p>\n<p><img loading=\"lazy\" decoding=\"async\" class=\"GcheTexte aligncenter\" src=\"http:\/\/img.over-blog.com\/350x196\/3\/88\/85\/99\/Coat-Ar-Bescon\/11-12-003.jpg\" alt=\"11-12 003\" width=\"412\" height=\"232\" \/><\/p>\n<p style=\"text-align: center;\">\u00a0\u00a0\u00a0 Il va falloir prendre le probl\u00e8me \u00e0 bras le corps !<\/p>\n<p>\u00a0\u00a0\u00a0 Apr\u00e8s les \u00ab\u00a0petites mains\u00a0\u00bb qui d\u00e9blaient les branchages<br \/>\net les ronces,<\/p>\n<p>les tron\u00e7onneuses vont pouvoir\u00a0 entrer en action !<\/p>\n<p><img loading=\"lazy\" decoding=\"async\" class=\"noAlign aligncenter\" src=\"http:\/\/img.over-blog.com\/350x196\/3\/88\/85\/99\/Coat-Ar-Bescon\/10-decembre-020.jpg\" alt=\"10 d\u00e9cembre 020\" width=\"440\" height=\"248\" \/>\u00a0\u00a0<img loading=\"lazy\" decoding=\"async\" class=\"DrteTexte alignleft\" src=\"http:\/\/img.over-blog.com\/200x355\/3\/88\/85\/99\/Coat-Ar-Bescon\/10-decembre-022.jpg\" alt=\"10 d\u00e9cembre 022\" width=\"200\" height=\"355\" \/><\/p>\n<p>&nbsp;<\/p>\n<p>&nbsp;<\/p>\n<p><img loading=\"lazy\" decoding=\"async\" class=\"noAlign alignright\" src=\"http:\/\/img.over-blog.com\/250x140\/3\/88\/85\/99\/Coat-Ar-Bescon\/10-decembre-026.jpg\" alt=\"10 d\u00e9cembre 026\" width=\"280\" height=\"156\" \/><\/p>\n<p>&nbsp;<\/p>\n<p>&nbsp;<\/p>\n<p>&nbsp;<\/p>\n<p><img loading=\"lazy\" decoding=\"async\" class=\" GcheTexte\" src=\"http:\/\/img.over-blog.com\/300x168\/3\/88\/85\/99\/Coat-Ar-Bescon\/10-decembre-021.jpg\" alt=\"10 d\u00e9cembre 021\" width=\"300\" height=\"168\" \/><\/p>\n<p><img loading=\"lazy\" decoding=\"async\" class=\"DrteTexte alignright\" src=\"http:\/\/img.over-blog.com\/300x168\/3\/88\/85\/99\/Coat-Ar-Bescon\/11-12-001.jpg\" alt=\"11-12 001\" width=\"280\" height=\"156\" \/> Il faut encore utiliser la barre \u00e0 mine<\/p>\n<p>et d\u00e9placer les morceaux tron\u00e7onn\u00e9s.<\/p>\n<p>&nbsp;<\/p>\n<p><img loading=\"lazy\" decoding=\"async\" class=\"DrteTexte aligncenter\" src=\"http:\/\/img.over-blog.com\/300x203\/3\/88\/85\/99\/Coat-Ar-Bescon\/11-12-013.jpg\" alt=\"11-12 013\" width=\"333\" height=\"226\" \/><\/p>\n<p style=\"text-align: center;\">Sous le regard \u00e0 la fois admiratif et inquiet de quelques uns.<\/p>\n<p style=\"text-align: center;\">Et voil\u00e0 le passage ouvert. <img loading=\"lazy\" decoding=\"async\" class=\"noAlign aligncenter\" src=\"http:\/\/img.over-blog.com\/280x210\/3\/88\/85\/99\/Coat-Ar-Bescon\/10-decembre-028.jpg\" alt=\"10 d\u00e9cembre 028\" width=\"301\" height=\"226\" \/><\/p>\n<p>&nbsp;<\/p>\n<p>Apr\u00e8s cela, la pause-caf\u00e9 est bien m\u00e9rit\u00e9e.<\/p>\n<p><img loading=\"lazy\" decoding=\"async\" class=\" GcheTexte\" src=\"http:\/\/img.over-blog.com\/300x168\/3\/88\/85\/99\/Coat-Ar-Bescon\/10-decembre-015.jpg\" alt=\"10 d\u00e9cembre 015\" width=\"330\" height=\"184\" \/><\/p>\n<p>&nbsp;<\/p>\n<p><img loading=\"lazy\" decoding=\"async\" class=\"DrteTexte\" src=\"http:\/\/img.over-blog.com\/250x187\/3\/88\/85\/99\/Coat-Ar-Bescon\/Marcel--13-.JPG\" alt=\"Marcel (13)\" width=\"250\" height=\"187\" \/><\/p>\n<p><img loading=\"lazy\" decoding=\"async\" class=\"GcheTexte alignright\" src=\"http:\/\/img.over-blog.com\/168x300\/3\/88\/85\/99\/Coat-Ar-Bescon\/10-decembre-007.jpg\" alt=\"10 d\u00e9cembre 007\" width=\"168\" height=\"300\" \/><\/p>\n<p>&nbsp;<\/p>\n<p>&nbsp;<\/p>\n<p>La fin du chemin, qui rejoint une ancienne ferme \u00ab\u00a0Landroguez \u00ab\u00a0,<br \/>\noffre une jolie perspective.<\/p>\n<p>&nbsp;<\/p>\n<p>Et longe une belle prairie avec un b\u00e2timent abandonn\u00e9.<\/p>\n<p><img loading=\"lazy\" decoding=\"async\" class=\" DrteTexte\" src=\"http:\/\/img.over-blog.com\/270x151\/3\/88\/85\/99\/Coat-Ar-Bescon\/10-decembre-010.jpg\" alt=\"10 d\u00e9cembre 010\" width=\"368\" height=\"207\" \/><\/p>\n<p>&nbsp;<\/p>\n<p>Beaucoup de travail d&rsquo;am\u00e9nagement nous attend encore apr\u00e8s la \u00ab\u00a0tr\u00eave des confiseurs\u00a0\u00bb,<\/p>\n<p>en particulier \u00e0 l&rsquo;arriv\u00e9e bien \u00ab\u00a0grasse\u00a0\u00bb \u00e0 Landroguez.<\/p>\n<p><img loading=\"lazy\" decoding=\"async\" class=\"CtreTexte\" src=\"http:\/\/img.over-blog.com\/300x192\/3\/88\/85\/99\/Coat-Ar-Bescon\/10-decembre-001.jpg\" alt=\"10 d\u00e9cembre 001\" width=\"387\" height=\"249\" \/><\/p>\n<p>Nous ne manquons ni d&rsquo;id\u00e9es ni d&rsquo;ardeur pour nous y atteler.<\/p>\n<p>&nbsp;<\/p>\n<p>En esp\u00e9rant pouvoir vous offrir au printemps un nouveau parcours plein d&rsquo;agr\u00e9ment.<\/p>\n<p>&nbsp;<\/p>\n<p><a href=\"http:\/\/www.ouest-france.fr\/actu\/actuLocale_-Le-chemin-de-Coat-ar-Bescond-est-ouvert-aux-promeneurs-_22194-avd-20130207-64529668_actuLocale.Htm\">Voir l&rsquo;article de Ouest-France du 7 f\u00e9vrier 2013<em>\u00a0<\/em><\/a><em><br \/>\n<\/em><\/p>\n","protected":false},"excerpt":{"rendered":"<p>&nbsp; Tous les Plestinais (et \u00e0 plus forte raison les non-Plestinais) ne connaissent peut-\u00eatre pas le nom de ce joli bois situ\u00e9 au sud de la commune. &nbsp; Et pour cause ! Aucun chemin forestier praticable ne le traversait plus depuis bien longtemps. &nbsp; C&rsquo;est donc un nouveau (et important) chantier auquel notre association s&rsquo;est [&hellip;]<\/p>\n","protected":false},"author":1,"featured_media":0,"comment_status":"open","ping_status":"closed","sticky":false,"template":"","format":"standard","meta":{"footnotes":""},"categories":[2],"tags":[],"_links":{"self":[{"href":"https:\/\/cheminsplestinais.dcea.fr\/index.php?rest_route=\/wp\/v2\/posts\/3987"}],"collection":[{"href":"https:\/\/cheminsplestinais.dcea.fr\/index.php?rest_route=\/wp\/v2\/posts"}],"about":[{"href":"https:\/\/cheminsplestinais.dcea.fr\/index.php?rest_route=\/wp\/v2\/types\/post"}],"author":[{"embeddable":true,"href":"https:\/\/cheminsplestinais.dcea.fr\/index.php?rest_route=\/wp\/v2\/users\/1"}],"replies":[{"embeddable":true,"href":"https:\/\/cheminsplestinais.dcea.fr\/index.php?rest_route=%2Fwp%2Fv2%2Fcomments&post=3987"}],"version-history":[{"count":6,"href":"https:\/\/cheminsplestinais.dcea.fr\/index.php?rest_route=\/wp\/v2\/posts\/3987\/revisions"}],"predecessor-version":[{"id":3993,"href":"https:\/\/cheminsplestinais.dcea.fr\/index.php?rest_route=\/wp\/v2\/posts\/3987\/revisions\/3993"}],"wp:attachment":[{"href":"https:\/\/cheminsplestinais.dcea.fr\/index.php?rest_route=%2Fwp%2Fv2%2Fmedia&parent=3987"}],"wp:term":[{"taxonomy":"category","embeddable":true,"href":"https:\/\/cheminsplestinais.dcea.fr\/index.php?rest_route=%2Fwp%2Fv2%2Fcategories&post=3987"},{"taxonomy":"post_tag","embeddable":true,"href":"https:\/\/cheminsplestinais.dcea.fr\/index.php?rest_route=%2Fwp%2Fv2%2Ftags&post=3987"}],"curies":[{"name":"wp","href":"https:\/\/api.w.org\/{rel}","templated":true}]}}