{"id":3994,"date":"2012-09-25T15:39:53","date_gmt":"2012-09-25T14:39:53","guid":{"rendered":"http:\/\/www.cheminsplestinais.dcea.fr\/?p=3994"},"modified":"2017-06-15T15:50:35","modified_gmt":"2017-06-15T14:50:35","slug":"inauguration-du-sentier-de-saint-haran","status":"publish","type":"post","link":"https:\/\/cheminsplestinais.dcea.fr\/?p=3994","title":{"rendered":"Inauguration du sentier de Saint-Haran"},"content":{"rendered":"<p>Mieux vaut tard que jamais !<\/p>\n<p>Cela fait d\u00e9j\u00e0 plusieurs mois que les b\u00e9n\u00e9voles de l&rsquo;association ont termin\u00e9 le nouveau sentier de St-Haran et de tr\u00e8s nombreux promeneurs ont eu l&rsquo;occasion de l&#8217;emprunter et de l&rsquo;appr\u00e9cier.<img loading=\"lazy\" decoding=\"async\" class=\"noAlign alignright\" src=\"http:\/\/img.over-blog.com\/200x266\/3\/88\/85\/99\/St-Haran-23-09-2012\/2012-09-23--0-.JPG\" alt=\"2012-09-23 (0)\" width=\"200\" height=\"266\" \/><\/p>\n<p>&nbsp;<\/p>\n<p>Mais nous n&rsquo;avions pas\u00a0 encore pris le temps de nous retrouver ensemble pour f\u00eater cette r\u00e9alisation.<\/p>\n<p>&nbsp;<\/p>\n<p><img loading=\"lazy\" decoding=\"async\" class=\"noAlign\" src=\"http:\/\/img.over-blog.com\/300x225\/3\/88\/85\/99\/St-Haran-23-09-2012\/2012-09-23--3-.jpg\" alt=\"2012-09-23 (3)\" width=\"300\" height=\"225\" \/><\/p>\n<p>Le dimanche 23 septembre, nous avons donc profit\u00e9 d&rsquo;une belle journ\u00e9e ensoleill\u00e9e (!) pour nous rassembler au tour de la chapelle Saint-Haran pour une promenade inaugurative sur le sentier, suivie d&rsquo;un pique-nique.<\/p>\n<p>Les plus motiv\u00e9s sont arriv\u00e9s d\u00e8s 10 h pour la balade (ils n&rsquo;avaient pas oubli\u00e9 de rev\u00eatir leur panoplie de randonneurs bretons).<\/p>\n<p style=\"text-align: center;\">\u00a0Et c&rsquo;est parti !<\/p>\n<div class=\"teads-inread sm-screen\"><\/div>\n<p><img loading=\"lazy\" decoding=\"async\" class=\"noAlign aligncenter\" src=\"http:\/\/img.over-blog.com\/420x315\/3\/88\/85\/99\/St-Haran-23-09-2012\/2012-09-23--8-.JPG\" alt=\"2012-09-23 (8)\" width=\"350\" height=\"262\" \/><\/p>\n<p><img loading=\"lazy\" decoding=\"async\" class=\"noAlign\" src=\"http:\/\/img.over-blog.com\/200x266\/3\/88\/85\/99\/St-Haran-23-09-2012\/2012-09-25--3-.jpg\" alt=\"2012-09-25 (3)\" width=\"200\" height=\"266\" \/><\/p>\n<p><img loading=\"lazy\" decoding=\"async\" class=\"noAlign alignright\" src=\"http:\/\/img.over-blog.com\/300x225\/3\/88\/85\/99\/St-Haran-23-09-2012\/2012-09-24--6-.JPG\" alt=\"2012-09-24 (6)\" width=\"300\" height=\"225\" \/><\/p>\n<p>Chemin faisant,<br \/>\non appr\u00e9cie les panneaux de direction.<\/p>\n<p>&nbsp;<\/p>\n<p>&nbsp;<\/p>\n<p>Certains passages sont un peu difficiles<\/p>\n<p><img loading=\"lazy\" decoding=\"async\" class=\" noAlign\" src=\"http:\/\/img.over-blog.com\/220x165\/3\/88\/85\/99\/St-Haran-23-09-2012\/2012-09-24--5-.JPG\" alt=\"2012-09-24 (5)\" width=\"336\" height=\"252\" \/><\/p>\n<p>Mais la pluie se calme, et nous pouvons profiter<br \/>\nune fois de plus de ce beau circuit.<\/p>\n<p><img loading=\"lazy\" decoding=\"async\" class=\"noAlign aligncenter\" src=\"http:\/\/img.over-blog.com\/220x165\/3\/88\/85\/99\/St-Haran-23-09-2012\/2012-09-25--8-.JPG\" alt=\"2012-09-25 (8)\" width=\"297\" height=\"223\" \/> \u00a0<img loading=\"lazy\" decoding=\"async\" class=\"DrteTexte alignright\" src=\"http:\/\/img.over-blog.com\/300x225\/3\/88\/85\/99\/St-Haran-23-09-2012\/2012-09-25--7-.jpg\" alt=\"2012-09-25 (7)\" width=\"300\" height=\"225\" \/><\/p>\n<p>&nbsp;<\/p>\n<p>&nbsp;<\/p>\n<p>&nbsp;<\/p>\n<p>&nbsp;<\/p>\n<p>&nbsp;<\/p>\n<p>Apr\u00e8s 1h30 de marche, l&rsquo;ap\u00e9ritif est le bienvenu.<\/p>\n<p><img loading=\"lazy\" decoding=\"async\" class=\"noAlign alignleft\" src=\"http:\/\/img.over-blog.com\/300x225\/3\/88\/85\/99\/St-Haran-23-09-2012\/2012-09-26--4-.JPG\" alt=\"2012-09-26 (4)\" width=\"266\" height=\"200\" \/><\/p>\n<p>&nbsp;<\/p>\n<p>Plusieurs adh\u00e9rents ont rejoint le groupe.<\/p>\n<p><img loading=\"lazy\" decoding=\"async\" class=\"noAlign alignright\" src=\"http:\/\/img.over-blog.com\/230x172\/3\/88\/85\/99\/St-Haran-23-09-2012\/2012-09-26--2-.JPG\" alt=\"2012-09-26 (2)\" width=\"305\" height=\"229\" \/><\/p>\n<p>&nbsp;<\/p>\n<p>&nbsp;<\/p>\n<p>&nbsp;<\/p>\n<p>&nbsp;<\/p>\n<p>&nbsp;<\/p>\n<p>&nbsp;<\/p>\n<p>&nbsp;<\/p>\n<p>Eric et Marcel pr\u00e9parent le barbecue.<\/p>\n<p><img loading=\"lazy\" decoding=\"async\" class=\"noAlign\" src=\"http:\/\/img.over-blog.com\/300x225\/3\/88\/85\/99\/St-Haran-23-09-2012\/2012-09-26--1-.jpg\" alt=\"2012-09-26 (1)\" width=\"300\" height=\"225\" \/><\/p>\n<p>Il ne reste plus qu&rsquo;\u00e0 passer \u00e0 table &#8230;<\/p>\n<p><img loading=\"lazy\" decoding=\"async\" class=\"noAlign aligncenter\" src=\"http:\/\/img.over-blog.com\/250x187\/3\/88\/85\/99\/St-Haran-23-09-2012\/2012-09-27--2-.jpg\" alt=\"2012-09-27 (2)\" width=\"275\" height=\"205\" \/>\u00a0\u00a0 <img loading=\"lazy\" decoding=\"async\" class=\"DrteTexte alignright\" src=\"http:\/\/img.over-blog.com\/300x225\/3\/88\/85\/99\/St-Haran-23-09-2012\/2012-09-27--3-.jpg\" alt=\"2012-09-27 (3)\" width=\"300\" height=\"225\" \/><\/p>\n<p>&nbsp;<\/p>\n<p>&nbsp;<\/p>\n<p>&#8230; bien \u00e0 l&rsquo;abri sous<br \/>\nle barnum, qui s&rsquo;est r\u00e9v\u00e9l\u00e9 indispensable.<\/p>\n<p>&nbsp;<\/p>\n<p>Merci au passage \u00e0 tous ceux qui ont contribu\u00e9 \u00e0 la r\u00e9ussite de ce rendez-vous : pr\u00e9paration du repas et des installations.<\/p>\n<p>Et encore merci \u00e0 tous ceux qui ont particip\u00e9 de pr\u00e8s ou de loin \u00e0 la r\u00e9alisation de ce sentier.<\/p>\n<p>&nbsp;<\/p>\n<p>Bienvenue aux nouveaux arrivants \u00e0 l&rsquo;association \u00ab\u00a0Chemins Plestinais et Patrimoine\u00a0\u00bb.<\/p>\n<p>&nbsp;<\/p>\n<p>Il ne reste plus qu&rsquo;\u00e0 d\u00e9buter une nouvelle ann\u00e9e d&rsquo;activit\u00e9s sur le terrain, ce qui sera fait d\u00e8s le lundi 1er octobre.<\/p>\n<p>&nbsp;<\/p>\n","protected":false},"excerpt":{"rendered":"<p>Mieux vaut tard que jamais ! Cela fait d\u00e9j\u00e0 plusieurs mois que les b\u00e9n\u00e9voles de l&rsquo;association ont termin\u00e9 le nouveau sentier de St-Haran et de tr\u00e8s nombreux promeneurs ont eu l&rsquo;occasion de l&#8217;emprunter et de l&rsquo;appr\u00e9cier. &nbsp; Mais nous n&rsquo;avions pas\u00a0 encore pris le temps de nous retrouver ensemble pour f\u00eater cette r\u00e9alisation. &nbsp; Le [&hellip;]<\/p>\n","protected":false},"author":1,"featured_media":0,"comment_status":"open","ping_status":"closed","sticky":false,"template":"","format":"standard","meta":{"footnotes":""},"categories":[3],"tags":[],"_links":{"self":[{"href":"https:\/\/cheminsplestinais.dcea.fr\/index.php?rest_route=\/wp\/v2\/posts\/3994"}],"collection":[{"href":"https:\/\/cheminsplestinais.dcea.fr\/index.php?rest_route=\/wp\/v2\/posts"}],"about":[{"href":"https:\/\/cheminsplestinais.dcea.fr\/index.php?rest_route=\/wp\/v2\/types\/post"}],"author":[{"embeddable":true,"href":"https:\/\/cheminsplestinais.dcea.fr\/index.php?rest_route=\/wp\/v2\/users\/1"}],"replies":[{"embeddable":true,"href":"https:\/\/cheminsplestinais.dcea.fr\/index.php?rest_route=%2Fwp%2Fv2%2Fcomments&post=3994"}],"version-history":[{"count":2,"href":"https:\/\/cheminsplestinais.dcea.fr\/index.php?rest_route=\/wp\/v2\/posts\/3994\/revisions"}],"predecessor-version":[{"id":3996,"href":"https:\/\/cheminsplestinais.dcea.fr\/index.php?rest_route=\/wp\/v2\/posts\/3994\/revisions\/3996"}],"wp:attachment":[{"href":"https:\/\/cheminsplestinais.dcea.fr\/index.php?rest_route=%2Fwp%2Fv2%2Fmedia&parent=3994"}],"wp:term":[{"taxonomy":"category","embeddable":true,"href":"https:\/\/cheminsplestinais.dcea.fr\/index.php?rest_route=%2Fwp%2Fv2%2Fcategories&post=3994"},{"taxonomy":"post_tag","embeddable":true,"href":"https:\/\/cheminsplestinais.dcea.fr\/index.php?rest_route=%2Fwp%2Fv2%2Ftags&post=3994"}],"curies":[{"name":"wp","href":"https:\/\/api.w.org\/{rel}","templated":true}]}}