{"id":3998,"date":"2012-05-15T16:01:01","date_gmt":"2012-05-15T15:01:01","guid":{"rendered":"http:\/\/www.cheminsplestinais.dcea.fr\/?p=3998"},"modified":"2017-06-15T16:10:06","modified_gmt":"2017-06-15T15:10:06","slug":"jonction-circuits-saint-jagut-sainte-anne","status":"publish","type":"post","link":"https:\/\/cheminsplestinais.dcea.fr\/?p=3998","title":{"rendered":"Jonction circuits Saint Jagut &#8211; Sainte Anne"},"content":{"rendered":"<p>&nbsp;<\/p>\n<p>Le lundi 14 mai, ouverture d&rsquo;un nouveau chantier.<br \/>\nIl s&rsquo;agit de relier 2 circuits, au niveau de la chapelle Sainte-Anne.<\/p>\n<p>&nbsp;<\/p>\n<p><img loading=\"lazy\" decoding=\"async\" class=\"CtreTexte\" src=\"http:\/\/idata.over-blog.com\/3\/88\/85\/99\/Sainte-Anne\/plan.jpg\" alt=\"plan\" width=\"574\" height=\"455\" \/><\/p>\n<p>&nbsp;<\/p>\n<p><strong>Remarque<\/strong> : <em>ces 2 circuits \u00e9taient d\u00e9j\u00e0 reli\u00e9s ensemble, un peu plus au nord, par le chemin de Porjou.<\/em><\/p>\n<p>&nbsp;<\/p>\n<p>Le nouveau sentier commencera par longer un champ\u00a0 qui domine un ruisseau, avant de l&#8217;emprunter pour rejoindre au fond de la vall\u00e9e le cours du Dour Meur et de remonter en face pour rejoindre Kerguiniou.<\/p>\n<p>&nbsp;<\/p>\n<p><img loading=\"lazy\" decoding=\"async\" class=\"noAlign alignleft\" src=\"http:\/\/img.over-blog.com\/224x300\/3\/88\/85\/99\/Sainte-Anne\/Ste-Anne-Mai-2012-006.jpg\" alt=\"Ste-Anne-Mai-2012 006\" width=\"224\" height=\"300\" \/><\/p>\n<p>&nbsp;<\/p>\n<p>Attention, grands travaux !<\/p>\n<p>&nbsp;<\/p>\n<p>&nbsp;<\/p>\n<p>&nbsp;<\/p>\n<p style=\"text-align: right;\">\n<p>\u00a0\u00a0 <img loading=\"lazy\" decoding=\"async\" class=\"noAlign alignright\" src=\"http:\/\/img.over-blog.com\/300x224\/3\/88\/85\/99\/Sainte-Anne\/Ste-Anne-Mai-2012-009.jpg\" alt=\"Ste-Anne-Mai-2012 009\" width=\"348\" height=\"260\" \/><\/p>\n<p>&nbsp;<\/p>\n<p>&nbsp;<\/p>\n<p>On \u00e9tudie les plans avant d&rsquo;attaquer le chantier.<\/p>\n<p>&nbsp;<\/p>\n<p><img loading=\"lazy\" decoding=\"async\" class=\"DrteTexte alignleft\" src=\"http:\/\/img.over-blog.com\/187x250\/3\/88\/85\/99\/Sainte-Anne\/Ste-Anne-Mai-2012-010.jpg\" alt=\"Ste-Anne-Mai-2012 010\" width=\"187\" height=\"250\" \/><\/p>\n<p>&nbsp;<\/p>\n<p>Le chemin longera ce champ..<\/p>\n<p>Il va falloir d\u00e9broussailler et \u00e9brancher.<\/p>\n<p>&nbsp;<\/p>\n<p><img loading=\"lazy\" decoding=\"async\" class=\"noAlign alignright\" src=\"http:\/\/img.over-blog.com\/164x220\/3\/88\/85\/99\/Sainte-Anne\/Ste-Anne-Mai-2012-007.jpg\" alt=\"Ste-Anne-Mai-2012 007\" width=\"199\" height=\"265\" \/><\/p>\n<p>&nbsp;<\/p>\n<p>&nbsp;<\/p>\n<p>&nbsp;<\/p>\n<p>D\u00e9but du chemin que l&rsquo;on dominera.<\/p>\n<p>&nbsp;<\/p>\n<p><img loading=\"lazy\" decoding=\"async\" class=\"noAlign alignleft\" src=\"http:\/\/img.over-blog.com\/187x250\/3\/88\/85\/99\/Sainte-Anne\/Ste-Anne-Mai-2012-015.jpg\" alt=\"Ste-Anne-Mai-2012 015\" width=\"187\" height=\"250\" \/><\/p>\n<p>&nbsp;<\/p>\n<p>Et c&rsquo;est parti pour un travail intensif.<\/p>\n<p><img loading=\"lazy\" decoding=\"async\" class=\" noAlign\" src=\"http:\/\/img.over-blog.com\/187x250\/3\/88\/85\/99\/Sainte-Anne\/Ste-Anne-Mai-2012-014.jpg\" alt=\"Ste-Anne-Mai-2012 014\" width=\"205\" height=\"275\" \/><\/p>\n<p><img loading=\"lazy\" decoding=\"async\" class=\"noAlign aligncenter\" src=\"http:\/\/img.over-blog.com\/205x275\/3\/88\/85\/99\/Sainte-Anne\/Ste-Anne-Mai-2012-013.jpg\" alt=\"Ste-Anne-Mai-2012 013\" width=\"205\" height=\"275\" \/><\/p>\n<p style=\"text-align: center;\">Voici le beau ruisseau que l&rsquo;on longera.<\/p>\n<p>&nbsp;<\/p>\n<p>Parfois, sur le sentier, on rencontre un agriculteur un peu chamboul\u00e9 dans ses habitudes par les nouveaux trac\u00e9s de chemins.<\/p>\n<p><img loading=\"lazy\" decoding=\"async\" class=\"DrteTexte\" src=\"http:\/\/img.over-blog.com\/250x187\/3\/88\/85\/99\/Sainte-Anne\/Ste-Anne-Mai-2012-021.jpg\" alt=\"Ste-Anne-Mai-2012 021\" width=\"277\" height=\"208\" \/><\/p>\n<p>Heureusement, les responsables de la municipalit\u00e9 sont<br \/>\nsouvent sur le terrain pour \u00e9couter les points de vue.<\/p>\n<p>Les engins de la commune vont donc maintenant entrer en action pour continuer le travail.<\/p>\n<p style=\"text-align: center;\">\u00a0A suivre &#8230;<\/p>\n","protected":false},"excerpt":{"rendered":"<p>&nbsp; Le lundi 14 mai, ouverture d&rsquo;un nouveau chantier. Il s&rsquo;agit de relier 2 circuits, au niveau de la chapelle Sainte-Anne. &nbsp; &nbsp; Remarque : ces 2 circuits \u00e9taient d\u00e9j\u00e0 reli\u00e9s ensemble, un peu plus au nord, par le chemin de Porjou. &nbsp; Le nouveau sentier commencera par longer un champ\u00a0 qui domine un ruisseau, [&hellip;]<\/p>\n","protected":false},"author":1,"featured_media":0,"comment_status":"open","ping_status":"closed","sticky":false,"template":"","format":"standard","meta":{"footnotes":""},"categories":[2],"tags":[],"_links":{"self":[{"href":"https:\/\/cheminsplestinais.dcea.fr\/index.php?rest_route=\/wp\/v2\/posts\/3998"}],"collection":[{"href":"https:\/\/cheminsplestinais.dcea.fr\/index.php?rest_route=\/wp\/v2\/posts"}],"about":[{"href":"https:\/\/cheminsplestinais.dcea.fr\/index.php?rest_route=\/wp\/v2\/types\/post"}],"author":[{"embeddable":true,"href":"https:\/\/cheminsplestinais.dcea.fr\/index.php?rest_route=\/wp\/v2\/users\/1"}],"replies":[{"embeddable":true,"href":"https:\/\/cheminsplestinais.dcea.fr\/index.php?rest_route=%2Fwp%2Fv2%2Fcomments&post=3998"}],"version-history":[{"count":1,"href":"https:\/\/cheminsplestinais.dcea.fr\/index.php?rest_route=\/wp\/v2\/posts\/3998\/revisions"}],"predecessor-version":[{"id":3999,"href":"https:\/\/cheminsplestinais.dcea.fr\/index.php?rest_route=\/wp\/v2\/posts\/3998\/revisions\/3999"}],"wp:attachment":[{"href":"https:\/\/cheminsplestinais.dcea.fr\/index.php?rest_route=%2Fwp%2Fv2%2Fmedia&parent=3998"}],"wp:term":[{"taxonomy":"category","embeddable":true,"href":"https:\/\/cheminsplestinais.dcea.fr\/index.php?rest_route=%2Fwp%2Fv2%2Fcategories&post=3998"},{"taxonomy":"post_tag","embeddable":true,"href":"https:\/\/cheminsplestinais.dcea.fr\/index.php?rest_route=%2Fwp%2Fv2%2Ftags&post=3998"}],"curies":[{"name":"wp","href":"https:\/\/api.w.org\/{rel}","templated":true}]}}