{"id":4006,"date":"2012-04-17T16:26:50","date_gmt":"2012-04-17T15:26:50","guid":{"rendered":"http:\/\/www.cheminsplestinais.dcea.fr\/?p=4006"},"modified":"2017-06-15T16:35:06","modified_gmt":"2017-06-15T15:35:06","slug":"de-milin-begaignon-a-milin-haouel","status":"publish","type":"post","link":"https:\/\/cheminsplestinais.dcea.fr\/?p=4006","title":{"rendered":"De Milin Begaignon \u00e0 Milin Haouel"},"content":{"rendered":"<p>Le lundi 16 avril \u00e0 8h30, il fait encore bien froid.<\/p>\n<p>Cela n&rsquo;arr\u00eate pas la d\u00e9termination de la petite \u00e9quipe qui va s&rsquo;attaquer \u00e0 ce nouveau tron\u00e7on du futur \u00ab\u00a0Tro Plistin\u00a0\u00bb.<\/p>\n<p>Il s&rsquo;agit de relier ces 2 moulins par un autre sentier que celui (priv\u00e9) qui longe le Douron.<\/p>\n<p><img loading=\"lazy\" decoding=\"async\" class=\"noAlign alignleft\" src=\"http:\/\/img.over-blog.com\/187x250\/3\/88\/85\/99\/Milin-Begaignon\/milin-begaignon--4-.jpg\" alt=\"milin-begaignon (4)\" width=\"187\" height=\"250\" \/><\/p>\n<p>Vues Nord et Sud<br \/>\nde Milin Begaignon\u00a0<img loading=\"lazy\" decoding=\"async\" class=\"DrteTexte\" src=\"http:\/\/img.over-blog.com\/187x250\/3\/88\/85\/99\/Milin-Begaignon\/milin-begaignon--3-.jpg\" alt=\"milin-begaignon (3)\" width=\"187\" height=\"250\" \/><\/p>\n<p>Sur le plan ci-dessous, les sentiers d\u00e9j\u00e0 ouverts par l&rsquo;association sont en bleu.<\/p>\n<p>Le projet d&rsquo;ouverture actuel est en jaune.<\/p>\n<p><img loading=\"lazy\" decoding=\"async\" class=\" noAlign\" src=\"http:\/\/idata.over-blog.com\/3\/88\/85\/99\/Milin-Begaignon\/plan.jpg\" alt=\"plan\" width=\"352\" height=\"315\" \/><\/p>\n<p>L&rsquo;ensemble permettra une modification du circuit des chapelles<br \/>\nSaint-Jagut, en supprimant une partie de macadam.<\/p>\n<p>&nbsp;<\/p>\n<p>Comme d&rsquo;habitude, le chemin est au d\u00e9part difficilement praticable.<\/p>\n<p><img loading=\"lazy\" decoding=\"async\" class=\" noAlign\" src=\"http:\/\/img.over-blog.com\/187x250\/3\/88\/85\/99\/Milin-Begaignon\/milin-begaignon--1-.jpg\" alt=\"milin-begaignon (1)\" width=\"164\" height=\"220\" \/> \u00a0 \u00a0\u00a0 Il faut se frayer un chemin &#8230; <img loading=\"lazy\" decoding=\"async\" class=\"DrteTexte alignright\" src=\"http:\/\/img.over-blog.com\/240x180\/3\/88\/85\/99\/Milin-Begaignon\/Milin-Begaignon-7431.jpg\" alt=\"Milin-Begaignon 7431\" width=\"283\" height=\"212\" \/><\/p>\n<p>&nbsp;<\/p>\n<p>&nbsp;<\/p>\n<p>Tron\u00e7onneuses en action\u00a0 \u00a0 <img loading=\"lazy\" decoding=\"async\" class=\" noAlign\" src=\"http:\/\/img.over-blog.com\/187x250\/3\/88\/85\/99\/Milin-Begaignon\/Milin-Begaignon-7439.jpg\" alt=\"Milin-Begaignon 7439\" width=\"157\" height=\"210\" \/> \u00a0 \u00a0 \u00a0 <img loading=\"lazy\" decoding=\"async\" class=\"noAlign alignright\" src=\"http:\/\/img.over-blog.com\/165x220\/3\/88\/85\/99\/Milin-Begaignon\/Milin-Begaignon-7433.jpg\" alt=\"Milin-Begaignon 7433\" width=\"187\" height=\"250\" \/><\/p>\n<p>&nbsp;<\/p>\n<p>&nbsp;<\/p>\n<p>&nbsp;<\/p>\n<p>Il faut se prot\u00e9ger les yeux <img loading=\"lazy\" decoding=\"async\" class=\"DrteTexte alignleft\" src=\"http:\/\/img.over-blog.com\/165x220\/3\/88\/85\/99\/Milin-Begaignon\/Milin-Begaignon-7437.jpg\" alt=\"Milin-Begaignon 7437\" width=\"165\" height=\"220\" \/><\/p>\n<p>&nbsp;<\/p>\n<p>quand on taille de l&rsquo;aub\u00e9pine !<\/p>\n<p>&nbsp;<\/p>\n<p>&nbsp;<\/p>\n<p><img loading=\"lazy\" decoding=\"async\" class=\"DrteTexte alignright\" src=\"http:\/\/img.over-blog.com\/168x225\/3\/88\/85\/99\/Milin-Begaignon\/milin-begaignon-001.jpg\" alt=\"milin-begaignon 001\" width=\"168\" height=\"225\" \/><\/p>\n<p>Nous avons \u00e9galement le souci de couper \u00e0 la racine<\/p>\n<p>les lierres tentaculaires qui menacent \u00e0 terme<\/p>\n<p>la vie de ces magnifiques ch\u00eanes.<\/p>\n<p>&nbsp;<\/p>\n<p><img loading=\"lazy\" decoding=\"async\" class=\" noAlign\" src=\"http:\/\/img.over-blog.com\/250x187\/3\/88\/85\/99\/Milin-Begaignon\/milin-begaignon-002.jpg\" alt=\"milin-begaignon 002\" width=\"328\" height=\"246\" \/><\/p>\n<p>&nbsp;<\/p>\n<p>Rassembler les branchages et les br\u00fbler pour ne pas encombrer le passage :<\/p>\n<p><img loading=\"lazy\" decoding=\"async\" class=\"noAlign\" src=\"http:\/\/img.over-blog.com\/250x187\/3\/88\/85\/99\/Milin-Begaignon\/Milin-Begaignon-7432.jpg\" alt=\"Milin-Begaignon 7432\" width=\"305\" height=\"229\" \/>\u00a0 <img loading=\"lazy\" decoding=\"async\" class=\"noAlign alignright\" src=\"http:\/\/img.over-blog.com\/250x187\/3\/88\/85\/99\/Milin-Begaignon\/Milin-Begaignon-7436.jpg\" alt=\"Milin-Begaignon 7436\" width=\"250\" height=\"187\" \/><\/p>\n<p>&nbsp;<\/p>\n<p>Il n&rsquo;y a pas d&rsquo;\u00e2ge pour participer !<\/p>\n<p>&nbsp;<\/p>\n<p>&nbsp;<\/p>\n<p>Le chantier n&rsquo;est pas termin\u00e9 mais le terrain est pr\u00e9par\u00e9\u00a0 pour le passage des tracto ou mini-pelles &#8230;<\/p>\n<p><img loading=\"lazy\" decoding=\"async\" class=\"CtreTexte alignleft\" src=\"http:\/\/img.over-blog.com\/187x250\/3\/88\/85\/99\/Milin-Begaignon\/Milin-Begaignon-7438.jpg\" alt=\"Milin-Begaignon 7438\" width=\"187\" height=\"250\" \/><\/p>\n<p>&nbsp;<\/p>\n<p>qui rendront le chemin (encore plus) praticable.<\/p>\n<p>&nbsp;<\/p>\n<p>&nbsp;<\/p>\n<p>&nbsp;<\/p>\n<p>Ce chemin passe si pr\u00e8s de Milin Begaignon que nous pensons terminer ce chantier en \u00e9laguant quelques arbustes pour d\u00e9gager<br \/>\nla vue sur ce moulin.<\/p>\n","protected":false},"excerpt":{"rendered":"<p>Le lundi 16 avril \u00e0 8h30, il fait encore bien froid. Cela n&rsquo;arr\u00eate pas la d\u00e9termination de la petite \u00e9quipe qui va s&rsquo;attaquer \u00e0 ce nouveau tron\u00e7on du futur \u00ab\u00a0Tro Plistin\u00a0\u00bb. Il s&rsquo;agit de relier ces 2 moulins par un autre sentier que celui (priv\u00e9) qui longe le Douron. Vues Nord et Sud de Milin [&hellip;]<\/p>\n","protected":false},"author":1,"featured_media":0,"comment_status":"open","ping_status":"closed","sticky":false,"template":"","format":"standard","meta":{"footnotes":""},"categories":[2],"tags":[],"_links":{"self":[{"href":"https:\/\/cheminsplestinais.dcea.fr\/index.php?rest_route=\/wp\/v2\/posts\/4006"}],"collection":[{"href":"https:\/\/cheminsplestinais.dcea.fr\/index.php?rest_route=\/wp\/v2\/posts"}],"about":[{"href":"https:\/\/cheminsplestinais.dcea.fr\/index.php?rest_route=\/wp\/v2\/types\/post"}],"author":[{"embeddable":true,"href":"https:\/\/cheminsplestinais.dcea.fr\/index.php?rest_route=\/wp\/v2\/users\/1"}],"replies":[{"embeddable":true,"href":"https:\/\/cheminsplestinais.dcea.fr\/index.php?rest_route=%2Fwp%2Fv2%2Fcomments&post=4006"}],"version-history":[{"count":1,"href":"https:\/\/cheminsplestinais.dcea.fr\/index.php?rest_route=\/wp\/v2\/posts\/4006\/revisions"}],"predecessor-version":[{"id":4007,"href":"https:\/\/cheminsplestinais.dcea.fr\/index.php?rest_route=\/wp\/v2\/posts\/4006\/revisions\/4007"}],"wp:attachment":[{"href":"https:\/\/cheminsplestinais.dcea.fr\/index.php?rest_route=%2Fwp%2Fv2%2Fmedia&parent=4006"}],"wp:term":[{"taxonomy":"category","embeddable":true,"href":"https:\/\/cheminsplestinais.dcea.fr\/index.php?rest_route=%2Fwp%2Fv2%2Fcategories&post=4006"},{"taxonomy":"post_tag","embeddable":true,"href":"https:\/\/cheminsplestinais.dcea.fr\/index.php?rest_route=%2Fwp%2Fv2%2Ftags&post=4006"}],"curies":[{"name":"wp","href":"https:\/\/api.w.org\/{rel}","templated":true}]}}