{"id":4010,"date":"2012-03-19T16:37:44","date_gmt":"2012-03-19T15:37:44","guid":{"rendered":"http:\/\/www.cheminsplestinais.dcea.fr\/?p=4010"},"modified":"2017-06-16T07:55:00","modified_gmt":"2017-06-16T06:55:00","slug":"chemin-de-contournement-du-chateau-de-lesmaes","status":"publish","type":"post","link":"https:\/\/cheminsplestinais.dcea.fr\/?p=4010","title":{"rendered":"Chemin de contournement du ch\u00e2teau de Lesma\u00ebs"},"content":{"rendered":"<p><img loading=\"lazy\" decoding=\"async\" class=\"DrteTexte alignright\" src=\"http:\/\/img.over-blog.com\/225x300\/3\/88\/85\/99\/Lesmaes\/lesmaes-1-001.jpg\" alt=\"lesma\u00ebs-1 001\" width=\"181\" height=\"241\" \/><\/p>\n<p>Le lundi 12 mars d\u00e9bute un nouveau chantier, devant l&rsquo;entr\u00e9e (sud)<\/p>\n<p>&nbsp;<\/p>\n<p>du Ch\u00e2teau de Lesma\u00ebs, au bout de cette magnifique all\u00e9e de h\u00eatres.<\/p>\n<p>&nbsp;<\/p>\n<p>L&rsquo;ouverture de ce chemin permettra de relier (plus agr\u00e9ablement que par la route),<\/p>\n<ul>\n<li>le circuit de St-Jagut (au niveau du ch\u00e2teau de Lesma\u00ebs)<\/li>\n<\/ul>\n<ul>\n<li>au circuit de St-Haran (\u00e0 Pont-Menou).<\/li>\n<\/ul>\n<p>&nbsp;<\/p>\n<p>En effet, la travers\u00e9e du parc du ch\u00e2teau n&rsquo;est permise qu&rsquo;en juillet-ao\u00fbt.<\/p>\n<p>&nbsp;<\/p>\n<p style=\"text-align: center;\">L&rsquo;entr\u00e9e du chemin \u00e9tait peu engageante \u00e0 notre arriv\u00e9e.<\/p>\n<p><img loading=\"lazy\" decoding=\"async\" class=\"CtreTexte aligncenter\" src=\"http:\/\/img.over-blog.com\/300x225\/3\/88\/85\/99\/Lesmaes\/DSCF1209.jpg\" alt=\"DSCF1209\" width=\"330\" height=\"248\" \/><\/p>\n<p>&nbsp;<\/p>\n<p><img loading=\"lazy\" decoding=\"async\" class=\"GcheTexte alignleft\" src=\"http:\/\/img.over-blog.com\/300x225\/3\/88\/85\/99\/Lesmaes\/DSCF1189.jpg\" alt=\"DSCF1189\" width=\"238\" height=\"179\" \/><\/p>\n<p>&nbsp;<\/p>\n<p>&nbsp;<\/p>\n<p>Et il a fallu se mettre au travail dare-dare.<\/p>\n<p>&nbsp;<\/p>\n<p>Comme d&rsquo;habitude, nous \u00e9tions une bonne quinzaine<br \/>\nde participants.<\/p>\n<p><img loading=\"lazy\" decoding=\"async\" class=\"DrteTexte alignright\" src=\"http:\/\/img.over-blog.com\/225x300\/3\/88\/85\/99\/Lesmaes\/lesmaes-1-002.jpg\" alt=\"lesma\u00ebs-1 002\" width=\"190\" height=\"253\" \/><\/p>\n<p>&nbsp;<\/p>\n<p>&nbsp;<\/p>\n<p>&nbsp;<\/p>\n<p>Apr\u00e8s notre passage, les services municipaux ont transform\u00e9<\/p>\n<p>en v\u00e9ritable boulevard ce chemin pr\u00e9c\u00e9demment impraticable.<\/p>\n<p>&nbsp;<\/p>\n<p>Le lundi suivant (19 mars), nous avons continu\u00e9 de d\u00e9fricher le sentier, en direction de l&rsquo;autre entr\u00e9e (est) du ch\u00e2teau.<\/p>\n<p>Un magnifique soleil printanier nous accompagne.<\/p>\n<p><img loading=\"lazy\" decoding=\"async\" class=\" noAlign\" src=\"http:\/\/img.over-blog.com\/225x300\/3\/88\/85\/99\/Lesmaes\/lesmaes-1-003.jpg\" alt=\"lesma\u00ebs-1 003\" width=\"168\" height=\"225\" \/> <img loading=\"lazy\" decoding=\"async\" class=\"noAlign\" src=\"http:\/\/img.over-blog.com\/300x225\/3\/88\/85\/99\/Lesmaes\/lesmaes-003.jpg\" alt=\"lesma\u00ebs 003\" width=\"300\" height=\"225\" \/><\/p>\n<p><img loading=\"lazy\" decoding=\"async\" class=\"noAlign alignright\" src=\"http:\/\/img.over-blog.com\/300x225\/3\/88\/85\/99\/Lesmaes\/lesmaes-1-005.jpg\" alt=\"lesma\u00ebs-1 005\" width=\"266\" height=\"200\" \/><\/p>\n<p>&nbsp;<\/p>\n<p>Sous le lierre et les ronces, appara\u00eet un mur de pierres s\u00e8ches que certains aimeraient bien retaper.<\/p>\n<p>&nbsp;<\/p>\n<p><img loading=\"lazy\" decoding=\"async\" class=\"noAlign aligncenter\" src=\"http:\/\/img.over-blog.com\/300x225\/3\/88\/85\/99\/Lesmaes\/lesmaes-008.jpg\" alt=\"lesma\u00ebs 008\" width=\"301\" height=\"226\" \/><\/p>\n<p>Alors, on le tron\u00e7onne ou non, ce ch\u00eane ?<\/p>\n<p><img loading=\"lazy\" decoding=\"async\" class=\" noAlign\" src=\"http:\/\/img.over-blog.com\/300x225\/3\/88\/85\/99\/Lesmaes\/lesmaes-005.jpg\" alt=\"lesma\u00ebs 005\" width=\"260\" height=\"200\" \/> \u00a0 \u00a0 \u00a0\u00a0 <img loading=\"lazy\" decoding=\"async\" class=\" noAlign\" src=\"http:\/\/img.over-blog.com\/225x300\/3\/88\/85\/99\/Lesmaes\/lesmaes-014.jpg\" alt=\"lesma\u00ebs 014\" width=\"186\" height=\"250\" \/><\/p>\n<p>On le tron\u00e7onne. Et apr\u00e8s, comme souvent, on fera un grand feu &#8230; en prenant bien garde de ne pas embraser les bois morts environnants.<\/p>\n<p>Un petit regret pour ce chemin : il n&rsquo;offre \u00e0 aucun moment un point de vue sur le ch\u00e2teau.<\/p>\n<p>&nbsp;<\/p>\n<p>&nbsp;<\/p>\n<p>&nbsp;<\/p>\n<p>&nbsp;<\/p>\n","protected":false},"excerpt":{"rendered":"<p>Le lundi 12 mars d\u00e9bute un nouveau chantier, devant l&rsquo;entr\u00e9e (sud) &nbsp; du Ch\u00e2teau de Lesma\u00ebs, au bout de cette magnifique all\u00e9e de h\u00eatres. &nbsp; L&rsquo;ouverture de ce chemin permettra de relier (plus agr\u00e9ablement que par la route), le circuit de St-Jagut (au niveau du ch\u00e2teau de Lesma\u00ebs) au circuit de St-Haran (\u00e0 Pont-Menou). &nbsp; [&hellip;]<\/p>\n","protected":false},"author":1,"featured_media":0,"comment_status":"open","ping_status":"closed","sticky":false,"template":"","format":"standard","meta":{"footnotes":""},"categories":[2,1],"tags":[],"_links":{"self":[{"href":"https:\/\/cheminsplestinais.dcea.fr\/index.php?rest_route=\/wp\/v2\/posts\/4010"}],"collection":[{"href":"https:\/\/cheminsplestinais.dcea.fr\/index.php?rest_route=\/wp\/v2\/posts"}],"about":[{"href":"https:\/\/cheminsplestinais.dcea.fr\/index.php?rest_route=\/wp\/v2\/types\/post"}],"author":[{"embeddable":true,"href":"https:\/\/cheminsplestinais.dcea.fr\/index.php?rest_route=\/wp\/v2\/users\/1"}],"replies":[{"embeddable":true,"href":"https:\/\/cheminsplestinais.dcea.fr\/index.php?rest_route=%2Fwp%2Fv2%2Fcomments&post=4010"}],"version-history":[{"count":4,"href":"https:\/\/cheminsplestinais.dcea.fr\/index.php?rest_route=\/wp\/v2\/posts\/4010\/revisions"}],"predecessor-version":[{"id":4014,"href":"https:\/\/cheminsplestinais.dcea.fr\/index.php?rest_route=\/wp\/v2\/posts\/4010\/revisions\/4014"}],"wp:attachment":[{"href":"https:\/\/cheminsplestinais.dcea.fr\/index.php?rest_route=%2Fwp%2Fv2%2Fmedia&parent=4010"}],"wp:term":[{"taxonomy":"category","embeddable":true,"href":"https:\/\/cheminsplestinais.dcea.fr\/index.php?rest_route=%2Fwp%2Fv2%2Fcategories&post=4010"},{"taxonomy":"post_tag","embeddable":true,"href":"https:\/\/cheminsplestinais.dcea.fr\/index.php?rest_route=%2Fwp%2Fv2%2Ftags&post=4010"}],"curies":[{"name":"wp","href":"https:\/\/api.w.org\/{rel}","templated":true}]}}