{"id":4015,"date":"2012-03-15T07:55:16","date_gmt":"2012-03-15T06:55:16","guid":{"rendered":"http:\/\/www.cheminsplestinais.dcea.fr\/?p=4015"},"modified":"2017-06-16T09:03:34","modified_gmt":"2017-06-16T08:03:34","slug":"le-sentier-du-douron","status":"publish","type":"post","link":"https:\/\/cheminsplestinais.dcea.fr\/?p=4015","title":{"rendered":"Le sentier du Douron"},"content":{"rendered":"<p>D\u00e9but 2012, l&rsquo;association \u00ab\u00a0Chemins Plestinais et Patrimoine\u00a0\u00bb a entrepris d&rsquo;am\u00e9nager le sentier qui longe le Douron dans sa partie Costarmoricaine.<\/p>\n<p><img loading=\"lazy\" decoding=\"async\" class=\" noAlign\" src=\"http:\/\/img.over-blog.com\/300x225\/3\/88\/85\/99\/Sentier-du-Douron\/Douron--0-.jpg\" alt=\"Douron (0)\" width=\"266\" height=\"200\" \/> \u00a0\u00a0 <img loading=\"lazy\" decoding=\"async\" class=\"noAlign alignright\" src=\"http:\/\/img.over-blog.com\/300x225\/3\/88\/85\/99\/Sentier-du-Douron\/SDC15299.jpg\" alt=\"SDC15299\" width=\"266\" height=\"200\" \/><\/p>\n<p>Cet endroit est magique, mais seuls quelques promeneurs avertis et motiv\u00e9s osaient s&rsquo;y rendre, tant le chemin \u00e9tait difficile d&rsquo;acc\u00e8s, et m\u00eame impraticable aux grandes mar\u00e9es.<\/p>\n<p>&nbsp;<\/p>\n<p>L&rsquo;objectif de l&rsquo;association \u00e9tait donc de rendre praticable le cheminement entre le moulin de Mouhalic, Saint-Haran<br \/>\net le quai de Toul An Hery.<\/p>\n<p><img loading=\"lazy\" decoding=\"async\" class=\"DrteTexte alignright\" src=\"http:\/\/img.over-blog.com\/300x225\/3\/88\/85\/99\/Sentier-du-Douron\/Douron--1-06-.jpg\" alt=\"Douron (1-06)\" width=\"301\" height=\"226\" \/><\/p>\n<p>&nbsp;<\/p>\n<p>Une \u00e9quipe nombreuse et d\u00e9termin\u00e9e de b\u00e9n\u00e9voles<br \/>\nse retrouve \u00e0 pied d\u2019\u0153uvre le lundi 9 janvier d\u00e8s 9 heures.<\/p>\n<p>&nbsp;<\/p>\n<p><img loading=\"lazy\" decoding=\"async\" class=\"noAlign alignleft\" src=\"http:\/\/img.over-blog.com\/300x225\/3\/88\/85\/99\/Sentier-du-Douron\/Douron--12-.jpg\" alt=\"Douron (12)\" width=\"266\" height=\"200\" \/>Il faut amener le mat\u00e9riel sur le chantier et commencer<br \/>\n\u00e0 d\u00e9broussailler dans des endroits difficiles d&rsquo;acc\u00e8s.<\/p>\n<p>&nbsp;<\/p>\n<p><img loading=\"lazy\" decoding=\"async\" class=\"noAlign alignright\" src=\"http:\/\/img.over-blog.com\/300x225\/3\/88\/85\/99\/Sentier-du-Douron\/Douron--17-.jpg\" alt=\"Douron (17)\" width=\"293\" height=\"220\" \/><\/p>\n<p>&nbsp;<\/p>\n<p>&nbsp;<\/p>\n<p>&nbsp;<\/p>\n<p>La gel\u00e9e blanche rend le paysage encore plus f\u00e9\u00e9rique<br \/>\nque d&rsquo;habitude.<\/p>\n<p><img loading=\"lazy\" decoding=\"async\" class=\"CtreTexte aligncenter\" src=\"http:\/\/img.over-blog.com\/300x225\/3\/88\/85\/99\/Sentier-du-Douron\/Douron--15-.jpg\" alt=\"Douron (15)\" width=\"266\" height=\"200\" \/><\/p>\n<p>&nbsp;<\/p>\n<p>Il faut dessoucher, couper et rassembler les branches &#8230;<\/p>\n<p><img loading=\"lazy\" decoding=\"async\" class=\"noAlign alignleft\" src=\"http:\/\/img.over-blog.com\/300x225\/3\/88\/85\/99\/Sentier-du-Douron\/Douron--20-.jpg\" alt=\"Douron (20)\" width=\"266\" height=\"200\" \/> \u00a0\u00a0\u00a0 \u00a0 \u00a0 <img loading=\"lazy\" decoding=\"async\" class=\"noAlign alignright\" src=\"http:\/\/img.over-blog.com\/225x300\/3\/88\/85\/99\/Sentier-du-Douron\/Douron--27-.jpg\" alt=\"Douron (27)\" width=\"193\" height=\"257\" \/><\/p>\n<p>&nbsp;<\/p>\n<p>&nbsp;<\/p>\n<p>&nbsp;<\/p>\n<p>&nbsp;<\/p>\n<p>&nbsp;<\/p>\n<p>&nbsp;<\/p>\n<p>&nbsp;<\/p>\n<p>&nbsp;<\/p>\n<p>&#8230; et faire r\u00e9guli\u00e8rement des feux<br \/>\n(la sp\u00e9cialit\u00e9 d&rsquo;Alain) pour d\u00e9sencombrer les chemins.<\/p>\n<p><img loading=\"lazy\" decoding=\"async\" class=\" CtreTexte\" src=\"http:\/\/img.over-blog.com\/300x225\/3\/88\/85\/99\/Sentier-du-Douron\/Douron--29-.jpg\" alt=\"Douron (29)\" width=\"306\" height=\"230\" \/><\/p>\n<p>Il faut \u00e9galement planter de nombreux poteaux pour d\u00e9limiter l&rsquo;espace r\u00e9serve aux promeneurs lorsque le chemin passe en lisi\u00e8re de champs. <img loading=\"lazy\" decoding=\"async\" class=\"noAlign aligncenter\" src=\"http:\/\/img.over-blog.com\/300x225\/3\/88\/85\/99\/Sentier-du-Douron\/Douron--21-.jpg\" alt=\"Douron (21)\" width=\"266\" height=\"200\" \/><\/p>\n<p><img loading=\"lazy\" decoding=\"async\" class=\"noAlign alignleft\" src=\"http:\/\/img.over-blog.com\/225x300\/3\/88\/85\/99\/Sentier-du-Douron\/Douron--22-.jpg\" alt=\"Douron (22)\" width=\"235\" height=\"313\" \/><\/p>\n<p>L&rsquo;avant-trou peut se faire<br \/>\n\u00e0 la barre \u00e0 mine &#8230;<br \/>\nmais heureusement, les engins de la ville viennent suppl\u00e9er<\/p>\n<p>\u00e0 nos muscles pour enfoncer les poteaux &#8230;<\/p>\n<p><img loading=\"lazy\" decoding=\"async\" class=\"DrteTexte alignright\" src=\"http:\/\/img.over-blog.com\/300x225\/3\/88\/85\/99\/Sentier-du-Douron\/SDC15479.jpg\" alt=\"SDC15479\" width=\"266\" height=\"200\" \/><\/p>\n<p>&nbsp;<\/p>\n<p>&nbsp;<\/p>\n<p>ou pour niveler le terrain !<\/p>\n<p>&nbsp;<\/p>\n<p>&nbsp;<\/p>\n<p>&nbsp;<\/p>\n<p>On travaille dur, mais il ne faut pas oublier la pause-caf\u00e9.<\/p>\n<p><img loading=\"lazy\" decoding=\"async\" class=\" noAlign\" src=\"http:\/\/img.over-blog.com\/300x225\/3\/88\/85\/99\/Sentier-du-Douron\/Douron--18-.jpg\" alt=\"Douron (18)\" width=\"266\" height=\"200\" \/>\u00a0 \u00a0 \u00a0 \u00a0 \u00a0\u00a0 \u00a0 <img loading=\"lazy\" decoding=\"async\" class=\"noAlign alignright\" src=\"http:\/\/img.over-blog.com\/300x225\/3\/88\/85\/99\/Sentier-du-Douron\/Douron--1-08-.jpg\" alt=\"Douron (1-08)\" width=\"268\" height=\"201\" \/><\/p>\n<p>&nbsp;<\/p>\n<p>&nbsp;<\/p>\n<p>Parfois, la presse s&rsquo;int\u00e9resse \u00e0 notre chantier.<\/p>\n<p>&nbsp;<\/p>\n<p>En f\u00e9vrier, on se consacre davantage au fignolage :<\/p>\n<p><img loading=\"lazy\" decoding=\"async\" class=\"GcheTexte aligncenter\" src=\"http:\/\/img.over-blog.com\/300x225\/3\/88\/85\/99\/Sentier-du-Douron\/Douron--31-.jpg\" alt=\"Douron (31)\" width=\"289\" height=\"217\" \/><\/p>\n<p>Panneaux d&rsquo;information &#8230;\u00a0\u00a0\u00a0 (l&rsquo;altitude reste \u00e0 v\u00e9rifier).<\/p>\n<p><img loading=\"lazy\" decoding=\"async\" class=\"DrteTexte alignleft\" src=\"http:\/\/img.over-blog.com\/300x225\/3\/88\/85\/99\/Sentier-du-Douron\/Douron--25-.jpg\" alt=\"Douron (25)\" width=\"310\" height=\"233\" \/><\/p>\n<p>&nbsp;<\/p>\n<p>N&rsquo;est-il pas magnifique cet escalier de pierre ?<\/p>\n<p>&nbsp;<\/p>\n<p><img loading=\"lazy\" decoding=\"async\" class=\"noAlign alignright\" src=\"http:\/\/img.over-blog.com\/300x225\/3\/88\/85\/99\/Sentier-du-Douron\/Douron--33-.jpg\" alt=\"Douron (33)\" width=\"287\" height=\"216\" \/><\/p>\n<p><span style=\"color: #ffffff;\">.<\/span><\/p>\n<p>&nbsp;<\/p>\n<p>Un banc pour<br \/>\nse reposer<\/p>\n<p>&nbsp;<\/p>\n<p>et admirer le paysage.<\/p>\n<p>&nbsp;<\/p>\n<p><img loading=\"lazy\" decoding=\"async\" class=\"noAlign aligncenter\" src=\"http:\/\/img.over-blog.com\/300x225\/3\/88\/85\/99\/Sentier-du-Douron\/SDC15496.jpg\" alt=\"SDC15496\" width=\"331\" height=\"249\" \/><\/p>\n<p>F\u00e9vrier a permis \u00e9galement d&rsquo;ouvrir un nouveau chemin pour rejoindre le moulin de Mouhelic \u00e0 Pont-Menou.<\/p>\n<p>Un ancien chemin (voir boucle\u00a0 de St-Haran du circuit des chapelles) rejoignait d\u00e9j\u00e0 Pont-Menou en passant \u00e0 travers bois ; il pr\u00e9sentait l&rsquo;inconv\u00e9nient d&rsquo;\u00eatre par endroits tr\u00e8s escarp\u00e9 et de traverser une propri\u00e9t\u00e9 priv\u00e9e.<\/p>\n<p>&nbsp;<\/p>\n<p>Le nouveau sentier quitte l&rsquo;ancien 100 m\u00e8tres apr\u00e8s le moulin pour longer le Douron au fond de la vall\u00e9e.<\/p>\n<p><img loading=\"lazy\" decoding=\"async\" class=\" noAlign\" src=\"http:\/\/img.over-blog.com\/225x300\/3\/88\/85\/99\/Sentier-du-Douron\/douron-vers-pont-menou-007.jpg\" alt=\"douron-vers-pont-menou 007\" width=\"142\" height=\"190\" \/> <img loading=\"lazy\" decoding=\"async\" class=\" noAlign\" src=\"http:\/\/img.over-blog.com\/300x225\/3\/88\/85\/99\/Sentier-du-Douron\/douron-vers-pont-menou-001.jpg\" alt=\"douron-vers-pont-menou 001\" width=\"285\" height=\"215\" \/> <img loading=\"lazy\" decoding=\"async\" class=\"noAlign alignleft\" src=\"http:\/\/img.over-blog.com\/225x300\/3\/88\/85\/99\/Sentier-du-Douron\/douron-vers-pont-menou-004.jpg\" alt=\"douron-vers-pont-menou 004\" width=\"149\" height=\"200\" \/><\/p>\n<p>&nbsp;<\/p>\n<p>Un gros travail de d\u00e9frichage a \u00e9t\u00e9 n\u00e9cessaire pour permettre un cheminement agr\u00e9able et ais\u00e9.<\/p>\n<p>&nbsp;<\/p>\n<p>&nbsp;<\/p>\n<p>Les promeneurs n&rsquo;ont pas attendu la fin du chantier pour emprunter en nombre le nouveau sentier.<\/p>\n<p>Nous sommes particuli\u00e8rement heureux de ce succ\u00e8s.<\/p>\n","protected":false},"excerpt":{"rendered":"<p>D\u00e9but 2012, l&rsquo;association \u00ab\u00a0Chemins Plestinais et Patrimoine\u00a0\u00bb a entrepris d&rsquo;am\u00e9nager le sentier qui longe le Douron dans sa partie Costarmoricaine. \u00a0\u00a0 Cet endroit est magique, mais seuls quelques promeneurs avertis et motiv\u00e9s osaient s&rsquo;y rendre, tant le chemin \u00e9tait difficile d&rsquo;acc\u00e8s, et m\u00eame impraticable aux grandes mar\u00e9es. &nbsp; L&rsquo;objectif de l&rsquo;association \u00e9tait donc de rendre [&hellip;]<\/p>\n","protected":false},"author":1,"featured_media":0,"comment_status":"open","ping_status":"closed","sticky":false,"template":"","format":"standard","meta":{"footnotes":""},"categories":[2],"tags":[],"_links":{"self":[{"href":"https:\/\/cheminsplestinais.dcea.fr\/index.php?rest_route=\/wp\/v2\/posts\/4015"}],"collection":[{"href":"https:\/\/cheminsplestinais.dcea.fr\/index.php?rest_route=\/wp\/v2\/posts"}],"about":[{"href":"https:\/\/cheminsplestinais.dcea.fr\/index.php?rest_route=\/wp\/v2\/types\/post"}],"author":[{"embeddable":true,"href":"https:\/\/cheminsplestinais.dcea.fr\/index.php?rest_route=\/wp\/v2\/users\/1"}],"replies":[{"embeddable":true,"href":"https:\/\/cheminsplestinais.dcea.fr\/index.php?rest_route=%2Fwp%2Fv2%2Fcomments&post=4015"}],"version-history":[{"count":3,"href":"https:\/\/cheminsplestinais.dcea.fr\/index.php?rest_route=\/wp\/v2\/posts\/4015\/revisions"}],"predecessor-version":[{"id":4018,"href":"https:\/\/cheminsplestinais.dcea.fr\/index.php?rest_route=\/wp\/v2\/posts\/4015\/revisions\/4018"}],"wp:attachment":[{"href":"https:\/\/cheminsplestinais.dcea.fr\/index.php?rest_route=%2Fwp%2Fv2%2Fmedia&parent=4015"}],"wp:term":[{"taxonomy":"category","embeddable":true,"href":"https:\/\/cheminsplestinais.dcea.fr\/index.php?rest_route=%2Fwp%2Fv2%2Fcategories&post=4015"},{"taxonomy":"post_tag","embeddable":true,"href":"https:\/\/cheminsplestinais.dcea.fr\/index.php?rest_route=%2Fwp%2Fv2%2Ftags&post=4015"}],"curies":[{"name":"wp","href":"https:\/\/api.w.org\/{rel}","templated":true}]}}