{"id":4019,"date":"2012-03-13T08:17:56","date_gmt":"2012-03-13T07:17:56","guid":{"rendered":"http:\/\/www.cheminsplestinais.dcea.fr\/?p=4019"},"modified":"2017-06-16T13:47:17","modified_gmt":"2017-06-16T12:47:17","slug":"assemblees-generale-du-12-mars-2012","status":"publish","type":"post","link":"https:\/\/cheminsplestinais.dcea.fr\/?p=4019","title":{"rendered":"Assembl\u00e9es g\u00e9n\u00e9rale du 12 mars 2012"},"content":{"rendered":"<p>Grande affluence \u00e0 Ti An Holl pour l&rsquo;assembl\u00e9e g\u00e9n\u00e9rale 2012 de Chemins Plestinais et Patrimoine !<\/p>\n<p>L&rsquo;association, forte d&rsquo;environ 75 adh\u00e9rents, avait presque fait le plein pour l&rsquo;occasion.<\/p>\n<p><img loading=\"lazy\" decoding=\"async\" class=\"CtreTexte aligncenter\" src=\"http:\/\/img.over-blog.com\/300x225\/3\/88\/85\/99\/AG\/ag-001.jpg\" alt=\"ag 001\" width=\"388\" height=\"291\" \/><\/p>\n<p>Public attentif lors de la pr\u00e9sentation par Eric et Mrie-France Irien des activit\u00e9s men\u00e9es depuis mars 2011.<\/p>\n<p>La liste des chantiers r\u00e9alis\u00e9s durant cette p\u00e9riode est impressionnante :<\/p>\n<p>Hinguer-Posporden, Kerdanger et Milin begegnion, Kernavalen, Mur de pierres s\u00e8ches de Sainte-Barbe, Kerezou-Kerscrignou, fontaine Sainte-Barbe, chapelle Sainte-Anne, chemin de Pors An Meur et Run Glas, Vall\u00e9e du Yar et pour finir, sentier de Saint-Haran (vall\u00e9e du Douron).<\/p>\n<p>Eric a chaleureusement remerci\u00e9 tous le b\u00e9n\u00e9voles pour leur participation assidue aux sorties du lundi matin (en moyenne une quinzaine de participants, pr\u00e8s de 900 heures de travail effectu\u00e9es !).<\/p>\n<p>Il a \u00e9galement soulign\u00e9 l&rsquo;\u00e9troite coop\u00e9ration avec les services municipaux qui permet une bonne efficacit\u00e9, au service des randonneurs.<\/p>\n<p>Il a pr\u00e9cis\u00e9 que les sentiers ouverts \u00e9taient destin\u00e9s essentiellement aux marcheurs \u00e0 pied. L&rsquo;utilisation \u00e9ventuelle de ces sentiers par les motos, quads, VTT, chevaux &#8230; pourraient poser probl\u00e8me si elle entra\u00eenait une d\u00e9gradation ou une g\u00eane pour les promeneurs. Cependant, les moyens d&rsquo;interdire la fr\u00e9quentation des sentiers \u00e0 ces diff\u00e9rents usagers para\u00eet difficile \u00e0 mettre en \u0153uvre, et l&rsquo;association table a priori sur la bonne volont\u00e9 de tous.<\/p>\n<p><span id=\"mce_30_content\">\u00a0<\/span><\/p>\n<p>Puis Marie-France a pr\u00e9sent\u00e9 les diff\u00e9rentes activit\u00e9s et sorties de la p\u00e9riode :stage de r\u00e9fection de murets en pierres s\u00e8ches \u00e0 Pouldouran, journ\u00e9e des Moulins du 19 juin, sortie \u00e0 Terenez le 9 octobre.<\/p>\n<p><img loading=\"lazy\" decoding=\"async\" class=\"CtreTexte aligncenter\" src=\"http:\/\/img.over-blog.com\/300x225\/3\/88\/85\/99\/AG\/ag-002.jpg\" alt=\"ag 002\" width=\"337\" height=\"253\" \/><\/p>\n<p>Alain a ensuite d\u00e9taill\u00e9 recettes et d\u00e9penses de l&rsquo;ann\u00e9e (solde heureusement b\u00e9n\u00e9ficiaire !).<\/p>\n<p>Rapport moral et rapport financiers ont \u00e9t\u00e9 vot\u00e9s \u00e0 l&rsquo;unanimit\u00e9.<\/p>\n<p>Pour rappel, montant des cotisations pour l&rsquo;ann\u00e9e 2012 : 10 \u20ac pour une personne &#8211; 15 \u20ac \u00e0 partir de 2 personnes.<\/p>\n<p>&nbsp;<\/p>\n<p>La liste des actions pr\u00e9vues pour l&rsquo;ann\u00e9e \u00e0 venir est encore longue :<\/p>\n<ul>\n<li>balisage des sentiers, bien qu&rsquo;il soit pr\u00e9f\u00e9rable d&rsquo;attendre que certains chemins soient finalis\u00e9s<\/li>\n<li>Coat ar bescond<\/li>\n<li>Milin Begegnon-Milin Haouel<\/li>\n<li>\u00ab\u00a0Petit patrimoine\u00a0\u00bb : fontaines et lavoirs (St-Haran, St-Gestin)<\/li>\n<li>D&rsquo;une mani\u00e8re g\u00e9n\u00e9rale, l&rsquo;objectif est de proposer des \u00ab\u00a0passerelles\u00a0\u00bb qui permettent de relier entre eux les circuits des chapelles.<\/li>\n<\/ul>\n<p>Puis nous avons assist\u00e9 avec grand plaisir \u00e0 la projection du DVD r\u00e9alis\u00e9 avec talent par Annie et Marcel pour faire revivre les meilleurs moments de cette ann\u00e9e. (Il est malheureusement impossible de mettre cette animation en ligne car elle est trop volumineuse).<\/p>\n<p><img loading=\"lazy\" decoding=\"async\" class=\"noAlign aligncenter\" src=\"http:\/\/img.over-blog.com\/300x225\/3\/88\/85\/99\/AG\/ag-003.jpg\" alt=\"ag 003\" width=\"324\" height=\"243\" \/><\/p>\n<p><img loading=\"lazy\" decoding=\"async\" class=\"noAlign alignleft\" src=\"http:\/\/img.over-blog.com\/225x300\/3\/88\/85\/99\/AG\/ag-005.jpg\" alt=\"ag 005\" width=\"226\" height=\"301\" \/>Pour clore cette soir\u00e9e<br \/>\ndans la bonne humeur,<br \/>\nun ap\u00e9ritif et un buffet<br \/>\n\u00e9taient offerts<br \/>\naux adh\u00e9rents<br \/>\net b\u00e9n\u00e9voles.<\/p>\n","protected":false},"excerpt":{"rendered":"<p>Grande affluence \u00e0 Ti An Holl pour l&rsquo;assembl\u00e9e g\u00e9n\u00e9rale 2012 de Chemins Plestinais et Patrimoine ! L&rsquo;association, forte d&rsquo;environ 75 adh\u00e9rents, avait presque fait le plein pour l&rsquo;occasion. Public attentif lors de la pr\u00e9sentation par Eric et Mrie-France Irien des activit\u00e9s men\u00e9es depuis mars 2011. La liste des chantiers r\u00e9alis\u00e9s durant cette p\u00e9riode est impressionnante [&hellip;]<\/p>\n","protected":false},"author":1,"featured_media":0,"comment_status":"open","ping_status":"closed","sticky":false,"template":"","format":"standard","meta":{"footnotes":""},"categories":[9],"tags":[],"_links":{"self":[{"href":"https:\/\/cheminsplestinais.dcea.fr\/index.php?rest_route=\/wp\/v2\/posts\/4019"}],"collection":[{"href":"https:\/\/cheminsplestinais.dcea.fr\/index.php?rest_route=\/wp\/v2\/posts"}],"about":[{"href":"https:\/\/cheminsplestinais.dcea.fr\/index.php?rest_route=\/wp\/v2\/types\/post"}],"author":[{"embeddable":true,"href":"https:\/\/cheminsplestinais.dcea.fr\/index.php?rest_route=\/wp\/v2\/users\/1"}],"replies":[{"embeddable":true,"href":"https:\/\/cheminsplestinais.dcea.fr\/index.php?rest_route=%2Fwp%2Fv2%2Fcomments&post=4019"}],"version-history":[{"count":1,"href":"https:\/\/cheminsplestinais.dcea.fr\/index.php?rest_route=\/wp\/v2\/posts\/4019\/revisions"}],"predecessor-version":[{"id":4020,"href":"https:\/\/cheminsplestinais.dcea.fr\/index.php?rest_route=\/wp\/v2\/posts\/4019\/revisions\/4020"}],"wp:attachment":[{"href":"https:\/\/cheminsplestinais.dcea.fr\/index.php?rest_route=%2Fwp%2Fv2%2Fmedia&parent=4019"}],"wp:term":[{"taxonomy":"category","embeddable":true,"href":"https:\/\/cheminsplestinais.dcea.fr\/index.php?rest_route=%2Fwp%2Fv2%2Fcategories&post=4019"},{"taxonomy":"post_tag","embeddable":true,"href":"https:\/\/cheminsplestinais.dcea.fr\/index.php?rest_route=%2Fwp%2Fv2%2Ftags&post=4019"}],"curies":[{"name":"wp","href":"https:\/\/api.w.org\/{rel}","templated":true}]}}