{"id":4021,"date":"2011-10-16T08:24:06","date_gmt":"2011-10-16T07:24:06","guid":{"rendered":"http:\/\/www.cheminsplestinais.dcea.fr\/?p=4021"},"modified":"2017-06-16T08:35:10","modified_gmt":"2017-06-16T07:35:10","slug":"sortie-au-pont-de-terenez-9-octobre-2011","status":"publish","type":"post","link":"https:\/\/cheminsplestinais.dcea.fr\/?p=4021","title":{"rendered":"Sortie au pont de Terenez &#8211; 9 octobre 2011"},"content":{"rendered":"<p>Malgr\u00e9 le temps plut\u00f4t maussade ce dimanche matin, de nombreux membres et amis des \u00ab\u00a0Chemins Plestinais et Patrimoine\u00a0\u00bb se sont retrouv\u00e9s pour une journ\u00e9e de randonn\u00e9e et de visites : direction la presqu&rsquo;ile de Crozon et en particulier le nouveau pont de T\u00e9r\u00e9nez.<\/p>\n<p><img loading=\"lazy\" decoding=\"async\" class=\"GcheTexte alignleft\" src=\"http:\/\/img.over-blog.com\/100x75\/3\/88\/85\/99\/2011-10-Balade-Terenez\/3-Pont-Terenez--1-1-.jpg\" alt=\"3-Pont-T\u00e9ren\u00e9z (1-1)\" width=\"140\" height=\"105\" \/> Nous \u00e9tions accueillis sur place<br \/>\npar Annie et Marcel Le Guillou<\/p>\n<p>qui avaient organis\u00e9 la journ\u00e9e<br \/>\ndans cette r\u00e9gion qui leur est ch\u00e8re.<\/p>\n<p>&nbsp;<\/p>\n<p>Premier temps fort : le pont de T\u00e9r\u00e9nez :<\/p>\n<p><img loading=\"lazy\" decoding=\"async\" class=\"GcheTexte aligncenter\" src=\"http:\/\/img.over-blog.com\/300x225\/3\/88\/85\/99\/2011-10-Balade-Terenez\/3-Pont-Terenez--12-.jpg\" alt=\"3-Pont-T\u00e9ren\u00e9z (12)\" width=\"319\" height=\"239\" \/>\u00a0\u00a0 \u00a0 \u00a0 \u00a0\u00a0 <img loading=\"lazy\" decoding=\"async\" class=\" noAlign\" src=\"http:\/\/img.over-blog.com\/225x300\/3\/88\/85\/99\/2011-10-Balade-Terenez\/3-Pont-Terenez--8-.jpg\" alt=\"3-Pont-T\u00e9ren\u00e9z (8)\" width=\"168\" height=\"225\" \/>\u00a0\u00a0 <img loading=\"lazy\" decoding=\"async\" class=\" noAlign\" src=\"http:\/\/img.over-blog.com\/225x300\/3\/88\/85\/99\/2011-10-Balade-Terenez\/3-Pont-Terenez--11-.jpg\" alt=\"3-Pont-T\u00e9ren\u00e9z (11)\" width=\"168\" height=\"225\" \/><\/p>\n<p><img loading=\"lazy\" decoding=\"async\" class=\"noAlign aligncenter\" src=\"http:\/\/img.over-blog.com\/300x225\/3\/88\/85\/99\/2011-10-Balade-Terenez\/3-Pont-Terenez--3-.jpg\" alt=\"3-Pont-T\u00e9ren\u00e9z (3)\" width=\"340\" height=\"255\" \/><\/p>\n<p>Les participants perplexes tendent de r\u00e9pondre au \u00ab\u00a0questionnaire\u00a0\u00bb relatif \u00e0 ce pont.<\/p>\n<p><img loading=\"lazy\" decoding=\"async\" class=\"noAlign alignright\" src=\"http:\/\/img.over-blog.com\/300x225\/3\/88\/85\/99\/2011-10-Balade-Terenez\/4-argol--3-.jpg\" alt=\"4-argol (3)\" width=\"275\" height=\"206\" \/><\/p>\n<p>Puis rendez-vous \u00e0 Argol, o\u00f9 nous attendent plusieurs activit\u00e9s :<\/p>\n<p><img loading=\"lazy\" decoding=\"async\" class=\" noAlign\" src=\"http:\/\/img.over-blog.com\/300x225\/3\/88\/85\/99\/2011-10-Balade-Terenez\/4-argol--1-.jpg\" alt=\"4-argol (1)\" width=\"275\" height=\"206\" \/><\/p>\n<p>Tout d&rsquo;abord, se retaurer !<\/p>\n<p><img loading=\"lazy\" decoding=\"async\" class=\" noAlign\" src=\"http:\/\/img.over-blog.com\/300x225\/3\/88\/85\/99\/2011-10-Balade-Terenez\/5-argol-a-table--1-.jpg\" alt=\"5-argol-a-table (1)\" width=\"275\" height=\"206\" \/>\u00a0\u00a0\u00a0\u00a0 <img loading=\"lazy\" decoding=\"async\" class=\"noAlign alignright\" src=\"http:\/\/img.over-blog.com\/300x225\/3\/88\/85\/99\/2011-10-Balade-Terenez\/5-argol-a-table.jpg\" alt=\"5-argol-a-table\" width=\"275\" height=\"206\" \/><\/p>\n<p>&nbsp;<\/p>\n<p>Ap\u00e9ritif et pique-nique sous le pr\u00e9au.<\/p>\n<p>&nbsp;<\/p>\n<p>Nous avons pu \u00e9galement dans ce lieu s&rsquo;exercer \u00e0 des jeux traditionnels bretons.<\/p>\n<p><img loading=\"lazy\" decoding=\"async\" class=\"noAlign alignleft\" src=\"http:\/\/img.over-blog.com\/300x225\/3\/88\/85\/99\/2011-10-Balade-Terenez\/5-argol-jeux--0-.jpg\" alt=\"5-argol-jeux (0)\" width=\"275\" height=\"206\" \/>\u00a0\u00a0\u00a0\u00a0 <img loading=\"lazy\" decoding=\"async\" class=\"noAlign alignright\" src=\"http:\/\/img.over-blog.com\/300x225\/3\/88\/85\/99\/2011-10-Balade-Terenez\/5-argol-jeux--3-1-.jpg\" alt=\"5-argol-jeux (3-1)\" width=\"275\" height=\"206\" \/><\/p>\n<p>&nbsp;<\/p>\n<p>&nbsp;<\/p>\n<p>&nbsp;<\/p>\n<p>&nbsp;<\/p>\n<p>&nbsp;<\/p>\n<p>&nbsp;<\/p>\n<p>&nbsp;<\/p>\n<p>Puis, en route pour le mus\u00e9e des vieux m\u00e9tiers :<\/p>\n<p><img loading=\"lazy\" decoding=\"async\" class=\"GcheTexte\" src=\"http:\/\/img.over-blog.com\/168x225\/3\/88\/85\/99\/2011-10-Balade-Terenez\/5-argol-musee--2-.jpg\" alt=\"5-argol-mus\u00e9e (2)\" width=\"140\" height=\"187\" \/> \u00a0\u00a0 \u00a0 \u00a0 \u00a0 \u00a0 \u00a0 \u00a0\u00a0\u00a0 <img loading=\"lazy\" decoding=\"async\" class=\"noAlign\" src=\"http:\/\/img.over-blog.com\/300x225\/3\/88\/85\/99\/2011-10-Balade-Terenez\/5-argol-musee--4-.jpg\" alt=\"5-argol-mus\u00e9e (4)\" width=\"264\" height=\"198\" \/><\/p>\n<p>Tressage de cordes &#8230;.\u00a0\u00a0\u00a0\u00a0\u00a0\u00a0\u00a0\u00a0\u00a0\u00a0\u00a0\u00a0\u00a0\u00a0\u00a0\u00a0\u00a0\u00a0\u00a0\u00a0\u00a0\u00a0\u00a0\u00a0\u00a0\u00a0\u00a0\u00a0\u00a0\u00a0\u00a0\u00a0\u00a0\u00a0\u00a0\u00a0\u00a0\u00a0 travail du chanvre &#8230;<\/p>\n<p><img loading=\"lazy\" decoding=\"async\" class=\"noAlign alignright\" src=\"http:\/\/img.over-blog.com\/300x225\/3\/88\/85\/99\/2011-10-Balade-Terenez\/6-Landevennec.jpg\" alt=\"6-Landevennec\" width=\"275\" height=\"206\" \/><\/p>\n<p>Puis nous sommes partis pour une randonn\u00e9e qui nous a conduits, via Landevennec,<\/p>\n<p>au cimeti\u00e8re marin sur l&rsquo;Aulne.<\/p>\n<p><img loading=\"lazy\" decoding=\"async\" class=\" noAlign\" src=\"http:\/\/img.over-blog.com\/300x225\/3\/88\/85\/99\/2011-10-Balade-Terenez\/7-cimetiere-bateaux--0-.jpg\" alt=\"7-cimeti\u00e8re-bateaux (0)\" width=\"318\" height=\"238\" \/><\/p>\n<p>&nbsp;<\/p>\n<p>La journ\u00e9e s&rsquo;est termin\u00e9e joyeusement avec le r\u00e9confort d&rsquo;une collation offerte par nos h\u00f4tes du jour dans ce lieu magique.<\/p>\n<p><img loading=\"lazy\" decoding=\"async\" class=\"noAlign alignleft\" src=\"http:\/\/img.over-blog.com\/300x225\/3\/88\/85\/99\/2011-10-Balade-Terenez\/7-cimetiere-bateaux--1-.jpg\" alt=\"7-cimeti\u00e8re-bateaux (1)\" width=\"275\" height=\"206\" \/>\u00a0\u00a0\u00a0\u00a0 <img loading=\"lazy\" decoding=\"async\" class=\"noAlign alignright\" src=\"http:\/\/img.over-blog.com\/300x225\/3\/88\/85\/99\/2011-10-Balade-Terenez\/7-cimetiere-bateaux--5-.jpg\" alt=\"7-cimeti\u00e8re-bateaux (5)\" width=\"275\" height=\"206\" \/><\/p>\n","protected":false},"excerpt":{"rendered":"<p>Malgr\u00e9 le temps plut\u00f4t maussade ce dimanche matin, de nombreux membres et amis des \u00ab\u00a0Chemins Plestinais et Patrimoine\u00a0\u00bb se sont retrouv\u00e9s pour une journ\u00e9e de randonn\u00e9e et de visites : direction la presqu&rsquo;ile de Crozon et en particulier le nouveau pont de T\u00e9r\u00e9nez. Nous \u00e9tions accueillis sur place par Annie et Marcel Le Guillou qui [&hellip;]<\/p>\n","protected":false},"author":1,"featured_media":0,"comment_status":"open","ping_status":"closed","sticky":false,"template":"","format":"standard","meta":{"footnotes":""},"categories":[3],"tags":[],"_links":{"self":[{"href":"https:\/\/cheminsplestinais.dcea.fr\/index.php?rest_route=\/wp\/v2\/posts\/4021"}],"collection":[{"href":"https:\/\/cheminsplestinais.dcea.fr\/index.php?rest_route=\/wp\/v2\/posts"}],"about":[{"href":"https:\/\/cheminsplestinais.dcea.fr\/index.php?rest_route=\/wp\/v2\/types\/post"}],"author":[{"embeddable":true,"href":"https:\/\/cheminsplestinais.dcea.fr\/index.php?rest_route=\/wp\/v2\/users\/1"}],"replies":[{"embeddable":true,"href":"https:\/\/cheminsplestinais.dcea.fr\/index.php?rest_route=%2Fwp%2Fv2%2Fcomments&post=4021"}],"version-history":[{"count":1,"href":"https:\/\/cheminsplestinais.dcea.fr\/index.php?rest_route=\/wp\/v2\/posts\/4021\/revisions"}],"predecessor-version":[{"id":4022,"href":"https:\/\/cheminsplestinais.dcea.fr\/index.php?rest_route=\/wp\/v2\/posts\/4021\/revisions\/4022"}],"wp:attachment":[{"href":"https:\/\/cheminsplestinais.dcea.fr\/index.php?rest_route=%2Fwp%2Fv2%2Fmedia&parent=4021"}],"wp:term":[{"taxonomy":"category","embeddable":true,"href":"https:\/\/cheminsplestinais.dcea.fr\/index.php?rest_route=%2Fwp%2Fv2%2Fcategories&post=4021"},{"taxonomy":"post_tag","embeddable":true,"href":"https:\/\/cheminsplestinais.dcea.fr\/index.php?rest_route=%2Fwp%2Fv2%2Ftags&post=4021"}],"curies":[{"name":"wp","href":"https:\/\/api.w.org\/{rel}","templated":true}]}}