{"id":4023,"date":"2011-09-29T08:35:24","date_gmt":"2011-09-29T07:35:24","guid":{"rendered":"http:\/\/www.cheminsplestinais.dcea.fr\/?p=4023"},"modified":"2017-06-16T08:50:26","modified_gmt":"2017-06-16T07:50:26","slug":"chantier-de-kerezou","status":"publish","type":"post","link":"https:\/\/cheminsplestinais.dcea.fr\/?p=4023","title":{"rendered":"Chantier de Kerezou"},"content":{"rendered":"<p><img loading=\"lazy\" decoding=\"async\" class=\"noAlign\" src=\"http:\/\/img.over-blog.com\/600x442\/3\/88\/85\/99\/Articles-de-presse\/cartes\/kerscrinou.jpg\" alt=\"kerscrinou.jpg\" width=\"600\" height=\"442\" \/><\/p>\n<p>&nbsp;<\/p>\n<p>150 heures de tron\u00e7onnage et d\u00e9broussaillage pour l&rsquo;am\u00e9nagement du chemin qui relie K\u00e9r\u00e9zou \u00e0 Kescrinou sur une longueur de 1 km.<\/p>\n<p><img loading=\"lazy\" decoding=\"async\" class=\"GcheTexte aligncenter\" src=\"http:\/\/idata.over-blog.com\/3\/88\/85\/99\/IMGP4116.JPG\" alt=\"IMGP4116.JPG\" width=\"359\" height=\"241\" \/><\/p>\n<p><img loading=\"lazy\" decoding=\"async\" class=\"noAlign\" src=\"http:\/\/img.over-blog.com\/300x225\/3\/88\/85\/99\/SDC15046.JPG\" alt=\"SDC15046.JPG\" width=\"251\" height=\"188\" \/><\/p>\n<p><img loading=\"lazy\" decoding=\"async\" class=\"DrteTexte alignright\" src=\"http:\/\/idata.over-blog.com\/3\/88\/85\/99\/IMGP4120.JPG\" alt=\"IMGP4120.JPG\" width=\"286\" height=\"192\" \/><\/p>\n<p>&nbsp;<\/p>\n<p>Aide des services techniques.<\/p>\n<p>&nbsp;<\/p>\n<p>&nbsp;<\/p>\n<p>Pique-nique en compagnie des membres de la municipalit\u00e9.<\/p>\n<p><img loading=\"lazy\" decoding=\"async\" class=\"GcheTexte aligncenter\" src=\"http:\/\/img.over-blog.com\/300x225\/3\/88\/85\/99\/IMG_3980.JPG\" alt=\"IMG_3980.JPG\" width=\"308\" height=\"231\" \/><\/p>\n<p>&nbsp;<\/p>\n","protected":false},"excerpt":{"rendered":"<p>&nbsp; 150 heures de tron\u00e7onnage et d\u00e9broussaillage pour l&rsquo;am\u00e9nagement du chemin qui relie K\u00e9r\u00e9zou \u00e0 Kescrinou sur une longueur de 1 km. &nbsp; Aide des services techniques. &nbsp; &nbsp; Pique-nique en compagnie des membres de la municipalit\u00e9. &nbsp;<\/p>\n","protected":false},"author":1,"featured_media":0,"comment_status":"open","ping_status":"closed","sticky":false,"template":"","format":"standard","meta":{"footnotes":""},"categories":[2],"tags":[],"_links":{"self":[{"href":"https:\/\/cheminsplestinais.dcea.fr\/index.php?rest_route=\/wp\/v2\/posts\/4023"}],"collection":[{"href":"https:\/\/cheminsplestinais.dcea.fr\/index.php?rest_route=\/wp\/v2\/posts"}],"about":[{"href":"https:\/\/cheminsplestinais.dcea.fr\/index.php?rest_route=\/wp\/v2\/types\/post"}],"author":[{"embeddable":true,"href":"https:\/\/cheminsplestinais.dcea.fr\/index.php?rest_route=\/wp\/v2\/users\/1"}],"replies":[{"embeddable":true,"href":"https:\/\/cheminsplestinais.dcea.fr\/index.php?rest_route=%2Fwp%2Fv2%2Fcomments&post=4023"}],"version-history":[{"count":2,"href":"https:\/\/cheminsplestinais.dcea.fr\/index.php?rest_route=\/wp\/v2\/posts\/4023\/revisions"}],"predecessor-version":[{"id":4029,"href":"https:\/\/cheminsplestinais.dcea.fr\/index.php?rest_route=\/wp\/v2\/posts\/4023\/revisions\/4029"}],"wp:attachment":[{"href":"https:\/\/cheminsplestinais.dcea.fr\/index.php?rest_route=%2Fwp%2Fv2%2Fmedia&parent=4023"}],"wp:term":[{"taxonomy":"category","embeddable":true,"href":"https:\/\/cheminsplestinais.dcea.fr\/index.php?rest_route=%2Fwp%2Fv2%2Fcategories&post=4023"},{"taxonomy":"post_tag","embeddable":true,"href":"https:\/\/cheminsplestinais.dcea.fr\/index.php?rest_route=%2Fwp%2Fv2%2Ftags&post=4023"}],"curies":[{"name":"wp","href":"https:\/\/api.w.org\/{rel}","templated":true}]}}