{"id":4036,"date":"2010-09-16T09:09:16","date_gmt":"2010-09-16T08:09:16","guid":{"rendered":"http:\/\/www.cheminsplestinais.dcea.fr\/?p=4036"},"modified":"2017-06-16T12:57:24","modified_gmt":"2017-06-16T11:57:24","slug":"sortie-a-pouldouran","status":"publish","type":"post","link":"https:\/\/cheminsplestinais.dcea.fr\/?p=4036","title":{"rendered":"Sortie \u00e0 Pouldouran"},"content":{"rendered":"<p>En septembre 2010, les adh\u00e9rents et b\u00e9n\u00e9voles de l&rsquo;Association ont d\u00e9couvert le travail rondement men\u00e9 par l&rsquo;Association <span class=\"st\">Skol ar C&rsquo;hleuzio\u00f9<\/span> de Pouldouran. Visite guid\u00e9e par Fanch, des routoirs \u00e0 lin et murs en pierre s\u00e8che. Nous le remercions de son accueil et de son savoir faire transmis \u00e0 quelques b\u00e9n\u00e9voles de Plestin lors d&rsquo;un stage dans sa commune.<\/p>\n<p>&nbsp;<\/p>\n<p><img loading=\"lazy\" decoding=\"async\" class=\"noAlign aligncenter\" src=\"http:\/\/img.over-blog.com\/300x225\/3\/88\/85\/99\/Articles-de-presse\/Recovered_JPEG-Digital-Camera_9963.jpg\" alt=\"Recovered_JPEG-Digital-Camera_9963.jpg\" width=\"384\" height=\"288\" \/>\u00a0\u00a0\u00a0\u00a0\u00a0\u00a0\u00a0<img loading=\"lazy\" decoding=\"async\" class=\"noAlign aligncenter\" src=\"http:\/\/img.over-blog.com\/300x225\/3\/88\/85\/99\/Articles-de-presse\/Recovered_JPEG-Digital-Camera_10205.jpg\" alt=\"Recovered_JPEG-Digital-Camera_10205.jpg\" width=\"381\" height=\"286\" \/><img loading=\"lazy\" decoding=\"async\" class=\"noAlign aligncenter\" src=\"http:\/\/img.over-blog.com\/300x225\/3\/88\/85\/99\/Articles-de-presse\/Recovered_JPEG-Digital-Camera_10212.jpg\" alt=\"Recovered_JPEG-Digital-Camera_10212.jpg\" width=\"319\" height=\"240\" \/><\/p>\n<p>&nbsp;<\/p>\n<p>Au cours de la journ\u00e9e, visite du Manoir de Kerandraou \u00e0 Trogu\u00e9ry.<\/p>\n<p><img loading=\"lazy\" decoding=\"async\" class=\"noAlign aligncenter\" src=\"http:\/\/img.over-blog.com\/300x225\/3\/88\/85\/99\/Articles-de-presse\/Recovered_JPEG-Digital-Camera_9581.jpg\" alt=\"Recovered_JPEG-Digital-Camera_9581.jpg\" width=\"364\" height=\"273\" \/><\/p>\n","protected":false},"excerpt":{"rendered":"<p>En septembre 2010, les adh\u00e9rents et b\u00e9n\u00e9voles de l&rsquo;Association ont d\u00e9couvert le travail rondement men\u00e9 par l&rsquo;Association Skol ar C&rsquo;hleuzio\u00f9 de Pouldouran. Visite guid\u00e9e par Fanch, des routoirs \u00e0 lin et murs en pierre s\u00e8che. Nous le remercions de son accueil et de son savoir faire transmis \u00e0 quelques b\u00e9n\u00e9voles de Plestin lors d&rsquo;un stage [&hellip;]<\/p>\n","protected":false},"author":1,"featured_media":0,"comment_status":"open","ping_status":"closed","sticky":false,"template":"","format":"standard","meta":{"footnotes":""},"categories":[3],"tags":[],"_links":{"self":[{"href":"https:\/\/cheminsplestinais.dcea.fr\/index.php?rest_route=\/wp\/v2\/posts\/4036"}],"collection":[{"href":"https:\/\/cheminsplestinais.dcea.fr\/index.php?rest_route=\/wp\/v2\/posts"}],"about":[{"href":"https:\/\/cheminsplestinais.dcea.fr\/index.php?rest_route=\/wp\/v2\/types\/post"}],"author":[{"embeddable":true,"href":"https:\/\/cheminsplestinais.dcea.fr\/index.php?rest_route=\/wp\/v2\/users\/1"}],"replies":[{"embeddable":true,"href":"https:\/\/cheminsplestinais.dcea.fr\/index.php?rest_route=%2Fwp%2Fv2%2Fcomments&post=4036"}],"version-history":[{"count":1,"href":"https:\/\/cheminsplestinais.dcea.fr\/index.php?rest_route=\/wp\/v2\/posts\/4036\/revisions"}],"predecessor-version":[{"id":4037,"href":"https:\/\/cheminsplestinais.dcea.fr\/index.php?rest_route=\/wp\/v2\/posts\/4036\/revisions\/4037"}],"wp:attachment":[{"href":"https:\/\/cheminsplestinais.dcea.fr\/index.php?rest_route=%2Fwp%2Fv2%2Fmedia&parent=4036"}],"wp:term":[{"taxonomy":"category","embeddable":true,"href":"https:\/\/cheminsplestinais.dcea.fr\/index.php?rest_route=%2Fwp%2Fv2%2Fcategories&post=4036"},{"taxonomy":"post_tag","embeddable":true,"href":"https:\/\/cheminsplestinais.dcea.fr\/index.php?rest_route=%2Fwp%2Fv2%2Ftags&post=4036"}],"curies":[{"name":"wp","href":"https:\/\/api.w.org\/{rel}","templated":true}]}}