{"id":4040,"date":"2010-09-16T13:03:09","date_gmt":"2010-09-16T12:03:09","guid":{"rendered":"http:\/\/www.cheminsplestinais.dcea.fr\/?p=4040"},"modified":"2017-06-16T13:12:06","modified_gmt":"2017-06-16T12:12:06","slug":"quartier-de-saint-haran","status":"publish","type":"post","link":"https:\/\/cheminsplestinais.dcea.fr\/?p=4040","title":{"rendered":"Quartier de Saint-Haran"},"content":{"rendered":"<p><img loading=\"lazy\" decoding=\"async\" class=\"noAlign alignleft\" src=\"http:\/\/img.over-blog.com\/300x225\/3\/88\/85\/99\/Les-abords-du-lavoir.JPG\" alt=\"Les-abords-du-lavoir.JPG\" width=\"300\" height=\"225\" \/>Chantier de Saint Haran &#8211; Plestin les Gr\u00e8ves<\/p>\n<p>&nbsp;<\/p>\n<p><img loading=\"lazy\" decoding=\"async\" class=\"noAlign alignright\" src=\"http:\/\/img.over-blog.com\/225x300\/3\/88\/85\/99\/Chapelle-St-Haran.jpg\" alt=\"Chapelle-St-Haran.jpg\" width=\"225\" height=\"300\" \/><\/p>\n<p>&nbsp;<\/p>\n<p>&nbsp;<\/p>\n<p>&nbsp;<\/p>\n<p>Dans le petit hameau paisible de Saint Haran, la chapelle vous attend&#8230;<\/p>\n<p>&nbsp;<\/p>\n<p style=\"text-align: center;\"><img loading=\"lazy\" decoding=\"async\" class=\"noAlign aligncenter\" src=\"http:\/\/img.over-blog.com\/300x225\/3\/88\/85\/99\/Lavoir-St-Haran.JPG\" alt=\"Lavoir-St-Haran.JPG\" width=\"452\" height=\"339\" \/> Le groupe de b\u00e9n\u00e9voles apr\u00e8s nettoyage du lavoir.<\/p>\n<p><img loading=\"lazy\" decoding=\"async\" class=\"noAlign alignleft\" src=\"http:\/\/img.over-blog.com\/300x225\/3\/88\/85\/99\/Nettoyage-de-murets.JPG\" alt=\"Nettoyage-de-murets.JPG\" width=\"300\" height=\"225\" \/>\u00a0G\u00e9rald renforce le passage sur le muret.<\/p>\n<p>&nbsp;<\/p>\n<p><img loading=\"lazy\" decoding=\"async\" class=\"noAlign alignright\" src=\"http:\/\/img.over-blog.com\/300x225\/3\/88\/85\/99\/Nettoyage-du-passage-copie-1.JPG\" alt=\"Nettoyage-du-passage-copie-1.JPG\" width=\"300\" height=\"225\" \/><\/p>\n<p>&nbsp;<\/p>\n<p>&nbsp;<\/p>\n<p>Anne-Marie et Alain s\u00e9curisent le passage en bordure du Douron.<\/p>\n<p>&nbsp;<\/p>\n<p>&nbsp;<\/p>\n","protected":false},"excerpt":{"rendered":"<p>Chantier de Saint Haran &#8211; Plestin les Gr\u00e8ves &nbsp; &nbsp; &nbsp; &nbsp; Dans le petit hameau paisible de Saint Haran, la chapelle vous attend&#8230; &nbsp; Le groupe de b\u00e9n\u00e9voles apr\u00e8s nettoyage du lavoir. \u00a0G\u00e9rald renforce le passage sur le muret. &nbsp; &nbsp; &nbsp; Anne-Marie et Alain s\u00e9curisent le passage en bordure du Douron. &nbsp; &nbsp;<\/p>\n","protected":false},"author":1,"featured_media":0,"comment_status":"open","ping_status":"closed","sticky":false,"template":"","format":"standard","meta":{"footnotes":""},"categories":[2],"tags":[],"_links":{"self":[{"href":"https:\/\/cheminsplestinais.dcea.fr\/index.php?rest_route=\/wp\/v2\/posts\/4040"}],"collection":[{"href":"https:\/\/cheminsplestinais.dcea.fr\/index.php?rest_route=\/wp\/v2\/posts"}],"about":[{"href":"https:\/\/cheminsplestinais.dcea.fr\/index.php?rest_route=\/wp\/v2\/types\/post"}],"author":[{"embeddable":true,"href":"https:\/\/cheminsplestinais.dcea.fr\/index.php?rest_route=\/wp\/v2\/users\/1"}],"replies":[{"embeddable":true,"href":"https:\/\/cheminsplestinais.dcea.fr\/index.php?rest_route=%2Fwp%2Fv2%2Fcomments&post=4040"}],"version-history":[{"count":2,"href":"https:\/\/cheminsplestinais.dcea.fr\/index.php?rest_route=\/wp\/v2\/posts\/4040\/revisions"}],"predecessor-version":[{"id":4042,"href":"https:\/\/cheminsplestinais.dcea.fr\/index.php?rest_route=\/wp\/v2\/posts\/4040\/revisions\/4042"}],"wp:attachment":[{"href":"https:\/\/cheminsplestinais.dcea.fr\/index.php?rest_route=%2Fwp%2Fv2%2Fmedia&parent=4040"}],"wp:term":[{"taxonomy":"category","embeddable":true,"href":"https:\/\/cheminsplestinais.dcea.fr\/index.php?rest_route=%2Fwp%2Fv2%2Fcategories&post=4040"},{"taxonomy":"post_tag","embeddable":true,"href":"https:\/\/cheminsplestinais.dcea.fr\/index.php?rest_route=%2Fwp%2Fv2%2Ftags&post=4040"}],"curies":[{"name":"wp","href":"https:\/\/api.w.org\/{rel}","templated":true}]}}