{"id":4043,"date":"2010-06-16T13:13:12","date_gmt":"2010-06-16T12:13:12","guid":{"rendered":"http:\/\/www.cheminsplestinais.dcea.fr\/?p=4043"},"modified":"2017-06-16T13:18:05","modified_gmt":"2017-06-16T12:18:05","slug":"inauguration-des-circuits-des-chapelles","status":"publish","type":"post","link":"https:\/\/cheminsplestinais.dcea.fr\/?p=4043","title":{"rendered":"Inauguration des circuits des chapelles"},"content":{"rendered":"<p>1\u00e8re sortie de l&rsquo;Association \u00e0 l&rsquo;occasion de l&rsquo;inauguration du circuit des chapelles en collaboration avec l&rsquo;OCM Ti an Holl.<\/p>\n<p><img loading=\"lazy\" decoding=\"async\" class=\"noAlign alignleft\" src=\"http:\/\/img.over-blog.com\/300x225\/3\/88\/85\/99\/Balade-20-Juin-2010\/Sur-le-circuit-de-St-Haran--JPG\" alt=\"Sur-le-circuit-de-St-Haran--JPG\" width=\"267\" height=\"205\" \/><\/p>\n<p>En bordure du Douron, sur le sentier de St Haran.<\/p>\n<p>&nbsp;<\/p>\n<p><img loading=\"lazy\" decoding=\"async\" class=\"noAlign alignright\" src=\"http:\/\/img.over-blog.com\/300x225\/3\/88\/85\/99\/Balade-20-Juin-2010\/Balade-du-20-Juin-2010.JPG\" alt=\"Balade-du-20-Juin-2010.JPG\" width=\"329\" height=\"247\" \/><\/p>\n<p>&nbsp;<\/p>\n<p><span style=\"color: #ffffff;\">.<\/span><br \/>\n<span style=\"color: #ffffff;\">.<\/span><br \/>\nRandonn\u00e9e de 13 Km le 20 Juin.<img loading=\"lazy\" decoding=\"async\" class=\"noAlign alignleft\" src=\"http:\/\/img.over-blog.com\/300x225\/3\/88\/85\/99\/Inauguration-du-nouveau-sentier.JPG\" alt=\"Inauguration-du-nouveau-sentier.JPG\" width=\"323\" height=\"242\" \/><\/p>\n<p>&nbsp;<\/p>\n<p>&nbsp;<\/p>\n<p>&nbsp;<\/p>\n<p>&nbsp;<\/p>\n<p>Inauguration du nouveau sentier r\u00e9am\u00e9nag\u00e9 par l&rsquo;Association Chemins Plestinais et Patrimoine<\/p>\n<p>&nbsp;<\/p>\n<p>&nbsp;<\/p>\n<p><img loading=\"lazy\" decoding=\"async\" class=\"noAlign aligncenter\" src=\"http:\/\/img.over-blog.com\/300x224\/3\/88\/85\/99\/Inauguration-Circuit-chapelles.JPG\" alt=\"Inauguration-Circuit-chapelles.JPG\" width=\"388\" height=\"292\" \/><\/p>\n<p>Balade du 20 Juin.<img loading=\"lazy\" decoding=\"async\" class=\"noAlign alignright\" src=\"http:\/\/img.over-blog.com\/300x225\/3\/88\/85\/99\/Pause-lors-de-la-balade-du-20-Juin-2010.JPG\" alt=\"Pause-lors-de-la-balade-du-20-Juin-2010.JPG\" width=\"300\" height=\"225\" \/>\u00a0D\u00e9gustation des fraises de Framboise et pause caf\u00e9 lors de la rando de cette belle journ\u00e9e de printemps.<\/p>\n","protected":false},"excerpt":{"rendered":"<p>1\u00e8re sortie de l&rsquo;Association \u00e0 l&rsquo;occasion de l&rsquo;inauguration du circuit des chapelles en collaboration avec l&rsquo;OCM Ti an Holl. En bordure du Douron, sur le sentier de St Haran. &nbsp; &nbsp; . . Randonn\u00e9e de 13 Km le 20 Juin. &nbsp; &nbsp; &nbsp; &nbsp; Inauguration du nouveau sentier r\u00e9am\u00e9nag\u00e9 par l&rsquo;Association Chemins Plestinais et Patrimoine [&hellip;]<\/p>\n","protected":false},"author":1,"featured_media":0,"comment_status":"open","ping_status":"closed","sticky":false,"template":"","format":"standard","meta":{"footnotes":""},"categories":[3],"tags":[],"_links":{"self":[{"href":"https:\/\/cheminsplestinais.dcea.fr\/index.php?rest_route=\/wp\/v2\/posts\/4043"}],"collection":[{"href":"https:\/\/cheminsplestinais.dcea.fr\/index.php?rest_route=\/wp\/v2\/posts"}],"about":[{"href":"https:\/\/cheminsplestinais.dcea.fr\/index.php?rest_route=\/wp\/v2\/types\/post"}],"author":[{"embeddable":true,"href":"https:\/\/cheminsplestinais.dcea.fr\/index.php?rest_route=\/wp\/v2\/users\/1"}],"replies":[{"embeddable":true,"href":"https:\/\/cheminsplestinais.dcea.fr\/index.php?rest_route=%2Fwp%2Fv2%2Fcomments&post=4043"}],"version-history":[{"count":3,"href":"https:\/\/cheminsplestinais.dcea.fr\/index.php?rest_route=\/wp\/v2\/posts\/4043\/revisions"}],"predecessor-version":[{"id":4046,"href":"https:\/\/cheminsplestinais.dcea.fr\/index.php?rest_route=\/wp\/v2\/posts\/4043\/revisions\/4046"}],"wp:attachment":[{"href":"https:\/\/cheminsplestinais.dcea.fr\/index.php?rest_route=%2Fwp%2Fv2%2Fmedia&parent=4043"}],"wp:term":[{"taxonomy":"category","embeddable":true,"href":"https:\/\/cheminsplestinais.dcea.fr\/index.php?rest_route=%2Fwp%2Fv2%2Fcategories&post=4043"},{"taxonomy":"post_tag","embeddable":true,"href":"https:\/\/cheminsplestinais.dcea.fr\/index.php?rest_route=%2Fwp%2Fv2%2Ftags&post=4043"}],"curies":[{"name":"wp","href":"https:\/\/api.w.org\/{rel}","templated":true}]}}