{"id":4619,"date":"2017-12-13T11:16:44","date_gmt":"2017-12-13T10:16:44","guid":{"rendered":"http:\/\/www.cheminsplestinais.dcea.fr\/?p=4619"},"modified":"2018-02-14T14:39:29","modified_gmt":"2018-02-14T13:39:29","slug":"les-feuilles-mortes-se-ramassent-a-la-pelle-les-bons-moments-aussi","status":"publish","type":"post","link":"https:\/\/cheminsplestinais.dcea.fr\/?p=4619","title":{"rendered":"Les  feuilles  mortes  se  ramassent  \u00e0  la  pelle&#8230;&#8230;.     les bons moments aussi"},"content":{"rendered":"<p style=\"padding-left: 30px;\"><span style=\"color: #993300;\">Comme il est doux au pas du randonneur de fouler un \u00e9pais<br \/>\ntapis de feuilles mortes !<\/span><\/p>\n<p>Oui mais&#8230; \u00e0 la longue cela devient glissant et les tranch\u00e9es<br \/>\nse bouchent = danger pour les marcheurs et les VTTistes.<\/p>\n<p>D&rsquo;o\u00f9 notre intervention muscl\u00e9e sur les sentiers qui m\u00e8nent<br \/>\nau site de Kozh Iliz.<\/p>\n<p><a href=\"https:\/\/cheminsplestinais.dcea.fr\/wp-content\/uploads\/2017\/12\/feuilles-mortes-2.jpg\"><img loading=\"lazy\" decoding=\"async\" class=\"alignleft size-medium wp-image-4626\" src=\"https:\/\/cheminsplestinais.dcea.fr\/wp-content\/uploads\/2017\/12\/feuilles-mortes-2-300x225.jpg\" alt=\"\" width=\"300\" height=\"225\" srcset=\"https:\/\/cheminsplestinais.dcea.fr\/wp-content\/uploads\/2017\/12\/feuilles-mortes-2-300x225.jpg 300w, https:\/\/cheminsplestinais.dcea.fr\/wp-content\/uploads\/2017\/12\/feuilles-mortes-2-768x576.jpg 768w, https:\/\/cheminsplestinais.dcea.fr\/wp-content\/uploads\/2017\/12\/feuilles-mortes-2.jpg 896w\" sizes=\"(max-width: 300px) 100vw, 300px\" \/><\/a><a href=\"https:\/\/cheminsplestinais.dcea.fr\/wp-content\/uploads\/2017\/12\/feuilles-mortes-3.jpg\"><img loading=\"lazy\" decoding=\"async\" class=\"alignnone size-medium wp-image-4627\" src=\"https:\/\/cheminsplestinais.dcea.fr\/wp-content\/uploads\/2017\/12\/feuilles-mortes-3-300x169.jpg\" alt=\"\" width=\"300\" height=\"169\" srcset=\"https:\/\/cheminsplestinais.dcea.fr\/wp-content\/uploads\/2017\/12\/feuilles-mortes-3-300x169.jpg 300w, https:\/\/cheminsplestinais.dcea.fr\/wp-content\/uploads\/2017\/12\/feuilles-mortes-3-768x432.jpg 768w, https:\/\/cheminsplestinais.dcea.fr\/wp-content\/uploads\/2017\/12\/feuilles-mortes-3.jpg 920w\" sizes=\"(max-width: 300px) 100vw, 300px\" \/><\/a><span style=\"color: #ffffff;\">.<\/span><\/p>\n<p>Apr\u00e8s le ratissage des feuilles,<br \/>\nune technique bien \u00e9prouv\u00e9e<\/p>\n<p style=\"text-align: right;\"><a href=\"https:\/\/cheminsplestinais.dcea.fr\/wp-content\/uploads\/2017\/12\/feuilles-mortes-4.jpg\"><img loading=\"lazy\" decoding=\"async\" class=\"alignnone size-medium wp-image-4628\" src=\"https:\/\/cheminsplestinais.dcea.fr\/wp-content\/uploads\/2017\/12\/feuilles-mortes-4-300x225.jpg\" alt=\"\" width=\"300\" height=\"225\" srcset=\"https:\/\/cheminsplestinais.dcea.fr\/wp-content\/uploads\/2017\/12\/feuilles-mortes-4-300x225.jpg 300w, https:\/\/cheminsplestinais.dcea.fr\/wp-content\/uploads\/2017\/12\/feuilles-mortes-4-768x576.jpg 768w, https:\/\/cheminsplestinais.dcea.fr\/wp-content\/uploads\/2017\/12\/feuilles-mortes-4.jpg 896w\" sizes=\"(max-width: 300px) 100vw, 300px\" \/><\/a><a href=\"https:\/\/cheminsplestinais.dcea.fr\/wp-content\/uploads\/2017\/12\/feuilles-mortes-5.jpg\"><img loading=\"lazy\" decoding=\"async\" class=\"alignright size-medium wp-image-4629\" src=\"https:\/\/cheminsplestinais.dcea.fr\/wp-content\/uploads\/2017\/12\/feuilles-mortes-5-300x169.jpg\" alt=\"\" width=\"300\" height=\"169\" srcset=\"https:\/\/cheminsplestinais.dcea.fr\/wp-content\/uploads\/2017\/12\/feuilles-mortes-5-300x169.jpg 300w, https:\/\/cheminsplestinais.dcea.fr\/wp-content\/uploads\/2017\/12\/feuilles-mortes-5-768x432.jpg 768w, https:\/\/cheminsplestinais.dcea.fr\/wp-content\/uploads\/2017\/12\/feuilles-mortes-5.jpg 920w\" sizes=\"(max-width: 300px) 100vw, 300px\" \/><\/a><\/p>\n<p style=\"text-align: right;\"><span style=\"color: #ffffff;\">.<\/span><br \/>\nnous permet de les transporter<\/p>\n<p style=\"text-align: left;\"><a href=\"https:\/\/cheminsplestinais.dcea.fr\/wp-content\/uploads\/2017\/12\/feuilles-mortes-6.jpg\"><img loading=\"lazy\" decoding=\"async\" class=\"alignleft size-medium wp-image-4630\" src=\"https:\/\/cheminsplestinais.dcea.fr\/wp-content\/uploads\/2017\/12\/feuilles-mortes-6-300x169.jpg\" alt=\"\" width=\"300\" height=\"169\" srcset=\"https:\/\/cheminsplestinais.dcea.fr\/wp-content\/uploads\/2017\/12\/feuilles-mortes-6-300x169.jpg 300w, https:\/\/cheminsplestinais.dcea.fr\/wp-content\/uploads\/2017\/12\/feuilles-mortes-6-768x432.jpg 768w, https:\/\/cheminsplestinais.dcea.fr\/wp-content\/uploads\/2017\/12\/feuilles-mortes-6.jpg 920w\" sizes=\"(max-width: 300px) 100vw, 300px\" \/><\/a><a href=\"https:\/\/cheminsplestinais.dcea.fr\/wp-content\/uploads\/2017\/12\/feuilles-mortes-7.jpg\"><img loading=\"lazy\" decoding=\"async\" class=\"alignnone wp-image-4631\" src=\"https:\/\/cheminsplestinais.dcea.fr\/wp-content\/uploads\/2017\/12\/feuilles-mortes-7-300x169.jpg\" alt=\"\" width=\"310\" height=\"175\" srcset=\"https:\/\/cheminsplestinais.dcea.fr\/wp-content\/uploads\/2017\/12\/feuilles-mortes-7-300x169.jpg 300w, https:\/\/cheminsplestinais.dcea.fr\/wp-content\/uploads\/2017\/12\/feuilles-mortes-7-768x432.jpg 768w, https:\/\/cheminsplestinais.dcea.fr\/wp-content\/uploads\/2017\/12\/feuilles-mortes-7.jpg 920w\" sizes=\"(max-width: 310px) 100vw, 310px\" \/><\/a><span style=\"color: #ffffff;\">.<\/span><br \/>\n<span style=\"color: #ffffff;\">.<\/span><\/p>\n<p style=\"text-align: left;\">et de les \u00e9vacuer&#8230; non sans effort!<\/p>\n<p style=\"text-align: center;\"><span style=\"color: #008000;\">Ce travail termin\u00e9, nous nous attelons \u00e0 un autre chantier :<\/span><\/p>\n<p style=\"text-align: left;\">am\u00e9liorer le cheminement sur le sentier littoral qui m\u00e8ne de la gr\u00e8ve des cur\u00e9s \u00e0 Beg Douar.<\/p>\n<p style=\"text-align: right;\"><a href=\"https:\/\/cheminsplestinais.dcea.fr\/wp-content\/uploads\/2017\/12\/gr34-1.jpg\"><img loading=\"lazy\" decoding=\"async\" class=\"alignnone wp-image-4660\" src=\"https:\/\/cheminsplestinais.dcea.fr\/wp-content\/uploads\/2017\/12\/gr34-1-300x225.jpg\" alt=\"\" width=\"310\" height=\"233\" srcset=\"https:\/\/cheminsplestinais.dcea.fr\/wp-content\/uploads\/2017\/12\/gr34-1-300x225.jpg 300w, https:\/\/cheminsplestinais.dcea.fr\/wp-content\/uploads\/2017\/12\/gr34-1-768x576.jpg 768w, https:\/\/cheminsplestinais.dcea.fr\/wp-content\/uploads\/2017\/12\/gr34-1.jpg 896w\" sizes=\"(max-width: 310px) 100vw, 310px\" \/><\/a><a href=\"https:\/\/cheminsplestinais.dcea.fr\/wp-content\/uploads\/2017\/12\/gr34-10.jpg\"><img loading=\"lazy\" decoding=\"async\" class=\"alignright size-medium wp-image-4669\" src=\"https:\/\/cheminsplestinais.dcea.fr\/wp-content\/uploads\/2017\/12\/gr34-10-300x225.jpg\" alt=\"\" width=\"300\" height=\"225\" srcset=\"https:\/\/cheminsplestinais.dcea.fr\/wp-content\/uploads\/2017\/12\/gr34-10-300x225.jpg 300w, https:\/\/cheminsplestinais.dcea.fr\/wp-content\/uploads\/2017\/12\/gr34-10-768x576.jpg 768w, https:\/\/cheminsplestinais.dcea.fr\/wp-content\/uploads\/2017\/12\/gr34-10.jpg 896w\" sizes=\"(max-width: 300px) 100vw, 300px\" \/><\/a> L&rsquo;acc\u00e8s au chantier est loin d&rsquo;\u00eatre \u00e9vident !<\/p>\n<p style=\"text-align: left;\"><a href=\"https:\/\/cheminsplestinais.dcea.fr\/wp-content\/uploads\/2017\/12\/gr34-3.jpg\"><img loading=\"lazy\" decoding=\"async\" class=\"alignleft size-medium wp-image-4662\" src=\"https:\/\/cheminsplestinais.dcea.fr\/wp-content\/uploads\/2017\/12\/gr34-3-300x225.jpg\" alt=\"\" width=\"300\" height=\"225\" srcset=\"https:\/\/cheminsplestinais.dcea.fr\/wp-content\/uploads\/2017\/12\/gr34-3-300x225.jpg 300w, https:\/\/cheminsplestinais.dcea.fr\/wp-content\/uploads\/2017\/12\/gr34-3-768x576.jpg 768w, https:\/\/cheminsplestinais.dcea.fr\/wp-content\/uploads\/2017\/12\/gr34-3.jpg 896w\" sizes=\"(max-width: 300px) 100vw, 300px\" \/><\/a><img loading=\"lazy\" decoding=\"async\" class=\"alignnone wp-image-4661\" src=\"https:\/\/cheminsplestinais.dcea.fr\/wp-content\/uploads\/2017\/12\/gr34-2-300x225.jpg\" alt=\"\" width=\"267\" height=\"200\" srcset=\"https:\/\/cheminsplestinais.dcea.fr\/wp-content\/uploads\/2017\/12\/gr34-2-300x225.jpg 300w, https:\/\/cheminsplestinais.dcea.fr\/wp-content\/uploads\/2017\/12\/gr34-2-768x576.jpg 768w, https:\/\/cheminsplestinais.dcea.fr\/wp-content\/uploads\/2017\/12\/gr34-2.jpg 896w\" sizes=\"(max-width: 267px) 100vw, 267px\" \/><\/p>\n<p style=\"text-align: left;\"><span style=\"color: #ffffff;\">.<\/span><\/p>\n<p style=\"text-align: left;\">Au programme : d\u00e9broussaillage pour d\u00e9gager la vue sur la baie&#8230;<\/p>\n<p style=\"text-align: left;\"><a href=\"https:\/\/cheminsplestinais.dcea.fr\/wp-content\/uploads\/2017\/12\/gr34-5.jpg\"><img loading=\"lazy\" decoding=\"async\" class=\"alignnone wp-image-4664\" src=\"https:\/\/cheminsplestinais.dcea.fr\/wp-content\/uploads\/2017\/12\/gr34-5-300x225.jpg\" alt=\"\" width=\"317\" height=\"238\" srcset=\"https:\/\/cheminsplestinais.dcea.fr\/wp-content\/uploads\/2017\/12\/gr34-5-300x225.jpg 300w, https:\/\/cheminsplestinais.dcea.fr\/wp-content\/uploads\/2017\/12\/gr34-5-768x576.jpg 768w, https:\/\/cheminsplestinais.dcea.fr\/wp-content\/uploads\/2017\/12\/gr34-5.jpg 896w\" sizes=\"(max-width: 317px) 100vw, 317px\" \/><\/a><a href=\"https:\/\/cheminsplestinais.dcea.fr\/wp-content\/uploads\/2017\/12\/gr34-6.jpg\"><img loading=\"lazy\" decoding=\"async\" class=\"alignright size-medium wp-image-4665\" src=\"https:\/\/cheminsplestinais.dcea.fr\/wp-content\/uploads\/2017\/12\/gr34-6-300x225.jpg\" alt=\"\" width=\"300\" height=\"225\" srcset=\"https:\/\/cheminsplestinais.dcea.fr\/wp-content\/uploads\/2017\/12\/gr34-6-300x225.jpg 300w, https:\/\/cheminsplestinais.dcea.fr\/wp-content\/uploads\/2017\/12\/gr34-6-768x576.jpg 768w, https:\/\/cheminsplestinais.dcea.fr\/wp-content\/uploads\/2017\/12\/gr34-6.jpg 896w\" sizes=\"(max-width: 300px) 100vw, 300px\" \/><\/a><\/p>\n<p style=\"text-align: left;\">\u00e9largissement du chemin&#8230;\u00a0 \u00a0 \u00a0 \u00a0 \u00a0 \u00a0 \u00a0 \u00a0 \u00a0 \u00a0 \u00a0 r\u00e9fection des marches&#8230;<\/p>\n<p style=\"text-align: right;\">et s\u00e9curisation de l&rsquo;acc\u00e8s au sentier au d\u00e9part de la plage.<\/p>\n<p style=\"text-align: right;\"><a href=\"https:\/\/cheminsplestinais.dcea.fr\/wp-content\/uploads\/2017\/12\/gr34-4.jpg\"><img loading=\"lazy\" decoding=\"async\" class=\"aligncenter wp-image-4663 size-full\" src=\"https:\/\/cheminsplestinais.dcea.fr\/wp-content\/uploads\/2017\/12\/gr34-4.jpg\" alt=\"\" width=\"896\" height=\"672\" srcset=\"https:\/\/cheminsplestinais.dcea.fr\/wp-content\/uploads\/2017\/12\/gr34-4.jpg 896w, https:\/\/cheminsplestinais.dcea.fr\/wp-content\/uploads\/2017\/12\/gr34-4-300x225.jpg 300w, https:\/\/cheminsplestinais.dcea.fr\/wp-content\/uploads\/2017\/12\/gr34-4-768x576.jpg 768w\" sizes=\"(max-width: 896px) 100vw, 896px\" \/><\/a><\/p>\n<p style=\"text-align: center;\">Une fi\u00e8re \u00e9quipe pour un beau projet,<br \/>\nqui s&rsquo;\u00e9talera dans le temps, vu la longueur du chemin \u00e0 am\u00e9nager.<\/p>\n<p style=\"text-align: center;\"><strong>N.B<\/strong>. :<em> une journaliste nous a rendu visite ce jour-l\u00e0. Voir l&rsquo;article <a href=\"https:\/\/cheminsplestinais.dcea.fr\/wp-content\/uploads\/2017\/12\/Chemins-Plestinais.jpg\"><img loading=\"lazy\" decoding=\"async\" class=\"alignnone size-thumbnail wp-image-4732\" src=\"https:\/\/cheminsplestinais.dcea.fr\/wp-content\/uploads\/2017\/12\/Chemins-Plestinais-150x150.jpg\" alt=\"\" width=\"150\" height=\"150\" \/><\/a><br \/>\n<\/em><\/p>\n<p style=\"text-align: left;\"><span style=\"color: #ffffff;\"><strong>.<\/strong><\/span><\/p>\n<p style=\"text-align: left;\"><span style=\"color: #000080;\"><strong>Mais nos activit\u00e9s se d\u00e9ploient \u00e9galement en dehors du \u00ab\u00a0terrain\u00a0\u00bb<\/strong> <\/span>:<\/p>\n<p style=\"text-align: left;\">Le dimanche 3 d\u00e9cembre, nous avons organis\u00e9 une randonn\u00e9e\u00a0 dans le cadre du<span style=\"color: #800000;\"> t\u00e9l\u00e9thon<\/span>.<\/p>\n<p style=\"text-align: left;\"><a href=\"https:\/\/cheminsplestinais.dcea.fr\/wp-content\/uploads\/2017\/12\/t\u00e9l\u00e9thon-1.jpg\"><img loading=\"lazy\" decoding=\"async\" class=\"alignleft size-medium wp-image-4694\" src=\"https:\/\/cheminsplestinais.dcea.fr\/wp-content\/uploads\/2017\/12\/t\u00e9l\u00e9thon-1-300x225.jpg\" alt=\"\" width=\"300\" height=\"225\" srcset=\"https:\/\/cheminsplestinais.dcea.fr\/wp-content\/uploads\/2017\/12\/t\u00e9l\u00e9thon-1-300x225.jpg 300w, https:\/\/cheminsplestinais.dcea.fr\/wp-content\/uploads\/2017\/12\/t\u00e9l\u00e9thon-1-768x576.jpg 768w, https:\/\/cheminsplestinais.dcea.fr\/wp-content\/uploads\/2017\/12\/t\u00e9l\u00e9thon-1.jpg 900w\" sizes=\"(max-width: 300px) 100vw, 300px\" \/><\/a>Apr\u00e8s la traditionnelle<br \/>\n\u00ab\u00a0omelette-frite\u00a0\u00bb<br \/>\nau boulodrome,<a href=\"https:\/\/cheminsplestinais.dcea.fr\/wp-content\/uploads\/2017\/12\/t\u00e9l\u00e9thon-2.jpg\"><img loading=\"lazy\" decoding=\"async\" class=\"alignright size-medium wp-image-4695\" src=\"https:\/\/cheminsplestinais.dcea.fr\/wp-content\/uploads\/2017\/12\/t\u00e9l\u00e9thon-2-300x225.jpg\" alt=\"\" width=\"300\" height=\"225\" srcset=\"https:\/\/cheminsplestinais.dcea.fr\/wp-content\/uploads\/2017\/12\/t\u00e9l\u00e9thon-2-300x225.jpg 300w, https:\/\/cheminsplestinais.dcea.fr\/wp-content\/uploads\/2017\/12\/t\u00e9l\u00e9thon-2-768x576.jpg 768w, https:\/\/cheminsplestinais.dcea.fr\/wp-content\/uploads\/2017\/12\/t\u00e9l\u00e9thon-2.jpg 900w\" sizes=\"(max-width: 300px) 100vw, 300px\" \/><\/a><\/p>\n<p style=\"text-align: left;\">c&rsquo;est un groupe<br \/>\nd&rsquo;une quarantaine<br \/>\nde randonneurs , sympathiques<br \/>\net d\u00e9termin\u00e9s,<\/p>\n<p style=\"text-align: left;\">qui prennent le d\u00e9part de la boucle<br \/>\nd&rsquo;environ 7 km<\/p>\n<p style=\"text-align: left;\"><a href=\"https:\/\/cheminsplestinais.dcea.fr\/wp-content\/uploads\/2017\/12\/t\u00e9l\u00e9thon-3.jpg\"><img loading=\"lazy\" decoding=\"async\" class=\"aligncenter size-full wp-image-4696\" src=\"https:\/\/cheminsplestinais.dcea.fr\/wp-content\/uploads\/2017\/12\/t\u00e9l\u00e9thon-3.jpg\" alt=\"\" width=\"900\" height=\"675\" srcset=\"https:\/\/cheminsplestinais.dcea.fr\/wp-content\/uploads\/2017\/12\/t\u00e9l\u00e9thon-3.jpg 900w, https:\/\/cheminsplestinais.dcea.fr\/wp-content\/uploads\/2017\/12\/t\u00e9l\u00e9thon-3-300x225.jpg 300w, https:\/\/cheminsplestinais.dcea.fr\/wp-content\/uploads\/2017\/12\/t\u00e9l\u00e9thon-3-768x576.jpg 768w\" sizes=\"(max-width: 900px) 100vw, 900px\" \/><\/a><\/p>\n<p style=\"text-align: left;\"><a href=\"https:\/\/cheminsplestinais.dcea.fr\/wp-content\/uploads\/2017\/12\/t\u00e9l\u00e9thon-4.jpg\"><img loading=\"lazy\" decoding=\"async\" class=\"alignleft size-medium wp-image-4697\" src=\"https:\/\/cheminsplestinais.dcea.fr\/wp-content\/uploads\/2017\/12\/t\u00e9l\u00e9thon-4-300x225.jpg\" alt=\"\" width=\"300\" height=\"225\" srcset=\"https:\/\/cheminsplestinais.dcea.fr\/wp-content\/uploads\/2017\/12\/t\u00e9l\u00e9thon-4-300x225.jpg 300w, https:\/\/cheminsplestinais.dcea.fr\/wp-content\/uploads\/2017\/12\/t\u00e9l\u00e9thon-4-768x576.jpg 768w, https:\/\/cheminsplestinais.dcea.fr\/wp-content\/uploads\/2017\/12\/t\u00e9l\u00e9thon-4.jpg 900w\" sizes=\"(max-width: 300px) 100vw, 300px\" \/><\/a>Beau parcours \u00e0 travers les frondaisons<\/p>\n<p style=\"text-align: left;\"><a href=\"https:\/\/cheminsplestinais.dcea.fr\/wp-content\/uploads\/2017\/12\/t\u00e9l\u00e9thon-6.jpg\"><img loading=\"lazy\" decoding=\"async\" class=\"alignnone wp-image-4699\" src=\"https:\/\/cheminsplestinais.dcea.fr\/wp-content\/uploads\/2017\/12\/t\u00e9l\u00e9thon-6-300x185.jpg\" alt=\"\" width=\"315\" height=\"195\" srcset=\"https:\/\/cheminsplestinais.dcea.fr\/wp-content\/uploads\/2017\/12\/t\u00e9l\u00e9thon-6-300x185.jpg 300w, https:\/\/cheminsplestinais.dcea.fr\/wp-content\/uploads\/2017\/12\/t\u00e9l\u00e9thon-6-768x474.jpg 768w, https:\/\/cheminsplestinais.dcea.fr\/wp-content\/uploads\/2017\/12\/t\u00e9l\u00e9thon-6.jpg 900w\" sizes=\"(max-width: 315px) 100vw, 315px\" \/><\/a><\/p>\n<p style=\"text-align: right;\">Le long cort\u00e8ge dans la campagne.<\/p>\n<p style=\"text-align: left;\">Un l\u00e9ger regret : que notre initiative n&rsquo;attire gu\u00e8re au-del\u00e0 de notre cercle d&rsquo;habitu\u00e9s.<\/p>\n<p style=\"text-align: left;\">A moins que&#8230;\u00a0 <a href=\"https:\/\/cheminsplestinais.dcea.fr\/wp-content\/uploads\/2017\/12\/t\u00e9l\u00e9thon-7.jpg\"><img loading=\"lazy\" decoding=\"async\" class=\"alignnone size-medium wp-image-4700\" src=\"https:\/\/cheminsplestinais.dcea.fr\/wp-content\/uploads\/2017\/12\/t\u00e9l\u00e9thon-7-300x225.jpg\" alt=\"\" width=\"300\" height=\"225\" srcset=\"https:\/\/cheminsplestinais.dcea.fr\/wp-content\/uploads\/2017\/12\/t\u00e9l\u00e9thon-7-300x225.jpg 300w, https:\/\/cheminsplestinais.dcea.fr\/wp-content\/uploads\/2017\/12\/t\u00e9l\u00e9thon-7-768x576.jpg 768w, https:\/\/cheminsplestinais.dcea.fr\/wp-content\/uploads\/2017\/12\/t\u00e9l\u00e9thon-7.jpg 900w\" sizes=\"(max-width: 300px) 100vw, 300px\" \/><\/a><\/p>\n<p style=\"text-align: left;\">Nous sommes cependant satisfaits d&rsquo;avoir pu contribuer au T\u00e9l\u00e9thon pour un montant de 250\u20ac.<\/p>\n<p style=\"text-align: left;\"><span style=\"color: #ffffff;\">.<\/span><\/p>\n<p style=\"text-align: left;\">Enfin, pour terminer agr\u00e9ablement l&rsquo;ann\u00e9e, nous nous retrouvons toutes et tous au restaurant le 11 d\u00e9cembre .<\/p>\n<p style=\"text-align: left;\"><a href=\"https:\/\/cheminsplestinais.dcea.fr\/wp-content\/uploads\/2017\/12\/traiteur-2.jpg\"><img loading=\"lazy\" decoding=\"async\" class=\"alignleft size-medium wp-image-4721\" src=\"https:\/\/cheminsplestinais.dcea.fr\/wp-content\/uploads\/2017\/12\/traiteur-2-300x225.jpg\" alt=\"\" width=\"300\" height=\"225\" srcset=\"https:\/\/cheminsplestinais.dcea.fr\/wp-content\/uploads\/2017\/12\/traiteur-2-300x225.jpg 300w, https:\/\/cheminsplestinais.dcea.fr\/wp-content\/uploads\/2017\/12\/traiteur-2-768x576.jpg 768w, https:\/\/cheminsplestinais.dcea.fr\/wp-content\/uploads\/2017\/12\/traiteur-2.jpg 900w\" sizes=\"(max-width: 300px) 100vw, 300px\" \/><\/a><a href=\"https:\/\/cheminsplestinais.dcea.fr\/wp-content\/uploads\/2017\/12\/traiteur-1.jpg\"><img loading=\"lazy\" decoding=\"async\" class=\"alignnone size-medium wp-image-4720\" src=\"https:\/\/cheminsplestinais.dcea.fr\/wp-content\/uploads\/2017\/12\/traiteur-1-300x225.jpg\" alt=\"\" width=\"300\" height=\"225\" srcset=\"https:\/\/cheminsplestinais.dcea.fr\/wp-content\/uploads\/2017\/12\/traiteur-1-300x225.jpg 300w, https:\/\/cheminsplestinais.dcea.fr\/wp-content\/uploads\/2017\/12\/traiteur-1-768x576.jpg 768w, https:\/\/cheminsplestinais.dcea.fr\/wp-content\/uploads\/2017\/12\/traiteur-1.jpg 900w\" sizes=\"(max-width: 300px) 100vw, 300px\" \/><\/a><\/p>\n<p style=\"text-align: left;\"><a href=\"https:\/\/cheminsplestinais.dcea.fr\/wp-content\/uploads\/2017\/12\/traiteur-3.jpg\"><img loading=\"lazy\" decoding=\"async\" class=\"alignright size-medium wp-image-4722\" src=\"https:\/\/cheminsplestinais.dcea.fr\/wp-content\/uploads\/2017\/12\/traiteur-3-300x225.jpg\" alt=\"\" width=\"300\" height=\"225\" srcset=\"https:\/\/cheminsplestinais.dcea.fr\/wp-content\/uploads\/2017\/12\/traiteur-3-300x225.jpg 300w, https:\/\/cheminsplestinais.dcea.fr\/wp-content\/uploads\/2017\/12\/traiteur-3-768x576.jpg 768w, https:\/\/cheminsplestinais.dcea.fr\/wp-content\/uploads\/2017\/12\/traiteur-3.jpg 900w\" sizes=\"(max-width: 300px) 100vw, 300px\" \/><\/a><a href=\"https:\/\/cheminsplestinais.dcea.fr\/wp-content\/uploads\/2017\/12\/traiteur-4.jpg\"><img loading=\"lazy\" decoding=\"async\" class=\"alignnone wp-image-4723\" src=\"https:\/\/cheminsplestinais.dcea.fr\/wp-content\/uploads\/2017\/12\/traiteur-4-300x194.jpg\" alt=\"\" width=\"315\" height=\"204\" srcset=\"https:\/\/cheminsplestinais.dcea.fr\/wp-content\/uploads\/2017\/12\/traiteur-4-300x194.jpg 300w, https:\/\/cheminsplestinais.dcea.fr\/wp-content\/uploads\/2017\/12\/traiteur-4-768x496.jpg 768w, https:\/\/cheminsplestinais.dcea.fr\/wp-content\/uploads\/2017\/12\/traiteur-4.jpg 896w\" sizes=\"(max-width: 315px) 100vw, 315px\" \/><\/a><\/p>\n<p style=\"text-align: right;\">Bonne ch\u00e8re et joyeuse ambiance assur\u00e9es !<\/p>\n<p style=\"text-align: left;\"><span style=\"color: #800000;\">Avec un peu d&rsquo;avance,<br \/>\nnous vous souhaitons de tr\u00e8s heureuses f\u00eates de fin d&rsquo;ann\u00e9e.<\/span><\/p>\n","protected":false},"excerpt":{"rendered":"<p>Comme il est doux au pas du randonneur de fouler un \u00e9pais tapis de feuilles mortes ! Oui mais&#8230; \u00e0 la longue cela devient glissant et les tranch\u00e9es se bouchent = danger pour les marcheurs et les VTTistes. D&rsquo;o\u00f9 notre intervention muscl\u00e9e sur les sentiers qui m\u00e8nent au site de Kozh Iliz. . Apr\u00e8s le [&hellip;]<\/p>\n","protected":false},"author":1,"featured_media":0,"comment_status":"open","ping_status":"closed","sticky":false,"template":"","format":"standard","meta":{"footnotes":""},"categories":[3,2],"tags":[],"_links":{"self":[{"href":"https:\/\/cheminsplestinais.dcea.fr\/index.php?rest_route=\/wp\/v2\/posts\/4619"}],"collection":[{"href":"https:\/\/cheminsplestinais.dcea.fr\/index.php?rest_route=\/wp\/v2\/posts"}],"about":[{"href":"https:\/\/cheminsplestinais.dcea.fr\/index.php?rest_route=\/wp\/v2\/types\/post"}],"author":[{"embeddable":true,"href":"https:\/\/cheminsplestinais.dcea.fr\/index.php?rest_route=\/wp\/v2\/users\/1"}],"replies":[{"embeddable":true,"href":"https:\/\/cheminsplestinais.dcea.fr\/index.php?rest_route=%2Fwp%2Fv2%2Fcomments&post=4619"}],"version-history":[{"count":89,"href":"https:\/\/cheminsplestinais.dcea.fr\/index.php?rest_route=\/wp\/v2\/posts\/4619\/revisions"}],"predecessor-version":[{"id":4752,"href":"https:\/\/cheminsplestinais.dcea.fr\/index.php?rest_route=\/wp\/v2\/posts\/4619\/revisions\/4752"}],"wp:attachment":[{"href":"https:\/\/cheminsplestinais.dcea.fr\/index.php?rest_route=%2Fwp%2Fv2%2Fmedia&parent=4619"}],"wp:term":[{"taxonomy":"category","embeddable":true,"href":"https:\/\/cheminsplestinais.dcea.fr\/index.php?rest_route=%2Fwp%2Fv2%2Fcategories&post=4619"},{"taxonomy":"post_tag","embeddable":true,"href":"https:\/\/cheminsplestinais.dcea.fr\/index.php?rest_route=%2Fwp%2Fv2%2Ftags&post=4619"}],"curies":[{"name":"wp","href":"https:\/\/api.w.org\/{rel}","templated":true}]}}