{"id":4836,"date":"2018-03-19T14:40:34","date_gmt":"2018-03-19T13:40:34","guid":{"rendered":"http:\/\/www.cheminsplestinais.dcea.fr\/?p=4836"},"modified":"2018-03-19T14:41:22","modified_gmt":"2018-03-19T13:41:22","slug":"assemblee-generale-12-mars-2018","status":"publish","type":"post","link":"https:\/\/cheminsplestinais.dcea.fr\/?p=4836","title":{"rendered":"Assembl\u00e9e G\u00e9n\u00e9rale &#8211; 12\/03\/2018"},"content":{"rendered":"<p><strong><em><u>\u00a0<\/u><span style=\"color: #003300;\">LUNDI 12 Mars 2018 \u2013 Salle des F\u00eates de Plestin \u2013 18 H.<\/span><\/em><\/strong><\/p>\n<p><span style=\"color: #003300;\"><strong>\u00a0<\/strong><\/span>D\u00e9roulement de la soir\u00e9e\u00a0:<\/p>\n<p style=\"padding-left: 30px;\">Bilan moral 2017<\/p>\n<p style=\"padding-left: 30px;\">Bilan financier 2017<\/p>\n<p style=\"padding-left: 30px;\">\u00c9lections \u2013 Renouvellement 1\/3 sortant du Conseil d\u2019Administration<\/p>\n<p style=\"padding-left: 30px;\">Projets 2018<\/p>\n<p style=\"padding-left: 30px;\">Questions diverses<\/p>\n<p style=\"padding-left: 30px;\">Diaporama.<\/p>\n<p>&nbsp;<\/p>\n<p><u>\u00a0<\/u>L\u2019association entame sa 9\u00e8me ann\u00e9e de fonctionnement.<\/p>\n<p><u>\u00a0<\/u><\/p>\n<p><span style=\"color: #800000;\"><strong>Actions de l\u2019association<\/strong><br \/>\n<\/span><\/p>\n<p>Les b\u00e9n\u00e9voles sont toujours aussi assidus et aussi nombreux. Ils se r\u00e9unissent r\u00e9guli\u00e8rement tous les lundis matin.<\/p>\n<p>En moyenne entre 15 et 20 (jusqu\u2019\u00e0 28) b\u00e9n\u00e9voles chaque lundi sous tous les temps.<\/p>\n<p>Les objectifs fix\u00e9s en d\u00e9but d\u2019ann\u00e9e sont atteints ou quasiment atteints.<\/p>\n<p>La vid\u00e9o projet\u00e9e \u00e0 la fin de l\u2019assembl\u00e9e pr\u00e9sente les diff\u00e9rents chantiers r\u00e9alis\u00e9s et permettra de rendre compte \u00ab\u00a0mieux qu\u2019un discours\u00a0\u00bb du travail effectu\u00e9\u00a0 par les b\u00e9n\u00e9voles.<\/p>\n<p><a href=\"https:\/\/cheminsplestinais.dcea.fr\/wp-content\/uploads\/2017\/10\/IMG_1277.jpg\"><img loading=\"lazy\" decoding=\"async\" class=\"alignleft size-medium wp-image-4372\" src=\"https:\/\/cheminsplestinais.dcea.fr\/wp-content\/uploads\/2017\/10\/IMG_1277-300x225.jpg\" alt=\"\" width=\"300\" height=\"225\" srcset=\"https:\/\/cheminsplestinais.dcea.fr\/wp-content\/uploads\/2017\/10\/IMG_1277-300x225.jpg 300w, https:\/\/cheminsplestinais.dcea.fr\/wp-content\/uploads\/2017\/10\/IMG_1277-768x576.jpg 768w, https:\/\/cheminsplestinais.dcea.fr\/wp-content\/uploads\/2017\/10\/IMG_1277.jpg 1000w\" sizes=\"(max-width: 300px) 100vw, 300px\" \/><\/a><a href=\"https:\/\/cheminsplestinais.dcea.fr\/wp-content\/uploads\/2017\/12\/gr34-5.jpg\"><img loading=\"lazy\" decoding=\"async\" class=\"alignright size-medium wp-image-4664\" src=\"https:\/\/cheminsplestinais.dcea.fr\/wp-content\/uploads\/2017\/12\/gr34-5-300x225.jpg\" alt=\"\" width=\"300\" height=\"225\" srcset=\"https:\/\/cheminsplestinais.dcea.fr\/wp-content\/uploads\/2017\/12\/gr34-5-300x225.jpg 300w, https:\/\/cheminsplestinais.dcea.fr\/wp-content\/uploads\/2017\/12\/gr34-5-768x576.jpg 768w, https:\/\/cheminsplestinais.dcea.fr\/wp-content\/uploads\/2017\/12\/gr34-5.jpg 896w\" sizes=\"(max-width: 300px) 100vw, 300px\" \/><\/a><\/p>\n<p><span style=\"color: #ffffff;\"><strong>.<\/strong><\/span><\/p>\n<p><span style=\"color: #ffffff;\"><strong>.<\/strong><\/span><\/p>\n<p><span style=\"color: #ffffff;\"><strong>..<\/strong><\/span><\/p>\n<p>&nbsp;<\/p>\n<p><span style=\"color: #ffffff;\"><strong>.<\/strong><\/span><\/p>\n<p><span style=\"color: #ffffff;\"><strong>.<\/strong><\/span><\/p>\n<p><strong><span style=\"color: #800000;\">Les sorties et autres actions de l\u2019association\u00a0:\u00a0\u00a0\u00a0<\/span><\/strong><\/p>\n<ul>\n<li><u>Dimanche 22 Octobre <\/u>: <strong>\u00ab\u00a0Tro Plistin\u00a0\u00bb<\/strong> de 30 km (r\u00e9serv\u00e9 aux adh\u00e9rents).<\/li>\n<li>Pour la 4<sup>\u00e8me<\/sup> fois, les Chemins Plestinais et Patrimoine ont particip\u00e9 au <strong><u>t\u00e9l\u00e9thon<\/u><\/strong> en organisant une randonn\u00e9e p\u00e9destre le samedi 2 d\u00e9cembre. Une boucle de 7 km, hors circuit des chapelles, partait du boulodrome du c\u00f4t\u00e9 de Saint Roch et Saint Gestin.<\/li>\n<\/ul>\n<p style=\"padding-left: 30px;\">Au total, une quarantaine de\u00a0participants aura permis de collecter 250\u20ac.<\/p>\n<ul>\n<li>Repas de fin d\u2019ann\u00e9e le 11 d\u00e9cembre chez Doyen \u00e0 Ploumilliau \u00e0 l\u2019issue d\u2019un chantier du lundi matin.<\/li>\n<\/ul>\n<p>&nbsp;<\/p>\n<ul>\n<li>Concernant la <strong>plaquette<\/strong> des itin\u00e9raires de randonn\u00e9e des Circuits des Chapelles, la derni\u00e8re version date de Juillet 2016. Cette 6<sup>\u00e8me<\/sup> \u00e9dition \u00e9tait tir\u00e9e \u00e0 3\u00a0000 exemplaires. Une nouvelle r\u00e9\u00e9dition est \u00e0 pr\u00e9voir avec cette fois, peu de modifications de trac\u00e9s.<\/li>\n<\/ul>\n<p>&nbsp;<\/p>\n<ul>\n<li>Il en est de m\u00eame pour le plan de Plestin qui permet d\u2019avoir une vue d\u2019ensemble du maillage des chemins plestinais. A ce jour, une\u00a0bonne soixantaine de Km. Tir\u00e9 en 1\u00a0000 exemplaires en Juillet 2016 en m\u00eame temps que la brochure.<\/li>\n<\/ul>\n<p>Prise en charge par la Mairie des derni\u00e8res \u00e9ditions en totalit\u00e9.<\/p>\n<table>\n<tbody>\n<tr>\n<td width=\"78\">\n<table width=\"100%\">\n<tbody>\n<tr>\n<td><\/td>\n<\/tr>\n<\/tbody>\n<\/table>\n<\/td>\n<\/tr>\n<\/tbody>\n<\/table>\n<ul>\n<li>Concernant le balisage, des balises de couleur jaune et vert<br \/>\nremplacent petit \u00e0 petit les panneaux de bois sur nos diff\u00e9rentes <a href=\"https:\/\/cheminsplestinais.dcea.fr\/wp-content\/uploads\/2018\/03\/Vertjaune-TAD.jpg\"><img loading=\"lazy\" decoding=\"async\" class=\"alignright wp-image-4847\" src=\"https:\/\/cheminsplestinais.dcea.fr\/wp-content\/uploads\/2018\/03\/Vertjaune-TAD-150x150.jpg\" alt=\"\" width=\"80\" height=\"79\" srcset=\"https:\/\/cheminsplestinais.dcea.fr\/wp-content\/uploads\/2018\/03\/Vertjaune-TAD-150x150.jpg 150w, https:\/\/cheminsplestinais.dcea.fr\/wp-content\/uploads\/2018\/03\/Vertjaune-TAD-300x297.jpg 300w, https:\/\/cheminsplestinais.dcea.fr\/wp-content\/uploads\/2018\/03\/Vertjaune-TAD.jpg 547w\" sizes=\"(max-width: 80px) 100vw, 80px\" \/><\/a>boucles.<br \/>\nCe balisage nous est gracieusement fourni par Lannion Tr\u00e9gor Communaut\u00e9 (balisage uniforme sur tout le territoire LTC, plus simple et moins de travail de fabrication des panneaux bois grav\u00e9s).<\/li>\n<\/ul>\n<p>&nbsp;<\/p>\n<ul>\n<li>Montants des cotisations des adh\u00e9rents identiques \u00e0 ceux des ann\u00e9es pr\u00e9c\u00e9dentes, soit \u00e0 partir de 10 \u20ac pour une personne et 15 \u20ac pour 2 personnes ou +.<\/li>\n<\/ul>\n<ul>\n<li><strong><em>Point financier<\/em><\/strong><\/li>\n<\/ul>\n<p style=\"text-align: center;\"><strong><em>Approbation du bilan moral et du bilan financier \u00e0 l\u2019unanimit\u00e9.<\/em><\/strong><\/p>\n<p>&nbsp;<\/p>\n<p><span style=\"color: #000080;\"><strong>Les gros chantiers de l\u2019ann\u00e9e 2017 <a href=\"https:\/\/cheminsplestinais.dcea.fr\/wp-content\/uploads\/2017\/04\/IMG_1128r.jpg\"><img loading=\"lazy\" decoding=\"async\" class=\"alignright size-medium wp-image-3703\" src=\"https:\/\/cheminsplestinais.dcea.fr\/wp-content\/uploads\/2017\/04\/IMG_1128r-300x225.jpg\" alt=\"\" width=\"300\" height=\"225\" srcset=\"https:\/\/cheminsplestinais.dcea.fr\/wp-content\/uploads\/2017\/04\/IMG_1128r-300x225.jpg 300w, https:\/\/cheminsplestinais.dcea.fr\/wp-content\/uploads\/2017\/04\/IMG_1128r-768x576.jpg 768w, https:\/\/cheminsplestinais.dcea.fr\/wp-content\/uploads\/2017\/04\/IMG_1128r-1024x768.jpg 1024w, https:\/\/cheminsplestinais.dcea.fr\/wp-content\/uploads\/2017\/04\/IMG_1128r.jpg 1264w\" sizes=\"(max-width: 300px) 100vw, 300px\" \/><\/a><\/strong><\/span><\/p>\n<ul>\n<li>Fin des travaux de St Haran. La r\u00e9habilitation du routoir, de la fontaine et de leurs abords se sont \u00e9tal\u00e9s sur \u00e0 peu pr\u00e8s 2 ans. Nous y avons aussi install\u00e9 une table de pique-nique et un banc.<\/li>\n<\/ul>\n<p>&nbsp;<\/p>\n<p><span style=\"color: #ffffff;\">.<\/span><\/p>\n<p style=\"padding-left: 30px;\">Bois offert par LTC (bastings, planches, poutres, etc\u2026<br \/>\npour la construction de banc, de passerelle et de marches.<\/p>\n<p>&nbsp;<\/p>\n<ul>\n<li>Nous avons en 2017, \u00e9t\u00e9 sollicit\u00e9s par la Municipalit\u00e9 de Plestin sur l\u2019am\u00e9nagement du site de l\u2019espace Culturel An Dour Meur. Nous vous en avions fait part l\u2019an dernier. Les choses ont un peu avanc\u00e9 puisque l\u2019asso a fabriqu\u00e9 et install\u00e9 2 passerelles avec l\u2019aide des services techniques de la commune mais pour le moment, ce projet reste encore au stade de commencement. Auguste participe \u00e0 la commission \u00ab\u00a0Cadre de vie\u00a0\u00bb de la Municipalit\u00e9. Ce projet commun se poursuivra cette ann\u00e9e.<\/li>\n<\/ul>\n<p>&nbsp;<\/p>\n<p><span style=\"color: #000080;\"><strong><em>Les Projets 2018<\/em><\/strong>\u00a0:<\/span><\/p>\n<p>Le Conseil d\u2019Administration s\u2019est r\u00e9uni lundi 22 f\u00e9vrier et a d\u00e9fini les objectifs de l\u2019ann\u00e9e.<\/p>\n<p>En r\u00e8gle g\u00e9n\u00e9rale, il s\u2019agit de poursuivre l\u2019entretien et l\u2019am\u00e9lioration des chemins existants.<\/p>\n<ul>\n<li>Am\u00e9lioration du cheminement sur le GR 34 (marches, grillage, cordage)<\/li>\n<li>Am\u00e9nagement du lavoir de Ste Barbe<\/li>\n<li>R\u00e9fection du muret autour de la chapelle Ste Barbe<\/li>\n<li>Dallage du lavoir \u00e0 St Gestin<\/li>\n<li>Ouverture d\u2019un nouveau chemin du c\u00f4t\u00e9 de Run Glas \u00e0 Plestin<\/li>\n<li>Travail en commun avec les \u00e9quipes de Tr\u00e9duder pour l\u2019am\u00e9lioration des Chemins de la Vall\u00e9e du Yar (tr\u00e8s humide) + balisage.<\/li>\n<li>Anniversaire des 10 ans des circuits des chapelles de Ti an Holl. Une randonn\u00e9e p\u00e9destre sera organis\u00e9e par l\u2019Asso \u00e0 cette occasion. Date : dimanche 5 ao\u00fbt.<\/li>\n<\/ul>\n<p>&nbsp;<\/p>\n<p>Prochaine sortie\u00a0: F\u00eate du Printemps \u00e0 Loud\u00e9ac dimanche 8 avril sur le site Aquarev. L\u2019occasion de voir ce site de r\u00e9f\u00e9rence en terme d\u2019am\u00e9nagement de l\u2019espace.<\/p>\n<p>&nbsp;<\/p>\n<p><strong>Membres du Conseil d&rsquo;Administration<\/strong> :<\/p>\n<p><a href=\"https:\/\/cheminsplestinais.dcea.fr\/wp-content\/uploads\/2018\/03\/membres-CA.jpg\"><img loading=\"lazy\" decoding=\"async\" class=\"aligncenter size-full wp-image-4859\" src=\"https:\/\/cheminsplestinais.dcea.fr\/wp-content\/uploads\/2018\/03\/membres-CA.jpg\" alt=\"\" width=\"340\" height=\"395\" srcset=\"https:\/\/cheminsplestinais.dcea.fr\/wp-content\/uploads\/2018\/03\/membres-CA.jpg 340w, https:\/\/cheminsplestinais.dcea.fr\/wp-content\/uploads\/2018\/03\/membres-CA-258x300.jpg 258w\" sizes=\"(max-width: 340px) 100vw, 340px\" \/><\/a><\/p>\n<p style=\"padding-left: 30px;\"><em><strong>Nouveaux membres<\/strong> : <\/em><\/p>\n<p style=\"padding-left: 60px;\"><em>Gildat Troadec<br \/>\nJean-Luc Potin<br \/>\nThomas Brockmann<\/em><\/p>\n<p><strong><em><span style=\"color: #800000;\">Remerciements\u00a0<\/span> <\/em><\/strong><\/p>\n<p style=\"padding-left: 30px;\"><strong><em><u>\u00a0<\/u><\/em><\/strong>&#8211; la municipalit\u00e9 et les services techniques<\/p>\n<p style=\"padding-left: 30px;\">&#8211; les b\u00e9n\u00e9voles qui participent activement aux chantiers<\/p>\n<p style=\"padding-left: 30px;\">&#8211; les adh\u00e9rents<\/p>\n<p>&nbsp;<\/p>\n<p><strong><span style=\"color: #800000;\">Diaporama de la vie de l\u2019association par Dominique Leno\u00ebl.<\/span><\/strong><\/p>\n<p><u>\u00a0<\/u><\/p>\n<p><span style=\"color: #800000;\"><strong><em>Pot de l\u2019amiti\u00e9 et repas <\/em><\/strong><\/span><\/p>\n<p>&nbsp;<\/p>\n<p style=\"text-align: right;\">Fait \u00e0 Plestin, le 12 Mars 2018<\/p>\n<p style=\"text-align: right;\">La secr\u00e9taire, Marie-France Irien<\/p>\n","protected":false},"excerpt":{"rendered":"<p>\u00a0LUNDI 12 Mars 2018 \u2013 Salle des F\u00eates de Plestin \u2013 18 H. \u00a0D\u00e9roulement de la soir\u00e9e\u00a0: Bilan moral 2017 Bilan financier 2017 \u00c9lections \u2013 Renouvellement 1\/3 sortant du Conseil d\u2019Administration Projets 2018 Questions diverses Diaporama. &nbsp; \u00a0L\u2019association entame sa 9\u00e8me ann\u00e9e de fonctionnement. \u00a0 Actions de l\u2019association Les b\u00e9n\u00e9voles sont toujours aussi assidus et [&hellip;]<\/p>\n","protected":false},"author":1,"featured_media":0,"comment_status":"open","ping_status":"closed","sticky":false,"template":"","format":"standard","meta":{"footnotes":""},"categories":[1],"tags":[],"_links":{"self":[{"href":"https:\/\/cheminsplestinais.dcea.fr\/index.php?rest_route=\/wp\/v2\/posts\/4836"}],"collection":[{"href":"https:\/\/cheminsplestinais.dcea.fr\/index.php?rest_route=\/wp\/v2\/posts"}],"about":[{"href":"https:\/\/cheminsplestinais.dcea.fr\/index.php?rest_route=\/wp\/v2\/types\/post"}],"author":[{"embeddable":true,"href":"https:\/\/cheminsplestinais.dcea.fr\/index.php?rest_route=\/wp\/v2\/users\/1"}],"replies":[{"embeddable":true,"href":"https:\/\/cheminsplestinais.dcea.fr\/index.php?rest_route=%2Fwp%2Fv2%2Fcomments&post=4836"}],"version-history":[{"count":24,"href":"https:\/\/cheminsplestinais.dcea.fr\/index.php?rest_route=\/wp\/v2\/posts\/4836\/revisions"}],"predecessor-version":[{"id":4862,"href":"https:\/\/cheminsplestinais.dcea.fr\/index.php?rest_route=\/wp\/v2\/posts\/4836\/revisions\/4862"}],"wp:attachment":[{"href":"https:\/\/cheminsplestinais.dcea.fr\/index.php?rest_route=%2Fwp%2Fv2%2Fmedia&parent=4836"}],"wp:term":[{"taxonomy":"category","embeddable":true,"href":"https:\/\/cheminsplestinais.dcea.fr\/index.php?rest_route=%2Fwp%2Fv2%2Fcategories&post=4836"},{"taxonomy":"post_tag","embeddable":true,"href":"https:\/\/cheminsplestinais.dcea.fr\/index.php?rest_route=%2Fwp%2Fv2%2Ftags&post=4836"}],"curies":[{"name":"wp","href":"https:\/\/api.w.org\/{rel}","templated":true}]}}