{"id":5061,"date":"2018-05-07T12:59:04","date_gmt":"2018-05-07T11:59:04","guid":{"rendered":"http:\/\/www.cheminsplestinais.dcea.fr\/?p=5061"},"modified":"2018-05-07T15:32:31","modified_gmt":"2018-05-07T14:32:31","slug":"printentretien","status":"publish","type":"post","link":"https:\/\/cheminsplestinais.dcea.fr\/?p=5061","title":{"rendered":"Printentretien"},"content":{"rendered":"<p>Pas de chantier spectaculaire programm\u00e9 en ce d\u00e9but d&rsquo;ann\u00e9e 2018.<\/p>\n<p>Nous profitons du printemps pour proc\u00e9der \u00e0 l&rsquo;entretien de nos chemins de randonn\u00e9e.<\/p>\n<p style=\"text-align: center;\"><span style=\"color: #800000;\"><strong>Sur le GR 34<\/strong><span style=\"color: #000000;\"> (<em>Corniche de l&rsquo;Armorique<\/em>)<\/span><\/span>,<br \/>\nnous continuons notre travail de s\u00e9curisation<\/p>\n<p><a href=\"https:\/\/cheminsplestinais.dcea.fr\/wp-content\/uploads\/2018\/05\/vlcsnap-2018-05-06-13h54m38s107.jpg\"><img loading=\"lazy\" decoding=\"async\" class=\"alignnone size-large wp-image-5064\" src=\"https:\/\/cheminsplestinais.dcea.fr\/wp-content\/uploads\/2018\/05\/vlcsnap-2018-05-06-13h54m38s107-1024x576.jpg\" alt=\"\" width=\"474\" height=\"267\" srcset=\"https:\/\/cheminsplestinais.dcea.fr\/wp-content\/uploads\/2018\/05\/vlcsnap-2018-05-06-13h54m38s107-1024x576.jpg 1024w, https:\/\/cheminsplestinais.dcea.fr\/wp-content\/uploads\/2018\/05\/vlcsnap-2018-05-06-13h54m38s107-300x169.jpg 300w, https:\/\/cheminsplestinais.dcea.fr\/wp-content\/uploads\/2018\/05\/vlcsnap-2018-05-06-13h54m38s107-768x432.jpg 768w, https:\/\/cheminsplestinais.dcea.fr\/wp-content\/uploads\/2018\/05\/vlcsnap-2018-05-06-13h54m38s107.jpg 1920w\" sizes=\"(max-width: 474px) 100vw, 474px\" \/><\/a><\/p>\n<p style=\"text-align: right;\">Nous y retournerons encore avant l&rsquo;\u00e9t\u00e9 pour finir le travail.<\/p>\n<p style=\"text-align: left;\"><span style=\"color: #ffffff;\"><strong>.<\/strong><\/span><\/p>\n<p style=\"text-align: left;\"><span style=\"color: #800000;\"><strong>A Saint-Haran<\/strong><\/span>,<\/p>\n<p style=\"text-align: left;\"><a href=\"https:\/\/cheminsplestinais.dcea.fr\/wp-content\/uploads\/2018\/05\/IMG_1423.jpg\"><img loading=\"lazy\" decoding=\"async\" class=\"alignleft size-medium wp-image-5060\" src=\"https:\/\/cheminsplestinais.dcea.fr\/wp-content\/uploads\/2018\/05\/IMG_1423-300x225.jpg\" alt=\"\" width=\"300\" height=\"225\" srcset=\"https:\/\/cheminsplestinais.dcea.fr\/wp-content\/uploads\/2018\/05\/IMG_1423-300x225.jpg 300w, https:\/\/cheminsplestinais.dcea.fr\/wp-content\/uploads\/2018\/05\/IMG_1423-768x576.jpg 768w, https:\/\/cheminsplestinais.dcea.fr\/wp-content\/uploads\/2018\/05\/IMG_1423.jpg 800w\" sizes=\"(max-width: 300px) 100vw, 300px\" \/> <\/a>nous am\u00e9liorons le cheminement<\/p>\n<p style=\"text-align: left;\"><a href=\"https:\/\/cheminsplestinais.dcea.fr\/wp-content\/uploads\/2018\/05\/DSC03205.jpg\"><img loading=\"lazy\" decoding=\"async\" class=\"alignright size-medium wp-image-5053\" src=\"https:\/\/cheminsplestinais.dcea.fr\/wp-content\/uploads\/2018\/05\/DSC03205-300x225.jpg\" alt=\"\" width=\"300\" height=\"225\" srcset=\"https:\/\/cheminsplestinais.dcea.fr\/wp-content\/uploads\/2018\/05\/DSC03205-300x225.jpg 300w, https:\/\/cheminsplestinais.dcea.fr\/wp-content\/uploads\/2018\/05\/DSC03205-768x576.jpg 768w, https:\/\/cheminsplestinais.dcea.fr\/wp-content\/uploads\/2018\/05\/DSC03205.jpg 800w\" sizes=\"(max-width: 300px) 100vw, 300px\" \/><\/a><\/p>\n<p style=\"text-align: left;\"><span style=\"color: #ffffff;\">.<\/span><\/p>\n<p style=\"text-align: left;\"><span style=\"color: #ffffff;\">.<\/span><\/p>\n<p style=\"text-align: left;\"><span style=\"color: #ffffff;\">.<\/span><\/p>\n<p style=\"text-align: left;\"><span style=\"color: #ffffff;\">.<\/span><\/p>\n<p style=\"text-align: right;\">et curons le routoir.<\/p>\n<p style=\"text-align: left;\"><span style=\"color: #ffffff;\"><strong>.<\/strong><\/span><\/p>\n<p style=\"text-align: left; padding-left: 30px;\"><span style=\"color: #800000;\"><strong>A Kerdanger<\/strong><\/span> (<em>boucle de Saint Jagut<\/em>),<br \/>\nc&rsquo;est un arbre qui obstrue le passage.<\/p>\n<p style=\"text-align: left; padding-left: 30px;\"><a href=\"https:\/\/cheminsplestinais.dcea.fr\/wp-content\/uploads\/2018\/05\/DSCN2619.jpg\"><img loading=\"lazy\" decoding=\"async\" class=\"alignnone wp-image-5054\" src=\"https:\/\/cheminsplestinais.dcea.fr\/wp-content\/uploads\/2018\/05\/DSCN2619-150x150.jpg\" alt=\"\" width=\"250\" height=\"188\" srcset=\"https:\/\/cheminsplestinais.dcea.fr\/wp-content\/uploads\/2018\/05\/DSCN2619-300x225.jpg 300w, https:\/\/cheminsplestinais.dcea.fr\/wp-content\/uploads\/2018\/05\/DSCN2619-768x576.jpg 768w, https:\/\/cheminsplestinais.dcea.fr\/wp-content\/uploads\/2018\/05\/DSCN2619.jpg 800w\" sizes=\"(max-width: 250px) 100vw, 250px\" \/><\/a><a href=\"https:\/\/cheminsplestinais.dcea.fr\/wp-content\/uploads\/2018\/05\/vlcsnap-2018-05-06-14h01m57s095.jpg\"><img loading=\"lazy\" decoding=\"async\" class=\"alignright wp-image-5065 size-medium\" src=\"https:\/\/cheminsplestinais.dcea.fr\/wp-content\/uploads\/2018\/05\/vlcsnap-2018-05-06-14h01m57s095-300x169.jpg\" alt=\"\" width=\"300\" height=\"169\" srcset=\"https:\/\/cheminsplestinais.dcea.fr\/wp-content\/uploads\/2018\/05\/vlcsnap-2018-05-06-14h01m57s095-300x169.jpg 300w, https:\/\/cheminsplestinais.dcea.fr\/wp-content\/uploads\/2018\/05\/vlcsnap-2018-05-06-14h01m57s095-768x432.jpg 768w, https:\/\/cheminsplestinais.dcea.fr\/wp-content\/uploads\/2018\/05\/vlcsnap-2018-05-06-14h01m57s095-1024x576.jpg 1024w, https:\/\/cheminsplestinais.dcea.fr\/wp-content\/uploads\/2018\/05\/vlcsnap-2018-05-06-14h01m57s095.jpg 1920w\" sizes=\"(max-width: 300px) 100vw, 300px\" \/><\/a><\/p>\n<p style=\"padding-left: 30px; text-align: center;\"><span style=\"color: #ffffff;\"><strong>.<\/strong><\/span><\/p>\n<p style=\"padding-left: 30px; text-align: center;\"><span style=\"color: #800000;\"><strong>A Kerdudavel<\/strong><\/span> (<em>en direction de Tremel<\/em>),<br \/>\nle chemin est devenu impraticable<\/p>\n<p style=\"padding-left: 30px; text-align: right;\"><a href=\"https:\/\/cheminsplestinais.dcea.fr\/wp-content\/uploads\/2018\/05\/vlcsnap-2018-05-06-14h10m19s761.jpg\"><img loading=\"lazy\" decoding=\"async\" class=\"alignleft size-medium wp-image-5066\" src=\"https:\/\/cheminsplestinais.dcea.fr\/wp-content\/uploads\/2018\/05\/vlcsnap-2018-05-06-14h10m19s761-300x192.jpg\" alt=\"\" width=\"300\" height=\"192\" srcset=\"https:\/\/cheminsplestinais.dcea.fr\/wp-content\/uploads\/2018\/05\/vlcsnap-2018-05-06-14h10m19s761-300x192.jpg 300w, https:\/\/cheminsplestinais.dcea.fr\/wp-content\/uploads\/2018\/05\/vlcsnap-2018-05-06-14h10m19s761-768x492.jpg 768w, https:\/\/cheminsplestinais.dcea.fr\/wp-content\/uploads\/2018\/05\/vlcsnap-2018-05-06-14h10m19s761-1024x656.jpg 1024w, https:\/\/cheminsplestinais.dcea.fr\/wp-content\/uploads\/2018\/05\/vlcsnap-2018-05-06-14h10m19s761.jpg 1457w\" sizes=\"(max-width: 300px) 100vw, 300px\" \/><\/a>et la passerelle sur le Douron avait \u00e9t\u00e9 emport\u00e9e par les crues de l&rsquo;hiver.<\/p>\n<p style=\"text-align: left; padding-left: 30px;\"><a href=\"https:\/\/cheminsplestinais.dcea.fr\/wp-content\/uploads\/2018\/05\/IMG_1453.jpg\"><img loading=\"lazy\" decoding=\"async\" class=\"alignright size-medium wp-image-5063\" src=\"https:\/\/cheminsplestinais.dcea.fr\/wp-content\/uploads\/2018\/05\/IMG_1453-300x225.jpg\" alt=\"\" width=\"300\" height=\"225\" srcset=\"https:\/\/cheminsplestinais.dcea.fr\/wp-content\/uploads\/2018\/05\/IMG_1453-300x225.jpg 300w, https:\/\/cheminsplestinais.dcea.fr\/wp-content\/uploads\/2018\/05\/IMG_1453-768x576.jpg 768w, https:\/\/cheminsplestinais.dcea.fr\/wp-content\/uploads\/2018\/05\/IMG_1453.jpg 800w\" sizes=\"(max-width: 300px) 100vw, 300px\" \/><\/a><\/p>\n<p style=\"text-align: left; padding-left: 30px;\"><span style=\"color: #ffffff;\">.<\/span><\/p>\n<p style=\"text-align: left; padding-left: 30px;\"><span style=\"color: #ffffff;\">.<\/span><\/p>\n<p style=\"text-align: left; padding-left: 30px;\"><span style=\"color: #ffffff;\">.<\/span><\/p>\n<p style=\"text-align: left; padding-left: 30px;\"><span style=\"color: #ffffff;\">.<\/span><\/p>\n<p style=\"padding-left: 30px; text-align: right;\">notre force, c&rsquo;est le collectif !<\/p>\n<p style=\"padding-left: 30px; text-align: left;\"><span style=\"color: #ffffff;\">.<\/span><\/p>\n<p style=\"padding-left: 30px; text-align: left;\">Nous le prouvons encore \u00e0 <span style=\"color: #800000;\"><strong>St-Gestin<br \/>\n<\/strong><\/span> (<em>boucles de Ste-Anne et St- Roch<\/em>) :<\/p>\n<p style=\"padding-left: 30px; text-align: left;\">Quand un arbre barre le passage&#8230;<\/p>\n<p style=\"padding-left: 30px; text-align: left;\"><a href=\"https:\/\/cheminsplestinais.dcea.fr\/wp-content\/uploads\/2018\/05\/DSCN2686.jpg\"><img loading=\"lazy\" decoding=\"async\" class=\"alignnone size-medium wp-image-5055\" src=\"https:\/\/cheminsplestinais.dcea.fr\/wp-content\/uploads\/2018\/05\/DSCN2686-300x225.jpg\" alt=\"\" width=\"300\" height=\"225\" srcset=\"https:\/\/cheminsplestinais.dcea.fr\/wp-content\/uploads\/2018\/05\/DSCN2686-300x225.jpg 300w, https:\/\/cheminsplestinais.dcea.fr\/wp-content\/uploads\/2018\/05\/DSCN2686-768x576.jpg 768w, https:\/\/cheminsplestinais.dcea.fr\/wp-content\/uploads\/2018\/05\/DSCN2686.jpg 800w\" sizes=\"(max-width: 300px) 100vw, 300px\" \/><\/a><a href=\"https:\/\/cheminsplestinais.dcea.fr\/wp-content\/uploads\/2018\/05\/DSCN2692.jpg\"><img loading=\"lazy\" decoding=\"async\" class=\"alignright size-medium wp-image-5056\" src=\"https:\/\/cheminsplestinais.dcea.fr\/wp-content\/uploads\/2018\/05\/DSCN2692-225x300.jpg\" alt=\"\" width=\"225\" height=\"300\" srcset=\"https:\/\/cheminsplestinais.dcea.fr\/wp-content\/uploads\/2018\/05\/DSCN2692-225x300.jpg 225w, https:\/\/cheminsplestinais.dcea.fr\/wp-content\/uploads\/2018\/05\/DSCN2692.jpg 450w\" sizes=\"(max-width: 225px) 100vw, 225px\" \/><\/a><\/p>\n<p style=\"padding-left: 30px; text-align: left;\"><span style=\"color: #ffffff;\">\u00a0<\/span><\/p>\n<p style=\"padding-left: 30px; text-align: right;\">on le tron\u00e7onne&#8230;<\/p>\n<p style=\"padding-left: 30px; text-align: left;\">et on s&rsquo;y met tous pour d\u00e9gager les souches<\/p>\n<p style=\"padding-left: 30px; text-align: left;\"><a href=\"https:\/\/cheminsplestinais.dcea.fr\/wp-content\/uploads\/2018\/05\/vlcsnap-2018-05-06-18h06m13s328.jpg\"><img loading=\"lazy\" decoding=\"async\" class=\"aligncenter wp-image-5067 size-large\" src=\"https:\/\/cheminsplestinais.dcea.fr\/wp-content\/uploads\/2018\/05\/vlcsnap-2018-05-06-18h06m13s328-1024x576.jpg\" alt=\"\" width=\"474\" height=\"267\" srcset=\"https:\/\/cheminsplestinais.dcea.fr\/wp-content\/uploads\/2018\/05\/vlcsnap-2018-05-06-18h06m13s328-1024x576.jpg 1024w, https:\/\/cheminsplestinais.dcea.fr\/wp-content\/uploads\/2018\/05\/vlcsnap-2018-05-06-18h06m13s328-300x169.jpg 300w, https:\/\/cheminsplestinais.dcea.fr\/wp-content\/uploads\/2018\/05\/vlcsnap-2018-05-06-18h06m13s328-768x432.jpg 768w, https:\/\/cheminsplestinais.dcea.fr\/wp-content\/uploads\/2018\/05\/vlcsnap-2018-05-06-18h06m13s328.jpg 1920w\" sizes=\"(max-width: 474px) 100vw, 474px\" \/><\/a><\/p>\n<p style=\"padding-left: 30px; text-align: left;\"><a href=\"https:\/\/cheminsplestinais.dcea.fr\/wp-content\/uploads\/2018\/05\/DSCN2708.jpg\"><img loading=\"lazy\" decoding=\"async\" class=\"alignleft wp-image-5058 size-medium\" src=\"https:\/\/cheminsplestinais.dcea.fr\/wp-content\/uploads\/2018\/05\/DSCN2708-225x300.jpg\" alt=\"\" width=\"225\" height=\"300\" srcset=\"https:\/\/cheminsplestinais.dcea.fr\/wp-content\/uploads\/2018\/05\/DSCN2708-225x300.jpg 225w, https:\/\/cheminsplestinais.dcea.fr\/wp-content\/uploads\/2018\/05\/DSCN2708.jpg 450w\" sizes=\"(max-width: 225px) 100vw, 225px\" \/><\/a><span style=\"color: #ffffff;\">.<\/span><\/p>\n<p style=\"padding-left: 30px; text-align: left;\"><span style=\"color: #ffffff;\">.<\/span><\/p>\n<p style=\"padding-left: 30px; text-align: left;\"><span style=\"color: #ffffff;\">.<\/span><\/p>\n<p style=\"padding-left: 30px; text-align: left;\">Reste encore \u00e0 consolider les \u00ab\u00a0banquettes\u00a0\u00bb<br \/>\nfortement d\u00e9grad\u00e9es par des usagers<br \/>\npeu respectueux de nos am\u00e9nagements.<\/p>\n<p style=\"padding-left: 30px; text-align: left;\"><span style=\"color: #ffffff;\">.<\/span><\/p>\n<p style=\"padding-left: 30px; text-align: left;\"><span style=\"color: #ffffff;\">..<\/span><\/p>\n<p style=\"padding-left: 30px; text-align: left;\">Enfin (pour l&rsquo;instant), un petit tour pr\u00e8s de la <span style=\"color: #800000;\"><strong>chapelle Ste-Barbe<\/strong><\/span><\/p>\n<p style=\"padding-left: 30px; text-align: left;\">Il faut canaliser des sources qui engorgent le chemin<\/p>\n<p style=\"padding-left: 30px; text-align: left;\"><a href=\"https:\/\/cheminsplestinais.dcea.fr\/wp-content\/uploads\/2018\/05\/DSCN2713.jpg\"><img loading=\"lazy\" decoding=\"async\" class=\"aligncenter wp-image-5110\" src=\"https:\/\/cheminsplestinais.dcea.fr\/wp-content\/uploads\/2018\/05\/DSCN2713-300x225.jpg\" alt=\"\" width=\"350\" height=\"263\" srcset=\"https:\/\/cheminsplestinais.dcea.fr\/wp-content\/uploads\/2018\/05\/DSCN2713-300x225.jpg 300w, https:\/\/cheminsplestinais.dcea.fr\/wp-content\/uploads\/2018\/05\/DSCN2713-768x576.jpg 768w, https:\/\/cheminsplestinais.dcea.fr\/wp-content\/uploads\/2018\/05\/DSCN2713-1024x768.jpg 1024w, https:\/\/cheminsplestinais.dcea.fr\/wp-content\/uploads\/2018\/05\/DSCN2713.jpg 1200w\" sizes=\"(max-width: 350px) 100vw, 350px\" \/><\/a><\/p>\n<p style=\"padding-left: 60px; text-align: left;\">Un autre groupe entreprend de r\u00e9habiliter le mur<br \/>\nqui entoure la chapelle<\/p>\n<p style=\"padding-left: 30px; text-align: left;\"><a href=\"https:\/\/cheminsplestinais.dcea.fr\/wp-content\/uploads\/2018\/05\/IMG_1482.jpg\"><img loading=\"lazy\" decoding=\"async\" class=\"alignleft size-medium wp-image-5121\" src=\"https:\/\/cheminsplestinais.dcea.fr\/wp-content\/uploads\/2018\/05\/IMG_1482-300x225.jpg\" alt=\"\" width=\"300\" height=\"225\" srcset=\"https:\/\/cheminsplestinais.dcea.fr\/wp-content\/uploads\/2018\/05\/IMG_1482-300x225.jpg 300w, https:\/\/cheminsplestinais.dcea.fr\/wp-content\/uploads\/2018\/05\/IMG_1482-768x576.jpg 768w, https:\/\/cheminsplestinais.dcea.fr\/wp-content\/uploads\/2018\/05\/IMG_1482-1024x768.jpg 1024w, https:\/\/cheminsplestinais.dcea.fr\/wp-content\/uploads\/2018\/05\/IMG_1482.jpg 1200w\" sizes=\"(max-width: 300px) 100vw, 300px\" \/><\/a><a href=\"https:\/\/cheminsplestinais.dcea.fr\/wp-content\/uploads\/2018\/05\/DSCN2722.jpg\"><img loading=\"lazy\" decoding=\"async\" class=\"alignnone wp-image-5112\" src=\"https:\/\/cheminsplestinais.dcea.fr\/wp-content\/uploads\/2018\/05\/DSCN2722-150x150.jpg\" alt=\"\" width=\"235\" height=\"176\" srcset=\"https:\/\/cheminsplestinais.dcea.fr\/wp-content\/uploads\/2018\/05\/DSCN2722-300x225.jpg 300w, https:\/\/cheminsplestinais.dcea.fr\/wp-content\/uploads\/2018\/05\/DSCN2722-768x576.jpg 768w, https:\/\/cheminsplestinais.dcea.fr\/wp-content\/uploads\/2018\/05\/DSCN2722-1024x768.jpg 1024w, https:\/\/cheminsplestinais.dcea.fr\/wp-content\/uploads\/2018\/05\/DSCN2722.jpg 1200w\" sizes=\"(max-width: 235px) 100vw, 235px\" \/><\/a><\/p>\n<p style=\"padding-left: 30px; text-align: left;\">Quelques instants plus tard &#8230;<br \/>\n\u00e7a a d\u00e9j\u00e0 plus fi\u00e8re allure !<\/p>\n<p style=\"padding-left: 30px; text-align: left;\"><a href=\"https:\/\/cheminsplestinais.dcea.fr\/wp-content\/uploads\/2018\/05\/IMG_1486-b.jpg\"><img loading=\"lazy\" decoding=\"async\" class=\"aligncenter wp-image-5125\" src=\"https:\/\/cheminsplestinais.dcea.fr\/wp-content\/uploads\/2018\/05\/IMG_1486-b-300x188.jpg\" alt=\"\" width=\"350\" height=\"220\" srcset=\"https:\/\/cheminsplestinais.dcea.fr\/wp-content\/uploads\/2018\/05\/IMG_1486-b-300x188.jpg 300w, https:\/\/cheminsplestinais.dcea.fr\/wp-content\/uploads\/2018\/05\/IMG_1486-b-768x482.jpg 768w, https:\/\/cheminsplestinais.dcea.fr\/wp-content\/uploads\/2018\/05\/IMG_1486-b.jpg 921w\" sizes=\"(max-width: 350px) 100vw, 350px\" \/><\/a><\/p>\n<p style=\"padding-left: 30px; text-align: center;\">La chapelle Ste-Barbe vue sous un angle inhabituel.<\/p>\n<p style=\"padding-left: 30px; text-align: left;\">A suivre&#8230;<\/p>\n","protected":false},"excerpt":{"rendered":"<p>Pas de chantier spectaculaire programm\u00e9 en ce d\u00e9but d&rsquo;ann\u00e9e 2018. Nous profitons du printemps pour proc\u00e9der \u00e0 l&rsquo;entretien de nos chemins de randonn\u00e9e. Sur le GR 34 (Corniche de l&rsquo;Armorique), nous continuons notre travail de s\u00e9curisation Nous y retournerons encore avant l&rsquo;\u00e9t\u00e9 pour finir le travail. . A Saint-Haran, nous am\u00e9liorons le cheminement . . [&hellip;]<\/p>\n","protected":false},"author":1,"featured_media":0,"comment_status":"open","ping_status":"closed","sticky":false,"template":"","format":"standard","meta":{"footnotes":""},"categories":[2],"tags":[],"_links":{"self":[{"href":"https:\/\/cheminsplestinais.dcea.fr\/index.php?rest_route=\/wp\/v2\/posts\/5061"}],"collection":[{"href":"https:\/\/cheminsplestinais.dcea.fr\/index.php?rest_route=\/wp\/v2\/posts"}],"about":[{"href":"https:\/\/cheminsplestinais.dcea.fr\/index.php?rest_route=\/wp\/v2\/types\/post"}],"author":[{"embeddable":true,"href":"https:\/\/cheminsplestinais.dcea.fr\/index.php?rest_route=\/wp\/v2\/users\/1"}],"replies":[{"embeddable":true,"href":"https:\/\/cheminsplestinais.dcea.fr\/index.php?rest_route=%2Fwp%2Fv2%2Fcomments&post=5061"}],"version-history":[{"count":52,"href":"https:\/\/cheminsplestinais.dcea.fr\/index.php?rest_route=\/wp\/v2\/posts\/5061\/revisions"}],"predecessor-version":[{"id":5126,"href":"https:\/\/cheminsplestinais.dcea.fr\/index.php?rest_route=\/wp\/v2\/posts\/5061\/revisions\/5126"}],"wp:attachment":[{"href":"https:\/\/cheminsplestinais.dcea.fr\/index.php?rest_route=%2Fwp%2Fv2%2Fmedia&parent=5061"}],"wp:term":[{"taxonomy":"category","embeddable":true,"href":"https:\/\/cheminsplestinais.dcea.fr\/index.php?rest_route=%2Fwp%2Fv2%2Fcategories&post=5061"},{"taxonomy":"post_tag","embeddable":true,"href":"https:\/\/cheminsplestinais.dcea.fr\/index.php?rest_route=%2Fwp%2Fv2%2Ftags&post=5061"}],"curies":[{"name":"wp","href":"https:\/\/api.w.org\/{rel}","templated":true}]}}