{"id":5144,"date":"2018-06-10T12:19:34","date_gmt":"2018-06-10T11:19:34","guid":{"rendered":"http:\/\/www.cheminsplestinais.dcea.fr\/?p=5144"},"modified":"2018-06-10T12:19:34","modified_gmt":"2018-06-10T11:19:34","slug":"inauguration-de-st-haran","status":"publish","type":"post","link":"https:\/\/cheminsplestinais.dcea.fr\/?p=5144","title":{"rendered":"Inauguration de St-Haran"},"content":{"rendered":"<p><a href=\"https:\/\/cheminsplestinais.dcea.fr\/wp-content\/uploads\/2018\/06\/DSC00234.jpg\"><img loading=\"lazy\" decoding=\"async\" class=\"aligncenter size-full wp-image-5129\" src=\"https:\/\/cheminsplestinais.dcea.fr\/wp-content\/uploads\/2018\/06\/DSC00234.jpg\" alt=\"\" width=\"1280\" height=\"281\" srcset=\"https:\/\/cheminsplestinais.dcea.fr\/wp-content\/uploads\/2018\/06\/DSC00234.jpg 1280w, https:\/\/cheminsplestinais.dcea.fr\/wp-content\/uploads\/2018\/06\/DSC00234-300x66.jpg 300w, https:\/\/cheminsplestinais.dcea.fr\/wp-content\/uploads\/2018\/06\/DSC00234-768x169.jpg 768w, https:\/\/cheminsplestinais.dcea.fr\/wp-content\/uploads\/2018\/06\/DSC00234-1024x225.jpg 1024w\" sizes=\"(max-width: 1280px) 100vw, 1280px\" \/><\/a><\/p>\n<p><span style=\"color: #ffffff;\">\u00a0&#8230;&#8230;&#8230;&#8230;..<\/span>Lundi 21 mai 2018, jour du Pardon de Saint-Haran.<br \/>\nPr\u00e8s d&rsquo;un an apr\u00e8s la fin des travaux d&rsquo;am\u00e9nagement\u00a0 par l&rsquo;association \u00ab\u00a0Chemins Plestinais et Patrimoine\u00a0\u00bb, s&rsquo;est tenue l&rsquo;inauguration officielle du site.<\/p>\n<p><span style=\"color: #ffffff;\">\u00a0&#8230;&#8230;&#8230;&#8230;..<\/span>Par un temps bien ensoleill\u00e9 qui permettait de mieux profiter encore de ce lieu enchanteur, un public nombreux a converg\u00e9 vers le \u00ab\u00a0routoir \u00e0 lin\u00a0\u00bb.<\/p>\n<p><a href=\"https:\/\/cheminsplestinais.dcea.fr\/wp-content\/uploads\/2018\/06\/Pardon-de-Saint-Haran-21-Mai-18-042.jpg\"><img loading=\"lazy\" decoding=\"async\" class=\"alignright wp-image-5141 size-medium\" src=\"https:\/\/cheminsplestinais.dcea.fr\/wp-content\/uploads\/2018\/06\/Pardon-de-Saint-Haran-21-Mai-18-042-300x200.jpg\" alt=\"\" width=\"300\" height=\"200\" srcset=\"https:\/\/cheminsplestinais.dcea.fr\/wp-content\/uploads\/2018\/06\/Pardon-de-Saint-Haran-21-Mai-18-042-300x200.jpg 300w, https:\/\/cheminsplestinais.dcea.fr\/wp-content\/uploads\/2018\/06\/Pardon-de-Saint-Haran-21-Mai-18-042-768x511.jpg 768w, https:\/\/cheminsplestinais.dcea.fr\/wp-content\/uploads\/2018\/06\/Pardon-de-Saint-Haran-21-Mai-18-042-1024x682.jpg 1024w\" sizes=\"(max-width: 300px) 100vw, 300px\" \/><\/a><span style=\"color: #ffffff;\">.<\/span><\/p>\n<p>Les discours succ\u00e8dent aux discours<\/p>\n<p style=\"text-align: right;\">pour \u00e9voquer l&rsquo;histoire du quartier<br \/>\net de son pardon,<\/p>\n<p style=\"text-align: right;\"><a href=\"https:\/\/cheminsplestinais.dcea.fr\/wp-content\/uploads\/2018\/06\/Pardon-de-Saint-Haran-21-Mai-18-019r.jpg\"><img loading=\"lazy\" decoding=\"async\" class=\"alignleft size-medium wp-image-5138\" src=\"https:\/\/cheminsplestinais.dcea.fr\/wp-content\/uploads\/2018\/06\/Pardon-de-Saint-Haran-21-Mai-18-019r-300x200.jpg\" alt=\"\" width=\"300\" height=\"200\" srcset=\"https:\/\/cheminsplestinais.dcea.fr\/wp-content\/uploads\/2018\/06\/Pardon-de-Saint-Haran-21-Mai-18-019r-300x200.jpg 300w, https:\/\/cheminsplestinais.dcea.fr\/wp-content\/uploads\/2018\/06\/Pardon-de-Saint-Haran-21-Mai-18-019r-768x511.jpg 768w, https:\/\/cheminsplestinais.dcea.fr\/wp-content\/uploads\/2018\/06\/Pardon-de-Saint-Haran-21-Mai-18-019r-1024x682.jpg 1024w, https:\/\/cheminsplestinais.dcea.fr\/wp-content\/uploads\/2018\/06\/Pardon-de-Saint-Haran-21-Mai-18-019r.jpg 1682w\" sizes=\"(max-width: 300px) 100vw, 300px\" \/><\/a><span style=\"color: #ffffff;\">.<\/span><\/p>\n<p style=\"text-align: right;\"><span style=\"color: #ffffff;\">.<\/span><\/p>\n<p>et pour rappeler les travaux de r\u00e9novation<br \/>\nde la fontaine, du lavoir et du routoir.<\/p>\n<p><span style=\"color: #ffffff;\">.<\/span><\/p>\n<p><span style=\"color: #ffffff;\">.<\/span><\/p>\n<p>Ce fut \u00e9galement l&rsquo;occasion d&rsquo;une passation de pouvoir \u00ab\u00a0symbolique\u00a0\u00bb entre l&rsquo;ancienne animatrice du quartier et la nouvelle \u00e9quipe.<\/p>\n<p><a href=\"https:\/\/cheminsplestinais.dcea.fr\/wp-content\/uploads\/2018\/06\/Pardon-de-Saint-Haran-21-Mai-18-052r.jpg\"><img loading=\"lazy\" decoding=\"async\" class=\"aligncenter wp-image-5143\" src=\"https:\/\/cheminsplestinais.dcea.fr\/wp-content\/uploads\/2018\/06\/Pardon-de-Saint-Haran-21-Mai-18-052r-1024x682.jpg\" alt=\"\" width=\"374\" height=\"249\" srcset=\"https:\/\/cheminsplestinais.dcea.fr\/wp-content\/uploads\/2018\/06\/Pardon-de-Saint-Haran-21-Mai-18-052r-1024x682.jpg 1024w, https:\/\/cheminsplestinais.dcea.fr\/wp-content\/uploads\/2018\/06\/Pardon-de-Saint-Haran-21-Mai-18-052r-300x200.jpg 300w, https:\/\/cheminsplestinais.dcea.fr\/wp-content\/uploads\/2018\/06\/Pardon-de-Saint-Haran-21-Mai-18-052r-768x511.jpg 768w, https:\/\/cheminsplestinais.dcea.fr\/wp-content\/uploads\/2018\/06\/Pardon-de-Saint-Haran-21-Mai-18-052r.jpg 1682w\" sizes=\"(max-width: 374px) 100vw, 374px\" \/><\/a><\/p>\n<p style=\"text-align: left;\"><a href=\"https:\/\/cheminsplestinais.dcea.fr\/wp-content\/uploads\/2018\/06\/DSC00244.jpg\"><img loading=\"lazy\" decoding=\"async\" class=\"alignleft size-medium wp-image-5130\" src=\"https:\/\/cheminsplestinais.dcea.fr\/wp-content\/uploads\/2018\/06\/DSC00244-300x225.jpg\" alt=\"\" width=\"300\" height=\"225\" srcset=\"https:\/\/cheminsplestinais.dcea.fr\/wp-content\/uploads\/2018\/06\/DSC00244-300x225.jpg 300w, https:\/\/cheminsplestinais.dcea.fr\/wp-content\/uploads\/2018\/06\/DSC00244-768x576.jpg 768w, https:\/\/cheminsplestinais.dcea.fr\/wp-content\/uploads\/2018\/06\/DSC00244-1024x768.jpg 1024w, https:\/\/cheminsplestinais.dcea.fr\/wp-content\/uploads\/2018\/06\/DSC00244.jpg 1280w\" sizes=\"(max-width: 300px) 100vw, 300px\" \/><\/a><\/p>\n<p style=\"text-align: left;\"><span style=\"color: #ffffff;\">.<\/span><\/p>\n<p style=\"text-align: left;\">Le benjamin de l&rsquo;assembl\u00e9e<br \/>\ncoupe fi\u00e8rement<br \/>\nle cordon\u00a0 &#8230;<a href=\"https:\/\/cheminsplestinais.dcea.fr\/wp-content\/uploads\/2018\/06\/Pardon-de-Saint-Haran-21-Mai-18-033r.jpg\"><img loading=\"lazy\" decoding=\"async\" class=\"alignright size-medium wp-image-5139\" src=\"https:\/\/cheminsplestinais.dcea.fr\/wp-content\/uploads\/2018\/06\/Pardon-de-Saint-Haran-21-Mai-18-033r-300x200.jpg\" alt=\"\" width=\"300\" height=\"200\" srcset=\"https:\/\/cheminsplestinais.dcea.fr\/wp-content\/uploads\/2018\/06\/Pardon-de-Saint-Haran-21-Mai-18-033r-300x200.jpg 300w, https:\/\/cheminsplestinais.dcea.fr\/wp-content\/uploads\/2018\/06\/Pardon-de-Saint-Haran-21-Mai-18-033r-768x511.jpg 768w, https:\/\/cheminsplestinais.dcea.fr\/wp-content\/uploads\/2018\/06\/Pardon-de-Saint-Haran-21-Mai-18-033r-1024x682.jpg 1024w, https:\/\/cheminsplestinais.dcea.fr\/wp-content\/uploads\/2018\/06\/Pardon-de-Saint-Haran-21-Mai-18-033r.jpg 1682w\" sizes=\"(max-width: 300px) 100vw, 300px\" \/><\/a><\/p>\n<p style=\"text-align: left;\"><span style=\"color: #ffffff;\">.<\/span><\/p>\n<p style=\"text-align: left;\"><span style=\"color: #ffffff;\">.<\/span><\/p>\n<p style=\"text-align: left;\">.<\/p>\n<p style=\"text-align: right;\">avant la photo souvenir autour de la fontaine.<\/p>\n<p style=\"text-align: left;\">Puis le public pr\u00e9sent partage un ap\u00e9ritif champ\u00eatre dans la bonne humeur.<\/p>\n<p style=\"text-align: left;\"><a href=\"https:\/\/cheminsplestinais.dcea.fr\/wp-content\/uploads\/2018\/06\/DSC00256r.jpg\"><img loading=\"lazy\" decoding=\"async\" class=\"aligncenter wp-image-5131\" src=\"https:\/\/cheminsplestinais.dcea.fr\/wp-content\/uploads\/2018\/06\/DSC00256r-300x209.jpg\" alt=\"\" width=\"400\" height=\"279\" srcset=\"https:\/\/cheminsplestinais.dcea.fr\/wp-content\/uploads\/2018\/06\/DSC00256r-300x209.jpg 300w, https:\/\/cheminsplestinais.dcea.fr\/wp-content\/uploads\/2018\/06\/DSC00256r-768x535.jpg 768w, https:\/\/cheminsplestinais.dcea.fr\/wp-content\/uploads\/2018\/06\/DSC00256r.jpg 1000w\" sizes=\"(max-width: 400px) 100vw, 400px\" \/><\/a><\/p>\n<p style=\"text-align: left;\"><a href=\"https:\/\/cheminsplestinais.dcea.fr\/wp-content\/uploads\/2018\/06\/DSC00288r.jpg\"><img loading=\"lazy\" decoding=\"async\" class=\"alignleft wp-image-5132 size-medium\" src=\"https:\/\/cheminsplestinais.dcea.fr\/wp-content\/uploads\/2018\/06\/DSC00288r-300x225.jpg\" alt=\"\" width=\"300\" height=\"225\" srcset=\"https:\/\/cheminsplestinais.dcea.fr\/wp-content\/uploads\/2018\/06\/DSC00288r-300x225.jpg 300w, https:\/\/cheminsplestinais.dcea.fr\/wp-content\/uploads\/2018\/06\/DSC00288r-768x576.jpg 768w, https:\/\/cheminsplestinais.dcea.fr\/wp-content\/uploads\/2018\/06\/DSC00288r.jpg 1000w\" sizes=\"(max-width: 300px) 100vw, 300px\" \/><\/a><span style=\"color: #ffffff;\">.<\/span><\/p>\n<p style=\"text-align: left;\">Pour prolonger agr\u00e9ablement cette journ\u00e9e, un barnum accueillait aupr\u00e8s de la chapelle ceux qui d\u00e9siraient pique-niquer&#8230;<\/p>\n<p style=\"text-align: left;\"><a href=\"https:\/\/cheminsplestinais.dcea.fr\/wp-content\/uploads\/2018\/06\/DSC00297r.jpg\"><img loading=\"lazy\" decoding=\"async\" class=\"alignright size-medium wp-image-5133\" src=\"https:\/\/cheminsplestinais.dcea.fr\/wp-content\/uploads\/2018\/06\/DSC00297r-300x225.jpg\" alt=\"\" width=\"300\" height=\"225\" srcset=\"https:\/\/cheminsplestinais.dcea.fr\/wp-content\/uploads\/2018\/06\/DSC00297r-300x225.jpg 300w, https:\/\/cheminsplestinais.dcea.fr\/wp-content\/uploads\/2018\/06\/DSC00297r-768x576.jpg 768w, https:\/\/cheminsplestinais.dcea.fr\/wp-content\/uploads\/2018\/06\/DSC00297r.jpg 1000w\" sizes=\"(max-width: 300px) 100vw, 300px\" \/><\/a><\/p>\n<p style=\"text-align: left;\"><span style=\"color: #ffffff;\">.<\/span><\/p>\n<p style=\"text-align: left;\"><span style=\"color: #ffffff;\">.<\/span><\/p>\n<p style=\"text-align: left;\"><span style=\"color: #ffffff;\">.<\/span><\/p>\n<p style=\"text-align: right;\">avant d&rsquo;entreprendre<br \/>\nune randonn\u00e9e conviviale.<\/p>\n<p style=\"text-align: left;\"><a href=\"https:\/\/cheminsplestinais.dcea.fr\/wp-content\/uploads\/2018\/06\/DSC00302r.jpg\"><img loading=\"lazy\" decoding=\"async\" class=\"alignleft size-medium wp-image-5134\" src=\"https:\/\/cheminsplestinais.dcea.fr\/wp-content\/uploads\/2018\/06\/DSC00302r-300x225.jpg\" alt=\"\" width=\"300\" height=\"225\" srcset=\"https:\/\/cheminsplestinais.dcea.fr\/wp-content\/uploads\/2018\/06\/DSC00302r-300x225.jpg 300w, https:\/\/cheminsplestinais.dcea.fr\/wp-content\/uploads\/2018\/06\/DSC00302r-768x576.jpg 768w, https:\/\/cheminsplestinais.dcea.fr\/wp-content\/uploads\/2018\/06\/DSC00302r.jpg 1000w\" sizes=\"(max-width: 300px) 100vw, 300px\" \/><\/a><a href=\"https:\/\/cheminsplestinais.dcea.fr\/wp-content\/uploads\/2018\/06\/DSC00319r.jpg\"><img loading=\"lazy\" decoding=\"async\" class=\"alignnone size-thumbnail wp-image-5135\" src=\"https:\/\/cheminsplestinais.dcea.fr\/wp-content\/uploads\/2018\/06\/DSC00319r-150x150.jpg\" alt=\"\" width=\"150\" height=\"150\" \/><\/a><\/p>\n<p style=\"text-align: left;\"><a href=\"https:\/\/cheminsplestinais.dcea.fr\/wp-content\/uploads\/2018\/06\/DSC00339r.jpg\"><img loading=\"lazy\" decoding=\"async\" class=\"alignleft wp-image-5190\" src=\"https:\/\/cheminsplestinais.dcea.fr\/wp-content\/uploads\/2018\/06\/DSC00339r-225x300.jpg\" alt=\"\" width=\"200\" height=\"267\" srcset=\"https:\/\/cheminsplestinais.dcea.fr\/wp-content\/uploads\/2018\/06\/DSC00339r-225x300.jpg 225w, https:\/\/cheminsplestinais.dcea.fr\/wp-content\/uploads\/2018\/06\/DSC00339r.jpg 750w\" sizes=\"(max-width: 200px) 100vw, 200px\" \/><\/a><\/p>\n<p style=\"text-align: left;\"><span style=\"color: #ffffff;\">.<\/span><\/p>\n<p style=\"text-align: left;\">Par malheur, lors de cette balade, Jeanne s&rsquo;est bless\u00e9e au pied.<\/p>\n<p style=\"text-align: left;\"><span style=\"color: #ffffff;\">.<\/span><\/p>\n<p style=\"text-align: left;\">O\u00f9 l&rsquo;on voit le courage de notre amie qui sourit malgr\u00e9 la douleur<br \/>\net l\u2019entraide spontan\u00e9e de ses compagnons de marche !<\/p>\n<p style=\"text-align: left;\"><span style=\"color: #ffffff;\">.<\/span><\/p>\n<p style=\"text-align: left;\">Bon r\u00e9tablissement, Jeanne !<\/p>\n","protected":false},"excerpt":{"rendered":"<p>\u00a0&#8230;&#8230;&#8230;&#8230;..Lundi 21 mai 2018, jour du Pardon de Saint-Haran. Pr\u00e8s d&rsquo;un an apr\u00e8s la fin des travaux d&rsquo;am\u00e9nagement\u00a0 par l&rsquo;association \u00ab\u00a0Chemins Plestinais et Patrimoine\u00a0\u00bb, s&rsquo;est tenue l&rsquo;inauguration officielle du site. \u00a0&#8230;&#8230;&#8230;&#8230;..Par un temps bien ensoleill\u00e9 qui permettait de mieux profiter encore de ce lieu enchanteur, un public nombreux a converg\u00e9 vers le \u00ab\u00a0routoir \u00e0 lin\u00a0\u00bb. [&hellip;]<\/p>\n","protected":false},"author":1,"featured_media":0,"comment_status":"open","ping_status":"closed","sticky":false,"template":"","format":"standard","meta":{"footnotes":""},"categories":[3],"tags":[],"_links":{"self":[{"href":"https:\/\/cheminsplestinais.dcea.fr\/index.php?rest_route=\/wp\/v2\/posts\/5144"}],"collection":[{"href":"https:\/\/cheminsplestinais.dcea.fr\/index.php?rest_route=\/wp\/v2\/posts"}],"about":[{"href":"https:\/\/cheminsplestinais.dcea.fr\/index.php?rest_route=\/wp\/v2\/types\/post"}],"author":[{"embeddable":true,"href":"https:\/\/cheminsplestinais.dcea.fr\/index.php?rest_route=\/wp\/v2\/users\/1"}],"replies":[{"embeddable":true,"href":"https:\/\/cheminsplestinais.dcea.fr\/index.php?rest_route=%2Fwp%2Fv2%2Fcomments&post=5144"}],"version-history":[{"count":57,"href":"https:\/\/cheminsplestinais.dcea.fr\/index.php?rest_route=\/wp\/v2\/posts\/5144\/revisions"}],"predecessor-version":[{"id":5203,"href":"https:\/\/cheminsplestinais.dcea.fr\/index.php?rest_route=\/wp\/v2\/posts\/5144\/revisions\/5203"}],"wp:attachment":[{"href":"https:\/\/cheminsplestinais.dcea.fr\/index.php?rest_route=%2Fwp%2Fv2%2Fmedia&parent=5144"}],"wp:term":[{"taxonomy":"category","embeddable":true,"href":"https:\/\/cheminsplestinais.dcea.fr\/index.php?rest_route=%2Fwp%2Fv2%2Fcategories&post=5144"},{"taxonomy":"post_tag","embeddable":true,"href":"https:\/\/cheminsplestinais.dcea.fr\/index.php?rest_route=%2Fwp%2Fv2%2Ftags&post=5144"}],"curies":[{"name":"wp","href":"https:\/\/api.w.org\/{rel}","templated":true}]}}