{"id":5210,"date":"2018-07-14T12:40:22","date_gmt":"2018-07-14T11:40:22","guid":{"rendered":"http:\/\/www.cheminsplestinais.dcea.fr\/?p=5210"},"modified":"2022-01-26T13:22:02","modified_gmt":"2022-01-26T12:22:02","slug":"finir-lannee-en-beaute","status":"publish","type":"post","link":"https:\/\/cheminsplestinais.dcea.fr\/?p=5210","title":{"rendered":"Finir l&rsquo;ann\u00e9e en beaut\u00e9"},"content":{"rendered":"<p>Pour ce mois de juin, nous avons fait preuve un peu d&rsquo;originalit\u00e9.<\/p>\n<p style=\"padding-left: 30px;\">2 chantiers ont \u00e9t\u00e9 men\u00e9s de front<br \/>\n(l&rsquo;effectif de b\u00e9n\u00e9voles le permet) :<\/p>\n<ul>\n<li>R\u00e9novation des murets qui entourent la chapelle Saint-Barbe <a href=\"https:\/\/cheminsplestinais.dcea.fr\/?p=5061\">(chantier<\/a> amorc\u00e9 en mai)<\/li>\n<\/ul>\n<p>Notre \u00e9quipe de \u00ab\u00a0ma\u00e7ons\u00a0\u00bb, apr\u00e8s avoir d\u00e9gag\u00e9 la terre, les souches\u00a0 et \u00ab\u00a0d\u00e9construit\u00a0\u00bb les murets fortement d\u00e9grad\u00e9s,<\/p>\n<p><a href=\"https:\/\/cheminsplestinais.dcea.fr\/wp-content\/uploads\/2018\/07\/IMG_1516.jpg\"><img loading=\"lazy\" decoding=\"async\" class=\"alignleft size-medium wp-image-5223\" src=\"https:\/\/cheminsplestinais.dcea.fr\/wp-content\/uploads\/2018\/07\/IMG_1516-300x225.jpg\" alt=\"\" width=\"300\" height=\"225\" srcset=\"https:\/\/cheminsplestinais.dcea.fr\/wp-content\/uploads\/2018\/07\/IMG_1516-300x225.jpg 300w, https:\/\/cheminsplestinais.dcea.fr\/wp-content\/uploads\/2018\/07\/IMG_1516-768x576.jpg 768w, https:\/\/cheminsplestinais.dcea.fr\/wp-content\/uploads\/2018\/07\/IMG_1516.jpg 800w\" sizes=\"(max-width: 300px) 100vw, 300px\" \/><\/a><\/p>\n<p>&nbsp;<\/p>\n<p><a href=\"https:\/\/cheminsplestinais.dcea.fr\/wp-content\/uploads\/2018\/07\/IMG_1515.jpg\"><img loading=\"lazy\" decoding=\"async\" class=\"alignnone size-medium wp-image-5222\" src=\"https:\/\/cheminsplestinais.dcea.fr\/wp-content\/uploads\/2018\/07\/IMG_1515-300x225.jpg\" alt=\"\" width=\"300\" height=\"225\" srcset=\"https:\/\/cheminsplestinais.dcea.fr\/wp-content\/uploads\/2018\/07\/IMG_1515-300x225.jpg 300w, https:\/\/cheminsplestinais.dcea.fr\/wp-content\/uploads\/2018\/07\/IMG_1515-768x576.jpg 768w, https:\/\/cheminsplestinais.dcea.fr\/wp-content\/uploads\/2018\/07\/IMG_1515.jpg 800w\" sizes=\"(max-width: 300px) 100vw, 300px\" \/><\/a><\/p>\n<p style=\"padding-left: 30px;\">a r\u00e9ussi \u00e0 reconstituer un environnement digne de cette chapelle class\u00e9e.<\/p>\n<p><a href=\"https:\/\/cheminsplestinais.dcea.fr\/wp-content\/uploads\/2018\/07\/DSCN3105.jpg\"><img loading=\"lazy\" decoding=\"async\" class=\"alignright size-medium wp-image-5250\" src=\"https:\/\/cheminsplestinais.dcea.fr\/wp-content\/uploads\/2018\/07\/DSCN3105-300x225.jpg\" alt=\"\" width=\"300\" height=\"225\" srcset=\"https:\/\/cheminsplestinais.dcea.fr\/wp-content\/uploads\/2018\/07\/DSCN3105-300x225.jpg 300w, https:\/\/cheminsplestinais.dcea.fr\/wp-content\/uploads\/2018\/07\/DSCN3105-768x576.jpg 768w, https:\/\/cheminsplestinais.dcea.fr\/wp-content\/uploads\/2018\/07\/DSCN3105.jpg 1000w\" sizes=\"(max-width: 300px) 100vw, 300px\" \/><\/a><a href=\"https:\/\/cheminsplestinais.dcea.fr\/wp-content\/uploads\/2018\/07\/DSC_0142-1.jpg\"><img loading=\"lazy\" decoding=\"async\" class=\"alignnone size-medium wp-image-5266\" src=\"https:\/\/cheminsplestinais.dcea.fr\/wp-content\/uploads\/2018\/07\/DSC_0142-1-300x169.jpg\" alt=\"\" width=\"300\" height=\"169\" srcset=\"https:\/\/cheminsplestinais.dcea.fr\/wp-content\/uploads\/2018\/07\/DSC_0142-1-300x169.jpg 300w, https:\/\/cheminsplestinais.dcea.fr\/wp-content\/uploads\/2018\/07\/DSC_0142-1-768x432.jpg 768w, https:\/\/cheminsplestinais.dcea.fr\/wp-content\/uploads\/2018\/07\/DSC_0142-1.jpg 1000w\" sizes=\"(max-width: 300px) 100vw, 300px\" \/><\/a><\/p>\n<p><span style=\"color: #ffffff;\">.<\/span><\/p>\n<p><span style=\"color: #ffffff;\">.<\/span><\/p>\n<p>&nbsp;<\/p>\n<ul>\n<li>Am\u00e9lioration d&rsquo;un sentier de randonn\u00e9e le long du Yar<\/li>\n<\/ul>\n<p>Ce tr\u00e8s joli chemin qui longe la rive droite du Yar \u00e9tait difficilement praticable, notamment en p\u00e9riodes humides.<\/p>\n<p><a href=\"https:\/\/cheminsplestinais.dcea.fr\/wp-content\/uploads\/2018\/07\/IMG_1512.jpg\"><img loading=\"lazy\" decoding=\"async\" class=\"alignnone size-medium wp-image-5220\" src=\"https:\/\/cheminsplestinais.dcea.fr\/wp-content\/uploads\/2018\/07\/IMG_1512-300x225.jpg\" alt=\"\" width=\"300\" height=\"225\" srcset=\"https:\/\/cheminsplestinais.dcea.fr\/wp-content\/uploads\/2018\/07\/IMG_1512-300x225.jpg 300w, https:\/\/cheminsplestinais.dcea.fr\/wp-content\/uploads\/2018\/07\/IMG_1512-768x576.jpg 768w, https:\/\/cheminsplestinais.dcea.fr\/wp-content\/uploads\/2018\/07\/IMG_1512.jpg 800w\" sizes=\"(max-width: 300px) 100vw, 300px\" \/><\/a><a href=\"https:\/\/cheminsplestinais.dcea.fr\/wp-content\/uploads\/2018\/07\/IMG_1513.jpg\"><img loading=\"lazy\" decoding=\"async\" class=\"alignright size-medium wp-image-5221\" src=\"https:\/\/cheminsplestinais.dcea.fr\/wp-content\/uploads\/2018\/07\/IMG_1513-300x225.jpg\" alt=\"\" width=\"300\" height=\"225\" srcset=\"https:\/\/cheminsplestinais.dcea.fr\/wp-content\/uploads\/2018\/07\/IMG_1513-300x225.jpg 300w, https:\/\/cheminsplestinais.dcea.fr\/wp-content\/uploads\/2018\/07\/IMG_1513-768x576.jpg 768w, https:\/\/cheminsplestinais.dcea.fr\/wp-content\/uploads\/2018\/07\/IMG_1513.jpg 800w\" sizes=\"(max-width: 300px) 100vw, 300px\" \/><\/a><\/p>\n<p style=\"padding-left: 30px;\">Durant 4 semaines, une \u00e9quipe de b\u00e9n\u00e9voles s&rsquo;est employ\u00e9e<br \/>\n\u00e0 assainir le terrain&#8230;<\/p>\n<p style=\"padding-left: 30px;\"><a href=\"https:\/\/cheminsplestinais.dcea.fr\/wp-content\/uploads\/2018\/07\/IMG_1543.jpg\"><img loading=\"lazy\" decoding=\"async\" class=\"alignleft wp-image-5227 size-medium\" src=\"https:\/\/cheminsplestinais.dcea.fr\/wp-content\/uploads\/2018\/07\/IMG_1543-300x225.jpg\" alt=\"\" width=\"300\" height=\"225\" srcset=\"https:\/\/cheminsplestinais.dcea.fr\/wp-content\/uploads\/2018\/07\/IMG_1543-300x225.jpg 300w, https:\/\/cheminsplestinais.dcea.fr\/wp-content\/uploads\/2018\/07\/IMG_1543-768x576.jpg 768w, https:\/\/cheminsplestinais.dcea.fr\/wp-content\/uploads\/2018\/07\/IMG_1543.jpg 800w\" sizes=\"(max-width: 300px) 100vw, 300px\" \/><\/a><a href=\"https:\/\/cheminsplestinais.dcea.fr\/wp-content\/uploads\/2018\/07\/IMG_1540.jpg\"><img loading=\"lazy\" decoding=\"async\" class=\"alignnone wp-image-5225\" src=\"https:\/\/cheminsplestinais.dcea.fr\/wp-content\/uploads\/2018\/07\/IMG_1540-300x225.jpg\" alt=\"\" width=\"287\" height=\"215\" srcset=\"https:\/\/cheminsplestinais.dcea.fr\/wp-content\/uploads\/2018\/07\/IMG_1540-300x225.jpg 300w, https:\/\/cheminsplestinais.dcea.fr\/wp-content\/uploads\/2018\/07\/IMG_1540-768x576.jpg 768w, https:\/\/cheminsplestinais.dcea.fr\/wp-content\/uploads\/2018\/07\/IMG_1540.jpg 800w\" sizes=\"(max-width: 287px) 100vw, 287px\" \/><\/a><\/p>\n<p style=\"padding-left: 30px; text-align: right;\">cr\u00e9er des cheminements<\/p>\n<p style=\"padding-left: 30px; text-align: left;\"><a href=\"https:\/\/cheminsplestinais.dcea.fr\/wp-content\/uploads\/2018\/07\/DSCN3098.jpg\"><img loading=\"lazy\" decoding=\"async\" class=\"alignright wp-image-5217 size-medium\" src=\"https:\/\/cheminsplestinais.dcea.fr\/wp-content\/uploads\/2018\/07\/DSCN3098-225x300.jpg\" alt=\"\" width=\"225\" height=\"300\" srcset=\"https:\/\/cheminsplestinais.dcea.fr\/wp-content\/uploads\/2018\/07\/DSCN3098-225x300.jpg 225w, https:\/\/cheminsplestinais.dcea.fr\/wp-content\/uploads\/2018\/07\/DSCN3098.jpg 450w\" sizes=\"(max-width: 225px) 100vw, 225px\" \/><\/a><\/p>\n<p style=\"padding-left: 30px; text-align: left;\"><a href=\"https:\/\/cheminsplestinais.dcea.fr\/wp-content\/uploads\/2018\/07\/DSCN3073.jpg\"><img loading=\"lazy\" decoding=\"async\" class=\"alignnone wp-image-5214\" src=\"https:\/\/cheminsplestinais.dcea.fr\/wp-content\/uploads\/2018\/07\/DSCN3073-300x225.jpg\" alt=\"\" width=\"250\" height=\"188\" srcset=\"https:\/\/cheminsplestinais.dcea.fr\/wp-content\/uploads\/2018\/07\/DSCN3073-300x225.jpg 300w, https:\/\/cheminsplestinais.dcea.fr\/wp-content\/uploads\/2018\/07\/DSCN3073-768x576.jpg 768w, https:\/\/cheminsplestinais.dcea.fr\/wp-content\/uploads\/2018\/07\/DSCN3073.jpg 800w\" sizes=\"(max-width: 250px) 100vw, 250px\" \/><\/a><\/p>\n<p style=\"padding-left: 30px; text-align: left;\"><a href=\"https:\/\/cheminsplestinais.dcea.fr\/wp-content\/uploads\/2018\/07\/IMG_1545.jpg\"><img loading=\"lazy\" decoding=\"async\" class=\"alignnone size-medium wp-image-5228\" src=\"https:\/\/cheminsplestinais.dcea.fr\/wp-content\/uploads\/2018\/07\/IMG_1545-300x225.jpg\" alt=\"\" width=\"300\" height=\"225\" srcset=\"https:\/\/cheminsplestinais.dcea.fr\/wp-content\/uploads\/2018\/07\/IMG_1545-300x225.jpg 300w, https:\/\/cheminsplestinais.dcea.fr\/wp-content\/uploads\/2018\/07\/IMG_1545-768x576.jpg 768w, https:\/\/cheminsplestinais.dcea.fr\/wp-content\/uploads\/2018\/07\/IMG_1545.jpg 800w\" sizes=\"(max-width: 300px) 100vw, 300px\" \/><\/a><\/p>\n<p style=\"padding-left: 30px; text-align: left;\">et &#8211; souci du d\u00e9tail &#8211; penser au balisage.<\/p>\n<p style=\"padding-left: 30px; text-align: left;\"><a href=\"https:\/\/cheminsplestinais.dcea.fr\/wp-content\/uploads\/2018\/07\/DSCN3090.jpg\"><img loading=\"lazy\" decoding=\"async\" class=\"alignright size-medium wp-image-5216\" src=\"https:\/\/cheminsplestinais.dcea.fr\/wp-content\/uploads\/2018\/07\/DSCN3090-300x225.jpg\" alt=\"\" width=\"300\" height=\"225\" srcset=\"https:\/\/cheminsplestinais.dcea.fr\/wp-content\/uploads\/2018\/07\/DSCN3090-300x225.jpg 300w, https:\/\/cheminsplestinais.dcea.fr\/wp-content\/uploads\/2018\/07\/DSCN3090-768x576.jpg 768w, https:\/\/cheminsplestinais.dcea.fr\/wp-content\/uploads\/2018\/07\/DSCN3090.jpg 800w\" sizes=\"(max-width: 300px) 100vw, 300px\" \/><\/a><a href=\"https:\/\/cheminsplestinais.dcea.fr\/wp-content\/uploads\/2018\/07\/DSCN3082.jpg\"><img loading=\"lazy\" decoding=\"async\" class=\"alignnone wp-image-5215\" src=\"https:\/\/cheminsplestinais.dcea.fr\/wp-content\/uploads\/2018\/07\/DSCN3082-300x225.jpg\" alt=\"\" width=\"285\" height=\"214\" srcset=\"https:\/\/cheminsplestinais.dcea.fr\/wp-content\/uploads\/2018\/07\/DSCN3082-300x225.jpg 300w, https:\/\/cheminsplestinais.dcea.fr\/wp-content\/uploads\/2018\/07\/DSCN3082-768x576.jpg 768w, https:\/\/cheminsplestinais.dcea.fr\/wp-content\/uploads\/2018\/07\/DSCN3082.jpg 800w\" sizes=\"(max-width: 285px) 100vw, 285px\" \/><\/a><\/p>\n<p style=\"padding-left: 30px; text-align: left;\"><a href=\"https:\/\/cheminsplestinais.dcea.fr\/wp-content\/uploads\/2018\/07\/Yar-Roscoat.jpg\"><img loading=\"lazy\" decoding=\"async\" class=\"alignleft size-medium wp-image-5232\" src=\"https:\/\/cheminsplestinais.dcea.fr\/wp-content\/uploads\/2018\/07\/Yar-Roscoat-284x300.jpg\" alt=\"\" width=\"284\" height=\"300\" srcset=\"https:\/\/cheminsplestinais.dcea.fr\/wp-content\/uploads\/2018\/07\/Yar-Roscoat-284x300.jpg 284w, https:\/\/cheminsplestinais.dcea.fr\/wp-content\/uploads\/2018\/07\/Yar-Roscoat.jpg 599w\" sizes=\"(max-width: 284px) 100vw, 284px\" \/><\/a><span style=\"color: #ffffff;\">.<\/span><\/p>\n<p style=\"padding-left: 30px; text-align: left;\">En vert sur la carte ci-contre,<br \/>\nla partie de chemin sur laquelle<br \/>\nnous sommes intervenus.<\/p>\n<p style=\"padding-left: 30px; text-align: left;\"><span style=\"color: #ffffff;\">.<\/span><\/p>\n<p style=\"padding-left: 30px; text-align: left;\">Ce sentier s&rsquo;inscrit dans un un r\u00e9seau<br \/>\nde chemins de randonn\u00e9e entre Plestin<br \/>\net Treduder et facilitera la r\u00e9alisation<br \/>\nde boucles.<\/p>\n<p style=\"padding-left: 30px; text-align: left;\"><span style=\"color: #ffffff;\">.<\/span><\/p>\n<p style=\"padding-left: 30px; text-align: left;\"><span style=\"color: #ffffff;\">&#8230;&#8230;<\/span>Pour finir l&rsquo;ann\u00e9e en beaut\u00e9, nous avons \u00e9t\u00e9 accueillis<br \/>\npar Fran\u00e7oise et Auguste\u00a0 pour un pique-nique g\u00e9ant<\/p>\n<p style=\"padding-left: 30px; text-align: left;\"><a href=\"https:\/\/cheminsplestinais.dcea.fr\/wp-content\/uploads\/2018\/07\/DSC01445.jpg\"><img loading=\"lazy\" decoding=\"async\" class=\"alignnone size-full wp-image-5279\" src=\"https:\/\/cheminsplestinais.dcea.fr\/wp-content\/uploads\/2018\/07\/DSC01445.jpg\" alt=\"\" width=\"1000\" height=\"220\" srcset=\"https:\/\/cheminsplestinais.dcea.fr\/wp-content\/uploads\/2018\/07\/DSC01445.jpg 1000w, https:\/\/cheminsplestinais.dcea.fr\/wp-content\/uploads\/2018\/07\/DSC01445-300x66.jpg 300w, https:\/\/cheminsplestinais.dcea.fr\/wp-content\/uploads\/2018\/07\/DSC01445-768x169.jpg 768w\" sizes=\"(max-width: 1000px) 100vw, 1000px\" \/><\/a><\/p>\n<p style=\"padding-left: 30px; text-align: left;\"><a href=\"https:\/\/cheminsplestinais.dcea.fr\/wp-content\/uploads\/2018\/07\/DSC01386.jpg\"><img loading=\"lazy\" decoding=\"async\" class=\"alignright size-medium wp-image-5278\" src=\"https:\/\/cheminsplestinais.dcea.fr\/wp-content\/uploads\/2018\/07\/DSC01386-300x225.jpg\" alt=\"\" width=\"300\" height=\"225\" srcset=\"https:\/\/cheminsplestinais.dcea.fr\/wp-content\/uploads\/2018\/07\/DSC01386-300x225.jpg 300w, https:\/\/cheminsplestinais.dcea.fr\/wp-content\/uploads\/2018\/07\/DSC01386-768x576.jpg 768w, https:\/\/cheminsplestinais.dcea.fr\/wp-content\/uploads\/2018\/07\/DSC01386.jpg 800w\" sizes=\"(max-width: 300px) 100vw, 300px\" \/><\/a><\/p>\n<p style=\"padding-left: 30px; text-align: center;\">Au menu, plats cuisin\u00e9s maison<\/p>\n<p style=\"padding-left: 30px; text-align: left;\"><img loading=\"lazy\" decoding=\"async\" class=\"alignleft size-medium wp-image-5284\" src=\"https:\/\/cheminsplestinais.dcea.fr\/wp-content\/uploads\/2018\/07\/DSC01419-225x300.jpg\" alt=\"\" width=\"225\" height=\"300\" srcset=\"https:\/\/cheminsplestinais.dcea.fr\/wp-content\/uploads\/2018\/07\/DSC01419-225x300.jpg 225w, https:\/\/cheminsplestinais.dcea.fr\/wp-content\/uploads\/2018\/07\/DSC01419.jpg 600w\" sizes=\"(max-width: 225px) 100vw, 225px\" \/><span style=\"color: #ffffff;\">.<\/span><\/p>\n<p style=\"padding-left: 30px; text-align: left;\"><span style=\"color: #ffffff;\">.<\/span><\/p>\n<p style=\"padding-left: 30px; text-align: center;\">et barbecue<\/p>\n<p style=\"padding-left: 30px; text-align: left;\"><a href=\"https:\/\/cheminsplestinais.dcea.fr\/wp-content\/uploads\/2018\/07\/DSC01411.jpg\"><img loading=\"lazy\" decoding=\"async\" class=\"alignnone size-medium wp-image-5283\" src=\"https:\/\/cheminsplestinais.dcea.fr\/wp-content\/uploads\/2018\/07\/DSC01411-300x225.jpg\" alt=\"\" width=\"300\" height=\"225\" srcset=\"https:\/\/cheminsplestinais.dcea.fr\/wp-content\/uploads\/2018\/07\/DSC01411-300x225.jpg 300w, https:\/\/cheminsplestinais.dcea.fr\/wp-content\/uploads\/2018\/07\/DSC01411-768x576.jpg 768w, https:\/\/cheminsplestinais.dcea.fr\/wp-content\/uploads\/2018\/07\/DSC01411.jpg 800w\" sizes=\"(max-width: 300px) 100vw, 300px\" \/><\/a><\/p>\n<p style=\"padding-left: 30px; text-align: left;\">Soleil g\u00e9n\u00e9reux\u00a0 et bonne humeur au rendez-vous<\/p>\n<p style=\"padding-left: 30px; text-align: left;\"><a href=\"https:\/\/cheminsplestinais.dcea.fr\/wp-content\/uploads\/2018\/07\/DSC01453.jpg\"><img loading=\"lazy\" decoding=\"async\" class=\"alignleft size-medium wp-image-5290\" src=\"https:\/\/cheminsplestinais.dcea.fr\/wp-content\/uploads\/2018\/07\/DSC01453-300x225.jpg\" alt=\"\" width=\"300\" height=\"225\" srcset=\"https:\/\/cheminsplestinais.dcea.fr\/wp-content\/uploads\/2018\/07\/DSC01453-300x225.jpg 300w, https:\/\/cheminsplestinais.dcea.fr\/wp-content\/uploads\/2018\/07\/DSC01453-768x576.jpg 768w, https:\/\/cheminsplestinais.dcea.fr\/wp-content\/uploads\/2018\/07\/DSC01453.jpg 800w\" sizes=\"(max-width: 300px) 100vw, 300px\" \/><\/a><a href=\"https:\/\/cheminsplestinais.dcea.fr\/wp-content\/uploads\/2018\/07\/DSC01408.jpg\"><img loading=\"lazy\" decoding=\"async\" class=\"alignnone wp-image-5289\" src=\"https:\/\/cheminsplestinais.dcea.fr\/wp-content\/uploads\/2018\/07\/DSC01408-300x225.jpg\" alt=\"\" width=\"285\" height=\"214\" srcset=\"https:\/\/cheminsplestinais.dcea.fr\/wp-content\/uploads\/2018\/07\/DSC01408-300x225.jpg 300w, https:\/\/cheminsplestinais.dcea.fr\/wp-content\/uploads\/2018\/07\/DSC01408-768x576.jpg 768w, https:\/\/cheminsplestinais.dcea.fr\/wp-content\/uploads\/2018\/07\/DSC01408.jpg 800w\" sizes=\"(max-width: 285px) 100vw, 285px\" \/><\/a><\/p>\n<p style=\"padding-left: 30px; text-align: left;\"><span style=\"color: #ffffff;\">.<\/span><\/p>\n<p style=\"padding-left: 30px; text-align: left;\"><strong>Au niveau des animations,<\/strong><\/p>\n<p style=\"padding-left: 30px; text-align: left;\">une <span style=\"color: #800080;\">surprise<\/span> : un <a href=\"https:\/\/drive.google.com\/file\/d\/11XZTZgC2gEpw2jFozRnqS6qVtU6UBskv\/view?usp=sharing\">po\u00e8me<\/a> \u00e9crit par un Plestinais,\u00a0 Yvon Pichodour et lu par Marie-France : \u00ab\u00a0Le chemin des chapelles\u00a0\u00bb<\/p>\n<p style=\"padding-left: 30px; text-align: left;\"><a href=\"https:\/\/drive.google.com\/file\/d\/18e7HajK3eycN-UM98OOiQCFDFlsJSW9K\/view?usp=sharing\"><img loading=\"lazy\" decoding=\"async\" class=\"aligncenter wp-image-5294\" src=\"https:\/\/cheminsplestinais.dcea.fr\/wp-content\/uploads\/2018\/07\/vlcsnap-2018-07-14-10h57m37s984-300x169.jpg\" alt=\"\" width=\"450\" height=\"253\" srcset=\"https:\/\/cheminsplestinais.dcea.fr\/wp-content\/uploads\/2018\/07\/vlcsnap-2018-07-14-10h57m37s984-300x169.jpg 300w, https:\/\/cheminsplestinais.dcea.fr\/wp-content\/uploads\/2018\/07\/vlcsnap-2018-07-14-10h57m37s984-768x432.jpg 768w, https:\/\/cheminsplestinais.dcea.fr\/wp-content\/uploads\/2018\/07\/vlcsnap-2018-07-14-10h57m37s984.jpg 1000w\" sizes=\"(max-width: 450px) 100vw, 450px\" \/><\/a><\/p>\n<p style=\"padding-left: 30px; text-align: center;\"><em>Pour acc\u00e9der \u00e0 la vid\u00e9o, cliquer sur la photo<br \/>\n<\/em><\/p>\n<p style=\"padding-left: 30px; text-align: center;\">et un <span style=\"color: #800080;\">classique<\/span> : notre c\u00e9l\u00e8bre trio de basses interpr\u00e8te un de ses tubes : les chapelles de Plestin. En phase avec l&rsquo;actualit\u00e9 !<\/p>\n<p style=\"padding-left: 30px; text-align: left;\"><a href=\"https:\/\/drive.google.com\/open?id=1OrNvFHxj90ej4EbILs1ZsFRnevH2IId9\"><img loading=\"lazy\" decoding=\"async\" class=\"aligncenter wp-image-5293\" src=\"https:\/\/cheminsplestinais.dcea.fr\/wp-content\/uploads\/2018\/07\/DSC01448.jpg\" alt=\"\" width=\"500\" height=\"375\" srcset=\"https:\/\/cheminsplestinais.dcea.fr\/wp-content\/uploads\/2018\/07\/DSC01448.jpg 800w, https:\/\/cheminsplestinais.dcea.fr\/wp-content\/uploads\/2018\/07\/DSC01448-300x225.jpg 300w, https:\/\/cheminsplestinais.dcea.fr\/wp-content\/uploads\/2018\/07\/DSC01448-768x576.jpg 768w\" sizes=\"(max-width: 500px) 100vw, 500px\" \/><\/a><\/p>\n<p style=\"padding-left: 30px; text-align: center;\"><em>Pour acc\u00e9der \u00e0 un extrait de\u00a0 la vid\u00e9o, cliquer sur la photo<\/em><\/p>\n<p style=\"padding-left: 30px; text-align: center;\"><a href=\"https:\/\/cheminsplestinais.dcea.fr\/wp-content\/uploads\/2018\/07\/DSC01370b.jpg\"><img loading=\"lazy\" decoding=\"async\" class=\"aligncenter size-full wp-image-5302\" src=\"https:\/\/cheminsplestinais.dcea.fr\/wp-content\/uploads\/2018\/07\/DSC01370b.jpg\" alt=\"\" width=\"1000\" height=\"443\" srcset=\"https:\/\/cheminsplestinais.dcea.fr\/wp-content\/uploads\/2018\/07\/DSC01370b.jpg 1000w, https:\/\/cheminsplestinais.dcea.fr\/wp-content\/uploads\/2018\/07\/DSC01370b-300x133.jpg 300w, https:\/\/cheminsplestinais.dcea.fr\/wp-content\/uploads\/2018\/07\/DSC01370b-768x340.jpg 768w\" sizes=\"(max-width: 1000px) 100vw, 1000px\" \/><\/a><\/p>\n<p style=\"padding-left: 30px; text-align: center;\">Tr\u00e8s bon \u00e9t\u00e9 \u00e0 toutes et \u00e0 tous et n&rsquo;oubliez pas notre rendez-vous du <span style=\"color: #800000;\">5 ao\u00fbt<\/span> pour la <span style=\"color: #800000;\">grande randonn\u00e9e des chapelles<\/span>.<\/p>\n","protected":false},"excerpt":{"rendered":"<p>Pour ce mois de juin, nous avons fait preuve un peu d&rsquo;originalit\u00e9. 2 chantiers ont \u00e9t\u00e9 men\u00e9s de front (l&rsquo;effectif de b\u00e9n\u00e9voles le permet) : R\u00e9novation des murets qui entourent la chapelle Saint-Barbe (chantier amorc\u00e9 en mai) Notre \u00e9quipe de \u00ab\u00a0ma\u00e7ons\u00a0\u00bb, apr\u00e8s avoir d\u00e9gag\u00e9 la terre, les souches\u00a0 et \u00ab\u00a0d\u00e9construit\u00a0\u00bb les murets fortement d\u00e9grad\u00e9s, &nbsp; [&hellip;]<\/p>\n","protected":false},"author":1,"featured_media":0,"comment_status":"open","ping_status":"closed","sticky":false,"template":"","format":"standard","meta":{"footnotes":""},"categories":[3,2],"tags":[],"_links":{"self":[{"href":"https:\/\/cheminsplestinais.dcea.fr\/index.php?rest_route=\/wp\/v2\/posts\/5210"}],"collection":[{"href":"https:\/\/cheminsplestinais.dcea.fr\/index.php?rest_route=\/wp\/v2\/posts"}],"about":[{"href":"https:\/\/cheminsplestinais.dcea.fr\/index.php?rest_route=\/wp\/v2\/types\/post"}],"author":[{"embeddable":true,"href":"https:\/\/cheminsplestinais.dcea.fr\/index.php?rest_route=\/wp\/v2\/users\/1"}],"replies":[{"embeddable":true,"href":"https:\/\/cheminsplestinais.dcea.fr\/index.php?rest_route=%2Fwp%2Fv2%2Fcomments&post=5210"}],"version-history":[{"count":74,"href":"https:\/\/cheminsplestinais.dcea.fr\/index.php?rest_route=\/wp\/v2\/posts\/5210\/revisions"}],"predecessor-version":[{"id":5319,"href":"https:\/\/cheminsplestinais.dcea.fr\/index.php?rest_route=\/wp\/v2\/posts\/5210\/revisions\/5319"}],"wp:attachment":[{"href":"https:\/\/cheminsplestinais.dcea.fr\/index.php?rest_route=%2Fwp%2Fv2%2Fmedia&parent=5210"}],"wp:term":[{"taxonomy":"category","embeddable":true,"href":"https:\/\/cheminsplestinais.dcea.fr\/index.php?rest_route=%2Fwp%2Fv2%2Fcategories&post=5210"},{"taxonomy":"post_tag","embeddable":true,"href":"https:\/\/cheminsplestinais.dcea.fr\/index.php?rest_route=%2Fwp%2Fv2%2Ftags&post=5210"}],"curies":[{"name":"wp","href":"https:\/\/api.w.org\/{rel}","templated":true}]}}