{"id":5322,"date":"2018-08-07T17:40:47","date_gmt":"2018-08-07T16:40:47","guid":{"rendered":"http:\/\/www.cheminsplestinais.dcea.fr\/?p=5322"},"modified":"2018-09-13T12:39:36","modified_gmt":"2018-09-13T11:39:36","slug":"nos-sentiers-interessent-meme-les-anes","status":"publish","type":"post","link":"https:\/\/cheminsplestinais.dcea.fr\/?p=5322","title":{"rendered":"Nos sentiers int\u00e9ressent m\u00eame les \u00e2nes !"},"content":{"rendered":"<p>Nous savions que nos beaux sentiers \u00e9taient parcourus par de nombreux promeneurs.<\/p>\n<p>Notre public s&rsquo;est \u00e9largi r\u00e9cemment :<\/p>\n<p>une randonneuse, Brigitte Blot a r\u00e9cemment effectu\u00e9 un \u00ab\u00a0Tro Plistin\u00a0\u00bb avec son \u00e2ne Ioko et son chien Laouen.<\/p>\n<p>Enchant\u00e9e par cette randonn\u00e9e, elle a fait para\u00eetre dans les tr\u00e8s c\u00e9l\u00e8bres \u00ab\u00a0Carnets de l&rsquo;\u00e2ne\u00a0\u00bb\u00a0 un article relatant ces 2 journ\u00e9es pass\u00e9es\u00a0 sur nos chemins.<\/p>\n<p>Un grand merci \u00e0 elle pour cette hommage rendu \u00e0 la commune et \u00e0 l&rsquo;association des Chemins Plestinais.<\/p>\n<p><a href=\"https:\/\/drive.google.com\/open?id=1ZhUMia4aHiiVeFJVg7nUlLEaQnQS3EMU\">Voir l&rsquo;article<\/a>.<\/p>\n","protected":false},"excerpt":{"rendered":"<p>Nous savions que nos beaux sentiers \u00e9taient parcourus par de nombreux promeneurs. Notre public s&rsquo;est \u00e9largi r\u00e9cemment : une randonneuse, Brigitte Blot a r\u00e9cemment effectu\u00e9 un \u00ab\u00a0Tro Plistin\u00a0\u00bb avec son \u00e2ne Ioko et son chien Laouen. Enchant\u00e9e par cette randonn\u00e9e, elle a fait para\u00eetre dans les tr\u00e8s c\u00e9l\u00e8bres \u00ab\u00a0Carnets de l&rsquo;\u00e2ne\u00a0\u00bb\u00a0 un article relatant ces [&hellip;]<\/p>\n","protected":false},"author":1,"featured_media":0,"comment_status":"open","ping_status":"closed","sticky":false,"template":"","format":"standard","meta":{"footnotes":""},"categories":[1],"tags":[],"_links":{"self":[{"href":"https:\/\/cheminsplestinais.dcea.fr\/index.php?rest_route=\/wp\/v2\/posts\/5322"}],"collection":[{"href":"https:\/\/cheminsplestinais.dcea.fr\/index.php?rest_route=\/wp\/v2\/posts"}],"about":[{"href":"https:\/\/cheminsplestinais.dcea.fr\/index.php?rest_route=\/wp\/v2\/types\/post"}],"author":[{"embeddable":true,"href":"https:\/\/cheminsplestinais.dcea.fr\/index.php?rest_route=\/wp\/v2\/users\/1"}],"replies":[{"embeddable":true,"href":"https:\/\/cheminsplestinais.dcea.fr\/index.php?rest_route=%2Fwp%2Fv2%2Fcomments&post=5322"}],"version-history":[{"count":8,"href":"https:\/\/cheminsplestinais.dcea.fr\/index.php?rest_route=\/wp\/v2\/posts\/5322\/revisions"}],"predecessor-version":[{"id":5536,"href":"https:\/\/cheminsplestinais.dcea.fr\/index.php?rest_route=\/wp\/v2\/posts\/5322\/revisions\/5536"}],"wp:attachment":[{"href":"https:\/\/cheminsplestinais.dcea.fr\/index.php?rest_route=%2Fwp%2Fv2%2Fmedia&parent=5322"}],"wp:term":[{"taxonomy":"category","embeddable":true,"href":"https:\/\/cheminsplestinais.dcea.fr\/index.php?rest_route=%2Fwp%2Fv2%2Fcategories&post=5322"},{"taxonomy":"post_tag","embeddable":true,"href":"https:\/\/cheminsplestinais.dcea.fr\/index.php?rest_route=%2Fwp%2Fv2%2Ftags&post=5322"}],"curies":[{"name":"wp","href":"https:\/\/api.w.org\/{rel}","templated":true}]}}