{"id":5327,"date":"2018-08-07T17:42:25","date_gmt":"2018-08-07T16:42:25","guid":{"rendered":"http:\/\/www.cheminsplestinais.dcea.fr\/?p=5327"},"modified":"2018-08-08T06:12:22","modified_gmt":"2018-08-08T05:12:22","slug":"tro-braz-chapeliou-plistin","status":"publish","type":"post","link":"https:\/\/cheminsplestinais.dcea.fr\/?p=5327","title":{"rendered":"Tro Braz Chapeliou Plistin"},"content":{"rendered":"<p>ou <em>The big tour of the chapels of Plestin<\/em> pour nos amis anglophones<\/p>\n<p>Dans le cadre du <span style=\"color: #003300;\"><strong>10\u00e8me anniversaire du Circuit des Chapelles<\/strong><\/span>,<br \/>\nl&rsquo;association<span style=\"color: #003300;\"><strong> Chemins Plestinais et Patrimoine<\/strong><\/span> proposait<br \/>\nle <span style=\"color: #003300;\"><strong>dimanche 5 ao\u00fbt \u00a0 <\/strong><span style=\"color: #000000;\">trois<\/span><\/span> randonn\u00e9es p\u00e9destres et une randonn\u00e9e VTT-VTC, permettant de d\u00e9couvrir (ou red\u00e9couvrir) les diff\u00e9rentes chapelles de Plestin, exceptionnellement ouvertes pour cette occasion.<\/p>\n<figure id=\"attachment_5338\" aria-describedby=\"caption-attachment-5338\" style=\"width: 187px\" class=\"wp-caption alignleft\"><a href=\"https:\/\/cheminsplestinais.dcea.fr\/wp-content\/uploads\/2018\/08\/DSC_0175.jpg\"><img loading=\"lazy\" decoding=\"async\" class=\"size-medium wp-image-5338\" src=\"https:\/\/cheminsplestinais.dcea.fr\/wp-content\/uploads\/2018\/08\/DSC_0175-187x300.jpg\" alt=\"\" width=\"187\" height=\"300\" srcset=\"https:\/\/cheminsplestinais.dcea.fr\/wp-content\/uploads\/2018\/08\/DSC_0175-187x300.jpg 187w, https:\/\/cheminsplestinais.dcea.fr\/wp-content\/uploads\/2018\/08\/DSC_0175.jpg 373w\" sizes=\"(max-width: 187px) 100vw, 187px\" \/><\/a><figcaption id=\"caption-attachment-5338\" class=\"wp-caption-text\"><span style=\"color: #ffffff;\">??????<\/span><\/figcaption><\/figure>\n<p>Les plus courageux (34 participants) ont attaqu\u00e9 d\u00e8s 8h00<br \/>\nla boucle de 16km les conduisant aux chapelles St-Haran,<br \/>\nSt-Jagut et Ste-Anne.<\/p>\n<p><a href=\"https:\/\/cheminsplestinais.dcea.fr\/wp-content\/uploads\/2018\/08\/DSC_0174.jpg\"><img loading=\"lazy\" decoding=\"async\" class=\"size-medium wp-image-5337\" src=\"https:\/\/cheminsplestinais.dcea.fr\/wp-content\/uploads\/2018\/08\/DSC_0174-193x300.jpg\" alt=\"\" width=\"193\" height=\"300\" srcset=\"https:\/\/cheminsplestinais.dcea.fr\/wp-content\/uploads\/2018\/08\/DSC_0174-193x300.jpg 193w, https:\/\/cheminsplestinais.dcea.fr\/wp-content\/uploads\/2018\/08\/DSC_0174.jpg 385w\" sizes=\"(max-width: 193px) 100vw, 193px\" \/><\/a><\/p>\n<p><a href=\"https:\/\/cheminsplestinais.dcea.fr\/wp-content\/uploads\/2018\/08\/DSC_0178.jpg\"><img loading=\"lazy\" decoding=\"async\" class=\"alignnone wp-image-5339\" src=\"https:\/\/cheminsplestinais.dcea.fr\/wp-content\/uploads\/2018\/08\/DSC_0178-300x169.jpg\" alt=\"\" width=\"450\" height=\"253\" srcset=\"https:\/\/cheminsplestinais.dcea.fr\/wp-content\/uploads\/2018\/08\/DSC_0178-300x169.jpg 300w, https:\/\/cheminsplestinais.dcea.fr\/wp-content\/uploads\/2018\/08\/DSC_0178-768x432.jpg 768w, https:\/\/cheminsplestinais.dcea.fr\/wp-content\/uploads\/2018\/08\/DSC_0178-1024x576.jpg 1024w, https:\/\/cheminsplestinais.dcea.fr\/wp-content\/uploads\/2018\/08\/DSC_0178.jpg 1066w\" sizes=\"(max-width: 450px) 100vw, 450px\" \/><\/a><\/p>\n<figure id=\"attachment_5341\" aria-describedby=\"caption-attachment-5341\" style=\"width: 185px\" class=\"wp-caption alignright\"><a href=\"https:\/\/cheminsplestinais.dcea.fr\/wp-content\/uploads\/2018\/08\/DSC_0182.jpg\"><img loading=\"lazy\" decoding=\"async\" class=\"size-medium wp-image-5341\" src=\"https:\/\/cheminsplestinais.dcea.fr\/wp-content\/uploads\/2018\/08\/DSC_0182-185x300.jpg\" alt=\"\" width=\"185\" height=\"300\" srcset=\"https:\/\/cheminsplestinais.dcea.fr\/wp-content\/uploads\/2018\/08\/DSC_0182-185x300.jpg 185w, https:\/\/cheminsplestinais.dcea.fr\/wp-content\/uploads\/2018\/08\/DSC_0182.jpg 369w\" sizes=\"(max-width: 185px) 100vw, 185px\" \/><\/a><figcaption id=\"caption-attachment-5341\" class=\"wp-caption-text\"><span style=\"color: #ffffff;\">??????<\/span><\/figcaption><\/figure>\n<p><a href=\"https:\/\/cheminsplestinais.dcea.fr\/wp-content\/uploads\/2018\/08\/DSC_0180.jpg\"><img loading=\"lazy\" decoding=\"async\" class=\"alignnone wp-image-5340\" src=\"https:\/\/cheminsplestinais.dcea.fr\/wp-content\/uploads\/2018\/08\/DSC_0180-300x187.jpg\" alt=\"\" width=\"400\" height=\"250\" srcset=\"https:\/\/cheminsplestinais.dcea.fr\/wp-content\/uploads\/2018\/08\/DSC_0180-300x187.jpg 300w, https:\/\/cheminsplestinais.dcea.fr\/wp-content\/uploads\/2018\/08\/DSC_0180-768x480.jpg 768w, https:\/\/cheminsplestinais.dcea.fr\/wp-content\/uploads\/2018\/08\/DSC_0180.jpg 961w\" sizes=\"(max-width: 400px) 100vw, 400px\" \/><\/a><\/p>\n<p style=\"padding-left: 30px;\">Nous avons \u00e9t\u00e9 chaleureusement accueillis dans chacune des chapelles.<\/p>\n<p><span style=\"color: #ffffff;\">.<\/span><\/p>\n<p>Une demi-heure plus tard, 12 VTT-istes se lan\u00e7aient \u00e0 leur tour pour une boucle de 30 km qui passait par les 7 chapelles de Plestin.<\/p>\n<p><a href=\"https:\/\/cheminsplestinais.dcea.fr\/wp-content\/uploads\/2018\/08\/DSC02377.jpg\"><img loading=\"lazy\" decoding=\"async\" class=\"alignright size-medium wp-image-5349\" src=\"https:\/\/cheminsplestinais.dcea.fr\/wp-content\/uploads\/2018\/08\/DSC02377-300x225.jpg\" alt=\"\" width=\"300\" height=\"225\" srcset=\"https:\/\/cheminsplestinais.dcea.fr\/wp-content\/uploads\/2018\/08\/DSC02377-300x225.jpg 300w, https:\/\/cheminsplestinais.dcea.fr\/wp-content\/uploads\/2018\/08\/DSC02377-768x576.jpg 768w, https:\/\/cheminsplestinais.dcea.fr\/wp-content\/uploads\/2018\/08\/DSC02377.jpg 800w\" sizes=\"(max-width: 300px) 100vw, 300px\" \/><\/a><a href=\"https:\/\/cheminsplestinais.dcea.fr\/wp-content\/uploads\/2018\/08\/DSC02375.jpg\"><img loading=\"lazy\" decoding=\"async\" class=\"alignnone wp-image-5348\" src=\"https:\/\/cheminsplestinais.dcea.fr\/wp-content\/uploads\/2018\/08\/DSC02375-300x225.jpg\" alt=\"\" width=\"310\" height=\"233\" srcset=\"https:\/\/cheminsplestinais.dcea.fr\/wp-content\/uploads\/2018\/08\/DSC02375-300x225.jpg 300w, https:\/\/cheminsplestinais.dcea.fr\/wp-content\/uploads\/2018\/08\/DSC02375-768x576.jpg 768w, https:\/\/cheminsplestinais.dcea.fr\/wp-content\/uploads\/2018\/08\/DSC02375.jpg 800w\" sizes=\"(max-width: 310px) 100vw, 310px\" \/><\/a><\/p>\n<p><span style=\"color: #ffffff;\">.<\/span><\/p>\n<p>9h30 d\u00e9part de la \u00ab\u00a0petite randonn\u00e9e p\u00e9destre\u00a0\u00bb sur la boucle de la chapelle Saint Haran (8km quand m\u00eame).<\/p>\n<p><a href=\"https:\/\/cheminsplestinais.dcea.fr\/wp-content\/uploads\/2018\/08\/DSC02343.jpg\"><img loading=\"lazy\" decoding=\"async\" class=\"alignleft size-medium wp-image-5345\" src=\"https:\/\/cheminsplestinais.dcea.fr\/wp-content\/uploads\/2018\/08\/DSC02343-300x225.jpg\" alt=\"\" width=\"300\" height=\"225\" srcset=\"https:\/\/cheminsplestinais.dcea.fr\/wp-content\/uploads\/2018\/08\/DSC02343-300x225.jpg 300w, https:\/\/cheminsplestinais.dcea.fr\/wp-content\/uploads\/2018\/08\/DSC02343-768x576.jpg 768w, https:\/\/cheminsplestinais.dcea.fr\/wp-content\/uploads\/2018\/08\/DSC02343.jpg 800w\" sizes=\"(max-width: 300px) 100vw, 300px\" \/><\/a>29 participants au d\u00e9part,<br \/>\ndans la brume.<\/p>\n<p><a href=\"https:\/\/cheminsplestinais.dcea.fr\/wp-content\/uploads\/2018\/08\/DSC02357.jpg\"><img loading=\"lazy\" decoding=\"async\" class=\"alignright size-medium wp-image-5346\" src=\"https:\/\/cheminsplestinais.dcea.fr\/wp-content\/uploads\/2018\/08\/DSC02357-300x225.jpg\" alt=\"\" width=\"300\" height=\"225\" srcset=\"https:\/\/cheminsplestinais.dcea.fr\/wp-content\/uploads\/2018\/08\/DSC02357-300x225.jpg 300w, https:\/\/cheminsplestinais.dcea.fr\/wp-content\/uploads\/2018\/08\/DSC02357-768x576.jpg 768w, https:\/\/cheminsplestinais.dcea.fr\/wp-content\/uploads\/2018\/08\/DSC02357.jpg 800w\" sizes=\"(max-width: 300px) 100vw, 300px\" \/><\/a><\/p>\n<p>&nbsp;<\/p>\n<p>&nbsp;<\/p>\n<p>Eh, les gars,<br \/>\nm&rsquo;oubliez pas !<\/p>\n<p><a href=\"https:\/\/cheminsplestinais.dcea.fr\/wp-content\/uploads\/2018\/08\/DSC02360.jpg\"><img loading=\"lazy\" decoding=\"async\" class=\"aligncenter size-thumbnail wp-image-5347\" src=\"https:\/\/cheminsplestinais.dcea.fr\/wp-content\/uploads\/2018\/08\/DSC02360-150x150.jpg\" alt=\"\" width=\"150\" height=\"150\" \/><\/a><\/p>\n<p><span style=\"color: #ffffff;\">.<\/span><\/p>\n<p>Tout le monde se retrouve \u00e0 12h30 pour le pique-nique organis\u00e9<br \/>\npar les b\u00e9n\u00e9voles de l&rsquo;association Chemins Plestinais.<\/p>\n<p><a href=\"https:\/\/cheminsplestinais.dcea.fr\/wp-content\/uploads\/2018\/08\/DSC02395.jpg\"><img loading=\"lazy\" decoding=\"async\" class=\"aligncenter size-large wp-image-5355\" src=\"https:\/\/cheminsplestinais.dcea.fr\/wp-content\/uploads\/2018\/08\/DSC02395-1024x599.jpg\" alt=\"\" width=\"474\" height=\"277\" srcset=\"https:\/\/cheminsplestinais.dcea.fr\/wp-content\/uploads\/2018\/08\/DSC02395-1024x599.jpg 1024w, https:\/\/cheminsplestinais.dcea.fr\/wp-content\/uploads\/2018\/08\/DSC02395-300x175.jpg 300w, https:\/\/cheminsplestinais.dcea.fr\/wp-content\/uploads\/2018\/08\/DSC02395-768x449.jpg 768w, https:\/\/cheminsplestinais.dcea.fr\/wp-content\/uploads\/2018\/08\/DSC02395.jpg 1026w\" sizes=\"(max-width: 474px) 100vw, 474px\" \/><\/a><\/p>\n<p><a href=\"https:\/\/cheminsplestinais.dcea.fr\/wp-content\/uploads\/2018\/08\/DSC02392.jpg\"><img loading=\"lazy\" decoding=\"async\" class=\"alignleft size-medium wp-image-5353\" src=\"https:\/\/cheminsplestinais.dcea.fr\/wp-content\/uploads\/2018\/08\/DSC02392-300x225.jpg\" alt=\"\" width=\"300\" height=\"225\" srcset=\"https:\/\/cheminsplestinais.dcea.fr\/wp-content\/uploads\/2018\/08\/DSC02392-300x225.jpg 300w, https:\/\/cheminsplestinais.dcea.fr\/wp-content\/uploads\/2018\/08\/DSC02392-768x576.jpg 768w, https:\/\/cheminsplestinais.dcea.fr\/wp-content\/uploads\/2018\/08\/DSC02392.jpg 800w\" sizes=\"(max-width: 300px) 100vw, 300px\" \/><\/a><a href=\"https:\/\/cheminsplestinais.dcea.fr\/wp-content\/uploads\/2018\/08\/DSC02394.jpg\"><img loading=\"lazy\" decoding=\"async\" class=\"alignnone size-medium wp-image-5354\" src=\"https:\/\/cheminsplestinais.dcea.fr\/wp-content\/uploads\/2018\/08\/DSC02394-300x225.jpg\" alt=\"\" width=\"300\" height=\"225\" srcset=\"https:\/\/cheminsplestinais.dcea.fr\/wp-content\/uploads\/2018\/08\/DSC02394-300x225.jpg 300w, https:\/\/cheminsplestinais.dcea.fr\/wp-content\/uploads\/2018\/08\/DSC02394-768x576.jpg 768w, https:\/\/cheminsplestinais.dcea.fr\/wp-content\/uploads\/2018\/08\/DSC02394.jpg 800w\" sizes=\"(max-width: 300px) 100vw, 300px\" \/><\/a><\/p>\n<p style=\"text-align: center;\">Plateaux-repas\u00a0\u00a0\u00a0\u00a0\u00a0\u00a0\u00a0\u00a0 \u00a0 \u00a0 \u00a0 \u00a0 \u00a0 \u00a0 \u00a0 \u00a0 \u00a0 \u00a0 \u00a0 \u00a0\u00a0 \u00a0 \u00a0 \u00a0 \u00a0 \u00a0\u00a0 \u00a0\u00a0\u00a0\u00a0\u00a0\u00a0\u00a0 et grillades.<\/p>\n<p style=\"text-align: left;\">Apr\u00e8s le caf\u00e9, le T\u00e9l\u00e9gramme nous fait poser pour la photo-souvenir<\/p>\n<p style=\"text-align: left;\"><a href=\"https:\/\/cheminsplestinais.dcea.fr\/wp-content\/uploads\/2018\/08\/DSC02409-0-r.jpg\"><img loading=\"lazy\" decoding=\"async\" class=\"alignnone size-large wp-image-5492\" src=\"https:\/\/cheminsplestinais.dcea.fr\/wp-content\/uploads\/2018\/08\/DSC02409-0-r-1024x667.jpg\" alt=\"\" width=\"474\" height=\"309\" srcset=\"https:\/\/cheminsplestinais.dcea.fr\/wp-content\/uploads\/2018\/08\/DSC02409-0-r-1024x667.jpg 1024w, https:\/\/cheminsplestinais.dcea.fr\/wp-content\/uploads\/2018\/08\/DSC02409-0-r-300x195.jpg 300w, https:\/\/cheminsplestinais.dcea.fr\/wp-content\/uploads\/2018\/08\/DSC02409-0-r-768x500.jpg 768w, https:\/\/cheminsplestinais.dcea.fr\/wp-content\/uploads\/2018\/08\/DSC02409-0-r.jpg 1536w\" sizes=\"(max-width: 474px) 100vw, 474px\" \/><\/a><\/p>\n<p style=\"text-align: left;\"><span style=\"color: #ffffff;\">.<\/span><\/p>\n<p style=\"text-align: left; padding-left: 30px;\">La randonn\u00e9e de l&rsquo;apr\u00e8s-midi permettait de visiter 4 autres chapelles, dont 3 accueillaient des expositions.<\/p>\n<p style=\"text-align: center;\">A 14h, pr\u00e8s de 50 promeneurs r\u00e9pondaient \u00e0 l&rsquo;appel.<\/p>\n<p style=\"text-align: left;\"><a href=\"https:\/\/cheminsplestinais.dcea.fr\/wp-content\/uploads\/2018\/08\/DSC02413.jpg\"><img loading=\"lazy\" decoding=\"async\" class=\"alignnone wp-image-5356\" src=\"https:\/\/cheminsplestinais.dcea.fr\/wp-content\/uploads\/2018\/08\/DSC02413-300x225.jpg\" alt=\"\" width=\"450\" height=\"338\" srcset=\"https:\/\/cheminsplestinais.dcea.fr\/wp-content\/uploads\/2018\/08\/DSC02413-300x225.jpg 300w, https:\/\/cheminsplestinais.dcea.fr\/wp-content\/uploads\/2018\/08\/DSC02413-768x576.jpg 768w, https:\/\/cheminsplestinais.dcea.fr\/wp-content\/uploads\/2018\/08\/DSC02413.jpg 800w\" sizes=\"(max-width: 450px) 100vw, 450px\" \/><\/a><\/p>\n<p style=\"text-align: left;\"><a href=\"https:\/\/cheminsplestinais.dcea.fr\/wp-content\/uploads\/2018\/08\/DSC02421.jpg\"><img loading=\"lazy\" decoding=\"async\" class=\"alignleft size-medium wp-image-5357\" src=\"https:\/\/cheminsplestinais.dcea.fr\/wp-content\/uploads\/2018\/08\/DSC02421-300x225.jpg\" alt=\"\" width=\"300\" height=\"225\" srcset=\"https:\/\/cheminsplestinais.dcea.fr\/wp-content\/uploads\/2018\/08\/DSC02421-300x225.jpg 300w, https:\/\/cheminsplestinais.dcea.fr\/wp-content\/uploads\/2018\/08\/DSC02421-768x576.jpg 768w, https:\/\/cheminsplestinais.dcea.fr\/wp-content\/uploads\/2018\/08\/DSC02421.jpg 800w\" sizes=\"(max-width: 300px) 100vw, 300px\" \/><\/a>Saint Roch<\/p>\n<p style=\"text-align: left;\"><a href=\"https:\/\/cheminsplestinais.dcea.fr\/wp-content\/uploads\/2018\/08\/DSC02434.jpg\"><img loading=\"lazy\" decoding=\"async\" class=\"alignright size-medium wp-image-5361\" src=\"https:\/\/cheminsplestinais.dcea.fr\/wp-content\/uploads\/2018\/08\/DSC02434-300x225.jpg\" alt=\"\" width=\"300\" height=\"225\" srcset=\"https:\/\/cheminsplestinais.dcea.fr\/wp-content\/uploads\/2018\/08\/DSC02434-300x225.jpg 300w, https:\/\/cheminsplestinais.dcea.fr\/wp-content\/uploads\/2018\/08\/DSC02434-768x576.jpg 768w, https:\/\/cheminsplestinais.dcea.fr\/wp-content\/uploads\/2018\/08\/DSC02434.jpg 800w\" sizes=\"(max-width: 300px) 100vw, 300px\" \/><\/a><\/p>\n<p style=\"text-align: left;\"><span style=\"color: #ffffff;\">.<\/span><\/p>\n<p style=\"text-align: left;\">Saint S\u00e9bastien<\/p>\n<p style=\"text-align: left;\">.<\/p>\n<p style=\"text-align: left;\">Il fait tr\u00e8s beau&#8230;<br \/>\nmais aussi tr\u00e8s chaud !<\/p>\n<p style=\"text-align: left;\"><a href=\"https:\/\/cheminsplestinais.dcea.fr\/wp-content\/uploads\/2018\/08\/DSC02428.jpg\"><img loading=\"lazy\" decoding=\"async\" class=\"alignright size-medium wp-image-5358\" src=\"https:\/\/cheminsplestinais.dcea.fr\/wp-content\/uploads\/2018\/08\/DSC02428-300x225.jpg\" alt=\"\" width=\"300\" height=\"225\" srcset=\"https:\/\/cheminsplestinais.dcea.fr\/wp-content\/uploads\/2018\/08\/DSC02428-300x225.jpg 300w, https:\/\/cheminsplestinais.dcea.fr\/wp-content\/uploads\/2018\/08\/DSC02428-768x576.jpg 768w, https:\/\/cheminsplestinais.dcea.fr\/wp-content\/uploads\/2018\/08\/DSC02428.jpg 800w\" sizes=\"(max-width: 300px) 100vw, 300px\" \/><\/a><\/p>\n<p style=\"text-align: left;\"><a href=\"https:\/\/cheminsplestinais.dcea.fr\/wp-content\/uploads\/2018\/08\/DSC02433.jpg\"><img loading=\"lazy\" decoding=\"async\" class=\"alignnone size-medium wp-image-5360\" src=\"https:\/\/cheminsplestinais.dcea.fr\/wp-content\/uploads\/2018\/08\/DSC02433-300x225.jpg\" alt=\"\" width=\"300\" height=\"225\" srcset=\"https:\/\/cheminsplestinais.dcea.fr\/wp-content\/uploads\/2018\/08\/DSC02433-300x225.jpg 300w, https:\/\/cheminsplestinais.dcea.fr\/wp-content\/uploads\/2018\/08\/DSC02433-768x576.jpg 768w, https:\/\/cheminsplestinais.dcea.fr\/wp-content\/uploads\/2018\/08\/DSC02433.jpg 800w\" sizes=\"(max-width: 300px) 100vw, 300px\" \/><\/a><\/p>\n<p style=\"text-align: right;\">et cette eau n&rsquo;est pas potable !<\/p>\n<p style=\"text-align: left;\">Un peu de fra\u00eecheur sur le site de Kozh Iliz<\/p>\n<p style=\"text-align: left;\"><a href=\"https:\/\/cheminsplestinais.dcea.fr\/wp-content\/uploads\/2018\/08\/DSC02436.jpg\"><img loading=\"lazy\" decoding=\"async\" class=\"aligncenter wp-image-5362\" src=\"https:\/\/cheminsplestinais.dcea.fr\/wp-content\/uploads\/2018\/08\/DSC02436-300x225.jpg\" alt=\"\" width=\"450\" height=\"338\" srcset=\"https:\/\/cheminsplestinais.dcea.fr\/wp-content\/uploads\/2018\/08\/DSC02436-300x225.jpg 300w, https:\/\/cheminsplestinais.dcea.fr\/wp-content\/uploads\/2018\/08\/DSC02436-768x576.jpg 768w, https:\/\/cheminsplestinais.dcea.fr\/wp-content\/uploads\/2018\/08\/DSC02436.jpg 800w\" sizes=\"(max-width: 450px) 100vw, 450px\" \/><\/a><img loading=\"lazy\" decoding=\"async\" class=\"size-medium wp-image-5363 alignleft\" src=\"https:\/\/cheminsplestinais.dcea.fr\/wp-content\/uploads\/2018\/08\/DSC02441-300x225.jpg\" alt=\"\" width=\"300\" height=\"225\" srcset=\"https:\/\/cheminsplestinais.dcea.fr\/wp-content\/uploads\/2018\/08\/DSC02441-300x225.jpg 300w, https:\/\/cheminsplestinais.dcea.fr\/wp-content\/uploads\/2018\/08\/DSC02441-768x576.jpg 768w, https:\/\/cheminsplestinais.dcea.fr\/wp-content\/uploads\/2018\/08\/DSC02441.jpg 800w\" sizes=\"(max-width: 300px) 100vw, 300px\" \/><span style=\"color: #ffffff;\">.<\/span><\/p>\n<p style=\"text-align: left;\">avant de rejoindre Saint Efflam<\/p>\n<p style=\"text-align: left;\"><img loading=\"lazy\" decoding=\"async\" class=\"alignnone size-medium wp-image-5364\" src=\"https:\/\/cheminsplestinais.dcea.fr\/wp-content\/uploads\/2018\/08\/DSC02444-300x225.jpg\" alt=\"\" width=\"300\" height=\"225\" srcset=\"https:\/\/cheminsplestinais.dcea.fr\/wp-content\/uploads\/2018\/08\/DSC02444-300x225.jpg 300w, https:\/\/cheminsplestinais.dcea.fr\/wp-content\/uploads\/2018\/08\/DSC02444-768x576.jpg 768w, https:\/\/cheminsplestinais.dcea.fr\/wp-content\/uploads\/2018\/08\/DSC02444.jpg 800w\" sizes=\"(max-width: 300px) 100vw, 300px\" \/><span style=\"color: #ffffff;\">.<\/span><\/p>\n<p style=\"text-align: right;\">et la chapelle Sainte Barbe, terme du p\u00e9riple.<\/p>\n<p style=\"text-align: left;\">Les nombreux participants, touristes pour la plupart, ont \u00e9t\u00e9 s\u00e9duits par\u00a0 nos chemins, notre patrimoine et notre dynamisme.<\/p>\n<p style=\"text-align: left; padding-left: 30px;\">De notre c\u00f4te, nous sommes heureux d&rsquo;avoir pu leur offrir<br \/>\ncette belle journ\u00e9e.<\/p>\n<p style=\"text-align: left;\"><span style=\"color: #ffffff;\">.<\/span><\/p>\n<p style=\"text-align: left;\">Le b\u00e9n\u00e9voles se sont retrouv\u00e9s dans la soir\u00e9e sur le quai de Toul an Hery pour partager les restes &#8230; et un grand moment de convivialit\u00e9.<\/p>\n<p style=\"text-align: left;\"><a href=\"https:\/\/cheminsplestinais.dcea.fr\/wp-content\/uploads\/2018\/08\/P1090300.jpg\"><img loading=\"lazy\" decoding=\"async\" class=\"alignleft size-medium wp-image-5375\" src=\"https:\/\/cheminsplestinais.dcea.fr\/wp-content\/uploads\/2018\/08\/P1090300-300x200.jpg\" alt=\"\" width=\"300\" height=\"200\" srcset=\"https:\/\/cheminsplestinais.dcea.fr\/wp-content\/uploads\/2018\/08\/P1090300-300x200.jpg 300w, https:\/\/cheminsplestinais.dcea.fr\/wp-content\/uploads\/2018\/08\/P1090300-768x512.jpg 768w, https:\/\/cheminsplestinais.dcea.fr\/wp-content\/uploads\/2018\/08\/P1090300.jpg 900w\" sizes=\"(max-width: 300px) 100vw, 300px\" \/><\/a><a href=\"https:\/\/cheminsplestinais.dcea.fr\/wp-content\/uploads\/2018\/08\/P1090322.jpg\"><img loading=\"lazy\" decoding=\"async\" class=\"alignright size-medium wp-image-5377\" src=\"https:\/\/cheminsplestinais.dcea.fr\/wp-content\/uploads\/2018\/08\/P1090322-300x200.jpg\" alt=\"\" width=\"300\" height=\"200\" srcset=\"https:\/\/cheminsplestinais.dcea.fr\/wp-content\/uploads\/2018\/08\/P1090322-300x200.jpg 300w, https:\/\/cheminsplestinais.dcea.fr\/wp-content\/uploads\/2018\/08\/P1090322-768x512.jpg 768w, https:\/\/cheminsplestinais.dcea.fr\/wp-content\/uploads\/2018\/08\/P1090322.jpg 900w\" sizes=\"(max-width: 300px) 100vw, 300px\" \/><\/a><\/p>\n<p style=\"text-align: left;\"><a href=\"https:\/\/cheminsplestinais.dcea.fr\/wp-content\/uploads\/2018\/08\/DSC02459.jpg\"><img loading=\"lazy\" decoding=\"async\" class=\"alignnone size-medium wp-image-5367\" src=\"https:\/\/cheminsplestinais.dcea.fr\/wp-content\/uploads\/2018\/08\/DSC02459-300x225.jpg\" alt=\"\" width=\"300\" height=\"225\" srcset=\"https:\/\/cheminsplestinais.dcea.fr\/wp-content\/uploads\/2018\/08\/DSC02459-300x225.jpg 300w, https:\/\/cheminsplestinais.dcea.fr\/wp-content\/uploads\/2018\/08\/DSC02459-768x576.jpg 768w, https:\/\/cheminsplestinais.dcea.fr\/wp-content\/uploads\/2018\/08\/DSC02459.jpg 800w\" sizes=\"(max-width: 300px) 100vw, 300px\" \/><\/a><\/p>\n<p style=\"text-align: left;\"><a href=\"https:\/\/cheminsplestinais.dcea.fr\/wp-content\/uploads\/2018\/08\/DSC02472.jpg\"><img loading=\"lazy\" decoding=\"async\" class=\"alignleft size-medium wp-image-5370\" src=\"https:\/\/cheminsplestinais.dcea.fr\/wp-content\/uploads\/2018\/08\/DSC02472-300x225.jpg\" alt=\"\" width=\"300\" height=\"225\" srcset=\"https:\/\/cheminsplestinais.dcea.fr\/wp-content\/uploads\/2018\/08\/DSC02472-300x225.jpg 300w, https:\/\/cheminsplestinais.dcea.fr\/wp-content\/uploads\/2018\/08\/DSC02472-768x576.jpg 768w, https:\/\/cheminsplestinais.dcea.fr\/wp-content\/uploads\/2018\/08\/DSC02472.jpg 800w\" sizes=\"(max-width: 300px) 100vw, 300px\" \/><\/a>et quand la nuit approche<\/p>\n<p style=\"text-align: left;\"><a href=\"https:\/\/cheminsplestinais.dcea.fr\/wp-content\/uploads\/2018\/08\/DSC02465.jpg\"><img loading=\"lazy\" decoding=\"async\" class=\"alignnone size-medium wp-image-5368\" src=\"https:\/\/cheminsplestinais.dcea.fr\/wp-content\/uploads\/2018\/08\/DSC02465-300x225.jpg\" alt=\"\" width=\"300\" height=\"225\" srcset=\"https:\/\/cheminsplestinais.dcea.fr\/wp-content\/uploads\/2018\/08\/DSC02465-300x225.jpg 300w, https:\/\/cheminsplestinais.dcea.fr\/wp-content\/uploads\/2018\/08\/DSC02465-768x576.jpg 768w, https:\/\/cheminsplestinais.dcea.fr\/wp-content\/uploads\/2018\/08\/DSC02465.jpg 800w\" sizes=\"(max-width: 300px) 100vw, 300px\" \/><\/a><\/p>\n<p style=\"text-align: center;\">tout le monde participe au rangement du mat\u00e9riel.<\/p>\n<p style=\"text-align: left;\"><span style=\"color: #ffffff;\">.<\/span><\/p>\n<p style=\"text-align: left;\"><strong>N.B.<\/strong> : vous pouvez retrouver des photos suppl\u00e9mentaires<br \/>\n<span style=\"color: #ffffff;\">&#8230;&#8230;&#8230;..<\/span>de cette journ\u00e9e sur notre <a href=\"https:\/\/cheminsplestinais.dcea.fr\/?p=5404\">album photo<\/a>.<\/p>\n<p style=\"text-align: center;\"><span style=\"color: #ffffff;\">.<\/span><\/p>\n<p>&nbsp;<\/p>\n","protected":false},"excerpt":{"rendered":"<p>ou The big tour of the chapels of Plestin pour nos amis anglophones Dans le cadre du 10\u00e8me anniversaire du Circuit des Chapelles, l&rsquo;association Chemins Plestinais et Patrimoine proposait le dimanche 5 ao\u00fbt \u00a0 trois randonn\u00e9es p\u00e9destres et une randonn\u00e9e VTT-VTC, permettant de d\u00e9couvrir (ou red\u00e9couvrir) les diff\u00e9rentes chapelles de Plestin, exceptionnellement ouvertes pour cette [&hellip;]<\/p>\n","protected":false},"author":1,"featured_media":0,"comment_status":"open","ping_status":"closed","sticky":false,"template":"","format":"standard","meta":{"footnotes":""},"categories":[3],"tags":[],"_links":{"self":[{"href":"https:\/\/cheminsplestinais.dcea.fr\/index.php?rest_route=\/wp\/v2\/posts\/5327"}],"collection":[{"href":"https:\/\/cheminsplestinais.dcea.fr\/index.php?rest_route=\/wp\/v2\/posts"}],"about":[{"href":"https:\/\/cheminsplestinais.dcea.fr\/index.php?rest_route=\/wp\/v2\/types\/post"}],"author":[{"embeddable":true,"href":"https:\/\/cheminsplestinais.dcea.fr\/index.php?rest_route=\/wp\/v2\/users\/1"}],"replies":[{"embeddable":true,"href":"https:\/\/cheminsplestinais.dcea.fr\/index.php?rest_route=%2Fwp%2Fv2%2Fcomments&post=5327"}],"version-history":[{"count":82,"href":"https:\/\/cheminsplestinais.dcea.fr\/index.php?rest_route=\/wp\/v2\/posts\/5327\/revisions"}],"predecessor-version":[{"id":5494,"href":"https:\/\/cheminsplestinais.dcea.fr\/index.php?rest_route=\/wp\/v2\/posts\/5327\/revisions\/5494"}],"wp:attachment":[{"href":"https:\/\/cheminsplestinais.dcea.fr\/index.php?rest_route=%2Fwp%2Fv2%2Fmedia&parent=5327"}],"wp:term":[{"taxonomy":"category","embeddable":true,"href":"https:\/\/cheminsplestinais.dcea.fr\/index.php?rest_route=%2Fwp%2Fv2%2Fcategories&post=5327"},{"taxonomy":"post_tag","embeddable":true,"href":"https:\/\/cheminsplestinais.dcea.fr\/index.php?rest_route=%2Fwp%2Fv2%2Ftags&post=5327"}],"curies":[{"name":"wp","href":"https:\/\/api.w.org\/{rel}","templated":true}]}}