{"id":543,"date":"2014-12-08T17:56:49","date_gmt":"2014-12-08T16:56:49","guid":{"rendered":"http:\/\/www.cheminsplestinais.dcea.fr\/?p=543"},"modified":"2014-12-13T17:09:56","modified_gmt":"2014-12-13T16:09:56","slug":"rando-telethon-2014","status":"publish","type":"post","link":"https:\/\/cheminsplestinais.dcea.fr\/?p=543","title":{"rendered":"Rando T\u00e9l\u00e9thon 2014"},"content":{"rendered":"<p>&nbsp;<\/p>\n<p>&nbsp;<\/p>\n<p>Pour la 1\u00e8re fois, les Chemins Plestinais et Patrimoine ont d\u00e9cid\u00e9<br \/>\nde participer au t\u00e9l\u00e9thon en organisant une randonn\u00e9e p\u00e9destre<br \/>\nles samedi 6 et dimanche 7 d\u00e9cembre 2014.<\/p>\n<p style=\"text-align: justify;\">Une boucle d&rsquo;un peu plus de 9 km \u00e9tait propos\u00e9e aux marcheurs<br \/>\nqui souhaitaient joindre l&rsquo;utile \u00e0 l&rsquo;agr\u00e9able en participant<br \/>\n\u00e0 cette manifestation.<\/p>\n<p><img loading=\"lazy\" decoding=\"async\" class=\"CtreTexte\" src=\"http:\/\/img.over-blog.com\/500x440\/3\/88\/85\/99\/j-telethon-2014\/DSC00060.jpg\" alt=\"DSC00060\" width=\"500\" height=\"440\" \/><\/p>\n<p><!--more--><\/p>\n<p>Le samedi apr\u00e8s-midi, une quarantaine de volontaires se sont pr\u00e9sent\u00e9s au boulodrome pour prendre le d\u00e9part sous le soleil.<\/p>\n<p><a href=\"https:\/\/cheminsplestinais.dcea.fr\/wp-content\/uploads\/2014\/12\/DSC00083r.jpg\"><img loading=\"lazy\" decoding=\"async\" class=\"alignleft size-medium wp-image-552\" src=\"https:\/\/cheminsplestinais.dcea.fr\/wp-content\/uploads\/2014\/12\/DSC00083r-300x225.jpg\" alt=\"DSC00083r\" width=\"300\" height=\"225\" srcset=\"https:\/\/cheminsplestinais.dcea.fr\/wp-content\/uploads\/2014\/12\/DSC00083r-300x225.jpg 300w, https:\/\/cheminsplestinais.dcea.fr\/wp-content\/uploads\/2014\/12\/DSC00083r.jpg 784w\" sizes=\"(max-width: 300px) 100vw, 300px\" \/><\/a><\/p>\n<p><a href=\"https:\/\/cheminsplestinais.dcea.fr\/wp-content\/uploads\/2014\/12\/DSC00084r.jpg\"><img loading=\"lazy\" decoding=\"async\" class=\"alignnone size-medium wp-image-553\" src=\"https:\/\/cheminsplestinais.dcea.fr\/wp-content\/uploads\/2014\/12\/DSC00084r-300x225.jpg\" alt=\"DSC00084r\" width=\"300\" height=\"225\" srcset=\"https:\/\/cheminsplestinais.dcea.fr\/wp-content\/uploads\/2014\/12\/DSC00084r-300x225.jpg 300w, https:\/\/cheminsplestinais.dcea.fr\/wp-content\/uploads\/2014\/12\/DSC00084r.jpg 784w\" sizes=\"(max-width: 300px) 100vw, 300px\" \/><\/a><\/p>\n<p><a href=\"https:\/\/cheminsplestinais.dcea.fr\/wp-content\/uploads\/2014\/12\/DSC00105r.jpg\"><img loading=\"lazy\" decoding=\"async\" class=\"alignright size-medium wp-image-557\" src=\"https:\/\/cheminsplestinais.dcea.fr\/wp-content\/uploads\/2014\/12\/DSC00105r-300x225.jpg\" alt=\"DSC00105r\" width=\"300\" height=\"225\" srcset=\"https:\/\/cheminsplestinais.dcea.fr\/wp-content\/uploads\/2014\/12\/DSC00105r-300x225.jpg 300w, https:\/\/cheminsplestinais.dcea.fr\/wp-content\/uploads\/2014\/12\/DSC00105r.jpg 784w\" sizes=\"(max-width: 300px) 100vw, 300px\" \/><\/a><\/p>\n<p>&nbsp;<\/p>\n<p>Le parcours, cr\u00e9\u00e9 pour cette\u00a0occasion,<br \/>\na permis \u00e0 certains\u00a0participants<br \/>\nde d\u00e9couvrir\u00a0des chemins ou des lieux<br \/>\nqu&rsquo;ils ignoraient.<\/p>\n<p>&nbsp;<\/p>\n<p>&nbsp;<\/p>\n<p><a href=\"https:\/\/cheminsplestinais.dcea.fr\/wp-content\/uploads\/2014\/12\/DSC00154r.jpg\"><img loading=\"lazy\" decoding=\"async\" class=\"alignleft size-medium wp-image-561\" src=\"https:\/\/cheminsplestinais.dcea.fr\/wp-content\/uploads\/2014\/12\/DSC00154r-225x300.jpg\" alt=\"DSC00154r\" width=\"225\" height=\"300\" srcset=\"https:\/\/cheminsplestinais.dcea.fr\/wp-content\/uploads\/2014\/12\/DSC00154r-225x300.jpg 225w, https:\/\/cheminsplestinais.dcea.fr\/wp-content\/uploads\/2014\/12\/DSC00154r.jpg 588w\" sizes=\"(max-width: 225px) 100vw, 225px\" \/><\/a><\/p>\n<p>&nbsp;<\/p>\n<p>La mont\u00e9e vers le Grand Rocher\u00a0est assez \u00e9prouvante.<\/p>\n<p><a href=\"https:\/\/cheminsplestinais.dcea.fr\/wp-content\/uploads\/2014\/12\/IMG_8929r.jpg\"><img loading=\"lazy\" decoding=\"async\" class=\"alignnone size-medium wp-image-567\" src=\"https:\/\/cheminsplestinais.dcea.fr\/wp-content\/uploads\/2014\/12\/IMG_8929r-224x300.jpg\" alt=\"IMG_8929r\" width=\"224\" height=\"300\" srcset=\"https:\/\/cheminsplestinais.dcea.fr\/wp-content\/uploads\/2014\/12\/IMG_8929r-224x300.jpg 224w, https:\/\/cheminsplestinais.dcea.fr\/wp-content\/uploads\/2014\/12\/IMG_8929r.jpg 587w\" sizes=\"(max-width: 224px) 100vw, 224px\" \/><\/a><\/p>\n<p>&nbsp;<\/p>\n<p><img loading=\"lazy\" decoding=\"async\" class=\"noAlign\" src=\"http:\/\/img.over-blog.com\/260x195\/3\/88\/85\/99\/j-telethon-2014\/DSC00138r.JPG\" alt=\"DSC00138r\" width=\"260\" height=\"195\" \/>\u00a0 \u00a0<a href=\"https:\/\/cheminsplestinais.dcea.fr\/wp-content\/uploads\/2014\/12\/IMG_8926r.jpg\"><img loading=\"lazy\" decoding=\"async\" class=\"alignright size-medium wp-image-566\" src=\"https:\/\/cheminsplestinais.dcea.fr\/wp-content\/uploads\/2014\/12\/IMG_8926r-300x224.jpg\" alt=\"IMG_8926r\" width=\"300\" height=\"224\" srcset=\"https:\/\/cheminsplestinais.dcea.fr\/wp-content\/uploads\/2014\/12\/IMG_8926r-300x224.jpg 300w, https:\/\/cheminsplestinais.dcea.fr\/wp-content\/uploads\/2014\/12\/IMG_8926r.jpg 783w\" sizes=\"(max-width: 300px) 100vw, 300px\" \/><\/a><\/p>\n<p>&nbsp;<\/p>\n<p>Approche de \u00ab\u00a0Coz Ilis\u00a0\u00bb et d\u00e9couverte du temple (fanum) r\u00e9cemment restaur\u00e9.<\/p>\n<p>&nbsp;<\/p>\n<p><img loading=\"lazy\" decoding=\"async\" class=\"GcheTexte\" src=\"http:\/\/img.over-blog.com\/250x187\/3\/88\/85\/99\/j-telethon-2014\/DSC00165r.JPG\" alt=\"DSC00165r\" width=\"234\" height=\"176\" \/>\u00a0<img loading=\"lazy\" decoding=\"async\" class=\"DrteTexte\" src=\"http:\/\/img.over-blog.com\/300x225\/3\/88\/85\/99\/j-telethon-2014\/DSC00169r.JPG\" alt=\"DSC00169r\" width=\"236\" height=\"177\" \/><\/p>\n<p>Retour vers le bourg par la chapelle\u00a0Saint-Roch, d&rsquo;o\u00f9 l&rsquo;on peut profiter\u00a0d&rsquo;un beau panorama sur Plestin et Locquirec.<\/p>\n<p>&nbsp;<\/p>\n<p><a href=\"https:\/\/cheminsplestinais.dcea.fr\/wp-content\/uploads\/2014\/12\/DSC00172r.jpg\"><img loading=\"lazy\" decoding=\"async\" class=\"alignleft size-medium wp-image-565\" src=\"https:\/\/cheminsplestinais.dcea.fr\/wp-content\/uploads\/2014\/12\/DSC00172r-300x225.jpg\" alt=\"DSC00172r\" width=\"300\" height=\"225\" srcset=\"https:\/\/cheminsplestinais.dcea.fr\/wp-content\/uploads\/2014\/12\/DSC00172r-300x225.jpg 300w, https:\/\/cheminsplestinais.dcea.fr\/wp-content\/uploads\/2014\/12\/DSC00172r.jpg 784w\" sizes=\"(max-width: 300px) 100vw, 300px\" \/><\/a><\/p>\n<p>Regroupement avant de regagner le boulodrome<\/p>\n<p><a href=\"https:\/\/cheminsplestinais.dcea.fr\/wp-content\/uploads\/2014\/12\/087r.jpg\"><img loading=\"lazy\" decoding=\"async\" class=\"alignright size-medium wp-image-551\" src=\"https:\/\/cheminsplestinais.dcea.fr\/wp-content\/uploads\/2014\/12\/087r-300x169.jpg\" alt=\"087r\" width=\"300\" height=\"169\" srcset=\"https:\/\/cheminsplestinais.dcea.fr\/wp-content\/uploads\/2014\/12\/087r-300x169.jpg 300w, https:\/\/cheminsplestinais.dcea.fr\/wp-content\/uploads\/2014\/12\/087r.jpg 764w\" sizes=\"(max-width: 300px) 100vw, 300px\" \/><\/a><\/p>\n<p>&nbsp;<\/p>\n<p>&nbsp;<\/p>\n<p>&nbsp;<\/p>\n<p>&nbsp;<\/p>\n<p>o\u00f9 un bon vin chaud<br \/>\n<span style=\"color: #ffffff;\">&#8230;&#8230;&#8230;&#8230;&#8230;<\/span>bien m\u00e9rit\u00e9 attend les randonneurs.<\/p>\n<p>&nbsp;<\/p>\n<p>&nbsp;<\/p>\n<p>Dimanche matin, un groupe plus restreint a effectu\u00e9 le m\u00eame parcours.<\/p>\n<p>&nbsp;<\/p>\n<p>Gr\u00e2ce \u00e0 la g\u00e9n\u00e9rosit\u00e9 de tous, une recette de 280\u20ac au profit du t\u00e9l\u00e9thon a \u00e9t\u00e9 collect\u00e9e.<\/p>\n<p>&nbsp;<\/p>\n<p>Rendez-vous est d\u00e9j\u00e0 pris pour l&rsquo;an prochain, peut-\u00eatre avec des modalit\u00e9s un peu diff\u00e9rentes.<\/p>\n<p>&nbsp;<\/p>\n<p><span style=\"color: #003300;\"><em>Pour ceux qui souhaiteraient r\u00e9cup\u00e9rer le trac\u00e9 de cette boucle,<br \/>\n<\/em><\/span><em><span style=\"color: #003300;\">cliquer sur le pla<\/span>n<\/em> \u00a0<a href=\"https:\/\/drive.google.com\/file\/d\/0B3YcCMXT204ORFZ3QVgtSnNXZm8\/edit?usp=sharing\"><img loading=\"lazy\" decoding=\"async\" class=\"noAlign\" src=\"http:\/\/img.over-blog.com\/50x26\/3\/88\/85\/99\/j-telethon-2014\/telethon-2014.jpg\" alt=\"t\u00e9l\u00e9thon-2014\" width=\"50\" height=\"26\" \/><\/a><\/p>\n","protected":false},"excerpt":{"rendered":"<p>&nbsp; &nbsp; Pour la 1\u00e8re fois, les Chemins Plestinais et Patrimoine ont d\u00e9cid\u00e9 de participer au t\u00e9l\u00e9thon en organisant une randonn\u00e9e p\u00e9destre les samedi 6 et dimanche 7 d\u00e9cembre 2014. Une boucle d&rsquo;un peu plus de 9 km \u00e9tait propos\u00e9e aux marcheurs qui souhaitaient joindre l&rsquo;utile \u00e0 l&rsquo;agr\u00e9able en participant \u00e0 cette manifestation.<\/p>\n","protected":false},"author":1,"featured_media":0,"comment_status":"open","ping_status":"open","sticky":false,"template":"","format":"standard","meta":{"footnotes":""},"categories":[3],"tags":[],"_links":{"self":[{"href":"https:\/\/cheminsplestinais.dcea.fr\/index.php?rest_route=\/wp\/v2\/posts\/543"}],"collection":[{"href":"https:\/\/cheminsplestinais.dcea.fr\/index.php?rest_route=\/wp\/v2\/posts"}],"about":[{"href":"https:\/\/cheminsplestinais.dcea.fr\/index.php?rest_route=\/wp\/v2\/types\/post"}],"author":[{"embeddable":true,"href":"https:\/\/cheminsplestinais.dcea.fr\/index.php?rest_route=\/wp\/v2\/users\/1"}],"replies":[{"embeddable":true,"href":"https:\/\/cheminsplestinais.dcea.fr\/index.php?rest_route=%2Fwp%2Fv2%2Fcomments&post=543"}],"version-history":[{"count":38,"href":"https:\/\/cheminsplestinais.dcea.fr\/index.php?rest_route=\/wp\/v2\/posts\/543\/revisions"}],"predecessor-version":[{"id":742,"href":"https:\/\/cheminsplestinais.dcea.fr\/index.php?rest_route=\/wp\/v2\/posts\/543\/revisions\/742"}],"wp:attachment":[{"href":"https:\/\/cheminsplestinais.dcea.fr\/index.php?rest_route=%2Fwp%2Fv2%2Fmedia&parent=543"}],"wp:term":[{"taxonomy":"category","embeddable":true,"href":"https:\/\/cheminsplestinais.dcea.fr\/index.php?rest_route=%2Fwp%2Fv2%2Fcategories&post=543"},{"taxonomy":"post_tag","embeddable":true,"href":"https:\/\/cheminsplestinais.dcea.fr\/index.php?rest_route=%2Fwp%2Fv2%2Ftags&post=543"}],"curies":[{"name":"wp","href":"https:\/\/api.w.org\/{rel}","templated":true}]}}