{"id":5962,"date":"2019-01-31T21:55:18","date_gmt":"2019-01-31T20:55:18","guid":{"rendered":"http:\/\/cheminsplestinais.dcea.fr\/?p=5962"},"modified":"2022-01-26T13:32:21","modified_gmt":"2022-01-26T12:32:21","slug":"un-grand-chantier-pour-2019","status":"publish","type":"post","link":"https:\/\/cheminsplestinais.dcea.fr\/?p=5962","title":{"rendered":"Un grand chantier pour 2019"},"content":{"rendered":"<p><a href=\"https:\/\/cheminsplestinais.dcea.fr\/wp-content\/uploads\/2019\/01\/Capture.jpg\"><img loading=\"lazy\" decoding=\"async\" class=\"aligncenter wp-image-6007 size-medium\" src=\"https:\/\/cheminsplestinais.dcea.fr\/wp-content\/uploads\/2019\/01\/Capture-300x80.jpg\" alt=\"\" width=\"300\" height=\"80\" srcset=\"https:\/\/cheminsplestinais.dcea.fr\/wp-content\/uploads\/2019\/01\/Capture-300x80.jpg 300w, https:\/\/cheminsplestinais.dcea.fr\/wp-content\/uploads\/2019\/01\/Capture.jpg 350w\" sizes=\"(max-width: 300px) 100vw, 300px\" \/><\/a><\/p>\n<p>Voil\u00e0 d\u00e9j\u00e0 quelque temps que nous n&rsquo;avions pas ouvert un nouveau sentier sur la commune de Plestin-les-Gr\u00e8ves.<\/p>\n<p><a href=\"https:\/\/cheminsplestinais.dcea.fr\/wp-content\/uploads\/2019\/01\/Planl\u00e9gende.jpg\"><img loading=\"lazy\" decoding=\"async\" class=\"alignright size-medium wp-image-5961\" src=\"https:\/\/cheminsplestinais.dcea.fr\/wp-content\/uploads\/2019\/01\/Planl\u00e9gende-248x300.jpg\" alt=\"\" width=\"248\" height=\"300\" srcset=\"https:\/\/cheminsplestinais.dcea.fr\/wp-content\/uploads\/2019\/01\/Planl\u00e9gende-248x300.jpg 248w, https:\/\/cheminsplestinais.dcea.fr\/wp-content\/uploads\/2019\/01\/Planl\u00e9gende.jpg 613w\" sizes=\"(max-width: 248px) 100vw, 248px\" \/><\/a><span style=\"color: #ffffff;\">.<\/span><\/p>\n<p>Le chantier que nous avons d\u00e9but\u00e9\u00a0 mi-janvier<br \/>\npermettra de faire la jonction<\/p>\n<p><span style=\"color: #ffffff;\">\u2026\u2026..<\/span>* entre l&rsquo;espace An Dour Meur<br \/>\n<span style=\"color: #ffffff;\">\u2026\u2026..<\/span>* et le Douron,<\/p>\n<p><span style=\"color: #ffffff;\">\u2026..<\/span>en suivant le plus possible le cours du Dour Meur.<\/p>\n<p style=\"padding-left: 60px;\">800m de chemin \u00e0 cr\u00e9er !<\/p>\n<p style=\"text-align: right;\"><em>Cliquer sur le plan pour l&rsquo;agrandir.<\/em><\/p>\n<p style=\"text-align: right;\">C&rsquo;est \u00e0 une v\u00e9ritable jungle que nous allons nous confronter !<\/p>\n<p style=\"text-align: left;\"><a href=\"https:\/\/cheminsplestinais.dcea.fr\/wp-content\/uploads\/2019\/01\/IMG_1748.jpg\"><img loading=\"lazy\" decoding=\"async\" class=\"alignleft wp-image-5992 size-medium\" src=\"https:\/\/cheminsplestinais.dcea.fr\/wp-content\/uploads\/2019\/01\/IMG_1748-300x225.jpg\" alt=\"\" width=\"300\" height=\"225\" srcset=\"https:\/\/cheminsplestinais.dcea.fr\/wp-content\/uploads\/2019\/01\/IMG_1748-300x225.jpg 300w, https:\/\/cheminsplestinais.dcea.fr\/wp-content\/uploads\/2019\/01\/IMG_1748-768x576.jpg 768w, https:\/\/cheminsplestinais.dcea.fr\/wp-content\/uploads\/2019\/01\/IMG_1748.jpg 800w\" sizes=\"(max-width: 300px) 100vw, 300px\" \/><\/a><span style=\"color: #ffffff;\">&#8230;.Nou<\/span><a href=\"https:\/\/cheminsplestinais.dcea.fr\/wp-content\/uploads\/2019\/01\/IMG_1742.jpg\"><img loading=\"lazy\" decoding=\"async\" class=\"alignnone size-medium wp-image-5989\" src=\"https:\/\/cheminsplestinais.dcea.fr\/wp-content\/uploads\/2019\/01\/IMG_1742-300x225.jpg\" alt=\"\" width=\"300\" height=\"225\" srcset=\"https:\/\/cheminsplestinais.dcea.fr\/wp-content\/uploads\/2019\/01\/IMG_1742-300x225.jpg 300w, https:\/\/cheminsplestinais.dcea.fr\/wp-content\/uploads\/2019\/01\/IMG_1742-768x576.jpg 768w, https:\/\/cheminsplestinais.dcea.fr\/wp-content\/uploads\/2019\/01\/IMG_1742.jpg 800w\" sizes=\"(max-width: 300px) 100vw, 300px\" \/><\/a><\/p>\n<p>Nous attaquons courageusement<\/p>\n<p style=\"text-align: right;\"><a href=\"https:\/\/cheminsplestinais.dcea.fr\/wp-content\/uploads\/2019\/01\/DSCN4624.jpg\"><img loading=\"lazy\" decoding=\"async\" class=\"alignnone size-medium wp-image-5982\" src=\"https:\/\/cheminsplestinais.dcea.fr\/wp-content\/uploads\/2019\/01\/DSCN4624-300x225.jpg\" alt=\"\" width=\"300\" height=\"225\" srcset=\"https:\/\/cheminsplestinais.dcea.fr\/wp-content\/uploads\/2019\/01\/DSCN4624-300x225.jpg 300w, https:\/\/cheminsplestinais.dcea.fr\/wp-content\/uploads\/2019\/01\/DSCN4624-768x576.jpg 768w, https:\/\/cheminsplestinais.dcea.fr\/wp-content\/uploads\/2019\/01\/DSCN4624.jpg 800w\" sizes=\"(max-width: 300px) 100vw, 300px\" \/><\/a><a href=\"https:\/\/cheminsplestinais.dcea.fr\/wp-content\/uploads\/2019\/01\/IMG_1746.jpg\"><img loading=\"lazy\" decoding=\"async\" class=\"alignright size-medium wp-image-5991\" src=\"https:\/\/cheminsplestinais.dcea.fr\/wp-content\/uploads\/2019\/01\/IMG_1746-300x225.jpg\" alt=\"\" width=\"300\" height=\"225\" srcset=\"https:\/\/cheminsplestinais.dcea.fr\/wp-content\/uploads\/2019\/01\/IMG_1746-300x225.jpg 300w, https:\/\/cheminsplestinais.dcea.fr\/wp-content\/uploads\/2019\/01\/IMG_1746-768x576.jpg 768w, https:\/\/cheminsplestinais.dcea.fr\/wp-content\/uploads\/2019\/01\/IMG_1746.jpg 800w\" sizes=\"(max-width: 300px) 100vw, 300px\" \/><\/a><\/p>\n<p style=\"text-align: right;\">malgr\u00e9 les conditions difficiles (voir <a href=\"https:\/\/drive.google.com\/file\/d\/1z-xtorR2RlLBeZy-PT0ld9q9bQ6uo93O\/view?usp=sharing\">vid\u00e9o<\/a>).<\/p>\n<p style=\"text-align: left;\"><a href=\"https:\/\/cheminsplestinais.dcea.fr\/wp-content\/uploads\/2019\/01\/IMG_1757.jpg\"><img loading=\"lazy\" decoding=\"async\" class=\"alignleft size-medium wp-image-5993\" src=\"https:\/\/cheminsplestinais.dcea.fr\/wp-content\/uploads\/2019\/01\/IMG_1757-300x225.jpg\" alt=\"\" width=\"300\" height=\"225\" srcset=\"https:\/\/cheminsplestinais.dcea.fr\/wp-content\/uploads\/2019\/01\/IMG_1757-300x225.jpg 300w, https:\/\/cheminsplestinais.dcea.fr\/wp-content\/uploads\/2019\/01\/IMG_1757-768x576.jpg 768w, https:\/\/cheminsplestinais.dcea.fr\/wp-content\/uploads\/2019\/01\/IMG_1757.jpg 800w\" sizes=\"(max-width: 300px) 100vw, 300px\" \/><\/a><\/p>\n<p>Le sentier commence \u00e0 appara\u00eetre<\/p>\n<p><a href=\"https:\/\/cheminsplestinais.dcea.fr\/wp-content\/uploads\/2019\/01\/IMG_1761.jpg\"><img loading=\"lazy\" decoding=\"async\" class=\"alignnone size-medium wp-image-5994\" src=\"https:\/\/cheminsplestinais.dcea.fr\/wp-content\/uploads\/2019\/01\/IMG_1761-300x225.jpg\" alt=\"\" width=\"300\" height=\"225\" srcset=\"https:\/\/cheminsplestinais.dcea.fr\/wp-content\/uploads\/2019\/01\/IMG_1761-300x225.jpg 300w, https:\/\/cheminsplestinais.dcea.fr\/wp-content\/uploads\/2019\/01\/IMG_1761-768x576.jpg 768w, https:\/\/cheminsplestinais.dcea.fr\/wp-content\/uploads\/2019\/01\/IMG_1761.jpg 800w\" sizes=\"(max-width: 300px) 100vw, 300px\" \/><\/a><\/p>\n<p style=\"text-align: right;\">mais ce n&rsquo;est qu&rsquo;une premi\u00e8re \u00e9bauche.<\/p>\n<p style=\"text-align: left;\"><a href=\"https:\/\/cheminsplestinais.dcea.fr\/wp-content\/uploads\/2019\/01\/IMG_0003.jpg\"><img loading=\"lazy\" decoding=\"async\" class=\"alignleft size-medium wp-image-5985\" src=\"https:\/\/cheminsplestinais.dcea.fr\/wp-content\/uploads\/2019\/01\/IMG_0003-225x300.jpg\" alt=\"\" width=\"225\" height=\"300\" srcset=\"https:\/\/cheminsplestinais.dcea.fr\/wp-content\/uploads\/2019\/01\/IMG_0003-225x300.jpg 225w, https:\/\/cheminsplestinais.dcea.fr\/wp-content\/uploads\/2019\/01\/IMG_0003.jpg 450w\" sizes=\"(max-width: 225px) 100vw, 225px\" \/><\/a>Un peu plus loin, le chemin est une rivi\u00e8re.<a href=\"https:\/\/cheminsplestinais.dcea.fr\/wp-content\/uploads\/2019\/01\/IMG_0005.jpg\"><img loading=\"lazy\" decoding=\"async\" class=\"alignright size-medium wp-image-5986\" src=\"https:\/\/cheminsplestinais.dcea.fr\/wp-content\/uploads\/2019\/01\/IMG_0005-300x225.jpg\" alt=\"\" width=\"300\" height=\"225\" srcset=\"https:\/\/cheminsplestinais.dcea.fr\/wp-content\/uploads\/2019\/01\/IMG_0005-300x225.jpg 300w, https:\/\/cheminsplestinais.dcea.fr\/wp-content\/uploads\/2019\/01\/IMG_0005-768x576.jpg 768w, https:\/\/cheminsplestinais.dcea.fr\/wp-content\/uploads\/2019\/01\/IMG_0005.jpg 800w\" sizes=\"(max-width: 300px) 100vw, 300px\" \/><\/a><\/p>\n<p><span style=\"color: #ffffff;\">.<\/span><span style=\"color: #ffffff;\">.<\/span><\/p>\n<p>Il faut trouver une solution pour le desengorger.<\/p>\n<p><span style=\"color: #ffffff;\">.<\/span><\/p>\n<p style=\"text-align: center;\">\u00c7a commence \u00e0 s&rsquo;\u00e9couler.<\/p>\n<p><a href=\"https:\/\/cheminsplestinais.dcea.fr\/wp-content\/uploads\/2019\/01\/DSCN4634.jpg\"><img loading=\"lazy\" decoding=\"async\" class=\"alignnone size-medium wp-image-5983\" src=\"https:\/\/cheminsplestinais.dcea.fr\/wp-content\/uploads\/2019\/01\/DSCN4634-300x225.jpg\" alt=\"\" width=\"300\" height=\"225\" srcset=\"https:\/\/cheminsplestinais.dcea.fr\/wp-content\/uploads\/2019\/01\/DSCN4634-300x225.jpg 300w, https:\/\/cheminsplestinais.dcea.fr\/wp-content\/uploads\/2019\/01\/DSCN4634-768x576.jpg 768w, https:\/\/cheminsplestinais.dcea.fr\/wp-content\/uploads\/2019\/01\/DSCN4634.jpg 800w\" sizes=\"(max-width: 300px) 100vw, 300px\" \/><\/a><\/p>\n<p>Mais le chemin est loin d&rsquo;\u00eatre pr\u00eat \u00e0 accueillir des promeneurs !<\/p>\n<p><a href=\"https:\/\/cheminsplestinais.dcea.fr\/wp-content\/uploads\/2019\/01\/DSCN4635.jpg\"><img loading=\"lazy\" decoding=\"async\" class=\"aligncenter wp-image-5984\" src=\"https:\/\/cheminsplestinais.dcea.fr\/wp-content\/uploads\/2019\/01\/DSCN4635-300x225.jpg\" alt=\"\" width=\"360\" height=\"270\" srcset=\"https:\/\/cheminsplestinais.dcea.fr\/wp-content\/uploads\/2019\/01\/DSCN4635-300x225.jpg 300w, https:\/\/cheminsplestinais.dcea.fr\/wp-content\/uploads\/2019\/01\/DSCN4635-768x576.jpg 768w, https:\/\/cheminsplestinais.dcea.fr\/wp-content\/uploads\/2019\/01\/DSCN4635.jpg 800w\" sizes=\"(max-width: 360px) 100vw, 360px\" \/><\/a><\/p>\n<p>L&rsquo;heure du \u00ab\u00a0caoua\u00a0\u00bb au fond des tranch\u00e9es.<\/p>\n<p><a href=\"https:\/\/cheminsplestinais.dcea.fr\/wp-content\/uploads\/2019\/01\/IMG_0013.jpg\"><img loading=\"lazy\" decoding=\"async\" class=\"alignright size-medium wp-image-5987\" src=\"https:\/\/cheminsplestinais.dcea.fr\/wp-content\/uploads\/2019\/01\/IMG_0013-300x225.jpg\" alt=\"\" width=\"300\" height=\"225\" srcset=\"https:\/\/cheminsplestinais.dcea.fr\/wp-content\/uploads\/2019\/01\/IMG_0013-300x225.jpg 300w, https:\/\/cheminsplestinais.dcea.fr\/wp-content\/uploads\/2019\/01\/IMG_0013-768x576.jpg 768w, https:\/\/cheminsplestinais.dcea.fr\/wp-content\/uploads\/2019\/01\/IMG_0013.jpg 800w\" sizes=\"(max-width: 300px) 100vw, 300px\" \/><\/a><\/p>\n<p><span style=\"color: #ffffff;\">.<\/span><\/p>\n<p><a href=\"https:\/\/cheminsplestinais.dcea.fr\/wp-content\/uploads\/2019\/01\/IMG_0011.jpg\"><img loading=\"lazy\" decoding=\"async\" class=\"alignnone wp-image-6028\" src=\"https:\/\/cheminsplestinais.dcea.fr\/wp-content\/uploads\/2019\/01\/IMG_0011-150x150.jpg\" alt=\"\" width=\"250\" height=\"188\" srcset=\"https:\/\/cheminsplestinais.dcea.fr\/wp-content\/uploads\/2019\/01\/IMG_0011-300x225.jpg 300w, https:\/\/cheminsplestinais.dcea.fr\/wp-content\/uploads\/2019\/01\/IMG_0011-768x576.jpg 768w, https:\/\/cheminsplestinais.dcea.fr\/wp-content\/uploads\/2019\/01\/IMG_0011-1024x768.jpg 1024w, https:\/\/cheminsplestinais.dcea.fr\/wp-content\/uploads\/2019\/01\/IMG_0011.jpg 2000w\" sizes=\"(max-width: 250px) 100vw, 250px\" \/><\/a><\/p>\n<p style=\"text-align: center;\"><span style=\"color: #ffffff;\">.<\/span><\/p>\n<p style=\"text-align: center;\">Notre objectif : apercevoir au tant que possible le Dour Meur,<\/p>\n<p><a href=\"https:\/\/cheminsplestinais.dcea.fr\/wp-content\/uploads\/2019\/01\/IMG_1774-1.jpg\"><img loading=\"lazy\" decoding=\"async\" class=\"alignnone size-full wp-image-5996\" src=\"https:\/\/cheminsplestinais.dcea.fr\/wp-content\/uploads\/2019\/01\/IMG_1774-1.jpg\" alt=\"\" width=\"771\" height=\"562\" srcset=\"https:\/\/cheminsplestinais.dcea.fr\/wp-content\/uploads\/2019\/01\/IMG_1774-1.jpg 771w, https:\/\/cheminsplestinais.dcea.fr\/wp-content\/uploads\/2019\/01\/IMG_1774-1-300x219.jpg 300w, https:\/\/cheminsplestinais.dcea.fr\/wp-content\/uploads\/2019\/01\/IMG_1774-1-768x560.jpg 768w\" sizes=\"(max-width: 771px) 100vw, 771px\" \/><\/a><\/p>\n<p>m\u00eame si on ne le longe pas toujours directement.<\/p>\n<p style=\"text-align: center;\"><strong><span style=\"color: #003300;\">Chers promeneurs, il faudra vous armer de patience.\u00a0<\/span><\/strong><\/p>\n<p>Aux beaux jours, nous serons heureux de mettre ce sentier \u00e0 votre disposition.<\/p>\n","protected":false},"excerpt":{"rendered":"<p>Voil\u00e0 d\u00e9j\u00e0 quelque temps que nous n&rsquo;avions pas ouvert un nouveau sentier sur la commune de Plestin-les-Gr\u00e8ves. . Le chantier que nous avons d\u00e9but\u00e9\u00a0 mi-janvier permettra de faire la jonction \u2026\u2026..* entre l&rsquo;espace An Dour Meur \u2026\u2026..* et le Douron, \u2026..en suivant le plus possible le cours du Dour Meur. 800m de chemin \u00e0 cr\u00e9er [&hellip;]<\/p>\n","protected":false},"author":1,"featured_media":0,"comment_status":"open","ping_status":"closed","sticky":false,"template":"","format":"standard","meta":{"footnotes":""},"categories":[2],"tags":[],"_links":{"self":[{"href":"https:\/\/cheminsplestinais.dcea.fr\/index.php?rest_route=\/wp\/v2\/posts\/5962"}],"collection":[{"href":"https:\/\/cheminsplestinais.dcea.fr\/index.php?rest_route=\/wp\/v2\/posts"}],"about":[{"href":"https:\/\/cheminsplestinais.dcea.fr\/index.php?rest_route=\/wp\/v2\/types\/post"}],"author":[{"embeddable":true,"href":"https:\/\/cheminsplestinais.dcea.fr\/index.php?rest_route=\/wp\/v2\/users\/1"}],"replies":[{"embeddable":true,"href":"https:\/\/cheminsplestinais.dcea.fr\/index.php?rest_route=%2Fwp%2Fv2%2Fcomments&post=5962"}],"version-history":[{"count":52,"href":"https:\/\/cheminsplestinais.dcea.fr\/index.php?rest_route=\/wp\/v2\/posts\/5962\/revisions"}],"predecessor-version":[{"id":8532,"href":"https:\/\/cheminsplestinais.dcea.fr\/index.php?rest_route=\/wp\/v2\/posts\/5962\/revisions\/8532"}],"wp:attachment":[{"href":"https:\/\/cheminsplestinais.dcea.fr\/index.php?rest_route=%2Fwp%2Fv2%2Fmedia&parent=5962"}],"wp:term":[{"taxonomy":"category","embeddable":true,"href":"https:\/\/cheminsplestinais.dcea.fr\/index.php?rest_route=%2Fwp%2Fv2%2Fcategories&post=5962"},{"taxonomy":"post_tag","embeddable":true,"href":"https:\/\/cheminsplestinais.dcea.fr\/index.php?rest_route=%2Fwp%2Fv2%2Ftags&post=5962"}],"curies":[{"name":"wp","href":"https:\/\/api.w.org\/{rel}","templated":true}]}}